{"id":33219,"date":"2026-04-27T20:14:06","date_gmt":"2026-04-27T20:14:06","guid":{"rendered":"https:\/\/www.africa-press.net\/cape-verde\/all-news\/2026-legislative-elections-ucid-seeks-mp-for-sao-nicolau"},"modified":"2026-04-27T20:19:21","modified_gmt":"2026-04-27T20:19:21","slug":"2026-legislative-elections-ucid-seeks-mp-for-sao-nicolau","status":"publish","type":"post","link":"https:\/\/www.africa-press.net\/cape-verde\/all-news\/2026-legislative-elections-ucid-seeks-mp-for-sao-nicolau","title":{"rendered":"2026 Legislative Elections UCID Seeks MP for S\u00e3o Nicolau"},"content":{"rendered":"<p><span style=\"color: #ff6600\"><strong>Africa-Press &#8211; Cape verde. <\/strong><\/span>The president of the UCID stated this Sunday that the party aims to elect a Member of Parliament for S\u00e3o Nicolau in the legislative elections on May 17, advocating for a \u201cmore balanced\u201d Parliament with greater representation for the island.<\/p>\n<p>During a press conference to present the UCID\u2019s candidate list for S\u00e3o Nicolau, Jo\u00e3o Santos Lu\u00eds highlighted that the selection of Elton Sequeira and Nelson Spencer\u2014running as independents\u2014reflects the party\u2019s openness to civil society and the academic community.<\/p>\n<p>\u201cWe want Elton Sequeira to be elected as an MP so that S\u00e3o Nicolau may have a firm and determined voice in Parliament, defending the interests and concerns of a people who have been abandoned by the parties that have governed Cabo Verde over these past 50 years,\u201d he said.<\/p>\n<p>According to the leader of the Christian Democrats, S\u00e3o Nicolau has been \u201cabandoned\u201d by successive governments throughout the 50 years of independence, citing transportation, healthcare, and vocational training for youth as the primary areas of neglect.<\/p>\n<p>Jo\u00e3o Santos Lu\u00eds criticized the country\u2019s maritime transport policy, asserting that governments holding absolute majorities have \u201cfailed to resolve\u201d the problem of inter-island connectivity, despite possessing the necessary conditions to do so.<\/p>\n<p>The UCID president also argued for the necessity of \u201cpolitical balance\u201d within Parliament, deeming the continued existence of absolute majorities in the country to be \u201cdangerous.\u201d<\/p>\n<p>\u201cAs of May 17, we have two options: either maintain absolute majorities\u2014which we consider extremely dangerous for Cabo Verde\u2014or balance Parliament so that it may truly serve as the center of power,\u201d he said.<\/p>\n<p>In the leader\u2019s view, the current Parliament has functioned merely as a \u201crubber-stamping body\u201d for government decisions.<\/p>\n<p>On the political-administrative front, Jo\u00e3o Santos Lu\u00eds reiterated his advocacy for regionalization as a mechanism to foster a \u201ctrue decentralization\u201d of power and reduce inequalities among the islands.<\/p>\n<p>\u201cWhat truly serves the islands is decentralization\u2014specifically, the delegation of powers, financial resources, and autonomy,\u201d he maintained. Addressing young people, he called for participation in the legislative elections of May 17, 2026, advocating for a reduction in the voter abstention rate recorded during the last legislative elections.<\/p>\n<p>In the legislative elections of May 17, five parties\u2014PAICV, MpD, UCID, PTS, and PP\u2014are competing for the 72 parliamentary seats in the National Assembly, distributed across 13 electoral districts: ten within the country and three in the diaspora.<\/p>\n<p>In the last legislative elections, held on April 18, 2021, the MpD won an absolute majority by electing 38 deputies, followed by the PAICV with 30 and the UCID with four.<\/p>\n<p><strong>For More News And Analysis About <span style=\"color: #ff6600\">Cape verde<\/span> Follow <span style=\"color: #ff6600\">Africa-Press<\/span><\/strong><\/p>\n","protected":false},"excerpt":{"rendered":"<p>Africa-Press &#8211; Cape verde. The president of the UCID stated this Sunday that the party aims to elect a Member of Parliament for S\u00e3o Nicolau in the legislative elections on May 17, advocating for a \u201cmore balanced\u201d Parliament with greater representation for the island. During a press conference to present the UCID\u2019s candidate list for [&hellip;]<\/p>\n","protected":false},"author":84,"featured_media":33218,"comment_status":"open","ping_status":"open","sticky":false,"template":"","format":"standard","meta":{"footnotes":""},"categories":[2,12],"tags":[328],"class_list":["post-33219","post","type-post","status-publish","format-standard","has-post-thumbnail","hentry","category-all-news","category-policy","tag-cape-verde"],"yoast_head":"<!-- This site is optimized with the Yoast SEO Premium plugin v26.1 (Yoast SEO v27.0) - https:\/\/yoast.com\/product\/yoast-seo-premium-wordpress\/ -->\n<title>2026 Legislative Elections UCID Seeks MP for S\u00e3o Nicolau - Cape Verde<\/title>\n<meta name=\"description\" content=\"The president of the UCID stated this Sunday that the party aims to elect a Member of Parliament for Sa\u0303o Nicolau in the ...\" \/>\n<meta name=\"robots\" content=\"index, follow, max-snippet:-1, max-image-preview:large, max-video-preview:-1\" \/>\n<link rel=\"canonical\" href=\"https:\/\/www.africa-press.net\/cape-verde\/all-news\/2026-legislative-elections-ucid-seeks-mp-for-sao-nicolau\" \/>\n<meta property=\"og:locale\" content=\"en_US\" \/>\n<meta property=\"og:type\" content=\"article\" \/>\n<meta property=\"og:title\" content=\"2026 Legislative Elections UCID Seeks MP for S\u00e3o Nicolau - Cape Verde\" \/>\n<meta property=\"og:description\" content=\"The president of the UCID stated this Sunday that the party aims to elect a Member of Parliament for Sa\u0303o Nicolau in the ...\" \/>\n<meta property=\"og:url\" content=\"https:\/\/www.africa-press.net\/cape-verde\/all-news\/2026-legislative-elections-ucid-seeks-mp-for-sao-nicolau\" \/>\n<meta property=\"og:site_name\" content=\"Cape Verde\" \/>\n<meta property=\"article:publisher\" content=\"https:\/\/www.facebook.com\/AfricaPressTunisiaa\" \/>\n<meta property=\"article:published_time\" content=\"2026-04-27T20:14:06+00:00\" \/>\n<meta property=\"article:modified_time\" content=\"2026-04-27T20:19:21+00:00\" \/>\n<meta property=\"og:image\" content=\"https:\/\/static.africa-press.net\/cape-verde\/sites\/66\/2026\/04\/sm_1777321140.141725.jpg\" \/>\n\t<meta property=\"og:image:width\" content=\"800\" \/>\n\t<meta property=\"og:image:height\" content=\"444\" \/>\n\t<meta property=\"og:image:type\" content=\"image\/jpeg\" \/>\n<meta name=\"author\" content=\"cfeditoren\" \/>\n<meta name=\"twitter:card\" content=\"summary_large_image\" \/>\n<meta name=\"twitter:label1\" content=\"Written by\" \/>\n\t<meta name=\"twitter:data1\" content=\"cfeditoren\" \/>\n\t<meta name=\"twitter:label2\" content=\"Est. reading time\" \/>\n\t<meta name=\"twitter:data2\" content=\"3 minutes\" \/>\n<script type=\"application\/ld+json\" class=\"yoast-schema-graph\">{\"@context\":\"https:\/\/schema.org\",\"@graph\":[{\"@type\":\"Article\",\"@id\":\"https:\/\/www.africa-press.net\/cape-verde\/all-news\/2026-legislative-elections-ucid-seeks-mp-for-sao-nicolau#article\",\"isPartOf\":{\"@id\":\"https:\/\/www.africa-press.net\/cape-verde\/all-news\/2026-legislative-elections-ucid-seeks-mp-for-sao-nicolau\"},\"author\":{\"name\":\"cfeditoren\",\"@id\":\"https:\/\/www.africa-press.net\/cape-verde\/#\/schema\/person\/068c7ab4e9634ae78ec5d54ec46598bb\"},\"headline\":\"2026 Legislative Elections UCID Seeks MP for S\u00e3o Nicolau\",\"datePublished\":\"2026-04-27T20:14:06+00:00\",\"dateModified\":\"2026-04-27T20:19:21+00:00\",\"mainEntityOfPage\":{\"@id\":\"https:\/\/www.africa-press.net\/cape-verde\/all-news\/2026-legislative-elections-ucid-seeks-mp-for-sao-nicolau\"},\"wordCount\":448,\"commentCount\":0,\"image\":{\"@id\":\"https:\/\/www.africa-press.net\/cape-verde\/all-news\/2026-legislative-elections-ucid-seeks-mp-for-sao-nicolau#primaryimage\"},\"thumbnailUrl\":\"https:\/\/static.africa-press.net\/cape-verde\/sites\/66\/2026\/04\/sm_1777321140.141725.jpg\",\"keywords\":[\"Cape verde\"],\"articleSection\":[\"all news\",\"policy\"],\"inLanguage\":\"en-US\",\"potentialAction\":[{\"@type\":\"CommentAction\",\"name\":\"Comment\",\"target\":[\"https:\/\/www.africa-press.net\/cape-verde\/all-news\/2026-legislative-elections-ucid-seeks-mp-for-sao-nicolau#respond\"]}]},{\"@type\":\"WebPage\",\"@id\":\"https:\/\/www.africa-press.net\/cape-verde\/all-news\/2026-legislative-elections-ucid-seeks-mp-for-sao-nicolau\",\"url\":\"https:\/\/www.africa-press.net\/cape-verde\/all-news\/2026-legislative-elections-ucid-seeks-mp-for-sao-nicolau\",\"name\":\"2026 Legislative Elections UCID Seeks MP for S\u00e3o Nicolau - Cape Verde\",\"isPartOf\":{\"@id\":\"https:\/\/www.africa-press.net\/cape-verde\/#website\"},\"primaryImageOfPage\":{\"@id\":\"https:\/\/www.africa-press.net\/cape-verde\/all-news\/2026-legislative-elections-ucid-seeks-mp-for-sao-nicolau#primaryimage\"},\"image\":{\"@id\":\"https:\/\/www.africa-press.net\/cape-verde\/all-news\/2026-legislative-elections-ucid-seeks-mp-for-sao-nicolau#primaryimage\"},\"thumbnailUrl\":\"https:\/\/static.africa-press.net\/cape-verde\/sites\/66\/2026\/04\/sm_1777321140.141725.jpg\",\"datePublished\":\"2026-04-27T20:14:06+00:00\",\"dateModified\":\"2026-04-27T20:19:21+00:00\",\"author\":{\"@id\":\"https:\/\/www.africa-press.net\/cape-verde\/#\/schema\/person\/068c7ab4e9634ae78ec5d54ec46598bb\"},\"description\":\"The president of the UCID stated this Sunday that the party aims to elect a Member of Parliament for Sa\u0303o Nicolau in the ...\",\"breadcrumb\":{\"@id\":\"https:\/\/www.africa-press.net\/cape-verde\/all-news\/2026-legislative-elections-ucid-seeks-mp-for-sao-nicolau#breadcrumb\"},\"inLanguage\":\"en-US\",\"potentialAction\":[{\"@type\":\"ReadAction\",\"target\":[\"https:\/\/www.africa-press.net\/cape-verde\/all-news\/2026-legislative-elections-ucid-seeks-mp-for-sao-nicolau\"]}]},{\"@type\":\"ImageObject\",\"inLanguage\":\"en-US\",\"@id\":\"https:\/\/www.africa-press.net\/cape-verde\/all-news\/2026-legislative-elections-ucid-seeks-mp-for-sao-nicolau#primaryimage\",\"url\":\"https:\/\/static.africa-press.net\/cape-verde\/sites\/66\/2026\/04\/sm_1777321140.141725.jpg\",\"contentUrl\":\"https:\/\/static.africa-press.net\/cape-verde\/sites\/66\/2026\/04\/sm_1777321140.141725.jpg\",\"width\":800,\"height\":444,\"caption\":\"2026 Legislative Elections UCID Seeks MP for S\u00e3o Nicolau\"},{\"@type\":\"BreadcrumbList\",\"@id\":\"https:\/\/www.africa-press.net\/cape-verde\/all-news\/2026-legislative-elections-ucid-seeks-mp-for-sao-nicolau#breadcrumb\",\"itemListElement\":[{\"@type\":\"ListItem\",\"position\":1,\"name\":\"Home\",\"item\":\"https:\/\/www.africa-press.net\/cape-verde\/\"},{\"@type\":\"ListItem\",\"position\":2,\"name\":\"2026 Legislative Elections UCID Seeks MP for S\u00e3o Nicolau\"}]},{\"@type\":\"WebSite\",\"@id\":\"https:\/\/www.africa-press.net\/cape-verde\/#website\",\"url\":\"https:\/\/www.africa-press.net\/cape-verde\/\",\"name\":\"Cape Verde\",\"description\":\"Just another Africa News Agency Sites site\",\"potentialAction\":[{\"@type\":\"SearchAction\",\"target\":{\"@type\":\"EntryPoint\",\"urlTemplate\":\"https:\/\/www.africa-press.net\/cape-verde\/?s={search_term_string}\"},\"query-input\":{\"@type\":\"PropertyValueSpecification\",\"valueRequired\":true,\"valueName\":\"search_term_string\"}}],\"inLanguage\":\"en-US\"},{\"@type\":\"Person\",\"@id\":\"https:\/\/www.africa-press.net\/cape-verde\/#\/schema\/person\/068c7ab4e9634ae78ec5d54ec46598bb\",\"name\":\"cfeditoren\",\"image\":{\"@type\":\"ImageObject\",\"inLanguage\":\"en-US\",\"@id\":\"https:\/\/www.africa-press.net\/cape-verde\/#\/schema\/person\/image\/\",\"url\":\"https:\/\/secure.gravatar.com\/avatar\/7417380fa9e23b5c57fdbfdaf3fdf92ee478f759a084addda5faa3732853e74a?s=96&d=mm&r=g\",\"contentUrl\":\"https:\/\/secure.gravatar.com\/avatar\/7417380fa9e23b5c57fdbfdaf3fdf92ee478f759a084addda5faa3732853e74a?s=96&d=mm&r=g\",\"caption\":\"cfeditoren\"}}]}<\/script>\n<!-- \/ Yoast SEO Premium plugin. -->","yoast_head_json":{"title":"2026 Legislative Elections UCID Seeks MP for S\u00e3o Nicolau - Cape Verde","description":"The president of the UCID stated this Sunday that the party aims to elect a Member of Parliament for Sa\u0303o Nicolau in the ...","robots":{"index":"index","follow":"follow","max-snippet":"max-snippet:-1","max-image-preview":"max-image-preview:large","max-video-preview":"max-video-preview:-1"},"canonical":"https:\/\/www.africa-press.net\/cape-verde\/all-news\/2026-legislative-elections-ucid-seeks-mp-for-sao-nicolau","og_locale":"en_US","og_type":"article","og_title":"2026 Legislative Elections UCID Seeks MP for S\u00e3o Nicolau - Cape Verde","og_description":"The president of the UCID stated this Sunday that the party aims to elect a Member of Parliament for Sa\u0303o Nicolau in the ...","og_url":"https:\/\/www.africa-press.net\/cape-verde\/all-news\/2026-legislative-elections-ucid-seeks-mp-for-sao-nicolau","og_site_name":"Cape Verde","article_publisher":"https:\/\/www.facebook.com\/AfricaPressTunisiaa","article_published_time":"2026-04-27T20:14:06+00:00","article_modified_time":"2026-04-27T20:19:21+00:00","og_image":[{"width":800,"height":444,"url":"https:\/\/static.africa-press.net\/cape-verde\/sites\/66\/2026\/04\/sm_1777321140.141725.jpg","type":"image\/jpeg"}],"author":"cfeditoren","twitter_card":"summary_large_image","twitter_misc":{"Written by":"cfeditoren","Est. reading time":"3 minutes"},"schema":{"@context":"https:\/\/schema.org","@graph":[{"@type":"Article","@id":"https:\/\/www.africa-press.net\/cape-verde\/all-news\/2026-legislative-elections-ucid-seeks-mp-for-sao-nicolau#article","isPartOf":{"@id":"https:\/\/www.africa-press.net\/cape-verde\/all-news\/2026-legislative-elections-ucid-seeks-mp-for-sao-nicolau"},"author":{"name":"cfeditoren","@id":"https:\/\/www.africa-press.net\/cape-verde\/#\/schema\/person\/068c7ab4e9634ae78ec5d54ec46598bb"},"headline":"2026 Legislative Elections UCID Seeks MP for S\u00e3o Nicolau","datePublished":"2026-04-27T20:14:06+00:00","dateModified":"2026-04-27T20:19:21+00:00","mainEntityOfPage":{"@id":"https:\/\/www.africa-press.net\/cape-verde\/all-news\/2026-legislative-elections-ucid-seeks-mp-for-sao-nicolau"},"wordCount":448,"commentCount":0,"image":{"@id":"https:\/\/www.africa-press.net\/cape-verde\/all-news\/2026-legislative-elections-ucid-seeks-mp-for-sao-nicolau#primaryimage"},"thumbnailUrl":"https:\/\/static.africa-press.net\/cape-verde\/sites\/66\/2026\/04\/sm_1777321140.141725.jpg","keywords":["Cape verde"],"articleSection":["all news","policy"],"inLanguage":"en-US","potentialAction":[{"@type":"CommentAction","name":"Comment","target":["https:\/\/www.africa-press.net\/cape-verde\/all-news\/2026-legislative-elections-ucid-seeks-mp-for-sao-nicolau#respond"]}]},{"@type":"WebPage","@id":"https:\/\/www.africa-press.net\/cape-verde\/all-news\/2026-legislative-elections-ucid-seeks-mp-for-sao-nicolau","url":"https:\/\/www.africa-press.net\/cape-verde\/all-news\/2026-legislative-elections-ucid-seeks-mp-for-sao-nicolau","name":"2026 Legislative Elections UCID Seeks MP for S\u00e3o Nicolau - Cape Verde","isPartOf":{"@id":"https:\/\/www.africa-press.net\/cape-verde\/#website"},"primaryImageOfPage":{"@id":"https:\/\/www.africa-press.net\/cape-verde\/all-news\/2026-legislative-elections-ucid-seeks-mp-for-sao-nicolau#primaryimage"},"image":{"@id":"https:\/\/www.africa-press.net\/cape-verde\/all-news\/2026-legislative-elections-ucid-seeks-mp-for-sao-nicolau#primaryimage"},"thumbnailUrl":"https:\/\/static.africa-press.net\/cape-verde\/sites\/66\/2026\/04\/sm_1777321140.141725.jpg","datePublished":"2026-04-27T20:14:06+00:00","dateModified":"2026-04-27T20:19:21+00:00","author":{"@id":"https:\/\/www.africa-press.net\/cape-verde\/#\/schema\/person\/068c7ab4e9634ae78ec5d54ec46598bb"},"description":"The president of the UCID stated this Sunday that the party aims to elect a Member of Parliament for Sa\u0303o Nicolau in the ...","breadcrumb":{"@id":"https:\/\/www.africa-press.net\/cape-verde\/all-news\/2026-legislative-elections-ucid-seeks-mp-for-sao-nicolau#breadcrumb"},"inLanguage":"en-US","potentialAction":[{"@type":"ReadAction","target":["https:\/\/www.africa-press.net\/cape-verde\/all-news\/2026-legislative-elections-ucid-seeks-mp-for-sao-nicolau"]}]},{"@type":"ImageObject","inLanguage":"en-US","@id":"https:\/\/www.africa-press.net\/cape-verde\/all-news\/2026-legislative-elections-ucid-seeks-mp-for-sao-nicolau#primaryimage","url":"https:\/\/static.africa-press.net\/cape-verde\/sites\/66\/2026\/04\/sm_1777321140.141725.jpg","contentUrl":"https:\/\/static.africa-press.net\/cape-verde\/sites\/66\/2026\/04\/sm_1777321140.141725.jpg","width":800,"height":444,"caption":"2026 Legislative Elections UCID Seeks MP for S\u00e3o Nicolau"},{"@type":"BreadcrumbList","@id":"https:\/\/www.africa-press.net\/cape-verde\/all-news\/2026-legislative-elections-ucid-seeks-mp-for-sao-nicolau#breadcrumb","itemListElement":[{"@type":"ListItem","position":1,"name":"Home","item":"https:\/\/www.africa-press.net\/cape-verde\/"},{"@type":"ListItem","position":2,"name":"2026 Legislative Elections UCID Seeks MP for S\u00e3o Nicolau"}]},{"@type":"WebSite","@id":"https:\/\/www.africa-press.net\/cape-verde\/#website","url":"https:\/\/www.africa-press.net\/cape-verde\/","name":"Cape Verde","description":"Just another Africa News Agency Sites site","potentialAction":[{"@type":"SearchAction","target":{"@type":"EntryPoint","urlTemplate":"https:\/\/www.africa-press.net\/cape-verde\/?s={search_term_string}"},"query-input":{"@type":"PropertyValueSpecification","valueRequired":true,"valueName":"search_term_string"}}],"inLanguage":"en-US"},{"@type":"Person","@id":"https:\/\/www.africa-press.net\/cape-verde\/#\/schema\/person\/068c7ab4e9634ae78ec5d54ec46598bb","name":"cfeditoren","image":{"@type":"ImageObject","inLanguage":"en-US","@id":"https:\/\/www.africa-press.net\/cape-verde\/#\/schema\/person\/image\/","url":"https:\/\/secure.gravatar.com\/avatar\/7417380fa9e23b5c57fdbfdaf3fdf92ee478f759a084addda5faa3732853e74a?s=96&d=mm&r=g","contentUrl":"https:\/\/secure.gravatar.com\/avatar\/7417380fa9e23b5c57fdbfdaf3fdf92ee478f759a084addda5faa3732853e74a?s=96&d=mm&r=g","caption":"cfeditoren"}}]}},"_links":{"self":[{"href":"https:\/\/www.africa-press.net\/cape-verde\/wp-json\/wp\/v2\/posts\/33219","targetHints":{"allow":["GET"]}}],"collection":[{"href":"https:\/\/www.africa-press.net\/cape-verde\/wp-json\/wp\/v2\/posts"}],"about":[{"href":"https:\/\/www.africa-press.net\/cape-verde\/wp-json\/wp\/v2\/types\/post"}],"author":[{"embeddable":true,"href":"https:\/\/www.africa-press.net\/cape-verde\/wp-json\/wp\/v2\/users\/84"}],"replies":[{"embeddable":true,"href":"https:\/\/www.africa-press.net\/cape-verde\/wp-json\/wp\/v2\/comments?post=33219"}],"version-history":[{"count":1,"href":"https:\/\/www.africa-press.net\/cape-verde\/wp-json\/wp\/v2\/posts\/33219\/revisions"}],"predecessor-version":[{"id":33221,"href":"https:\/\/www.africa-press.net\/cape-verde\/wp-json\/wp\/v2\/posts\/33219\/revisions\/33221"}],"wp:featuredmedia":[{"embeddable":true,"href":"https:\/\/www.africa-press.net\/cape-verde\/wp-json\/wp\/v2\/media\/33218"}],"wp:attachment":[{"href":"https:\/\/www.africa-press.net\/cape-verde\/wp-json\/wp\/v2\/media?parent=33219"}],"wp:term":[{"taxonomy":"category","embeddable":true,"href":"https:\/\/www.africa-press.net\/cape-verde\/wp-json\/wp\/v2\/categories?post=33219"},{"taxonomy":"post_tag","embeddable":true,"href":"https:\/\/www.africa-press.net\/cape-verde\/wp-json\/wp\/v2\/tags?post=33219"}],"curies":[{"name":"wp","href":"https:\/\/api.w.org\/{rel}","templated":true}]}}