{"id":4924,"date":"2022-05-26T09:32:53","date_gmt":"2022-05-26T09:32:53","guid":{"rendered":"https:\/\/www.africa-press.net\/cape-verde\/all-news\/tarrafal-city-hall-promotes-africa-week-to-celebrate-the-continents-diversity-and-cultural-richness"},"modified":"2022-05-26T09:57:37","modified_gmt":"2022-05-26T09:57:37","slug":"tarrafal-city-hall-promotes-africa-week-to-celebrate-the-continents-diversity-and-cultural-richness","status":"publish","type":"post","link":"https:\/\/www.africa-press.net\/cape-verde\/all-news\/tarrafal-city-hall-promotes-africa-week-to-celebrate-the-continents-diversity-and-cultural-richness","title":{"rendered":"Tarrafal: City Hall promotes Africa Week to celebrate the continent\u2019s diversity and cultural richness"},"content":{"rendered":"<p><span style=\"color: #ff6600\"><strong>Africa-Press &#8211; Cape verde. <\/strong><\/span>The City Hall of Tarrafal, in the countryside of Santiago, holds the Africa Week from May 25 to 31 to celebrate the African continent diversity and richness, whose event is marked annually on May 25.<\/p>\n<p>According to the City Hall of Tarrafal, for a week the fine arts, music, dance, cinema, fashion, gastronomy and traditions from the Republic of the Congo, Senegal, Guinea-Bissau, S\u00e3o Tom\u00e9 and Pr\u00edncipe will be shared with the Tarrafal citizens and all who visit this municipality.<\/p>\n<p>The week of exchange and cultural enrichment in Tarrafal, promoted in partnership with the Embassy of the Congo in Dakar and the Embassy of Senegal in Praia, begins on the 25th, Africa Day, with the opening of the exhibition of fine arts and the Bantu Caravan, in the Craft and Culture Market.<\/p>\n<p>The program includes \u201chistory and culture of the Republic of the Congo, by the French Language Club at the Tarrafal High School (EST), study visit with EST students to the exhibition space with clarification session, organized by the Platform of the Immigrant Communities of Tarrafal and a film\/documentary session (May 26).<\/p>\n<p><strong>For More News And Analysis About <a href=\"https:\/\/www.africa-press.net\/cape-verde\">Cape verde<\/a> Follow <a href=\"https:\/\/www.africa-press.net\/\">Africa-Press<\/a><\/strong><\/p>\n","protected":false},"excerpt":{"rendered":"<p>Africa-Press &#8211; Cape verde. The City Hall of Tarrafal, in the countryside of Santiago, holds the Africa Week from May 25 to 31 to celebrate the African continent diversity and richness, whose event is marked annually on May 25. According to the City Hall of Tarrafal, for a week the fine arts, music, dance, cinema, [&hellip;]<\/p>\n","protected":false},"author":84,"featured_media":4923,"comment_status":"open","ping_status":"open","sticky":false,"template":"","format":"standard","meta":{"footnotes":""},"categories":[2,4,8,16],"tags":[233,331,328],"class_list":["post-4924","post","type-post","status-publish","format-standard","has-post-thumbnail","hentry","category-all-news","category-culture-and-art","category-homepage-english","category-twitter","tag-africa-press","tag-africa-press-cape-verde","tag-cape-verde"],"yoast_head":"<!-- This site is optimized with the Yoast SEO Premium plugin v26.1 (Yoast SEO v27.0) - https:\/\/yoast.com\/product\/yoast-seo-premium-wordpress\/ -->\n<title>Tarrafal: City Hall promotes Africa Week to celebrate the continent\u2019s diversity and cultural richness - Cape Verde<\/title>\n<meta name=\"description\" content=\"The City Hall of Tarrafal, in the countryside of Santiago, holds the Africa Week from May 25 to 31 to celebrate the Afri ...\" \/>\n<meta name=\"robots\" content=\"index, follow, max-snippet:-1, max-image-preview:large, max-video-preview:-1\" \/>\n<link rel=\"canonical\" href=\"https:\/\/www.africa-press.net\/cape-verde\/all-news\/tarrafal-city-hall-promotes-africa-week-to-celebrate-the-continents-diversity-and-cultural-richness\" \/>\n<meta property=\"og:locale\" content=\"en_US\" \/>\n<meta property=\"og:type\" content=\"article\" \/>\n<meta property=\"og:title\" content=\"Tarrafal: City Hall promotes Africa Week to celebrate the continent\u2019s diversity and cultural richness - Cape Verde\" \/>\n<meta property=\"og:description\" content=\"The City Hall of Tarrafal, in the countryside of Santiago, holds the Africa Week from May 25 to 31 to celebrate the Afri ...\" \/>\n<meta property=\"og:url\" content=\"https:\/\/www.africa-press.net\/cape-verde\/all-news\/tarrafal-city-hall-promotes-africa-week-to-celebrate-the-continents-diversity-and-cultural-richness\" \/>\n<meta property=\"og:site_name\" content=\"Cape Verde\" \/>\n<meta property=\"article:publisher\" content=\"https:\/\/www.facebook.com\/AfricaPressTunisiaa\" \/>\n<meta property=\"article:published_time\" content=\"2022-05-26T09:32:53+00:00\" \/>\n<meta property=\"article:modified_time\" content=\"2022-05-26T09:57:37+00:00\" \/>\n<meta property=\"og:image\" content=\"https:\/\/static.africa-press.net\/cape-verde\/sites\/66\/2022\/05\/postQueueImg_21-628f4efcdfc2d.jpg\" \/>\n\t<meta property=\"og:image:width\" content=\"800\" \/>\n\t<meta property=\"og:image:height\" content=\"444\" \/>\n\t<meta property=\"og:image:type\" content=\"image\/jpeg\" \/>\n<meta name=\"author\" content=\"cfeditoren\" \/>\n<meta name=\"twitter:card\" content=\"summary_large_image\" \/>\n<meta name=\"twitter:label1\" content=\"Written by\" \/>\n\t<meta name=\"twitter:data1\" content=\"cfeditoren\" \/>\n\t<meta name=\"twitter:label2\" content=\"Est. reading time\" \/>\n\t<meta name=\"twitter:data2\" content=\"1 minute\" \/>\n<script type=\"application\/ld+json\" class=\"yoast-schema-graph\">{\"@context\":\"https:\/\/schema.org\",\"@graph\":[{\"@type\":\"Article\",\"@id\":\"https:\/\/www.africa-press.net\/cape-verde\/all-news\/tarrafal-city-hall-promotes-africa-week-to-celebrate-the-continents-diversity-and-cultural-richness#article\",\"isPartOf\":{\"@id\":\"https:\/\/www.africa-press.net\/cape-verde\/all-news\/tarrafal-city-hall-promotes-africa-week-to-celebrate-the-continents-diversity-and-cultural-richness\"},\"author\":{\"name\":\"cfeditoren\",\"@id\":\"https:\/\/www.africa-press.net\/cape-verde\/#\/schema\/person\/068c7ab4e9634ae78ec5d54ec46598bb\"},\"headline\":\"Tarrafal: City Hall promotes Africa Week to celebrate the continent\u2019s diversity and cultural richness\",\"datePublished\":\"2022-05-26T09:32:53+00:00\",\"dateModified\":\"2022-05-26T09:57:37+00:00\",\"mainEntityOfPage\":{\"@id\":\"https:\/\/www.africa-press.net\/cape-verde\/all-news\/tarrafal-city-hall-promotes-africa-week-to-celebrate-the-continents-diversity-and-cultural-richness\"},\"wordCount\":211,\"commentCount\":0,\"image\":{\"@id\":\"https:\/\/www.africa-press.net\/cape-verde\/all-news\/tarrafal-city-hall-promotes-africa-week-to-celebrate-the-continents-diversity-and-cultural-richness#primaryimage\"},\"thumbnailUrl\":\"https:\/\/static.africa-press.net\/cape-verde\/sites\/66\/2022\/05\/postQueueImg_21-628f4efcdfc2d.jpg\",\"keywords\":[\"Africa Press\",\"Africa Press-Cape verde\",\"Cape verde\"],\"articleSection\":[\"all news\",\"culture and art\",\"homepage-english\",\"twitter\"],\"inLanguage\":\"en-US\",\"potentialAction\":[{\"@type\":\"CommentAction\",\"name\":\"Comment\",\"target\":[\"https:\/\/www.africa-press.net\/cape-verde\/all-news\/tarrafal-city-hall-promotes-africa-week-to-celebrate-the-continents-diversity-and-cultural-richness#respond\"]}]},{\"@type\":\"WebPage\",\"@id\":\"https:\/\/www.africa-press.net\/cape-verde\/all-news\/tarrafal-city-hall-promotes-africa-week-to-celebrate-the-continents-diversity-and-cultural-richness\",\"url\":\"https:\/\/www.africa-press.net\/cape-verde\/all-news\/tarrafal-city-hall-promotes-africa-week-to-celebrate-the-continents-diversity-and-cultural-richness\",\"name\":\"Tarrafal: City Hall promotes Africa Week to celebrate the continent\u2019s diversity and cultural richness - Cape Verde\",\"isPartOf\":{\"@id\":\"https:\/\/www.africa-press.net\/cape-verde\/#website\"},\"primaryImageOfPage\":{\"@id\":\"https:\/\/www.africa-press.net\/cape-verde\/all-news\/tarrafal-city-hall-promotes-africa-week-to-celebrate-the-continents-diversity-and-cultural-richness#primaryimage\"},\"image\":{\"@id\":\"https:\/\/www.africa-press.net\/cape-verde\/all-news\/tarrafal-city-hall-promotes-africa-week-to-celebrate-the-continents-diversity-and-cultural-richness#primaryimage\"},\"thumbnailUrl\":\"https:\/\/static.africa-press.net\/cape-verde\/sites\/66\/2022\/05\/postQueueImg_21-628f4efcdfc2d.jpg\",\"datePublished\":\"2022-05-26T09:32:53+00:00\",\"dateModified\":\"2022-05-26T09:57:37+00:00\",\"author\":{\"@id\":\"https:\/\/www.africa-press.net\/cape-verde\/#\/schema\/person\/068c7ab4e9634ae78ec5d54ec46598bb\"},\"description\":\"The City Hall of Tarrafal, in the countryside of Santiago, holds the Africa Week from May 25 to 31 to celebrate the Afri ...\",\"breadcrumb\":{\"@id\":\"https:\/\/www.africa-press.net\/cape-verde\/all-news\/tarrafal-city-hall-promotes-africa-week-to-celebrate-the-continents-diversity-and-cultural-richness#breadcrumb\"},\"inLanguage\":\"en-US\",\"potentialAction\":[{\"@type\":\"ReadAction\",\"target\":[\"https:\/\/www.africa-press.net\/cape-verde\/all-news\/tarrafal-city-hall-promotes-africa-week-to-celebrate-the-continents-diversity-and-cultural-richness\"]}]},{\"@type\":\"ImageObject\",\"inLanguage\":\"en-US\",\"@id\":\"https:\/\/www.africa-press.net\/cape-verde\/all-news\/tarrafal-city-hall-promotes-africa-week-to-celebrate-the-continents-diversity-and-cultural-richness#primaryimage\",\"url\":\"https:\/\/static.africa-press.net\/cape-verde\/sites\/66\/2022\/05\/postQueueImg_21-628f4efcdfc2d.jpg\",\"contentUrl\":\"https:\/\/static.africa-press.net\/cape-verde\/sites\/66\/2022\/05\/postQueueImg_21-628f4efcdfc2d.jpg\",\"width\":800,\"height\":444,\"caption\":\"Tarrafal: City Hall promotes Africa Week to celebrate the continent\u2019s diversity and cultural richness\"},{\"@type\":\"BreadcrumbList\",\"@id\":\"https:\/\/www.africa-press.net\/cape-verde\/all-news\/tarrafal-city-hall-promotes-africa-week-to-celebrate-the-continents-diversity-and-cultural-richness#breadcrumb\",\"itemListElement\":[{\"@type\":\"ListItem\",\"position\":1,\"name\":\"Home\",\"item\":\"https:\/\/www.africa-press.net\/cape-verde\/\"},{\"@type\":\"ListItem\",\"position\":2,\"name\":\"Tarrafal: City Hall promotes Africa Week to celebrate the continent\u2019s diversity and cultural richness\"}]},{\"@type\":\"WebSite\",\"@id\":\"https:\/\/www.africa-press.net\/cape-verde\/#website\",\"url\":\"https:\/\/www.africa-press.net\/cape-verde\/\",\"name\":\"Cape Verde\",\"description\":\"Just another Africa News Agency Sites site\",\"potentialAction\":[{\"@type\":\"SearchAction\",\"target\":{\"@type\":\"EntryPoint\",\"urlTemplate\":\"https:\/\/www.africa-press.net\/cape-verde\/?s={search_term_string}\"},\"query-input\":{\"@type\":\"PropertyValueSpecification\",\"valueRequired\":true,\"valueName\":\"search_term_string\"}}],\"inLanguage\":\"en-US\"},{\"@type\":\"Person\",\"@id\":\"https:\/\/www.africa-press.net\/cape-verde\/#\/schema\/person\/068c7ab4e9634ae78ec5d54ec46598bb\",\"name\":\"cfeditoren\",\"image\":{\"@type\":\"ImageObject\",\"inLanguage\":\"en-US\",\"@id\":\"https:\/\/www.africa-press.net\/cape-verde\/#\/schema\/person\/image\/\",\"url\":\"https:\/\/secure.gravatar.com\/avatar\/7417380fa9e23b5c57fdbfdaf3fdf92ee478f759a084addda5faa3732853e74a?s=96&d=mm&r=g\",\"contentUrl\":\"https:\/\/secure.gravatar.com\/avatar\/7417380fa9e23b5c57fdbfdaf3fdf92ee478f759a084addda5faa3732853e74a?s=96&d=mm&r=g\",\"caption\":\"cfeditoren\"}}]}<\/script>\n<!-- \/ Yoast SEO Premium plugin. -->","yoast_head_json":{"title":"Tarrafal: City Hall promotes Africa Week to celebrate the continent\u2019s diversity and cultural richness - Cape Verde","description":"The City Hall of Tarrafal, in the countryside of Santiago, holds the Africa Week from May 25 to 31 to celebrate the Afri ...","robots":{"index":"index","follow":"follow","max-snippet":"max-snippet:-1","max-image-preview":"max-image-preview:large","max-video-preview":"max-video-preview:-1"},"canonical":"https:\/\/www.africa-press.net\/cape-verde\/all-news\/tarrafal-city-hall-promotes-africa-week-to-celebrate-the-continents-diversity-and-cultural-richness","og_locale":"en_US","og_type":"article","og_title":"Tarrafal: City Hall promotes Africa Week to celebrate the continent\u2019s diversity and cultural richness - Cape Verde","og_description":"The City Hall of Tarrafal, in the countryside of Santiago, holds the Africa Week from May 25 to 31 to celebrate the Afri ...","og_url":"https:\/\/www.africa-press.net\/cape-verde\/all-news\/tarrafal-city-hall-promotes-africa-week-to-celebrate-the-continents-diversity-and-cultural-richness","og_site_name":"Cape Verde","article_publisher":"https:\/\/www.facebook.com\/AfricaPressTunisiaa","article_published_time":"2022-05-26T09:32:53+00:00","article_modified_time":"2022-05-26T09:57:37+00:00","og_image":[{"width":800,"height":444,"url":"https:\/\/static.africa-press.net\/cape-verde\/sites\/66\/2022\/05\/postQueueImg_21-628f4efcdfc2d.jpg","type":"image\/jpeg"}],"author":"cfeditoren","twitter_card":"summary_large_image","twitter_misc":{"Written by":"cfeditoren","Est. reading time":"1 minute"},"schema":{"@context":"https:\/\/schema.org","@graph":[{"@type":"Article","@id":"https:\/\/www.africa-press.net\/cape-verde\/all-news\/tarrafal-city-hall-promotes-africa-week-to-celebrate-the-continents-diversity-and-cultural-richness#article","isPartOf":{"@id":"https:\/\/www.africa-press.net\/cape-verde\/all-news\/tarrafal-city-hall-promotes-africa-week-to-celebrate-the-continents-diversity-and-cultural-richness"},"author":{"name":"cfeditoren","@id":"https:\/\/www.africa-press.net\/cape-verde\/#\/schema\/person\/068c7ab4e9634ae78ec5d54ec46598bb"},"headline":"Tarrafal: City Hall promotes Africa Week to celebrate the continent\u2019s diversity and cultural richness","datePublished":"2022-05-26T09:32:53+00:00","dateModified":"2022-05-26T09:57:37+00:00","mainEntityOfPage":{"@id":"https:\/\/www.africa-press.net\/cape-verde\/all-news\/tarrafal-city-hall-promotes-africa-week-to-celebrate-the-continents-diversity-and-cultural-richness"},"wordCount":211,"commentCount":0,"image":{"@id":"https:\/\/www.africa-press.net\/cape-verde\/all-news\/tarrafal-city-hall-promotes-africa-week-to-celebrate-the-continents-diversity-and-cultural-richness#primaryimage"},"thumbnailUrl":"https:\/\/static.africa-press.net\/cape-verde\/sites\/66\/2022\/05\/postQueueImg_21-628f4efcdfc2d.jpg","keywords":["Africa Press","Africa Press-Cape verde","Cape verde"],"articleSection":["all news","culture and art","homepage-english","twitter"],"inLanguage":"en-US","potentialAction":[{"@type":"CommentAction","name":"Comment","target":["https:\/\/www.africa-press.net\/cape-verde\/all-news\/tarrafal-city-hall-promotes-africa-week-to-celebrate-the-continents-diversity-and-cultural-richness#respond"]}]},{"@type":"WebPage","@id":"https:\/\/www.africa-press.net\/cape-verde\/all-news\/tarrafal-city-hall-promotes-africa-week-to-celebrate-the-continents-diversity-and-cultural-richness","url":"https:\/\/www.africa-press.net\/cape-verde\/all-news\/tarrafal-city-hall-promotes-africa-week-to-celebrate-the-continents-diversity-and-cultural-richness","name":"Tarrafal: City Hall promotes Africa Week to celebrate the continent\u2019s diversity and cultural richness - Cape Verde","isPartOf":{"@id":"https:\/\/www.africa-press.net\/cape-verde\/#website"},"primaryImageOfPage":{"@id":"https:\/\/www.africa-press.net\/cape-verde\/all-news\/tarrafal-city-hall-promotes-africa-week-to-celebrate-the-continents-diversity-and-cultural-richness#primaryimage"},"image":{"@id":"https:\/\/www.africa-press.net\/cape-verde\/all-news\/tarrafal-city-hall-promotes-africa-week-to-celebrate-the-continents-diversity-and-cultural-richness#primaryimage"},"thumbnailUrl":"https:\/\/static.africa-press.net\/cape-verde\/sites\/66\/2022\/05\/postQueueImg_21-628f4efcdfc2d.jpg","datePublished":"2022-05-26T09:32:53+00:00","dateModified":"2022-05-26T09:57:37+00:00","author":{"@id":"https:\/\/www.africa-press.net\/cape-verde\/#\/schema\/person\/068c7ab4e9634ae78ec5d54ec46598bb"},"description":"The City Hall of Tarrafal, in the countryside of Santiago, holds the Africa Week from May 25 to 31 to celebrate the Afri ...","breadcrumb":{"@id":"https:\/\/www.africa-press.net\/cape-verde\/all-news\/tarrafal-city-hall-promotes-africa-week-to-celebrate-the-continents-diversity-and-cultural-richness#breadcrumb"},"inLanguage":"en-US","potentialAction":[{"@type":"ReadAction","target":["https:\/\/www.africa-press.net\/cape-verde\/all-news\/tarrafal-city-hall-promotes-africa-week-to-celebrate-the-continents-diversity-and-cultural-richness"]}]},{"@type":"ImageObject","inLanguage":"en-US","@id":"https:\/\/www.africa-press.net\/cape-verde\/all-news\/tarrafal-city-hall-promotes-africa-week-to-celebrate-the-continents-diversity-and-cultural-richness#primaryimage","url":"https:\/\/static.africa-press.net\/cape-verde\/sites\/66\/2022\/05\/postQueueImg_21-628f4efcdfc2d.jpg","contentUrl":"https:\/\/static.africa-press.net\/cape-verde\/sites\/66\/2022\/05\/postQueueImg_21-628f4efcdfc2d.jpg","width":800,"height":444,"caption":"Tarrafal: City Hall promotes Africa Week to celebrate the continent\u2019s diversity and cultural richness"},{"@type":"BreadcrumbList","@id":"https:\/\/www.africa-press.net\/cape-verde\/all-news\/tarrafal-city-hall-promotes-africa-week-to-celebrate-the-continents-diversity-and-cultural-richness#breadcrumb","itemListElement":[{"@type":"ListItem","position":1,"name":"Home","item":"https:\/\/www.africa-press.net\/cape-verde\/"},{"@type":"ListItem","position":2,"name":"Tarrafal: City Hall promotes Africa Week to celebrate the continent\u2019s diversity and cultural richness"}]},{"@type":"WebSite","@id":"https:\/\/www.africa-press.net\/cape-verde\/#website","url":"https:\/\/www.africa-press.net\/cape-verde\/","name":"Cape Verde","description":"Just another Africa News Agency Sites site","potentialAction":[{"@type":"SearchAction","target":{"@type":"EntryPoint","urlTemplate":"https:\/\/www.africa-press.net\/cape-verde\/?s={search_term_string}"},"query-input":{"@type":"PropertyValueSpecification","valueRequired":true,"valueName":"search_term_string"}}],"inLanguage":"en-US"},{"@type":"Person","@id":"https:\/\/www.africa-press.net\/cape-verde\/#\/schema\/person\/068c7ab4e9634ae78ec5d54ec46598bb","name":"cfeditoren","image":{"@type":"ImageObject","inLanguage":"en-US","@id":"https:\/\/www.africa-press.net\/cape-verde\/#\/schema\/person\/image\/","url":"https:\/\/secure.gravatar.com\/avatar\/7417380fa9e23b5c57fdbfdaf3fdf92ee478f759a084addda5faa3732853e74a?s=96&d=mm&r=g","contentUrl":"https:\/\/secure.gravatar.com\/avatar\/7417380fa9e23b5c57fdbfdaf3fdf92ee478f759a084addda5faa3732853e74a?s=96&d=mm&r=g","caption":"cfeditoren"}}]}},"_links":{"self":[{"href":"https:\/\/www.africa-press.net\/cape-verde\/wp-json\/wp\/v2\/posts\/4924","targetHints":{"allow":["GET"]}}],"collection":[{"href":"https:\/\/www.africa-press.net\/cape-verde\/wp-json\/wp\/v2\/posts"}],"about":[{"href":"https:\/\/www.africa-press.net\/cape-verde\/wp-json\/wp\/v2\/types\/post"}],"author":[{"embeddable":true,"href":"https:\/\/www.africa-press.net\/cape-verde\/wp-json\/wp\/v2\/users\/84"}],"replies":[{"embeddable":true,"href":"https:\/\/www.africa-press.net\/cape-verde\/wp-json\/wp\/v2\/comments?post=4924"}],"version-history":[{"count":0,"href":"https:\/\/www.africa-press.net\/cape-verde\/wp-json\/wp\/v2\/posts\/4924\/revisions"}],"wp:featuredmedia":[{"embeddable":true,"href":"https:\/\/www.africa-press.net\/cape-verde\/wp-json\/wp\/v2\/media\/4923"}],"wp:attachment":[{"href":"https:\/\/www.africa-press.net\/cape-verde\/wp-json\/wp\/v2\/media?parent=4924"}],"wp:term":[{"taxonomy":"category","embeddable":true,"href":"https:\/\/www.africa-press.net\/cape-verde\/wp-json\/wp\/v2\/categories?post=4924"},{"taxonomy":"post_tag","embeddable":true,"href":"https:\/\/www.africa-press.net\/cape-verde\/wp-json\/wp\/v2\/tags?post=4924"}],"curies":[{"name":"wp","href":"https:\/\/api.w.org\/{rel}","templated":true}]}}