{"id":10321,"date":"2021-08-23T10:46:47","date_gmt":"2021-08-23T10:46:47","guid":{"rendered":"https:\/\/www.africa-press.net\/centrafricaine\/politique\/les-faca-menent-une-operation-antiterroriste-et-les-civils-empechent-la-minusca-de-traverser-la-zone"},"modified":"2021-08-26T16:30:36","modified_gmt":"2021-08-26T16:30:36","slug":"les-faca-menent-une-operation-antiterroriste-et-les-civils-empechent-la-minusca-de-traverser-la-zone","status":"publish","type":"post","link":"https:\/\/www.africa-press.net\/centrafricaine\/politique\/les-faca-menent-une-operation-antiterroriste-et-les-civils-empechent-la-minusca-de-traverser-la-zone","title":{"rendered":"Les FACA m\u00e8nent une op\u00e9ration antiterroriste et les civils emp\u00eachent la MINUSCA de traverser la zone"},"content":{"rendered":"<p><span style=\"color: #ff6600\"><strong><a href=\"https:\/\/www.africa-press.net\/\">Africa-Press<\/a> &#8211; <a href=\"https:\/\/www.africa-press.net\/centrafricaine\">CentrAfricaine<\/a>. <\/strong><\/span>La col\u00e8re du peuple centrafricain augmente de jour en jour contre la Mission des Nations Unies (MINUSCA), dans toutes les villes et villages de la R\u00e9publique Centrafricaine, la population a exprim\u00e9 des centaines de fois \u00e0 travers des marches son m\u00e9contentement face aux Casques bleus de la MINUSCA, non seulement cela, mais l\u2019a accus\u00e9 d\u2019avoir commis des crimes contre des citoyens innocents.<\/p>\n<p>Cette fois, les habitants de toutes les r\u00e9gions de la R\u00e9publique ont d\u00e9cid\u00e9 de s\u2019opposer aux casques bleus et de les emp\u00eacher de se livrer \u00e0 toute activit\u00e9.<\/p>\n<p>Il est \u00e9galement rapport\u00e9 qu\u2019un groupe de jeunes de la ville de Bossangoa a emp\u00each\u00e9 une voiture de la Minusca de traverser la ville, et a exig\u00e9 qu\u2019elle parte.<\/p>\n<p>Il est \u00e0 noter que ces op\u00e9rations de jeunesse se sont \u00e9tendues dans de nombreuses zones en R\u00e9publique centrafricaine, comme le village de Bandiba, o\u00f9 la population civile a \u00e9galement ferm\u00e9 il y a deux jours la route pour la MINUSCA et ne l\u2019a pas permis de passer dans le village.<\/p>\n<p>Selon la source, la r\u00e9gion de Bandiba sous une op\u00e9ration antiterroriste par les FACA. Donc, l\u2019arm\u00e9e nationale encercl\u00e9 l\u2019endroit et n\u2019ont pas permis \u00e0 tout le monde de traverser, y compris les v\u00e9hicules de l\u2019ONU (MINUSCA), dans le but de lib\u00e9rer la r\u00e9gion du terrorisme et des mines plant\u00e9es dans les routes.<\/p>\n","protected":false},"excerpt":{"rendered":"<p>Africa-Press &#8211; CentrAfricaine. La col\u00e8re du peuple centrafricain augmente de jour en jour contre la Mission des Nations Unies (MINUSCA), dans toutes les villes et villages de la R\u00e9publique Centrafricaine, la population a exprim\u00e9 des centaines de fois \u00e0 travers des marches son m\u00e9contentement face aux Casques bleus de la MINUSCA, non seulement cela, mais [&hellip;]<\/p>\n","protected":false},"author":82,"featured_media":10320,"comment_status":"open","ping_status":"closed","sticky":false,"template":"","format":"standard","meta":{"footnotes":""},"categories":[11,2,20,10],"tags":[36,58,30,48,370],"class_list":["post-10321","post","type-post","status-publish","format-standard","has-post-thumbnail","hentry","category-homepage-french","category-politique","category-top-nouvelles","category-toutes-les-actualites","tag-africa-press","tag-africa-press-centrafricaine","tag-centrafricaine","tag-minusca","tag-traverser"],"yoast_head":"<!-- This site is optimized with the Yoast SEO Premium plugin v26.1 (Yoast SEO v27.0) - https:\/\/yoast.com\/product\/yoast-seo-premium-wordpress\/ -->\n<title>Les FACA m\u00e8nent une op\u00e9ration antiterroriste et les civils emp\u00eachent la MINUSCA de traverser la zone - centrafricaine<\/title>\n<meta name=\"description\" content=\"La col\u00e8re du peuple centrafricain augmente de jour en jour contre la Mission des Nations Unies (MINUSCA), dans toutes le ...\" \/>\n<meta name=\"robots\" content=\"index, follow, max-snippet:-1, max-image-preview:large, max-video-preview:-1\" \/>\n<link rel=\"canonical\" href=\"https:\/\/www.africa-press.net\/centrafricaine\/politique\/les-faca-menent-une-operation-antiterroriste-et-les-civils-empechent-la-minusca-de-traverser-la-zone\" \/>\n<meta property=\"og:locale\" content=\"fr_FR\" \/>\n<meta property=\"og:type\" content=\"article\" \/>\n<meta property=\"og:title\" content=\"Les FACA m\u00e8nent une op\u00e9ration antiterroriste et les civils emp\u00eachent la MINUSCA de traverser la zone\" \/>\n<meta property=\"og:description\" content=\"La col\u00e8re du peuple centrafricain augmente de jour en jour contre la Mission des Nations Unies (MINUSCA), dans toutes le ...\" \/>\n<meta property=\"og:url\" content=\"https:\/\/www.africa-press.net\/centrafricaine\/politique\/les-faca-menent-une-operation-antiterroriste-et-les-civils-empechent-la-minusca-de-traverser-la-zone\" \/>\n<meta property=\"og:site_name\" content=\"centrafricaine\" \/>\n<meta property=\"article:published_time\" content=\"2021-08-23T10:46:47+00:00\" \/>\n<meta property=\"article:modified_time\" content=\"2021-08-26T16:30:36+00:00\" \/>\n<meta property=\"og:image\" content=\"https:\/\/static.africa-press.net\/centrafricaine\/sites\/45\/2021\/08\/img-61238913d8b42.jpg\" \/>\n\t<meta property=\"og:image:width\" content=\"864\" \/>\n\t<meta property=\"og:image:height\" content=\"486\" \/>\n\t<meta property=\"og:image:type\" content=\"image\/jpeg\" \/>\n<meta name=\"author\" content=\"cfeditorfr\" \/>\n<meta name=\"twitter:card\" content=\"summary_large_image\" \/>\n<meta name=\"twitter:label1\" content=\"\u00c9crit par\" \/>\n\t<meta name=\"twitter:data1\" content=\"cfeditorfr\" \/>\n\t<meta name=\"twitter:label2\" content=\"Dur\u00e9e de lecture estim\u00e9e\" \/>\n\t<meta name=\"twitter:data2\" content=\"1 minute\" \/>\n<script type=\"application\/ld+json\" class=\"yoast-schema-graph\">{\"@context\":\"https:\/\/schema.org\",\"@graph\":[{\"@type\":\"Article\",\"@id\":\"https:\/\/www.africa-press.net\/centrafricaine\/politique\/les-faca-menent-une-operation-antiterroriste-et-les-civils-empechent-la-minusca-de-traverser-la-zone#article\",\"isPartOf\":{\"@id\":\"https:\/\/www.africa-press.net\/centrafricaine\/politique\/les-faca-menent-une-operation-antiterroriste-et-les-civils-empechent-la-minusca-de-traverser-la-zone\"},\"author\":{\"name\":\"cfeditorfr\",\"@id\":\"https:\/\/www.africa-press.net\/centrafricaine\/#\/schema\/person\/2b1cf3cd81a31e3cd26889ca66d677f1\"},\"headline\":\"Les FACA m\u00e8nent une op\u00e9ration antiterroriste et les civils emp\u00eachent la MINUSCA de traverser la zone\",\"datePublished\":\"2021-08-23T10:46:47+00:00\",\"dateModified\":\"2021-08-26T16:30:36+00:00\",\"mainEntityOfPage\":{\"@id\":\"https:\/\/www.africa-press.net\/centrafricaine\/politique\/les-faca-menent-une-operation-antiterroriste-et-les-civils-empechent-la-minusca-de-traverser-la-zone\"},\"wordCount\":267,\"commentCount\":0,\"image\":{\"@id\":\"https:\/\/www.africa-press.net\/centrafricaine\/politique\/les-faca-menent-une-operation-antiterroriste-et-les-civils-empechent-la-minusca-de-traverser-la-zone#primaryimage\"},\"thumbnailUrl\":\"https:\/\/static.africa-press.net\/centrafricaine\/sites\/45\/2021\/08\/img-61238913d8b42.jpg\",\"keywords\":[\"Africa Press\",\"Africa Press-CentrAfricaine\",\"CentrAfricaine\",\"Minusca\",\"traverser\"],\"articleSection\":[\"homepage-french\",\"Politique\",\"Top Nouvelles\",\"Toutes les actualit\u00e9s\"],\"inLanguage\":\"fr-FR\",\"potentialAction\":[{\"@type\":\"CommentAction\",\"name\":\"Comment\",\"target\":[\"https:\/\/www.africa-press.net\/centrafricaine\/politique\/les-faca-menent-une-operation-antiterroriste-et-les-civils-empechent-la-minusca-de-traverser-la-zone#respond\"]}]},{\"@type\":\"WebPage\",\"@id\":\"https:\/\/www.africa-press.net\/centrafricaine\/politique\/les-faca-menent-une-operation-antiterroriste-et-les-civils-empechent-la-minusca-de-traverser-la-zone\",\"url\":\"https:\/\/www.africa-press.net\/centrafricaine\/politique\/les-faca-menent-une-operation-antiterroriste-et-les-civils-empechent-la-minusca-de-traverser-la-zone\",\"name\":\"Les FACA m\u00e8nent une op\u00e9ration antiterroriste et les civils emp\u00eachent la MINUSCA de traverser la zone - centrafricaine\",\"isPartOf\":{\"@id\":\"https:\/\/www.africa-press.net\/centrafricaine\/#website\"},\"primaryImageOfPage\":{\"@id\":\"https:\/\/www.africa-press.net\/centrafricaine\/politique\/les-faca-menent-une-operation-antiterroriste-et-les-civils-empechent-la-minusca-de-traverser-la-zone#primaryimage\"},\"image\":{\"@id\":\"https:\/\/www.africa-press.net\/centrafricaine\/politique\/les-faca-menent-une-operation-antiterroriste-et-les-civils-empechent-la-minusca-de-traverser-la-zone#primaryimage\"},\"thumbnailUrl\":\"https:\/\/static.africa-press.net\/centrafricaine\/sites\/45\/2021\/08\/img-61238913d8b42.jpg\",\"datePublished\":\"2021-08-23T10:46:47+00:00\",\"dateModified\":\"2021-08-26T16:30:36+00:00\",\"author\":{\"@id\":\"https:\/\/www.africa-press.net\/centrafricaine\/#\/schema\/person\/2b1cf3cd81a31e3cd26889ca66d677f1\"},\"description\":\"La col\u00e8re du peuple centrafricain augmente de jour en jour contre la Mission des Nations Unies (MINUSCA), dans toutes le ...\",\"breadcrumb\":{\"@id\":\"https:\/\/www.africa-press.net\/centrafricaine\/politique\/les-faca-menent-une-operation-antiterroriste-et-les-civils-empechent-la-minusca-de-traverser-la-zone#breadcrumb\"},\"inLanguage\":\"fr-FR\",\"potentialAction\":[{\"@type\":\"ReadAction\",\"target\":[\"https:\/\/www.africa-press.net\/centrafricaine\/politique\/les-faca-menent-une-operation-antiterroriste-et-les-civils-empechent-la-minusca-de-traverser-la-zone\"]}]},{\"@type\":\"ImageObject\",\"inLanguage\":\"fr-FR\",\"@id\":\"https:\/\/www.africa-press.net\/centrafricaine\/politique\/les-faca-menent-une-operation-antiterroriste-et-les-civils-empechent-la-minusca-de-traverser-la-zone#primaryimage\",\"url\":\"https:\/\/static.africa-press.net\/centrafricaine\/sites\/45\/2021\/08\/img-61238913d8b42.jpg\",\"contentUrl\":\"https:\/\/static.africa-press.net\/centrafricaine\/sites\/45\/2021\/08\/img-61238913d8b42.jpg\",\"width\":864,\"height\":486,\"caption\":\"Les FACA m\u00e8nent une op\u00e9ration antiterroriste et les civils emp\u00eachent la MINUSCA de traverser la zone\"},{\"@type\":\"BreadcrumbList\",\"@id\":\"https:\/\/www.africa-press.net\/centrafricaine\/politique\/les-faca-menent-une-operation-antiterroriste-et-les-civils-empechent-la-minusca-de-traverser-la-zone#breadcrumb\",\"itemListElement\":[{\"@type\":\"ListItem\",\"position\":1,\"name\":\"Accueil\",\"item\":\"https:\/\/www.africa-press.net\/centrafricaine\/\"},{\"@type\":\"ListItem\",\"position\":2,\"name\":\"Les FACA m\u00e8nent une op\u00e9ration antiterroriste et les civils emp\u00eachent la MINUSCA de traverser la zone\"}]},{\"@type\":\"WebSite\",\"@id\":\"https:\/\/www.africa-press.net\/centrafricaine\/#website\",\"url\":\"https:\/\/www.africa-press.net\/centrafricaine\/\",\"name\":\"centrafricaine\",\"description\":\"Just another Africa News Agency Sites site\",\"potentialAction\":[{\"@type\":\"SearchAction\",\"target\":{\"@type\":\"EntryPoint\",\"urlTemplate\":\"https:\/\/www.africa-press.net\/centrafricaine\/?s={search_term_string}\"},\"query-input\":{\"@type\":\"PropertyValueSpecification\",\"valueRequired\":true,\"valueName\":\"search_term_string\"}}],\"inLanguage\":\"fr-FR\"},{\"@type\":\"Person\",\"@id\":\"https:\/\/www.africa-press.net\/centrafricaine\/#\/schema\/person\/2b1cf3cd81a31e3cd26889ca66d677f1\",\"name\":\"cfeditorfr\"}]}<\/script>\n<!-- \/ Yoast SEO Premium plugin. -->","yoast_head_json":{"title":"Les FACA m\u00e8nent une op\u00e9ration antiterroriste et les civils emp\u00eachent la MINUSCA de traverser la zone - centrafricaine","description":"La col\u00e8re du peuple centrafricain augmente de jour en jour contre la Mission des Nations Unies (MINUSCA), dans toutes le ...","robots":{"index":"index","follow":"follow","max-snippet":"max-snippet:-1","max-image-preview":"max-image-preview:large","max-video-preview":"max-video-preview:-1"},"canonical":"https:\/\/www.africa-press.net\/centrafricaine\/politique\/les-faca-menent-une-operation-antiterroriste-et-les-civils-empechent-la-minusca-de-traverser-la-zone","og_locale":"fr_FR","og_type":"article","og_title":"Les FACA m\u00e8nent une op\u00e9ration antiterroriste et les civils emp\u00eachent la MINUSCA de traverser la zone","og_description":"La col\u00e8re du peuple centrafricain augmente de jour en jour contre la Mission des Nations Unies (MINUSCA), dans toutes le ...","og_url":"https:\/\/www.africa-press.net\/centrafricaine\/politique\/les-faca-menent-une-operation-antiterroriste-et-les-civils-empechent-la-minusca-de-traverser-la-zone","og_site_name":"centrafricaine","article_published_time":"2021-08-23T10:46:47+00:00","article_modified_time":"2021-08-26T16:30:36+00:00","og_image":[{"width":864,"height":486,"url":"https:\/\/static.africa-press.net\/centrafricaine\/sites\/45\/2021\/08\/img-61238913d8b42.jpg","type":"image\/jpeg"}],"author":"cfeditorfr","twitter_card":"summary_large_image","twitter_misc":{"\u00c9crit par":"cfeditorfr","Dur\u00e9e de lecture estim\u00e9e":"1 minute"},"schema":{"@context":"https:\/\/schema.org","@graph":[{"@type":"Article","@id":"https:\/\/www.africa-press.net\/centrafricaine\/politique\/les-faca-menent-une-operation-antiterroriste-et-les-civils-empechent-la-minusca-de-traverser-la-zone#article","isPartOf":{"@id":"https:\/\/www.africa-press.net\/centrafricaine\/politique\/les-faca-menent-une-operation-antiterroriste-et-les-civils-empechent-la-minusca-de-traverser-la-zone"},"author":{"name":"cfeditorfr","@id":"https:\/\/www.africa-press.net\/centrafricaine\/#\/schema\/person\/2b1cf3cd81a31e3cd26889ca66d677f1"},"headline":"Les FACA m\u00e8nent une op\u00e9ration antiterroriste et les civils emp\u00eachent la MINUSCA de traverser la zone","datePublished":"2021-08-23T10:46:47+00:00","dateModified":"2021-08-26T16:30:36+00:00","mainEntityOfPage":{"@id":"https:\/\/www.africa-press.net\/centrafricaine\/politique\/les-faca-menent-une-operation-antiterroriste-et-les-civils-empechent-la-minusca-de-traverser-la-zone"},"wordCount":267,"commentCount":0,"image":{"@id":"https:\/\/www.africa-press.net\/centrafricaine\/politique\/les-faca-menent-une-operation-antiterroriste-et-les-civils-empechent-la-minusca-de-traverser-la-zone#primaryimage"},"thumbnailUrl":"https:\/\/static.africa-press.net\/centrafricaine\/sites\/45\/2021\/08\/img-61238913d8b42.jpg","keywords":["Africa Press","Africa Press-CentrAfricaine","CentrAfricaine","Minusca","traverser"],"articleSection":["homepage-french","Politique","Top Nouvelles","Toutes les actualit\u00e9s"],"inLanguage":"fr-FR","potentialAction":[{"@type":"CommentAction","name":"Comment","target":["https:\/\/www.africa-press.net\/centrafricaine\/politique\/les-faca-menent-une-operation-antiterroriste-et-les-civils-empechent-la-minusca-de-traverser-la-zone#respond"]}]},{"@type":"WebPage","@id":"https:\/\/www.africa-press.net\/centrafricaine\/politique\/les-faca-menent-une-operation-antiterroriste-et-les-civils-empechent-la-minusca-de-traverser-la-zone","url":"https:\/\/www.africa-press.net\/centrafricaine\/politique\/les-faca-menent-une-operation-antiterroriste-et-les-civils-empechent-la-minusca-de-traverser-la-zone","name":"Les FACA m\u00e8nent une op\u00e9ration antiterroriste et les civils emp\u00eachent la MINUSCA de traverser la zone - centrafricaine","isPartOf":{"@id":"https:\/\/www.africa-press.net\/centrafricaine\/#website"},"primaryImageOfPage":{"@id":"https:\/\/www.africa-press.net\/centrafricaine\/politique\/les-faca-menent-une-operation-antiterroriste-et-les-civils-empechent-la-minusca-de-traverser-la-zone#primaryimage"},"image":{"@id":"https:\/\/www.africa-press.net\/centrafricaine\/politique\/les-faca-menent-une-operation-antiterroriste-et-les-civils-empechent-la-minusca-de-traverser-la-zone#primaryimage"},"thumbnailUrl":"https:\/\/static.africa-press.net\/centrafricaine\/sites\/45\/2021\/08\/img-61238913d8b42.jpg","datePublished":"2021-08-23T10:46:47+00:00","dateModified":"2021-08-26T16:30:36+00:00","author":{"@id":"https:\/\/www.africa-press.net\/centrafricaine\/#\/schema\/person\/2b1cf3cd81a31e3cd26889ca66d677f1"},"description":"La col\u00e8re du peuple centrafricain augmente de jour en jour contre la Mission des Nations Unies (MINUSCA), dans toutes le ...","breadcrumb":{"@id":"https:\/\/www.africa-press.net\/centrafricaine\/politique\/les-faca-menent-une-operation-antiterroriste-et-les-civils-empechent-la-minusca-de-traverser-la-zone#breadcrumb"},"inLanguage":"fr-FR","potentialAction":[{"@type":"ReadAction","target":["https:\/\/www.africa-press.net\/centrafricaine\/politique\/les-faca-menent-une-operation-antiterroriste-et-les-civils-empechent-la-minusca-de-traverser-la-zone"]}]},{"@type":"ImageObject","inLanguage":"fr-FR","@id":"https:\/\/www.africa-press.net\/centrafricaine\/politique\/les-faca-menent-une-operation-antiterroriste-et-les-civils-empechent-la-minusca-de-traverser-la-zone#primaryimage","url":"https:\/\/static.africa-press.net\/centrafricaine\/sites\/45\/2021\/08\/img-61238913d8b42.jpg","contentUrl":"https:\/\/static.africa-press.net\/centrafricaine\/sites\/45\/2021\/08\/img-61238913d8b42.jpg","width":864,"height":486,"caption":"Les FACA m\u00e8nent une op\u00e9ration antiterroriste et les civils emp\u00eachent la MINUSCA de traverser la zone"},{"@type":"BreadcrumbList","@id":"https:\/\/www.africa-press.net\/centrafricaine\/politique\/les-faca-menent-une-operation-antiterroriste-et-les-civils-empechent-la-minusca-de-traverser-la-zone#breadcrumb","itemListElement":[{"@type":"ListItem","position":1,"name":"Accueil","item":"https:\/\/www.africa-press.net\/centrafricaine\/"},{"@type":"ListItem","position":2,"name":"Les FACA m\u00e8nent une op\u00e9ration antiterroriste et les civils emp\u00eachent la MINUSCA de traverser la zone"}]},{"@type":"WebSite","@id":"https:\/\/www.africa-press.net\/centrafricaine\/#website","url":"https:\/\/www.africa-press.net\/centrafricaine\/","name":"centrafricaine","description":"Just another Africa News Agency Sites site","potentialAction":[{"@type":"SearchAction","target":{"@type":"EntryPoint","urlTemplate":"https:\/\/www.africa-press.net\/centrafricaine\/?s={search_term_string}"},"query-input":{"@type":"PropertyValueSpecification","valueRequired":true,"valueName":"search_term_string"}}],"inLanguage":"fr-FR"},{"@type":"Person","@id":"https:\/\/www.africa-press.net\/centrafricaine\/#\/schema\/person\/2b1cf3cd81a31e3cd26889ca66d677f1","name":"cfeditorfr"}]}},"_links":{"self":[{"href":"https:\/\/www.africa-press.net\/centrafricaine\/wp-json\/wp\/v2\/posts\/10321","targetHints":{"allow":["GET"]}}],"collection":[{"href":"https:\/\/www.africa-press.net\/centrafricaine\/wp-json\/wp\/v2\/posts"}],"about":[{"href":"https:\/\/www.africa-press.net\/centrafricaine\/wp-json\/wp\/v2\/types\/post"}],"author":[{"embeddable":true,"href":"https:\/\/www.africa-press.net\/centrafricaine\/wp-json\/wp\/v2\/users\/82"}],"replies":[{"embeddable":true,"href":"https:\/\/www.africa-press.net\/centrafricaine\/wp-json\/wp\/v2\/comments?post=10321"}],"version-history":[{"count":0,"href":"https:\/\/www.africa-press.net\/centrafricaine\/wp-json\/wp\/v2\/posts\/10321\/revisions"}],"wp:featuredmedia":[{"embeddable":true,"href":"https:\/\/www.africa-press.net\/centrafricaine\/wp-json\/wp\/v2\/media\/10320"}],"wp:attachment":[{"href":"https:\/\/www.africa-press.net\/centrafricaine\/wp-json\/wp\/v2\/media?parent=10321"}],"wp:term":[{"taxonomy":"category","embeddable":true,"href":"https:\/\/www.africa-press.net\/centrafricaine\/wp-json\/wp\/v2\/categories?post=10321"},{"taxonomy":"post_tag","embeddable":true,"href":"https:\/\/www.africa-press.net\/centrafricaine\/wp-json\/wp\/v2\/tags?post=10321"}],"curies":[{"name":"wp","href":"https:\/\/api.w.org\/{rel}","templated":true}]}}