{"id":11000,"date":"2021-09-12T15:33:23","date_gmt":"2021-09-12T15:33:23","guid":{"rendered":"https:\/\/www.africa-press.net\/centrafricaine\/politique\/de-la-contribution-du-portugal-a-la-minusca-et-a-leutm"},"modified":"2021-09-12T16:07:24","modified_gmt":"2021-09-12T16:07:24","slug":"de-la-contribution-du-portugal-a-la-minusca-et-a-leutm","status":"publish","type":"post","link":"https:\/\/www.africa-press.net\/centrafricaine\/politique\/de-la-contribution-du-portugal-a-la-minusca-et-a-leutm","title":{"rendered":"De la contribution du Portugal \u00e0 la MINUSCA et \u00e0 l\u2019EUTM"},"content":{"rendered":"<p><span style=\"color: #ff6600\"><strong><a href=\"https:\/\/www.africa-press.net\/\">Africa-Press<\/a> &#8211; <a href=\"https:\/\/www.africa-press.net\/centrafricaine\">CentrAfricaine<\/a>. <\/strong><\/span>une visite officielle en R\u00e9publique centrafricaine dans le cadre de la passation de commandement \u00e0 la t\u00eate de la Mission de formation de l\u2019Union Europ\u00e9enne (EUTM), notamment entre le G\u00e9n\u00e9ral de brigade Paulo Neves de Abreu (du Portugal) en fin de mission, et le G\u00e9n\u00e9ral de brigade Jacques Langlade de Montgros, de la France.<\/p>\n<p>La c\u00e9r\u00e9monie s\u2019est d\u00e9roul\u00e9e en pr\u00e9sence du Chef de l\u2019Etat, le Professeur Faustin Archange Touadera, et du Repr\u00e9sentant sp\u00e9cial du Secr\u00e9taire G\u00e9n\u00e9ral des Nations Unies, Mankeur Ndiaye.<\/p>\n<p>Ce fut \u00e9galement l\u2019occasion pour le ministre portugais d\u2019\u00e9changer avec le chef de la MINUSCA sur la contribution du Portugal \u00e0 la MINUSCA, \u00e0 travers, notamment, la Force de r\u00e9action rapide et les formations dispens\u00e9es aux Forces arm\u00e9es centrafricaines (FACA) par l\u2019EUTM.<\/p>\n<p>Pour Jo\u00e3o Gomes Cravinho, le Portugal est pr\u00e9sent en R\u00e9publique centrafricaine depuis 5 ans. \u00ab Nous sommes tr\u00e8s heureux de pouvoir travailler avec les autorit\u00e9s de la R\u00e9publique centrafricaine.<\/p>\n<p>Bien s\u00fbr que nous connaissons des difficult\u00e9s ; nous voyons qu\u2019il faut encore du travail pour la stabilit\u00e9 politique, militaire en RCA, alors les grands th\u00e8mes du pays ont \u00e9t\u00e9 essentiellement l\u2019objet de notre discussion avec le Repr\u00e9sentant sp\u00e9cial du Secr\u00e9taire g\u00e9n\u00e9ral des Nations Unies \u00bb, a-t-il d\u00e9clar\u00e9.<\/p>\n<p>Le chef de la MINUSCA, Mankeur Ndiaye, a quant \u00e0 lui tenu \u00e0 souligner l\u2019importance de cette coop\u00e9ration avec le Portugal et a rappel\u00e9 le travail indispensable que ses troupes r\u00e9alisent sur le terrain en Centrafrique.<\/p>\n<p>C\u2019est pourquoi il a salu\u00e9 le travail de la Force de r\u00e9action rapide du Portugal UIG, a-t-il fait valoir, \u00ab est l\u2019une des plus dynamiques et appr\u00e9ci\u00e9e sur le terrain \u00bb surtout lorsque la MINUSCA a connu la crise de d\u00e9cembre 2020.<\/p>\n<p>Comme le souligne le Repr\u00e9sentant sp\u00e9cial, \u00ab c\u2019est la Force de r\u00e9action rapide portugaise qui \u00e9tait mont\u00e9e au front \u00e0 Bossembele et ils y ont jou\u00e9 un r\u00f4le extr\u00eamement important dans la mise en \u0153uvre du plan int\u00e9gr\u00e9 de s\u00e9curisation des \u00e9lections \u00bb.<\/p>\n<p>Occasion pour lui de f\u00e9liciter le ministre de la D\u00e9fense pour l\u2019engagement du Portugal en Centrafrique. Pour sa part, le ministre s\u2019est r\u00e9jouit du travail de la MINUSCA surtout sur le plan de la r\u00e9forme du secteur de la s\u00e9curit\u00e9.<\/p>\n<p>La MINUSCA et l\u2019Union Europ\u00e9enne en RCA entretiennent une bonne collaboration, laquelle se traduit, entre autres, par une concertation r\u00e9guli\u00e8re au niveau de la hi\u00e9rarchie et des activit\u00e9s men\u00e9es avec l\u2019EUTM et la Mission de Conseil de l\u2019Union Europ\u00e9enne.<\/p>\n<p>La Mission de formation de l\u2019Union Europ\u00e9enne en Centrafrique comprend 8 \u00e9tats membres, dont le Portugal, avec pour objectif de dispenser des formations aux forces arm\u00e9es centrafricaines, dans le cadre de la R\u00e9forme du secteur de la S\u00e9curit\u00e9.<\/p>\n","protected":false},"excerpt":{"rendered":"<p>Africa-Press &#8211; CentrAfricaine. une visite officielle en R\u00e9publique centrafricaine dans le cadre de la passation de commandement \u00e0 la t\u00eate de la Mission de formation de l\u2019Union Europ\u00e9enne (EUTM), notamment entre le G\u00e9n\u00e9ral de brigade Paulo Neves de Abreu (du Portugal) en fin de mission, et le G\u00e9n\u00e9ral de brigade Jacques Langlade de Montgros, de [&hellip;]<\/p>\n","protected":false},"author":82,"featured_media":10999,"comment_status":"open","ping_status":"closed","sticky":false,"template":"","format":"standard","meta":{"footnotes":""},"categories":[11,2,20,10],"tags":[36,58,30,534,48,535],"class_list":["post-11000","post","type-post","status-publish","format-standard","has-post-thumbnail","hentry","category-homepage-french","category-politique","category-top-nouvelles","category-toutes-les-actualites","tag-africa-press","tag-africa-press-centrafricaine","tag-centrafricaine","tag-leutm","tag-minusca","tag-portugal"],"yoast_head":"<!-- This site is optimized with the Yoast SEO Premium plugin v26.1 (Yoast SEO v27.0) - https:\/\/yoast.com\/product\/yoast-seo-premium-wordpress\/ -->\n<title>De la contribution du Portugal \u00e0 la MINUSCA et \u00e0 l\u2019EUTM - centrafricaine<\/title>\n<meta name=\"description\" content=\"une visite officielle en R\u00e9publique centrafricaine dans le cadre de la passation de commandement \u00e0 la t\u00eate de la Mission ...\" \/>\n<meta name=\"robots\" content=\"index, follow, max-snippet:-1, max-image-preview:large, max-video-preview:-1\" \/>\n<link rel=\"canonical\" href=\"https:\/\/www.africa-press.net\/centrafricaine\/politique\/de-la-contribution-du-portugal-a-la-minusca-et-a-leutm\" \/>\n<meta property=\"og:locale\" content=\"fr_FR\" \/>\n<meta property=\"og:type\" content=\"article\" \/>\n<meta property=\"og:title\" content=\"De la contribution du Portugal \u00e0 la MINUSCA et \u00e0 l\u2019EUTM\" \/>\n<meta property=\"og:description\" content=\"une visite officielle en R\u00e9publique centrafricaine dans le cadre de la passation de commandement \u00e0 la t\u00eate de la Mission ...\" \/>\n<meta property=\"og:url\" content=\"https:\/\/www.africa-press.net\/centrafricaine\/politique\/de-la-contribution-du-portugal-a-la-minusca-et-a-leutm\" \/>\n<meta property=\"og:site_name\" content=\"centrafricaine\" \/>\n<meta property=\"article:published_time\" content=\"2021-09-12T15:33:23+00:00\" \/>\n<meta property=\"article:modified_time\" content=\"2021-09-12T16:07:24+00:00\" \/>\n<meta property=\"og:image\" content=\"https:\/\/static.africa-press.net\/centrafricaine\/sites\/45\/2021\/09\/img-613e2586de3c2.jpg\" \/>\n\t<meta property=\"og:image:width\" content=\"720\" \/>\n\t<meta property=\"og:image:height\" content=\"418\" \/>\n\t<meta property=\"og:image:type\" content=\"image\/jpeg\" \/>\n<meta name=\"author\" content=\"cfeditorfr\" \/>\n<meta name=\"twitter:card\" content=\"summary_large_image\" \/>\n<meta name=\"twitter:label1\" content=\"\u00c9crit par\" \/>\n\t<meta name=\"twitter:data1\" content=\"cfeditorfr\" \/>\n\t<meta name=\"twitter:label2\" content=\"Dur\u00e9e de lecture estim\u00e9e\" \/>\n\t<meta name=\"twitter:data2\" content=\"3 minutes\" \/>\n<script type=\"application\/ld+json\" class=\"yoast-schema-graph\">{\"@context\":\"https:\/\/schema.org\",\"@graph\":[{\"@type\":\"Article\",\"@id\":\"https:\/\/www.africa-press.net\/centrafricaine\/politique\/de-la-contribution-du-portugal-a-la-minusca-et-a-leutm#article\",\"isPartOf\":{\"@id\":\"https:\/\/www.africa-press.net\/centrafricaine\/politique\/de-la-contribution-du-portugal-a-la-minusca-et-a-leutm\"},\"author\":{\"name\":\"cfeditorfr\",\"@id\":\"https:\/\/www.africa-press.net\/centrafricaine\/#\/schema\/person\/2b1cf3cd81a31e3cd26889ca66d677f1\"},\"headline\":\"De la contribution du Portugal \u00e0 la MINUSCA et \u00e0 l\u2019EUTM\",\"datePublished\":\"2021-09-12T15:33:23+00:00\",\"dateModified\":\"2021-09-12T16:07:24+00:00\",\"mainEntityOfPage\":{\"@id\":\"https:\/\/www.africa-press.net\/centrafricaine\/politique\/de-la-contribution-du-portugal-a-la-minusca-et-a-leutm\"},\"wordCount\":518,\"commentCount\":0,\"image\":{\"@id\":\"https:\/\/www.africa-press.net\/centrafricaine\/politique\/de-la-contribution-du-portugal-a-la-minusca-et-a-leutm#primaryimage\"},\"thumbnailUrl\":\"https:\/\/static.africa-press.net\/centrafricaine\/sites\/45\/2021\/09\/img-613e2586de3c2.jpg\",\"keywords\":[\"Africa Press\",\"Africa Press-CentrAfricaine\",\"CentrAfricaine\",\"l\u2019EUTM\",\"Minusca\",\"Portugal\"],\"articleSection\":[\"homepage-french\",\"Politique\",\"Top Nouvelles\",\"Toutes les actualit\u00e9s\"],\"inLanguage\":\"fr-FR\",\"potentialAction\":[{\"@type\":\"CommentAction\",\"name\":\"Comment\",\"target\":[\"https:\/\/www.africa-press.net\/centrafricaine\/politique\/de-la-contribution-du-portugal-a-la-minusca-et-a-leutm#respond\"]}]},{\"@type\":\"WebPage\",\"@id\":\"https:\/\/www.africa-press.net\/centrafricaine\/politique\/de-la-contribution-du-portugal-a-la-minusca-et-a-leutm\",\"url\":\"https:\/\/www.africa-press.net\/centrafricaine\/politique\/de-la-contribution-du-portugal-a-la-minusca-et-a-leutm\",\"name\":\"De la contribution du Portugal \u00e0 la MINUSCA et \u00e0 l\u2019EUTM - centrafricaine\",\"isPartOf\":{\"@id\":\"https:\/\/www.africa-press.net\/centrafricaine\/#website\"},\"primaryImageOfPage\":{\"@id\":\"https:\/\/www.africa-press.net\/centrafricaine\/politique\/de-la-contribution-du-portugal-a-la-minusca-et-a-leutm#primaryimage\"},\"image\":{\"@id\":\"https:\/\/www.africa-press.net\/centrafricaine\/politique\/de-la-contribution-du-portugal-a-la-minusca-et-a-leutm#primaryimage\"},\"thumbnailUrl\":\"https:\/\/static.africa-press.net\/centrafricaine\/sites\/45\/2021\/09\/img-613e2586de3c2.jpg\",\"datePublished\":\"2021-09-12T15:33:23+00:00\",\"dateModified\":\"2021-09-12T16:07:24+00:00\",\"author\":{\"@id\":\"https:\/\/www.africa-press.net\/centrafricaine\/#\/schema\/person\/2b1cf3cd81a31e3cd26889ca66d677f1\"},\"description\":\"une visite officielle en R\u00e9publique centrafricaine dans le cadre de la passation de commandement \u00e0 la t\u00eate de la Mission ...\",\"breadcrumb\":{\"@id\":\"https:\/\/www.africa-press.net\/centrafricaine\/politique\/de-la-contribution-du-portugal-a-la-minusca-et-a-leutm#breadcrumb\"},\"inLanguage\":\"fr-FR\",\"potentialAction\":[{\"@type\":\"ReadAction\",\"target\":[\"https:\/\/www.africa-press.net\/centrafricaine\/politique\/de-la-contribution-du-portugal-a-la-minusca-et-a-leutm\"]}]},{\"@type\":\"ImageObject\",\"inLanguage\":\"fr-FR\",\"@id\":\"https:\/\/www.africa-press.net\/centrafricaine\/politique\/de-la-contribution-du-portugal-a-la-minusca-et-a-leutm#primaryimage\",\"url\":\"https:\/\/static.africa-press.net\/centrafricaine\/sites\/45\/2021\/09\/img-613e2586de3c2.jpg\",\"contentUrl\":\"https:\/\/static.africa-press.net\/centrafricaine\/sites\/45\/2021\/09\/img-613e2586de3c2.jpg\",\"width\":720,\"height\":418,\"caption\":\"De la contribution du Portugal \u00e0 la MINUSCA et \u00e0 l\u2019EUTM\"},{\"@type\":\"BreadcrumbList\",\"@id\":\"https:\/\/www.africa-press.net\/centrafricaine\/politique\/de-la-contribution-du-portugal-a-la-minusca-et-a-leutm#breadcrumb\",\"itemListElement\":[{\"@type\":\"ListItem\",\"position\":1,\"name\":\"Accueil\",\"item\":\"https:\/\/www.africa-press.net\/centrafricaine\/\"},{\"@type\":\"ListItem\",\"position\":2,\"name\":\"De la contribution du Portugal \u00e0 la MINUSCA et \u00e0 l\u2019EUTM\"}]},{\"@type\":\"WebSite\",\"@id\":\"https:\/\/www.africa-press.net\/centrafricaine\/#website\",\"url\":\"https:\/\/www.africa-press.net\/centrafricaine\/\",\"name\":\"centrafricaine\",\"description\":\"Just another Africa News Agency Sites site\",\"potentialAction\":[{\"@type\":\"SearchAction\",\"target\":{\"@type\":\"EntryPoint\",\"urlTemplate\":\"https:\/\/www.africa-press.net\/centrafricaine\/?s={search_term_string}\"},\"query-input\":{\"@type\":\"PropertyValueSpecification\",\"valueRequired\":true,\"valueName\":\"search_term_string\"}}],\"inLanguage\":\"fr-FR\"},{\"@type\":\"Person\",\"@id\":\"https:\/\/www.africa-press.net\/centrafricaine\/#\/schema\/person\/2b1cf3cd81a31e3cd26889ca66d677f1\",\"name\":\"cfeditorfr\"}]}<\/script>\n<!-- \/ Yoast SEO Premium plugin. -->","yoast_head_json":{"title":"De la contribution du Portugal \u00e0 la MINUSCA et \u00e0 l\u2019EUTM - centrafricaine","description":"une visite officielle en R\u00e9publique centrafricaine dans le cadre de la passation de commandement \u00e0 la t\u00eate de la Mission ...","robots":{"index":"index","follow":"follow","max-snippet":"max-snippet:-1","max-image-preview":"max-image-preview:large","max-video-preview":"max-video-preview:-1"},"canonical":"https:\/\/www.africa-press.net\/centrafricaine\/politique\/de-la-contribution-du-portugal-a-la-minusca-et-a-leutm","og_locale":"fr_FR","og_type":"article","og_title":"De la contribution du Portugal \u00e0 la MINUSCA et \u00e0 l\u2019EUTM","og_description":"une visite officielle en R\u00e9publique centrafricaine dans le cadre de la passation de commandement \u00e0 la t\u00eate de la Mission ...","og_url":"https:\/\/www.africa-press.net\/centrafricaine\/politique\/de-la-contribution-du-portugal-a-la-minusca-et-a-leutm","og_site_name":"centrafricaine","article_published_time":"2021-09-12T15:33:23+00:00","article_modified_time":"2021-09-12T16:07:24+00:00","og_image":[{"width":720,"height":418,"url":"https:\/\/static.africa-press.net\/centrafricaine\/sites\/45\/2021\/09\/img-613e2586de3c2.jpg","type":"image\/jpeg"}],"author":"cfeditorfr","twitter_card":"summary_large_image","twitter_misc":{"\u00c9crit par":"cfeditorfr","Dur\u00e9e de lecture estim\u00e9e":"3 minutes"},"schema":{"@context":"https:\/\/schema.org","@graph":[{"@type":"Article","@id":"https:\/\/www.africa-press.net\/centrafricaine\/politique\/de-la-contribution-du-portugal-a-la-minusca-et-a-leutm#article","isPartOf":{"@id":"https:\/\/www.africa-press.net\/centrafricaine\/politique\/de-la-contribution-du-portugal-a-la-minusca-et-a-leutm"},"author":{"name":"cfeditorfr","@id":"https:\/\/www.africa-press.net\/centrafricaine\/#\/schema\/person\/2b1cf3cd81a31e3cd26889ca66d677f1"},"headline":"De la contribution du Portugal \u00e0 la MINUSCA et \u00e0 l\u2019EUTM","datePublished":"2021-09-12T15:33:23+00:00","dateModified":"2021-09-12T16:07:24+00:00","mainEntityOfPage":{"@id":"https:\/\/www.africa-press.net\/centrafricaine\/politique\/de-la-contribution-du-portugal-a-la-minusca-et-a-leutm"},"wordCount":518,"commentCount":0,"image":{"@id":"https:\/\/www.africa-press.net\/centrafricaine\/politique\/de-la-contribution-du-portugal-a-la-minusca-et-a-leutm#primaryimage"},"thumbnailUrl":"https:\/\/static.africa-press.net\/centrafricaine\/sites\/45\/2021\/09\/img-613e2586de3c2.jpg","keywords":["Africa Press","Africa Press-CentrAfricaine","CentrAfricaine","l\u2019EUTM","Minusca","Portugal"],"articleSection":["homepage-french","Politique","Top Nouvelles","Toutes les actualit\u00e9s"],"inLanguage":"fr-FR","potentialAction":[{"@type":"CommentAction","name":"Comment","target":["https:\/\/www.africa-press.net\/centrafricaine\/politique\/de-la-contribution-du-portugal-a-la-minusca-et-a-leutm#respond"]}]},{"@type":"WebPage","@id":"https:\/\/www.africa-press.net\/centrafricaine\/politique\/de-la-contribution-du-portugal-a-la-minusca-et-a-leutm","url":"https:\/\/www.africa-press.net\/centrafricaine\/politique\/de-la-contribution-du-portugal-a-la-minusca-et-a-leutm","name":"De la contribution du Portugal \u00e0 la MINUSCA et \u00e0 l\u2019EUTM - centrafricaine","isPartOf":{"@id":"https:\/\/www.africa-press.net\/centrafricaine\/#website"},"primaryImageOfPage":{"@id":"https:\/\/www.africa-press.net\/centrafricaine\/politique\/de-la-contribution-du-portugal-a-la-minusca-et-a-leutm#primaryimage"},"image":{"@id":"https:\/\/www.africa-press.net\/centrafricaine\/politique\/de-la-contribution-du-portugal-a-la-minusca-et-a-leutm#primaryimage"},"thumbnailUrl":"https:\/\/static.africa-press.net\/centrafricaine\/sites\/45\/2021\/09\/img-613e2586de3c2.jpg","datePublished":"2021-09-12T15:33:23+00:00","dateModified":"2021-09-12T16:07:24+00:00","author":{"@id":"https:\/\/www.africa-press.net\/centrafricaine\/#\/schema\/person\/2b1cf3cd81a31e3cd26889ca66d677f1"},"description":"une visite officielle en R\u00e9publique centrafricaine dans le cadre de la passation de commandement \u00e0 la t\u00eate de la Mission ...","breadcrumb":{"@id":"https:\/\/www.africa-press.net\/centrafricaine\/politique\/de-la-contribution-du-portugal-a-la-minusca-et-a-leutm#breadcrumb"},"inLanguage":"fr-FR","potentialAction":[{"@type":"ReadAction","target":["https:\/\/www.africa-press.net\/centrafricaine\/politique\/de-la-contribution-du-portugal-a-la-minusca-et-a-leutm"]}]},{"@type":"ImageObject","inLanguage":"fr-FR","@id":"https:\/\/www.africa-press.net\/centrafricaine\/politique\/de-la-contribution-du-portugal-a-la-minusca-et-a-leutm#primaryimage","url":"https:\/\/static.africa-press.net\/centrafricaine\/sites\/45\/2021\/09\/img-613e2586de3c2.jpg","contentUrl":"https:\/\/static.africa-press.net\/centrafricaine\/sites\/45\/2021\/09\/img-613e2586de3c2.jpg","width":720,"height":418,"caption":"De la contribution du Portugal \u00e0 la MINUSCA et \u00e0 l\u2019EUTM"},{"@type":"BreadcrumbList","@id":"https:\/\/www.africa-press.net\/centrafricaine\/politique\/de-la-contribution-du-portugal-a-la-minusca-et-a-leutm#breadcrumb","itemListElement":[{"@type":"ListItem","position":1,"name":"Accueil","item":"https:\/\/www.africa-press.net\/centrafricaine\/"},{"@type":"ListItem","position":2,"name":"De la contribution du Portugal \u00e0 la MINUSCA et \u00e0 l\u2019EUTM"}]},{"@type":"WebSite","@id":"https:\/\/www.africa-press.net\/centrafricaine\/#website","url":"https:\/\/www.africa-press.net\/centrafricaine\/","name":"centrafricaine","description":"Just another Africa News Agency Sites site","potentialAction":[{"@type":"SearchAction","target":{"@type":"EntryPoint","urlTemplate":"https:\/\/www.africa-press.net\/centrafricaine\/?s={search_term_string}"},"query-input":{"@type":"PropertyValueSpecification","valueRequired":true,"valueName":"search_term_string"}}],"inLanguage":"fr-FR"},{"@type":"Person","@id":"https:\/\/www.africa-press.net\/centrafricaine\/#\/schema\/person\/2b1cf3cd81a31e3cd26889ca66d677f1","name":"cfeditorfr"}]}},"_links":{"self":[{"href":"https:\/\/www.africa-press.net\/centrafricaine\/wp-json\/wp\/v2\/posts\/11000","targetHints":{"allow":["GET"]}}],"collection":[{"href":"https:\/\/www.africa-press.net\/centrafricaine\/wp-json\/wp\/v2\/posts"}],"about":[{"href":"https:\/\/www.africa-press.net\/centrafricaine\/wp-json\/wp\/v2\/types\/post"}],"author":[{"embeddable":true,"href":"https:\/\/www.africa-press.net\/centrafricaine\/wp-json\/wp\/v2\/users\/82"}],"replies":[{"embeddable":true,"href":"https:\/\/www.africa-press.net\/centrafricaine\/wp-json\/wp\/v2\/comments?post=11000"}],"version-history":[{"count":0,"href":"https:\/\/www.africa-press.net\/centrafricaine\/wp-json\/wp\/v2\/posts\/11000\/revisions"}],"wp:featuredmedia":[{"embeddable":true,"href":"https:\/\/www.africa-press.net\/centrafricaine\/wp-json\/wp\/v2\/media\/10999"}],"wp:attachment":[{"href":"https:\/\/www.africa-press.net\/centrafricaine\/wp-json\/wp\/v2\/media?parent=11000"}],"wp:term":[{"taxonomy":"category","embeddable":true,"href":"https:\/\/www.africa-press.net\/centrafricaine\/wp-json\/wp\/v2\/categories?post=11000"},{"taxonomy":"post_tag","embeddable":true,"href":"https:\/\/www.africa-press.net\/centrafricaine\/wp-json\/wp\/v2\/tags?post=11000"}],"curies":[{"name":"wp","href":"https:\/\/api.w.org\/{rel}","templated":true}]}}