{"id":12025,"date":"2021-10-12T16:17:55","date_gmt":"2021-10-12T16:17:55","guid":{"rendered":"https:\/\/www.africa-press.net\/centrafricaine\/?p=12025"},"modified":"2021-10-12T19:27:42","modified_gmt":"2021-10-12T19:27:42","slug":"rca-violente-attaque-des-positions-des-soldats-faca-par-les-rebelles-a-bria","status":"publish","type":"post","link":"https:\/\/www.africa-press.net\/centrafricaine\/politique\/rca-violente-attaque-des-positions-des-soldats-faca-par-les-rebelles-a-bria","title":{"rendered":"violente attaque des positions des soldats FACA par les rebelles \u00e0 Bria"},"content":{"rendered":"<p><span style=\"color: #ff6600\"><strong><a href=\"https:\/\/www.africa-press.net\/\">Africa-Press<\/a> &#8211; <a href=\"https:\/\/www.africa-press.net\/centrafricaine\">CentrAfricaine<\/a>. <\/strong><\/span>\u00a0La ville de Bria, capitale provinciale de la Haute-Kotto, situ\u00e9e \u00e0 environ 595 kilom\u00e8tres au nord de Bangui a \u00e9t\u00e9 r\u00e9veill\u00e9e tr\u00e8s t\u00f4t ce matin par des d\u00e9tonations d\u2019armes de tout calibre. Selon des sources concordantes, c\u2019est la base des soldats FACA situ\u00e9e au quartier Gobolo qui a \u00e9t\u00e9 attaqu\u00e9e par des hommes arm\u00e9s, identifi\u00e9s comme des rebelles de l\u2019unit\u00e9 pour la paix en Centrafrique (UPC).<\/p>\n<p><b>\u00ab C\u2019\u00e9tait vers 4h20 que notre position au quartier Gobolo a \u00e9t\u00e9 attaqu\u00e9e par des hommes lourdement arm\u00e9s. Nous avons repouss\u00e9 la premi\u00e8re attaque, mais en ce moment les assaillants, venus en nombre, nous attaquent \u00e0 nouveau. Le combat est en cours \u00bb<\/b><\/p>\n<p>, a d\u00e9clar\u00e9 un \u00e9l\u00e9ment des forces arm\u00e9es centrafricaines (FACA) bas\u00e9es dans la ville de Bria.<\/p>\n<p>Une information confirm\u00e9e par des sources humanitaires qui pr\u00e9cisent par ailleurs qu\u2019un autre groupe des assaillants, venus du c\u00f4t\u00e9 de l\u2019a\u00e9roport, plus pr\u00e9cis\u00e9ment du quartier Piango, attaque \u00e0 nouveau la m\u00eame position des soldats FACA \u00e0 Gobolo.<\/p>\n<p>L\u2019affrontement est en cours, mais le bilan provisoire fait \u00e9tat de trois bless\u00e9s du c\u00f4t\u00e9 des forces arm\u00e9es centrafricaines. Selon une autre source, tous les bless\u00e9s sont \u00e9vacu\u00e9s en ce moment \u00e0 la clinique du m\u00e9decin sans fronti\u00e8res pour des soins appropri\u00e9s.<\/p>\n<p>Du c\u00f4t\u00e9 des Nations unies, un convoi regroupant tous les travailleurs, et escort\u00e9 par les Casques bleus de la Minusca va quitter la ville ce mardi vers 8 heures.<\/p>\n<p>Pour l\u2019heure, la ville est calme, mais les d\u00e9tonations se font toujours entendues partout.<\/p>\n<p><b>\u00a0<\/b><\/p>\n","protected":false},"excerpt":{"rendered":"<p>Africa-Press &#8211; CentrAfricaine. \u00a0La ville de Bria, capitale provinciale de la Haute-Kotto, situ\u00e9e \u00e0 environ 595 kilom\u00e8tres au nord de Bangui a \u00e9t\u00e9 r\u00e9veill\u00e9e tr\u00e8s t\u00f4t ce matin par des d\u00e9tonations d\u2019armes de tout calibre. Selon des sources concordantes, c\u2019est la base des soldats FACA situ\u00e9e au quartier Gobolo qui a \u00e9t\u00e9 attaqu\u00e9e par des [&hellip;]<\/p>\n","protected":false},"author":82,"featured_media":12024,"comment_status":"open","ping_status":"closed","sticky":false,"template":"","format":"standard","meta":{"footnotes":""},"categories":[11,2,10],"tags":[36,58,30],"class_list":["post-12025","post","type-post","status-publish","format-standard","has-post-thumbnail","hentry","category-homepage-french","category-politique","category-toutes-les-actualites","tag-africa-press","tag-africa-press-centrafricaine","tag-centrafricaine"],"yoast_head":"<!-- This site is optimized with the Yoast SEO Premium plugin v26.1 (Yoast SEO v27.0) - https:\/\/yoast.com\/product\/yoast-seo-premium-wordpress\/ -->\n<title>violente attaque des positions des soldats FACA par les rebelles \u00e0 Bria - centrafricaine<\/title>\n<meta name=\"description\" content=\"Bangui, R\u00e9publique centrafricaine, mardi, 12 octobre 2021, 07:00:24 ( Corbeaunews-Centrafrique ). La ville de Br ...\" \/>\n<meta name=\"robots\" content=\"index, follow, max-snippet:-1, max-image-preview:large, max-video-preview:-1\" \/>\n<link rel=\"canonical\" href=\"https:\/\/www.africa-press.net\/centrafricaine\/politique\/rca-violente-attaque-des-positions-des-soldats-faca-par-les-rebelles-a-bria\" \/>\n<meta property=\"og:locale\" content=\"fr_FR\" \/>\n<meta property=\"og:type\" content=\"article\" \/>\n<meta property=\"og:title\" content=\"violente attaque des positions des soldats FACA par les rebelles \u00e0 Bria\" \/>\n<meta property=\"og:description\" content=\"Bangui, R\u00e9publique centrafricaine, mardi, 12 octobre 2021, 07:00:24 ( Corbeaunews-Centrafrique ). La ville de Br ...\" \/>\n<meta property=\"og:url\" content=\"https:\/\/www.africa-press.net\/centrafricaine\/politique\/rca-violente-attaque-des-positions-des-soldats-faca-par-les-rebelles-a-bria\" \/>\n<meta property=\"og:site_name\" content=\"centrafricaine\" \/>\n<meta property=\"article:published_time\" content=\"2021-10-12T16:17:55+00:00\" \/>\n<meta property=\"article:modified_time\" content=\"2021-10-12T19:27:42+00:00\" \/>\n<meta property=\"og:image\" content=\"https:\/\/static.africa-press.net\/centrafricaine\/sites\/45\/2021\/10\/img-6165ae207a924.jpg\" \/>\n\t<meta property=\"og:image:width\" content=\"720\" \/>\n\t<meta property=\"og:image:height\" content=\"405\" \/>\n\t<meta property=\"og:image:type\" content=\"image\/jpeg\" \/>\n<meta name=\"author\" content=\"cfeditorfr\" \/>\n<meta name=\"twitter:card\" content=\"summary_large_image\" \/>\n<meta name=\"twitter:label1\" content=\"\u00c9crit par\" \/>\n\t<meta name=\"twitter:data1\" content=\"cfeditorfr\" \/>\n\t<meta name=\"twitter:label2\" content=\"Dur\u00e9e de lecture estim\u00e9e\" \/>\n\t<meta name=\"twitter:data2\" content=\"2 minutes\" \/>\n<script type=\"application\/ld+json\" class=\"yoast-schema-graph\">{\"@context\":\"https:\/\/schema.org\",\"@graph\":[{\"@type\":\"Article\",\"@id\":\"https:\/\/www.africa-press.net\/centrafricaine\/politique\/rca-violente-attaque-des-positions-des-soldats-faca-par-les-rebelles-a-bria#article\",\"isPartOf\":{\"@id\":\"https:\/\/www.africa-press.net\/centrafricaine\/politique\/rca-violente-attaque-des-positions-des-soldats-faca-par-les-rebelles-a-bria\"},\"author\":{\"name\":\"cfeditorfr\",\"@id\":\"https:\/\/www.africa-press.net\/centrafricaine\/#\/schema\/person\/2b1cf3cd81a31e3cd26889ca66d677f1\"},\"headline\":\"violente attaque des positions des soldats FACA par les rebelles \u00e0 Bria\",\"datePublished\":\"2021-10-12T16:17:55+00:00\",\"dateModified\":\"2021-10-12T19:27:42+00:00\",\"mainEntityOfPage\":{\"@id\":\"https:\/\/www.africa-press.net\/centrafricaine\/politique\/rca-violente-attaque-des-positions-des-soldats-faca-par-les-rebelles-a-bria\"},\"wordCount\":294,\"commentCount\":0,\"image\":{\"@id\":\"https:\/\/www.africa-press.net\/centrafricaine\/politique\/rca-violente-attaque-des-positions-des-soldats-faca-par-les-rebelles-a-bria#primaryimage\"},\"thumbnailUrl\":\"https:\/\/static.africa-press.net\/centrafricaine\/sites\/45\/2021\/10\/img-6165ae207a924.jpg\",\"keywords\":[\"Africa Press\",\"Africa Press-CentrAfricaine\",\"CentrAfricaine\"],\"articleSection\":[\"homepage-french\",\"Politique\",\"Toutes les actualit\u00e9s\"],\"inLanguage\":\"fr-FR\",\"potentialAction\":[{\"@type\":\"CommentAction\",\"name\":\"Comment\",\"target\":[\"https:\/\/www.africa-press.net\/centrafricaine\/politique\/rca-violente-attaque-des-positions-des-soldats-faca-par-les-rebelles-a-bria#respond\"]}]},{\"@type\":\"WebPage\",\"@id\":\"https:\/\/www.africa-press.net\/centrafricaine\/politique\/rca-violente-attaque-des-positions-des-soldats-faca-par-les-rebelles-a-bria\",\"url\":\"https:\/\/www.africa-press.net\/centrafricaine\/politique\/rca-violente-attaque-des-positions-des-soldats-faca-par-les-rebelles-a-bria\",\"name\":\"violente attaque des positions des soldats FACA par les rebelles \u00e0 Bria - centrafricaine\",\"isPartOf\":{\"@id\":\"https:\/\/www.africa-press.net\/centrafricaine\/#website\"},\"primaryImageOfPage\":{\"@id\":\"https:\/\/www.africa-press.net\/centrafricaine\/politique\/rca-violente-attaque-des-positions-des-soldats-faca-par-les-rebelles-a-bria#primaryimage\"},\"image\":{\"@id\":\"https:\/\/www.africa-press.net\/centrafricaine\/politique\/rca-violente-attaque-des-positions-des-soldats-faca-par-les-rebelles-a-bria#primaryimage\"},\"thumbnailUrl\":\"https:\/\/static.africa-press.net\/centrafricaine\/sites\/45\/2021\/10\/img-6165ae207a924.jpg\",\"datePublished\":\"2021-10-12T16:17:55+00:00\",\"dateModified\":\"2021-10-12T19:27:42+00:00\",\"author\":{\"@id\":\"https:\/\/www.africa-press.net\/centrafricaine\/#\/schema\/person\/2b1cf3cd81a31e3cd26889ca66d677f1\"},\"description\":\"Bangui, R\u00e9publique centrafricaine, mardi, 12 octobre 2021, 07:00:24 ( Corbeaunews-Centrafrique ). La ville de Br ...\",\"breadcrumb\":{\"@id\":\"https:\/\/www.africa-press.net\/centrafricaine\/politique\/rca-violente-attaque-des-positions-des-soldats-faca-par-les-rebelles-a-bria#breadcrumb\"},\"inLanguage\":\"fr-FR\",\"potentialAction\":[{\"@type\":\"ReadAction\",\"target\":[\"https:\/\/www.africa-press.net\/centrafricaine\/politique\/rca-violente-attaque-des-positions-des-soldats-faca-par-les-rebelles-a-bria\"]}]},{\"@type\":\"ImageObject\",\"inLanguage\":\"fr-FR\",\"@id\":\"https:\/\/www.africa-press.net\/centrafricaine\/politique\/rca-violente-attaque-des-positions-des-soldats-faca-par-les-rebelles-a-bria#primaryimage\",\"url\":\"https:\/\/static.africa-press.net\/centrafricaine\/sites\/45\/2021\/10\/img-6165ae207a924.jpg\",\"contentUrl\":\"https:\/\/static.africa-press.net\/centrafricaine\/sites\/45\/2021\/10\/img-6165ae207a924.jpg\",\"width\":720,\"height\":405,\"caption\":\"RCA\u00a0: violente attaque des positions des soldats FACA par les rebelles \u00e0 Bria\"},{\"@type\":\"BreadcrumbList\",\"@id\":\"https:\/\/www.africa-press.net\/centrafricaine\/politique\/rca-violente-attaque-des-positions-des-soldats-faca-par-les-rebelles-a-bria#breadcrumb\",\"itemListElement\":[{\"@type\":\"ListItem\",\"position\":1,\"name\":\"Accueil\",\"item\":\"https:\/\/www.africa-press.net\/centrafricaine\/\"},{\"@type\":\"ListItem\",\"position\":2,\"name\":\"violente attaque des positions des soldats FACA par les rebelles \u00e0 Bria\"}]},{\"@type\":\"WebSite\",\"@id\":\"https:\/\/www.africa-press.net\/centrafricaine\/#website\",\"url\":\"https:\/\/www.africa-press.net\/centrafricaine\/\",\"name\":\"centrafricaine\",\"description\":\"Just another Africa News Agency Sites site\",\"potentialAction\":[{\"@type\":\"SearchAction\",\"target\":{\"@type\":\"EntryPoint\",\"urlTemplate\":\"https:\/\/www.africa-press.net\/centrafricaine\/?s={search_term_string}\"},\"query-input\":{\"@type\":\"PropertyValueSpecification\",\"valueRequired\":true,\"valueName\":\"search_term_string\"}}],\"inLanguage\":\"fr-FR\"},{\"@type\":\"Person\",\"@id\":\"https:\/\/www.africa-press.net\/centrafricaine\/#\/schema\/person\/2b1cf3cd81a31e3cd26889ca66d677f1\",\"name\":\"cfeditorfr\"}]}<\/script>\n<!-- \/ Yoast SEO Premium plugin. -->","yoast_head_json":{"title":"violente attaque des positions des soldats FACA par les rebelles \u00e0 Bria - centrafricaine","description":"Bangui, R\u00e9publique centrafricaine, mardi, 12 octobre 2021, 07:00:24 ( Corbeaunews-Centrafrique ). La ville de Br ...","robots":{"index":"index","follow":"follow","max-snippet":"max-snippet:-1","max-image-preview":"max-image-preview:large","max-video-preview":"max-video-preview:-1"},"canonical":"https:\/\/www.africa-press.net\/centrafricaine\/politique\/rca-violente-attaque-des-positions-des-soldats-faca-par-les-rebelles-a-bria","og_locale":"fr_FR","og_type":"article","og_title":"violente attaque des positions des soldats FACA par les rebelles \u00e0 Bria","og_description":"Bangui, R\u00e9publique centrafricaine, mardi, 12 octobre 2021, 07:00:24 ( Corbeaunews-Centrafrique ). La ville de Br ...","og_url":"https:\/\/www.africa-press.net\/centrafricaine\/politique\/rca-violente-attaque-des-positions-des-soldats-faca-par-les-rebelles-a-bria","og_site_name":"centrafricaine","article_published_time":"2021-10-12T16:17:55+00:00","article_modified_time":"2021-10-12T19:27:42+00:00","og_image":[{"width":720,"height":405,"url":"https:\/\/static.africa-press.net\/centrafricaine\/sites\/45\/2021\/10\/img-6165ae207a924.jpg","type":"image\/jpeg"}],"author":"cfeditorfr","twitter_card":"summary_large_image","twitter_misc":{"\u00c9crit par":"cfeditorfr","Dur\u00e9e de lecture estim\u00e9e":"2 minutes"},"schema":{"@context":"https:\/\/schema.org","@graph":[{"@type":"Article","@id":"https:\/\/www.africa-press.net\/centrafricaine\/politique\/rca-violente-attaque-des-positions-des-soldats-faca-par-les-rebelles-a-bria#article","isPartOf":{"@id":"https:\/\/www.africa-press.net\/centrafricaine\/politique\/rca-violente-attaque-des-positions-des-soldats-faca-par-les-rebelles-a-bria"},"author":{"name":"cfeditorfr","@id":"https:\/\/www.africa-press.net\/centrafricaine\/#\/schema\/person\/2b1cf3cd81a31e3cd26889ca66d677f1"},"headline":"violente attaque des positions des soldats FACA par les rebelles \u00e0 Bria","datePublished":"2021-10-12T16:17:55+00:00","dateModified":"2021-10-12T19:27:42+00:00","mainEntityOfPage":{"@id":"https:\/\/www.africa-press.net\/centrafricaine\/politique\/rca-violente-attaque-des-positions-des-soldats-faca-par-les-rebelles-a-bria"},"wordCount":294,"commentCount":0,"image":{"@id":"https:\/\/www.africa-press.net\/centrafricaine\/politique\/rca-violente-attaque-des-positions-des-soldats-faca-par-les-rebelles-a-bria#primaryimage"},"thumbnailUrl":"https:\/\/static.africa-press.net\/centrafricaine\/sites\/45\/2021\/10\/img-6165ae207a924.jpg","keywords":["Africa Press","Africa Press-CentrAfricaine","CentrAfricaine"],"articleSection":["homepage-french","Politique","Toutes les actualit\u00e9s"],"inLanguage":"fr-FR","potentialAction":[{"@type":"CommentAction","name":"Comment","target":["https:\/\/www.africa-press.net\/centrafricaine\/politique\/rca-violente-attaque-des-positions-des-soldats-faca-par-les-rebelles-a-bria#respond"]}]},{"@type":"WebPage","@id":"https:\/\/www.africa-press.net\/centrafricaine\/politique\/rca-violente-attaque-des-positions-des-soldats-faca-par-les-rebelles-a-bria","url":"https:\/\/www.africa-press.net\/centrafricaine\/politique\/rca-violente-attaque-des-positions-des-soldats-faca-par-les-rebelles-a-bria","name":"violente attaque des positions des soldats FACA par les rebelles \u00e0 Bria - centrafricaine","isPartOf":{"@id":"https:\/\/www.africa-press.net\/centrafricaine\/#website"},"primaryImageOfPage":{"@id":"https:\/\/www.africa-press.net\/centrafricaine\/politique\/rca-violente-attaque-des-positions-des-soldats-faca-par-les-rebelles-a-bria#primaryimage"},"image":{"@id":"https:\/\/www.africa-press.net\/centrafricaine\/politique\/rca-violente-attaque-des-positions-des-soldats-faca-par-les-rebelles-a-bria#primaryimage"},"thumbnailUrl":"https:\/\/static.africa-press.net\/centrafricaine\/sites\/45\/2021\/10\/img-6165ae207a924.jpg","datePublished":"2021-10-12T16:17:55+00:00","dateModified":"2021-10-12T19:27:42+00:00","author":{"@id":"https:\/\/www.africa-press.net\/centrafricaine\/#\/schema\/person\/2b1cf3cd81a31e3cd26889ca66d677f1"},"description":"Bangui, R\u00e9publique centrafricaine, mardi, 12 octobre 2021, 07:00:24 ( Corbeaunews-Centrafrique ). La ville de Br ...","breadcrumb":{"@id":"https:\/\/www.africa-press.net\/centrafricaine\/politique\/rca-violente-attaque-des-positions-des-soldats-faca-par-les-rebelles-a-bria#breadcrumb"},"inLanguage":"fr-FR","potentialAction":[{"@type":"ReadAction","target":["https:\/\/www.africa-press.net\/centrafricaine\/politique\/rca-violente-attaque-des-positions-des-soldats-faca-par-les-rebelles-a-bria"]}]},{"@type":"ImageObject","inLanguage":"fr-FR","@id":"https:\/\/www.africa-press.net\/centrafricaine\/politique\/rca-violente-attaque-des-positions-des-soldats-faca-par-les-rebelles-a-bria#primaryimage","url":"https:\/\/static.africa-press.net\/centrafricaine\/sites\/45\/2021\/10\/img-6165ae207a924.jpg","contentUrl":"https:\/\/static.africa-press.net\/centrafricaine\/sites\/45\/2021\/10\/img-6165ae207a924.jpg","width":720,"height":405,"caption":"RCA\u00a0: violente attaque des positions des soldats FACA par les rebelles \u00e0 Bria"},{"@type":"BreadcrumbList","@id":"https:\/\/www.africa-press.net\/centrafricaine\/politique\/rca-violente-attaque-des-positions-des-soldats-faca-par-les-rebelles-a-bria#breadcrumb","itemListElement":[{"@type":"ListItem","position":1,"name":"Accueil","item":"https:\/\/www.africa-press.net\/centrafricaine\/"},{"@type":"ListItem","position":2,"name":"violente attaque des positions des soldats FACA par les rebelles \u00e0 Bria"}]},{"@type":"WebSite","@id":"https:\/\/www.africa-press.net\/centrafricaine\/#website","url":"https:\/\/www.africa-press.net\/centrafricaine\/","name":"centrafricaine","description":"Just another Africa News Agency Sites site","potentialAction":[{"@type":"SearchAction","target":{"@type":"EntryPoint","urlTemplate":"https:\/\/www.africa-press.net\/centrafricaine\/?s={search_term_string}"},"query-input":{"@type":"PropertyValueSpecification","valueRequired":true,"valueName":"search_term_string"}}],"inLanguage":"fr-FR"},{"@type":"Person","@id":"https:\/\/www.africa-press.net\/centrafricaine\/#\/schema\/person\/2b1cf3cd81a31e3cd26889ca66d677f1","name":"cfeditorfr"}]}},"_links":{"self":[{"href":"https:\/\/www.africa-press.net\/centrafricaine\/wp-json\/wp\/v2\/posts\/12025","targetHints":{"allow":["GET"]}}],"collection":[{"href":"https:\/\/www.africa-press.net\/centrafricaine\/wp-json\/wp\/v2\/posts"}],"about":[{"href":"https:\/\/www.africa-press.net\/centrafricaine\/wp-json\/wp\/v2\/types\/post"}],"author":[{"embeddable":true,"href":"https:\/\/www.africa-press.net\/centrafricaine\/wp-json\/wp\/v2\/users\/82"}],"replies":[{"embeddable":true,"href":"https:\/\/www.africa-press.net\/centrafricaine\/wp-json\/wp\/v2\/comments?post=12025"}],"version-history":[{"count":0,"href":"https:\/\/www.africa-press.net\/centrafricaine\/wp-json\/wp\/v2\/posts\/12025\/revisions"}],"wp:featuredmedia":[{"embeddable":true,"href":"https:\/\/www.africa-press.net\/centrafricaine\/wp-json\/wp\/v2\/media\/12024"}],"wp:attachment":[{"href":"https:\/\/www.africa-press.net\/centrafricaine\/wp-json\/wp\/v2\/media?parent=12025"}],"wp:term":[{"taxonomy":"category","embeddable":true,"href":"https:\/\/www.africa-press.net\/centrafricaine\/wp-json\/wp\/v2\/categories?post=12025"},{"taxonomy":"post_tag","embeddable":true,"href":"https:\/\/www.africa-press.net\/centrafricaine\/wp-json\/wp\/v2\/tags?post=12025"}],"curies":[{"name":"wp","href":"https:\/\/api.w.org\/{rel}","templated":true}]}}