{"id":12440,"date":"2021-10-22T14:02:07","date_gmt":"2021-10-22T14:02:07","guid":{"rendered":"https:\/\/www.africa-press.net\/centrafricaine\/politique\/deux-officiers-de-lupc-pro-desarmement-places-en-detention-par-le-chef-rebelle-ali-darassa"},"modified":"2021-10-22T14:15:52","modified_gmt":"2021-10-22T14:15:52","slug":"deux-officiers-de-lupc-pro-desarmement-places-en-detention-par-le-chef-rebelle-ali-darassa","status":"publish","type":"post","link":"https:\/\/www.africa-press.net\/centrafricaine\/politique\/deux-officiers-de-lupc-pro-desarmement-places-en-detention-par-le-chef-rebelle-ali-darassa","title":{"rendered":"deux officiers de l\u2019UPC pro-d\u00e9sarmement plac\u00e9s en d\u00e9tention par le chef rebelle Ali Darassa"},"content":{"rendered":"<p><span style=\"color: #ff6600\"><strong><a href=\"https:\/\/www.africa-press.net\/\">Africa-Press<\/a> &#8211; <a href=\"https:\/\/www.africa-press.net\/centrafricaine\">CentrAfricaine<\/a>. <\/strong><\/span> Les deux officiers ont \u00e9t\u00e9 interpell\u00e9s mardi dernier et plac\u00e9s en d\u00e9tention dans une base de l\u2019unit\u00e9 pour la paix en Centrafrique (UPC) faction Ali Darassa au village Boyo, situ\u00e9 sur l\u2019axe Ippy.<\/p>\n<p>Il s\u2019agit de l\u2019autoproclam\u00e9 g\u00e9n\u00e9ral Adamou Zaho et de Monsieur AliDjaoudi. Les deux ont exprim\u00e9 leur volont\u00e9 de d\u00e9poser les armes et quitter les groupes arm\u00e9s, et cela n\u2019a pas plu au mercenaire Ali Darassa qui les a aussit\u00f4t interpell\u00e9s et placer en d\u00e9tention dans l\u2019une de ses bases qui se trouve dans la p\u00e9riph\u00e9rie de Bambari, plus pr\u00e9cis\u00e9ment au village Boyo, situ\u00e9 sur l\u2019axe Maloum Ippy.<\/p>\n<p>Rappelons que les quinze \u00e9l\u00e9ments de l\u2019UPC qui \u00e9taient sortis de maquis et adh\u00e9r\u00e9 au processus du d\u00e9sarmement sont aussi venus de la localit\u00e9 de Boyo proche de Bambari. Ils avaient \u00e9t\u00e9 pris en charge par les soldats FACA et les mercenaires russes avant d\u2019\u00eatre transf\u00e9r\u00e9s dans la capitale et pr\u00e9sent\u00e9s sous le drapeau national.<\/p>\n","protected":false},"excerpt":{"rendered":"<p>Africa-Press &#8211; CentrAfricaine. Les deux officiers ont \u00e9t\u00e9 interpell\u00e9s mardi dernier et plac\u00e9s en d\u00e9tention dans une base de l\u2019unit\u00e9 pour la paix en Centrafrique (UPC) faction Ali Darassa au village Boyo, situ\u00e9 sur l\u2019axe Ippy. Il s\u2019agit de l\u2019autoproclam\u00e9 g\u00e9n\u00e9ral Adamou Zaho et de Monsieur AliDjaoudi. Les deux ont exprim\u00e9 leur volont\u00e9 de d\u00e9poser [&hellip;]<\/p>\n","protected":false},"author":82,"featured_media":12439,"comment_status":"open","ping_status":"closed","sticky":false,"template":"","format":"standard","meta":{"footnotes":""},"categories":[11,2,20,10],"tags":[36,58,909,30,908,907],"class_list":["post-12440","post","type-post","status-publish","format-standard","has-post-thumbnail","hentry","category-homepage-french","category-politique","category-top-nouvelles","category-toutes-les-actualites","tag-africa-press","tag-africa-press-centrafricaine","tag-ali-darassa","tag-centrafricaine","tag-lupc","tag-officiers"],"yoast_head":"<!-- This site is optimized with the Yoast SEO Premium plugin v26.1 (Yoast SEO v27.0) - https:\/\/yoast.com\/product\/yoast-seo-premium-wordpress\/ -->\n<title>deux officiers de l\u2019UPC pro-d\u00e9sarmement plac\u00e9s en d\u00e9tention par le chef rebelle Ali Darassa - centrafricaine<\/title>\n<meta name=\"description\" content=\"Les deux officiers ont \u00e9t\u00e9 interpell\u00e9s mardi dernier et plac\u00e9s en d\u00e9tention dans une base de l\u2019unit\u00e9 pour la paix en C ...\" \/>\n<meta name=\"robots\" content=\"index, follow, max-snippet:-1, max-image-preview:large, max-video-preview:-1\" \/>\n<link rel=\"canonical\" href=\"https:\/\/www.africa-press.net\/centrafricaine\/politique\/deux-officiers-de-lupc-pro-desarmement-places-en-detention-par-le-chef-rebelle-ali-darassa\" \/>\n<meta property=\"og:locale\" content=\"fr_FR\" \/>\n<meta property=\"og:type\" content=\"article\" \/>\n<meta property=\"og:title\" content=\"deux officiers de l\u2019UPC pro-d\u00e9sarmement plac\u00e9s en d\u00e9tention par le chef rebelle Ali Darassa\" \/>\n<meta property=\"og:description\" content=\"Les deux officiers ont \u00e9t\u00e9 interpell\u00e9s mardi dernier et plac\u00e9s en d\u00e9tention dans une base de l\u2019unit\u00e9 pour la paix en C ...\" \/>\n<meta property=\"og:url\" content=\"https:\/\/www.africa-press.net\/centrafricaine\/politique\/deux-officiers-de-lupc-pro-desarmement-places-en-detention-par-le-chef-rebelle-ali-darassa\" \/>\n<meta property=\"og:site_name\" content=\"centrafricaine\" \/>\n<meta property=\"article:published_time\" content=\"2021-10-22T14:02:07+00:00\" \/>\n<meta property=\"article:modified_time\" content=\"2021-10-22T14:15:52+00:00\" \/>\n<meta property=\"og:image\" content=\"https:\/\/static.africa-press.net\/centrafricaine\/sites\/45\/2021\/10\/img-6172c77ae5abb.jpg\" \/>\n\t<meta property=\"og:image:width\" content=\"720\" \/>\n\t<meta property=\"og:image:height\" content=\"673\" \/>\n\t<meta property=\"og:image:type\" content=\"image\/jpeg\" \/>\n<meta name=\"author\" content=\"cfeditorfr\" \/>\n<meta name=\"twitter:card\" content=\"summary_large_image\" \/>\n<meta name=\"twitter:label1\" content=\"\u00c9crit par\" \/>\n\t<meta name=\"twitter:data1\" content=\"cfeditorfr\" \/>\n\t<meta name=\"twitter:label2\" content=\"Dur\u00e9e de lecture estim\u00e9e\" \/>\n\t<meta name=\"twitter:data2\" content=\"1 minute\" \/>\n<script type=\"application\/ld+json\" class=\"yoast-schema-graph\">{\"@context\":\"https:\/\/schema.org\",\"@graph\":[{\"@type\":\"Article\",\"@id\":\"https:\/\/www.africa-press.net\/centrafricaine\/politique\/deux-officiers-de-lupc-pro-desarmement-places-en-detention-par-le-chef-rebelle-ali-darassa#article\",\"isPartOf\":{\"@id\":\"https:\/\/www.africa-press.net\/centrafricaine\/politique\/deux-officiers-de-lupc-pro-desarmement-places-en-detention-par-le-chef-rebelle-ali-darassa\"},\"author\":{\"name\":\"cfeditorfr\",\"@id\":\"https:\/\/www.africa-press.net\/centrafricaine\/#\/schema\/person\/2b1cf3cd81a31e3cd26889ca66d677f1\"},\"headline\":\"deux officiers de l\u2019UPC pro-d\u00e9sarmement plac\u00e9s en d\u00e9tention par le chef rebelle Ali Darassa\",\"datePublished\":\"2021-10-22T14:02:07+00:00\",\"dateModified\":\"2021-10-22T14:15:52+00:00\",\"mainEntityOfPage\":{\"@id\":\"https:\/\/www.africa-press.net\/centrafricaine\/politique\/deux-officiers-de-lupc-pro-desarmement-places-en-detention-par-le-chef-rebelle-ali-darassa\"},\"wordCount\":206,\"commentCount\":0,\"image\":{\"@id\":\"https:\/\/www.africa-press.net\/centrafricaine\/politique\/deux-officiers-de-lupc-pro-desarmement-places-en-detention-par-le-chef-rebelle-ali-darassa#primaryimage\"},\"thumbnailUrl\":\"https:\/\/static.africa-press.net\/centrafricaine\/sites\/45\/2021\/10\/img-6172c77ae5abb.jpg\",\"keywords\":[\"Africa Press\",\"Africa Press-CentrAfricaine\",\"Ali Darassa\",\"CentrAfricaine\",\"l\u2019UPC\",\"officiers\"],\"articleSection\":[\"homepage-french\",\"Politique\",\"Top Nouvelles\",\"Toutes les actualit\u00e9s\"],\"inLanguage\":\"fr-FR\",\"potentialAction\":[{\"@type\":\"CommentAction\",\"name\":\"Comment\",\"target\":[\"https:\/\/www.africa-press.net\/centrafricaine\/politique\/deux-officiers-de-lupc-pro-desarmement-places-en-detention-par-le-chef-rebelle-ali-darassa#respond\"]}]},{\"@type\":\"WebPage\",\"@id\":\"https:\/\/www.africa-press.net\/centrafricaine\/politique\/deux-officiers-de-lupc-pro-desarmement-places-en-detention-par-le-chef-rebelle-ali-darassa\",\"url\":\"https:\/\/www.africa-press.net\/centrafricaine\/politique\/deux-officiers-de-lupc-pro-desarmement-places-en-detention-par-le-chef-rebelle-ali-darassa\",\"name\":\"deux officiers de l\u2019UPC pro-d\u00e9sarmement plac\u00e9s en d\u00e9tention par le chef rebelle Ali Darassa - centrafricaine\",\"isPartOf\":{\"@id\":\"https:\/\/www.africa-press.net\/centrafricaine\/#website\"},\"primaryImageOfPage\":{\"@id\":\"https:\/\/www.africa-press.net\/centrafricaine\/politique\/deux-officiers-de-lupc-pro-desarmement-places-en-detention-par-le-chef-rebelle-ali-darassa#primaryimage\"},\"image\":{\"@id\":\"https:\/\/www.africa-press.net\/centrafricaine\/politique\/deux-officiers-de-lupc-pro-desarmement-places-en-detention-par-le-chef-rebelle-ali-darassa#primaryimage\"},\"thumbnailUrl\":\"https:\/\/static.africa-press.net\/centrafricaine\/sites\/45\/2021\/10\/img-6172c77ae5abb.jpg\",\"datePublished\":\"2021-10-22T14:02:07+00:00\",\"dateModified\":\"2021-10-22T14:15:52+00:00\",\"author\":{\"@id\":\"https:\/\/www.africa-press.net\/centrafricaine\/#\/schema\/person\/2b1cf3cd81a31e3cd26889ca66d677f1\"},\"description\":\"Les deux officiers ont \u00e9t\u00e9 interpell\u00e9s mardi dernier et plac\u00e9s en d\u00e9tention dans une base de l\u2019unit\u00e9 pour la paix en C ...\",\"breadcrumb\":{\"@id\":\"https:\/\/www.africa-press.net\/centrafricaine\/politique\/deux-officiers-de-lupc-pro-desarmement-places-en-detention-par-le-chef-rebelle-ali-darassa#breadcrumb\"},\"inLanguage\":\"fr-FR\",\"potentialAction\":[{\"@type\":\"ReadAction\",\"target\":[\"https:\/\/www.africa-press.net\/centrafricaine\/politique\/deux-officiers-de-lupc-pro-desarmement-places-en-detention-par-le-chef-rebelle-ali-darassa\"]}]},{\"@type\":\"ImageObject\",\"inLanguage\":\"fr-FR\",\"@id\":\"https:\/\/www.africa-press.net\/centrafricaine\/politique\/deux-officiers-de-lupc-pro-desarmement-places-en-detention-par-le-chef-rebelle-ali-darassa#primaryimage\",\"url\":\"https:\/\/static.africa-press.net\/centrafricaine\/sites\/45\/2021\/10\/img-6172c77ae5abb.jpg\",\"contentUrl\":\"https:\/\/static.africa-press.net\/centrafricaine\/sites\/45\/2021\/10\/img-6172c77ae5abb.jpg\",\"width\":720,\"height\":673,\"caption\":\"deux officiers de l\u2019UPC pro-d\u00e9sarmement plac\u00e9s en d\u00e9tention par le chef rebelle Ali Darassa\"},{\"@type\":\"BreadcrumbList\",\"@id\":\"https:\/\/www.africa-press.net\/centrafricaine\/politique\/deux-officiers-de-lupc-pro-desarmement-places-en-detention-par-le-chef-rebelle-ali-darassa#breadcrumb\",\"itemListElement\":[{\"@type\":\"ListItem\",\"position\":1,\"name\":\"Accueil\",\"item\":\"https:\/\/www.africa-press.net\/centrafricaine\/\"},{\"@type\":\"ListItem\",\"position\":2,\"name\":\"deux officiers de l\u2019UPC pro-d\u00e9sarmement plac\u00e9s en d\u00e9tention par le chef rebelle Ali Darassa\"}]},{\"@type\":\"WebSite\",\"@id\":\"https:\/\/www.africa-press.net\/centrafricaine\/#website\",\"url\":\"https:\/\/www.africa-press.net\/centrafricaine\/\",\"name\":\"centrafricaine\",\"description\":\"Just another Africa News Agency Sites site\",\"potentialAction\":[{\"@type\":\"SearchAction\",\"target\":{\"@type\":\"EntryPoint\",\"urlTemplate\":\"https:\/\/www.africa-press.net\/centrafricaine\/?s={search_term_string}\"},\"query-input\":{\"@type\":\"PropertyValueSpecification\",\"valueRequired\":true,\"valueName\":\"search_term_string\"}}],\"inLanguage\":\"fr-FR\"},{\"@type\":\"Person\",\"@id\":\"https:\/\/www.africa-press.net\/centrafricaine\/#\/schema\/person\/2b1cf3cd81a31e3cd26889ca66d677f1\",\"name\":\"cfeditorfr\"}]}<\/script>\n<!-- \/ Yoast SEO Premium plugin. -->","yoast_head_json":{"title":"deux officiers de l\u2019UPC pro-d\u00e9sarmement plac\u00e9s en d\u00e9tention par le chef rebelle Ali Darassa - centrafricaine","description":"Les deux officiers ont \u00e9t\u00e9 interpell\u00e9s mardi dernier et plac\u00e9s en d\u00e9tention dans une base de l\u2019unit\u00e9 pour la paix en C ...","robots":{"index":"index","follow":"follow","max-snippet":"max-snippet:-1","max-image-preview":"max-image-preview:large","max-video-preview":"max-video-preview:-1"},"canonical":"https:\/\/www.africa-press.net\/centrafricaine\/politique\/deux-officiers-de-lupc-pro-desarmement-places-en-detention-par-le-chef-rebelle-ali-darassa","og_locale":"fr_FR","og_type":"article","og_title":"deux officiers de l\u2019UPC pro-d\u00e9sarmement plac\u00e9s en d\u00e9tention par le chef rebelle Ali Darassa","og_description":"Les deux officiers ont \u00e9t\u00e9 interpell\u00e9s mardi dernier et plac\u00e9s en d\u00e9tention dans une base de l\u2019unit\u00e9 pour la paix en C ...","og_url":"https:\/\/www.africa-press.net\/centrafricaine\/politique\/deux-officiers-de-lupc-pro-desarmement-places-en-detention-par-le-chef-rebelle-ali-darassa","og_site_name":"centrafricaine","article_published_time":"2021-10-22T14:02:07+00:00","article_modified_time":"2021-10-22T14:15:52+00:00","og_image":[{"width":720,"height":673,"url":"https:\/\/static.africa-press.net\/centrafricaine\/sites\/45\/2021\/10\/img-6172c77ae5abb.jpg","type":"image\/jpeg"}],"author":"cfeditorfr","twitter_card":"summary_large_image","twitter_misc":{"\u00c9crit par":"cfeditorfr","Dur\u00e9e de lecture estim\u00e9e":"1 minute"},"schema":{"@context":"https:\/\/schema.org","@graph":[{"@type":"Article","@id":"https:\/\/www.africa-press.net\/centrafricaine\/politique\/deux-officiers-de-lupc-pro-desarmement-places-en-detention-par-le-chef-rebelle-ali-darassa#article","isPartOf":{"@id":"https:\/\/www.africa-press.net\/centrafricaine\/politique\/deux-officiers-de-lupc-pro-desarmement-places-en-detention-par-le-chef-rebelle-ali-darassa"},"author":{"name":"cfeditorfr","@id":"https:\/\/www.africa-press.net\/centrafricaine\/#\/schema\/person\/2b1cf3cd81a31e3cd26889ca66d677f1"},"headline":"deux officiers de l\u2019UPC pro-d\u00e9sarmement plac\u00e9s en d\u00e9tention par le chef rebelle Ali Darassa","datePublished":"2021-10-22T14:02:07+00:00","dateModified":"2021-10-22T14:15:52+00:00","mainEntityOfPage":{"@id":"https:\/\/www.africa-press.net\/centrafricaine\/politique\/deux-officiers-de-lupc-pro-desarmement-places-en-detention-par-le-chef-rebelle-ali-darassa"},"wordCount":206,"commentCount":0,"image":{"@id":"https:\/\/www.africa-press.net\/centrafricaine\/politique\/deux-officiers-de-lupc-pro-desarmement-places-en-detention-par-le-chef-rebelle-ali-darassa#primaryimage"},"thumbnailUrl":"https:\/\/static.africa-press.net\/centrafricaine\/sites\/45\/2021\/10\/img-6172c77ae5abb.jpg","keywords":["Africa Press","Africa Press-CentrAfricaine","Ali Darassa","CentrAfricaine","l\u2019UPC","officiers"],"articleSection":["homepage-french","Politique","Top Nouvelles","Toutes les actualit\u00e9s"],"inLanguage":"fr-FR","potentialAction":[{"@type":"CommentAction","name":"Comment","target":["https:\/\/www.africa-press.net\/centrafricaine\/politique\/deux-officiers-de-lupc-pro-desarmement-places-en-detention-par-le-chef-rebelle-ali-darassa#respond"]}]},{"@type":"WebPage","@id":"https:\/\/www.africa-press.net\/centrafricaine\/politique\/deux-officiers-de-lupc-pro-desarmement-places-en-detention-par-le-chef-rebelle-ali-darassa","url":"https:\/\/www.africa-press.net\/centrafricaine\/politique\/deux-officiers-de-lupc-pro-desarmement-places-en-detention-par-le-chef-rebelle-ali-darassa","name":"deux officiers de l\u2019UPC pro-d\u00e9sarmement plac\u00e9s en d\u00e9tention par le chef rebelle Ali Darassa - centrafricaine","isPartOf":{"@id":"https:\/\/www.africa-press.net\/centrafricaine\/#website"},"primaryImageOfPage":{"@id":"https:\/\/www.africa-press.net\/centrafricaine\/politique\/deux-officiers-de-lupc-pro-desarmement-places-en-detention-par-le-chef-rebelle-ali-darassa#primaryimage"},"image":{"@id":"https:\/\/www.africa-press.net\/centrafricaine\/politique\/deux-officiers-de-lupc-pro-desarmement-places-en-detention-par-le-chef-rebelle-ali-darassa#primaryimage"},"thumbnailUrl":"https:\/\/static.africa-press.net\/centrafricaine\/sites\/45\/2021\/10\/img-6172c77ae5abb.jpg","datePublished":"2021-10-22T14:02:07+00:00","dateModified":"2021-10-22T14:15:52+00:00","author":{"@id":"https:\/\/www.africa-press.net\/centrafricaine\/#\/schema\/person\/2b1cf3cd81a31e3cd26889ca66d677f1"},"description":"Les deux officiers ont \u00e9t\u00e9 interpell\u00e9s mardi dernier et plac\u00e9s en d\u00e9tention dans une base de l\u2019unit\u00e9 pour la paix en C ...","breadcrumb":{"@id":"https:\/\/www.africa-press.net\/centrafricaine\/politique\/deux-officiers-de-lupc-pro-desarmement-places-en-detention-par-le-chef-rebelle-ali-darassa#breadcrumb"},"inLanguage":"fr-FR","potentialAction":[{"@type":"ReadAction","target":["https:\/\/www.africa-press.net\/centrafricaine\/politique\/deux-officiers-de-lupc-pro-desarmement-places-en-detention-par-le-chef-rebelle-ali-darassa"]}]},{"@type":"ImageObject","inLanguage":"fr-FR","@id":"https:\/\/www.africa-press.net\/centrafricaine\/politique\/deux-officiers-de-lupc-pro-desarmement-places-en-detention-par-le-chef-rebelle-ali-darassa#primaryimage","url":"https:\/\/static.africa-press.net\/centrafricaine\/sites\/45\/2021\/10\/img-6172c77ae5abb.jpg","contentUrl":"https:\/\/static.africa-press.net\/centrafricaine\/sites\/45\/2021\/10\/img-6172c77ae5abb.jpg","width":720,"height":673,"caption":"deux officiers de l\u2019UPC pro-d\u00e9sarmement plac\u00e9s en d\u00e9tention par le chef rebelle Ali Darassa"},{"@type":"BreadcrumbList","@id":"https:\/\/www.africa-press.net\/centrafricaine\/politique\/deux-officiers-de-lupc-pro-desarmement-places-en-detention-par-le-chef-rebelle-ali-darassa#breadcrumb","itemListElement":[{"@type":"ListItem","position":1,"name":"Accueil","item":"https:\/\/www.africa-press.net\/centrafricaine\/"},{"@type":"ListItem","position":2,"name":"deux officiers de l\u2019UPC pro-d\u00e9sarmement plac\u00e9s en d\u00e9tention par le chef rebelle Ali Darassa"}]},{"@type":"WebSite","@id":"https:\/\/www.africa-press.net\/centrafricaine\/#website","url":"https:\/\/www.africa-press.net\/centrafricaine\/","name":"centrafricaine","description":"Just another Africa News Agency Sites site","potentialAction":[{"@type":"SearchAction","target":{"@type":"EntryPoint","urlTemplate":"https:\/\/www.africa-press.net\/centrafricaine\/?s={search_term_string}"},"query-input":{"@type":"PropertyValueSpecification","valueRequired":true,"valueName":"search_term_string"}}],"inLanguage":"fr-FR"},{"@type":"Person","@id":"https:\/\/www.africa-press.net\/centrafricaine\/#\/schema\/person\/2b1cf3cd81a31e3cd26889ca66d677f1","name":"cfeditorfr"}]}},"_links":{"self":[{"href":"https:\/\/www.africa-press.net\/centrafricaine\/wp-json\/wp\/v2\/posts\/12440","targetHints":{"allow":["GET"]}}],"collection":[{"href":"https:\/\/www.africa-press.net\/centrafricaine\/wp-json\/wp\/v2\/posts"}],"about":[{"href":"https:\/\/www.africa-press.net\/centrafricaine\/wp-json\/wp\/v2\/types\/post"}],"author":[{"embeddable":true,"href":"https:\/\/www.africa-press.net\/centrafricaine\/wp-json\/wp\/v2\/users\/82"}],"replies":[{"embeddable":true,"href":"https:\/\/www.africa-press.net\/centrafricaine\/wp-json\/wp\/v2\/comments?post=12440"}],"version-history":[{"count":0,"href":"https:\/\/www.africa-press.net\/centrafricaine\/wp-json\/wp\/v2\/posts\/12440\/revisions"}],"wp:featuredmedia":[{"embeddable":true,"href":"https:\/\/www.africa-press.net\/centrafricaine\/wp-json\/wp\/v2\/media\/12439"}],"wp:attachment":[{"href":"https:\/\/www.africa-press.net\/centrafricaine\/wp-json\/wp\/v2\/media?parent=12440"}],"wp:term":[{"taxonomy":"category","embeddable":true,"href":"https:\/\/www.africa-press.net\/centrafricaine\/wp-json\/wp\/v2\/categories?post=12440"},{"taxonomy":"post_tag","embeddable":true,"href":"https:\/\/www.africa-press.net\/centrafricaine\/wp-json\/wp\/v2\/tags?post=12440"}],"curies":[{"name":"wp","href":"https:\/\/api.w.org\/{rel}","templated":true}]}}