{"id":12491,"date":"2021-10-23T13:49:37","date_gmt":"2021-10-23T13:49:37","guid":{"rendered":"https:\/\/www.africa-press.net\/centrafricaine\/politique\/manifestation-a-bangui-sous-le-titre-les-helicopteres-de-la-minusca-aident-les-terroristes"},"modified":"2021-10-25T18:35:13","modified_gmt":"2021-10-25T18:35:13","slug":"manifestation-a-bangui-sous-le-titre-les-helicopteres-de-la-minusca-aident-les-terroristes","status":"publish","type":"post","link":"https:\/\/www.africa-press.net\/centrafricaine\/politique\/manifestation-a-bangui-sous-le-titre-les-helicopteres-de-la-minusca-aident-les-terroristes","title":{"rendered":"Manifestation \u00e0 Bangui sous le titre, les h\u00e9licopt\u00e8res de la MINUSCA aident les terroristes"},"content":{"rendered":"<p><span style=\"color: #ff6600\"><strong>Africa-Press &#8211; CentrAfricaine.<\/strong><\/span>Apr\u00e8s qu\u2019une vid\u00e9o d\u2019Ali Darassa avec des \u00e9l\u00e9ments de la mission des Nations Unies (MINUSCA) a \u00e9t\u00e9 publi\u00e9e dans divers m\u00e9dias, des centaines de citoyens ont manifest\u00e9 aujourd\u2019hui devant un stade de 20 000 places dans la capitale, Bangui, appelant au d\u00e9part de la mission des Nations Unies.<\/p>\n<p>\u00ab MINUSCA = UPC \u00bb, \u00ab Ali Darassa doit \u00eatre en prison \u00bb, \u00ab Ali Darassa criminel \u00bb, \u00ab Pourquoi la MINUSCA soutient Ali Darassa \u00bb, ces pancartes et d\u2019autres que les habitants de la capitale de la RCA, Bangui, sont venus aujourd\u2019hui, samedi 23 octobre 2021, exprimant leur col\u00e8re envers la mission des Nations unies, qu\u2019ils ont qualifi\u00e9e de criminelle, lui demandant de quitter leur pays.<\/p>\n<p>Le clip vid\u00e9o a suscit\u00e9 l\u2019indignation en R\u00e9publique centrafricaine, qui a \u00e9t\u00e9 regard\u00e9e par tous les citoyens du pays, comme la goutte qui a renvers\u00e9 la coupe, car les participants \u00e0 cette manifestation unique la consid\u00e9raient comme le \u00ab scandale de la Minusca \u00bb.<\/p>\n<p>Le chef rebelle Ali Darasa appara\u00eet clairement dans le clip vid\u00e9o, qui a circul\u00e9 sur les plus grandes pages d\u2019information en Afrique, alors qu\u2019il d\u00e9barque d\u2019un h\u00e9licopt\u00e8re des Nations Unies (MI-8), se dirigeant vers un autre avion (AN-28).<\/p>\n<p>C\u2019est alors que les Casques bleus saluent Ali Darassa chaleureusement sous bonne garde par une camionnette transportant des mitrailleuses \u00e0 l\u2019arri\u00e8re.<\/p>\n<p>Les participants d\u2019aujourd\u2019hui \u00e0 ce rassemblement soul\u00e8vent de nombreuses questions logiques, dont la plus importante \u00e9tait pourquoi la MINUSCA soutient Ali Darassa ?<\/p>\n<p>C\u2019est une question logique, mais les analystes politiques n\u2019ont trouv\u00e9 aucune explication \u00e0 cela, consid\u00e9rant que le r\u00f4le de la mission des Nations Unies dans le monde est de maintenir la paix, pas de soutenir les ennemis de la paix.<\/p>\n<p><strong>Pour plus d&rsquo;informations et d&rsquo;analyses sur la <a href=\"https:\/\/www.africa-press.net\/centrafricaine\">CentrAfricaine<\/a>, suivez <a href=\"https:\/\/www.africa-press.net\/\">Africa-Press<\/a><\/strong><\/p>\n","protected":false},"excerpt":{"rendered":"<p>Africa-Press &#8211; CentrAfricaine.Apr\u00e8s qu\u2019une vid\u00e9o d\u2019Ali Darassa avec des \u00e9l\u00e9ments de la mission des Nations Unies (MINUSCA) a \u00e9t\u00e9 publi\u00e9e dans divers m\u00e9dias, des centaines de citoyens ont manifest\u00e9 aujourd\u2019hui devant un stade de 20 000 places dans la capitale, Bangui, appelant au d\u00e9part de la mission des Nations Unies. \u00ab MINUSCA = UPC \u00bb, [&hellip;]<\/p>\n","protected":false},"author":82,"featured_media":12490,"comment_status":"open","ping_status":"closed","sticky":false,"template":"","format":"standard","meta":{"footnotes":""},"categories":[11,2,20,10],"tags":[36,58,339,30,936,48],"class_list":["post-12491","post","type-post","status-publish","format-standard","has-post-thumbnail","hentry","category-homepage-french","category-politique","category-top-nouvelles","category-toutes-les-actualites","tag-africa-press","tag-africa-press-centrafricaine","tag-bangui","tag-centrafricaine","tag-helicopteres","tag-minusca"],"yoast_head":"<!-- This site is optimized with the Yoast SEO Premium plugin v26.1 (Yoast SEO v27.0) - https:\/\/yoast.com\/product\/yoast-seo-premium-wordpress\/ -->\n<title>Manifestation \u00e0 Bangui sous le titre, les h\u00e9licopt\u00e8res de la MINUSCA aident les terroristes - centrafricaine<\/title>\n<meta name=\"description\" content=\"Apr\u00e8s qu\u2019une vid\u00e9o d\u2019Ali Darassa avec des \u00e9l\u00e9ments de la mission des Nations Unies (MINUSCA) a \u00e9t\u00e9 publi\u00e9e dans divers m ...\" \/>\n<meta name=\"robots\" content=\"index, follow, max-snippet:-1, max-image-preview:large, max-video-preview:-1\" \/>\n<link rel=\"canonical\" href=\"https:\/\/www.africa-press.net\/centrafricaine\/politique\/manifestation-a-bangui-sous-le-titre-les-helicopteres-de-la-minusca-aident-les-terroristes\" \/>\n<meta property=\"og:locale\" content=\"fr_FR\" \/>\n<meta property=\"og:type\" content=\"article\" \/>\n<meta property=\"og:title\" content=\"Manifestation \u00e0 Bangui sous le titre, les h\u00e9licopt\u00e8res de la MINUSCA aident les terroristes\" \/>\n<meta property=\"og:description\" content=\"Apr\u00e8s qu\u2019une vid\u00e9o d\u2019Ali Darassa avec des \u00e9l\u00e9ments de la mission des Nations Unies (MINUSCA) a \u00e9t\u00e9 publi\u00e9e dans divers m ...\" \/>\n<meta property=\"og:url\" content=\"https:\/\/www.africa-press.net\/centrafricaine\/politique\/manifestation-a-bangui-sous-le-titre-les-helicopteres-de-la-minusca-aident-les-terroristes\" \/>\n<meta property=\"og:site_name\" content=\"centrafricaine\" \/>\n<meta property=\"article:published_time\" content=\"2021-10-23T13:49:37+00:00\" \/>\n<meta property=\"article:modified_time\" content=\"2021-10-25T18:35:13+00:00\" \/>\n<meta property=\"og:image\" content=\"https:\/\/static.africa-press.net\/centrafricaine\/sites\/45\/2021\/10\/img-61741d53724ce.jpg\" \/>\n\t<meta property=\"og:image:width\" content=\"1140\" \/>\n\t<meta property=\"og:image:height\" content=\"719\" \/>\n\t<meta property=\"og:image:type\" content=\"image\/jpeg\" \/>\n<meta name=\"author\" content=\"cfeditorfr\" \/>\n<meta name=\"twitter:card\" content=\"summary_large_image\" \/>\n<meta name=\"twitter:label1\" content=\"\u00c9crit par\" \/>\n\t<meta name=\"twitter:data1\" content=\"cfeditorfr\" \/>\n\t<meta name=\"twitter:label2\" content=\"Dur\u00e9e de lecture estim\u00e9e\" \/>\n\t<meta name=\"twitter:data2\" content=\"2 minutes\" \/>\n<script type=\"application\/ld+json\" class=\"yoast-schema-graph\">{\"@context\":\"https:\/\/schema.org\",\"@graph\":[{\"@type\":\"Article\",\"@id\":\"https:\/\/www.africa-press.net\/centrafricaine\/politique\/manifestation-a-bangui-sous-le-titre-les-helicopteres-de-la-minusca-aident-les-terroristes#article\",\"isPartOf\":{\"@id\":\"https:\/\/www.africa-press.net\/centrafricaine\/politique\/manifestation-a-bangui-sous-le-titre-les-helicopteres-de-la-minusca-aident-les-terroristes\"},\"author\":{\"name\":\"cfeditorfr\",\"@id\":\"https:\/\/www.africa-press.net\/centrafricaine\/#\/schema\/person\/2b1cf3cd81a31e3cd26889ca66d677f1\"},\"headline\":\"Manifestation \u00e0 Bangui sous le titre, les h\u00e9licopt\u00e8res de la MINUSCA aident les terroristes\",\"datePublished\":\"2021-10-23T13:49:37+00:00\",\"dateModified\":\"2021-10-25T18:35:13+00:00\",\"mainEntityOfPage\":{\"@id\":\"https:\/\/www.africa-press.net\/centrafricaine\/politique\/manifestation-a-bangui-sous-le-titre-les-helicopteres-de-la-minusca-aident-les-terroristes\"},\"wordCount\":328,\"commentCount\":0,\"image\":{\"@id\":\"https:\/\/www.africa-press.net\/centrafricaine\/politique\/manifestation-a-bangui-sous-le-titre-les-helicopteres-de-la-minusca-aident-les-terroristes#primaryimage\"},\"thumbnailUrl\":\"https:\/\/static.africa-press.net\/centrafricaine\/sites\/45\/2021\/10\/img-61741d53724ce.jpg\",\"keywords\":[\"Africa Press\",\"Africa Press-CentrAfricaine\",\"Bangui\",\"CentrAfricaine\",\"h\u00e9licopt\u00e8res\",\"Minusca\"],\"articleSection\":[\"homepage-french\",\"Politique\",\"Top Nouvelles\",\"Toutes les actualit\u00e9s\"],\"inLanguage\":\"fr-FR\",\"potentialAction\":[{\"@type\":\"CommentAction\",\"name\":\"Comment\",\"target\":[\"https:\/\/www.africa-press.net\/centrafricaine\/politique\/manifestation-a-bangui-sous-le-titre-les-helicopteres-de-la-minusca-aident-les-terroristes#respond\"]}]},{\"@type\":\"WebPage\",\"@id\":\"https:\/\/www.africa-press.net\/centrafricaine\/politique\/manifestation-a-bangui-sous-le-titre-les-helicopteres-de-la-minusca-aident-les-terroristes\",\"url\":\"https:\/\/www.africa-press.net\/centrafricaine\/politique\/manifestation-a-bangui-sous-le-titre-les-helicopteres-de-la-minusca-aident-les-terroristes\",\"name\":\"Manifestation \u00e0 Bangui sous le titre, les h\u00e9licopt\u00e8res de la MINUSCA aident les terroristes - centrafricaine\",\"isPartOf\":{\"@id\":\"https:\/\/www.africa-press.net\/centrafricaine\/#website\"},\"primaryImageOfPage\":{\"@id\":\"https:\/\/www.africa-press.net\/centrafricaine\/politique\/manifestation-a-bangui-sous-le-titre-les-helicopteres-de-la-minusca-aident-les-terroristes#primaryimage\"},\"image\":{\"@id\":\"https:\/\/www.africa-press.net\/centrafricaine\/politique\/manifestation-a-bangui-sous-le-titre-les-helicopteres-de-la-minusca-aident-les-terroristes#primaryimage\"},\"thumbnailUrl\":\"https:\/\/static.africa-press.net\/centrafricaine\/sites\/45\/2021\/10\/img-61741d53724ce.jpg\",\"datePublished\":\"2021-10-23T13:49:37+00:00\",\"dateModified\":\"2021-10-25T18:35:13+00:00\",\"author\":{\"@id\":\"https:\/\/www.africa-press.net\/centrafricaine\/#\/schema\/person\/2b1cf3cd81a31e3cd26889ca66d677f1\"},\"description\":\"Apr\u00e8s qu\u2019une vid\u00e9o d\u2019Ali Darassa avec des \u00e9l\u00e9ments de la mission des Nations Unies (MINUSCA) a \u00e9t\u00e9 publi\u00e9e dans divers m ...\",\"breadcrumb\":{\"@id\":\"https:\/\/www.africa-press.net\/centrafricaine\/politique\/manifestation-a-bangui-sous-le-titre-les-helicopteres-de-la-minusca-aident-les-terroristes#breadcrumb\"},\"inLanguage\":\"fr-FR\",\"potentialAction\":[{\"@type\":\"ReadAction\",\"target\":[\"https:\/\/www.africa-press.net\/centrafricaine\/politique\/manifestation-a-bangui-sous-le-titre-les-helicopteres-de-la-minusca-aident-les-terroristes\"]}]},{\"@type\":\"ImageObject\",\"inLanguage\":\"fr-FR\",\"@id\":\"https:\/\/www.africa-press.net\/centrafricaine\/politique\/manifestation-a-bangui-sous-le-titre-les-helicopteres-de-la-minusca-aident-les-terroristes#primaryimage\",\"url\":\"https:\/\/static.africa-press.net\/centrafricaine\/sites\/45\/2021\/10\/img-61741d53724ce.jpg\",\"contentUrl\":\"https:\/\/static.africa-press.net\/centrafricaine\/sites\/45\/2021\/10\/img-61741d53724ce.jpg\",\"width\":1140,\"height\":719,\"caption\":\"Manifestation \u00e0 Bangui sous le titre, les h\u00e9licopt\u00e8res de la MINUSCA aident les terroristes\"},{\"@type\":\"BreadcrumbList\",\"@id\":\"https:\/\/www.africa-press.net\/centrafricaine\/politique\/manifestation-a-bangui-sous-le-titre-les-helicopteres-de-la-minusca-aident-les-terroristes#breadcrumb\",\"itemListElement\":[{\"@type\":\"ListItem\",\"position\":1,\"name\":\"Accueil\",\"item\":\"https:\/\/www.africa-press.net\/centrafricaine\/\"},{\"@type\":\"ListItem\",\"position\":2,\"name\":\"Manifestation \u00e0 Bangui sous le titre, les h\u00e9licopt\u00e8res de la MINUSCA aident les terroristes\"}]},{\"@type\":\"WebSite\",\"@id\":\"https:\/\/www.africa-press.net\/centrafricaine\/#website\",\"url\":\"https:\/\/www.africa-press.net\/centrafricaine\/\",\"name\":\"centrafricaine\",\"description\":\"Just another Africa News Agency Sites site\",\"potentialAction\":[{\"@type\":\"SearchAction\",\"target\":{\"@type\":\"EntryPoint\",\"urlTemplate\":\"https:\/\/www.africa-press.net\/centrafricaine\/?s={search_term_string}\"},\"query-input\":{\"@type\":\"PropertyValueSpecification\",\"valueRequired\":true,\"valueName\":\"search_term_string\"}}],\"inLanguage\":\"fr-FR\"},{\"@type\":\"Person\",\"@id\":\"https:\/\/www.africa-press.net\/centrafricaine\/#\/schema\/person\/2b1cf3cd81a31e3cd26889ca66d677f1\",\"name\":\"cfeditorfr\"}]}<\/script>\n<!-- \/ Yoast SEO Premium plugin. -->","yoast_head_json":{"title":"Manifestation \u00e0 Bangui sous le titre, les h\u00e9licopt\u00e8res de la MINUSCA aident les terroristes - centrafricaine","description":"Apr\u00e8s qu\u2019une vid\u00e9o d\u2019Ali Darassa avec des \u00e9l\u00e9ments de la mission des Nations Unies (MINUSCA) a \u00e9t\u00e9 publi\u00e9e dans divers m ...","robots":{"index":"index","follow":"follow","max-snippet":"max-snippet:-1","max-image-preview":"max-image-preview:large","max-video-preview":"max-video-preview:-1"},"canonical":"https:\/\/www.africa-press.net\/centrafricaine\/politique\/manifestation-a-bangui-sous-le-titre-les-helicopteres-de-la-minusca-aident-les-terroristes","og_locale":"fr_FR","og_type":"article","og_title":"Manifestation \u00e0 Bangui sous le titre, les h\u00e9licopt\u00e8res de la MINUSCA aident les terroristes","og_description":"Apr\u00e8s qu\u2019une vid\u00e9o d\u2019Ali Darassa avec des \u00e9l\u00e9ments de la mission des Nations Unies (MINUSCA) a \u00e9t\u00e9 publi\u00e9e dans divers m ...","og_url":"https:\/\/www.africa-press.net\/centrafricaine\/politique\/manifestation-a-bangui-sous-le-titre-les-helicopteres-de-la-minusca-aident-les-terroristes","og_site_name":"centrafricaine","article_published_time":"2021-10-23T13:49:37+00:00","article_modified_time":"2021-10-25T18:35:13+00:00","og_image":[{"width":1140,"height":719,"url":"https:\/\/static.africa-press.net\/centrafricaine\/sites\/45\/2021\/10\/img-61741d53724ce.jpg","type":"image\/jpeg"}],"author":"cfeditorfr","twitter_card":"summary_large_image","twitter_misc":{"\u00c9crit par":"cfeditorfr","Dur\u00e9e de lecture estim\u00e9e":"2 minutes"},"schema":{"@context":"https:\/\/schema.org","@graph":[{"@type":"Article","@id":"https:\/\/www.africa-press.net\/centrafricaine\/politique\/manifestation-a-bangui-sous-le-titre-les-helicopteres-de-la-minusca-aident-les-terroristes#article","isPartOf":{"@id":"https:\/\/www.africa-press.net\/centrafricaine\/politique\/manifestation-a-bangui-sous-le-titre-les-helicopteres-de-la-minusca-aident-les-terroristes"},"author":{"name":"cfeditorfr","@id":"https:\/\/www.africa-press.net\/centrafricaine\/#\/schema\/person\/2b1cf3cd81a31e3cd26889ca66d677f1"},"headline":"Manifestation \u00e0 Bangui sous le titre, les h\u00e9licopt\u00e8res de la MINUSCA aident les terroristes","datePublished":"2021-10-23T13:49:37+00:00","dateModified":"2021-10-25T18:35:13+00:00","mainEntityOfPage":{"@id":"https:\/\/www.africa-press.net\/centrafricaine\/politique\/manifestation-a-bangui-sous-le-titre-les-helicopteres-de-la-minusca-aident-les-terroristes"},"wordCount":328,"commentCount":0,"image":{"@id":"https:\/\/www.africa-press.net\/centrafricaine\/politique\/manifestation-a-bangui-sous-le-titre-les-helicopteres-de-la-minusca-aident-les-terroristes#primaryimage"},"thumbnailUrl":"https:\/\/static.africa-press.net\/centrafricaine\/sites\/45\/2021\/10\/img-61741d53724ce.jpg","keywords":["Africa Press","Africa Press-CentrAfricaine","Bangui","CentrAfricaine","h\u00e9licopt\u00e8res","Minusca"],"articleSection":["homepage-french","Politique","Top Nouvelles","Toutes les actualit\u00e9s"],"inLanguage":"fr-FR","potentialAction":[{"@type":"CommentAction","name":"Comment","target":["https:\/\/www.africa-press.net\/centrafricaine\/politique\/manifestation-a-bangui-sous-le-titre-les-helicopteres-de-la-minusca-aident-les-terroristes#respond"]}]},{"@type":"WebPage","@id":"https:\/\/www.africa-press.net\/centrafricaine\/politique\/manifestation-a-bangui-sous-le-titre-les-helicopteres-de-la-minusca-aident-les-terroristes","url":"https:\/\/www.africa-press.net\/centrafricaine\/politique\/manifestation-a-bangui-sous-le-titre-les-helicopteres-de-la-minusca-aident-les-terroristes","name":"Manifestation \u00e0 Bangui sous le titre, les h\u00e9licopt\u00e8res de la MINUSCA aident les terroristes - centrafricaine","isPartOf":{"@id":"https:\/\/www.africa-press.net\/centrafricaine\/#website"},"primaryImageOfPage":{"@id":"https:\/\/www.africa-press.net\/centrafricaine\/politique\/manifestation-a-bangui-sous-le-titre-les-helicopteres-de-la-minusca-aident-les-terroristes#primaryimage"},"image":{"@id":"https:\/\/www.africa-press.net\/centrafricaine\/politique\/manifestation-a-bangui-sous-le-titre-les-helicopteres-de-la-minusca-aident-les-terroristes#primaryimage"},"thumbnailUrl":"https:\/\/static.africa-press.net\/centrafricaine\/sites\/45\/2021\/10\/img-61741d53724ce.jpg","datePublished":"2021-10-23T13:49:37+00:00","dateModified":"2021-10-25T18:35:13+00:00","author":{"@id":"https:\/\/www.africa-press.net\/centrafricaine\/#\/schema\/person\/2b1cf3cd81a31e3cd26889ca66d677f1"},"description":"Apr\u00e8s qu\u2019une vid\u00e9o d\u2019Ali Darassa avec des \u00e9l\u00e9ments de la mission des Nations Unies (MINUSCA) a \u00e9t\u00e9 publi\u00e9e dans divers m ...","breadcrumb":{"@id":"https:\/\/www.africa-press.net\/centrafricaine\/politique\/manifestation-a-bangui-sous-le-titre-les-helicopteres-de-la-minusca-aident-les-terroristes#breadcrumb"},"inLanguage":"fr-FR","potentialAction":[{"@type":"ReadAction","target":["https:\/\/www.africa-press.net\/centrafricaine\/politique\/manifestation-a-bangui-sous-le-titre-les-helicopteres-de-la-minusca-aident-les-terroristes"]}]},{"@type":"ImageObject","inLanguage":"fr-FR","@id":"https:\/\/www.africa-press.net\/centrafricaine\/politique\/manifestation-a-bangui-sous-le-titre-les-helicopteres-de-la-minusca-aident-les-terroristes#primaryimage","url":"https:\/\/static.africa-press.net\/centrafricaine\/sites\/45\/2021\/10\/img-61741d53724ce.jpg","contentUrl":"https:\/\/static.africa-press.net\/centrafricaine\/sites\/45\/2021\/10\/img-61741d53724ce.jpg","width":1140,"height":719,"caption":"Manifestation \u00e0 Bangui sous le titre, les h\u00e9licopt\u00e8res de la MINUSCA aident les terroristes"},{"@type":"BreadcrumbList","@id":"https:\/\/www.africa-press.net\/centrafricaine\/politique\/manifestation-a-bangui-sous-le-titre-les-helicopteres-de-la-minusca-aident-les-terroristes#breadcrumb","itemListElement":[{"@type":"ListItem","position":1,"name":"Accueil","item":"https:\/\/www.africa-press.net\/centrafricaine\/"},{"@type":"ListItem","position":2,"name":"Manifestation \u00e0 Bangui sous le titre, les h\u00e9licopt\u00e8res de la MINUSCA aident les terroristes"}]},{"@type":"WebSite","@id":"https:\/\/www.africa-press.net\/centrafricaine\/#website","url":"https:\/\/www.africa-press.net\/centrafricaine\/","name":"centrafricaine","description":"Just another Africa News Agency Sites site","potentialAction":[{"@type":"SearchAction","target":{"@type":"EntryPoint","urlTemplate":"https:\/\/www.africa-press.net\/centrafricaine\/?s={search_term_string}"},"query-input":{"@type":"PropertyValueSpecification","valueRequired":true,"valueName":"search_term_string"}}],"inLanguage":"fr-FR"},{"@type":"Person","@id":"https:\/\/www.africa-press.net\/centrafricaine\/#\/schema\/person\/2b1cf3cd81a31e3cd26889ca66d677f1","name":"cfeditorfr"}]}},"_links":{"self":[{"href":"https:\/\/www.africa-press.net\/centrafricaine\/wp-json\/wp\/v2\/posts\/12491","targetHints":{"allow":["GET"]}}],"collection":[{"href":"https:\/\/www.africa-press.net\/centrafricaine\/wp-json\/wp\/v2\/posts"}],"about":[{"href":"https:\/\/www.africa-press.net\/centrafricaine\/wp-json\/wp\/v2\/types\/post"}],"author":[{"embeddable":true,"href":"https:\/\/www.africa-press.net\/centrafricaine\/wp-json\/wp\/v2\/users\/82"}],"replies":[{"embeddable":true,"href":"https:\/\/www.africa-press.net\/centrafricaine\/wp-json\/wp\/v2\/comments?post=12491"}],"version-history":[{"count":0,"href":"https:\/\/www.africa-press.net\/centrafricaine\/wp-json\/wp\/v2\/posts\/12491\/revisions"}],"wp:featuredmedia":[{"embeddable":true,"href":"https:\/\/www.africa-press.net\/centrafricaine\/wp-json\/wp\/v2\/media\/12490"}],"wp:attachment":[{"href":"https:\/\/www.africa-press.net\/centrafricaine\/wp-json\/wp\/v2\/media?parent=12491"}],"wp:term":[{"taxonomy":"category","embeddable":true,"href":"https:\/\/www.africa-press.net\/centrafricaine\/wp-json\/wp\/v2\/categories?post=12491"},{"taxonomy":"post_tag","embeddable":true,"href":"https:\/\/www.africa-press.net\/centrafricaine\/wp-json\/wp\/v2\/tags?post=12491"}],"curies":[{"name":"wp","href":"https:\/\/api.w.org\/{rel}","templated":true}]}}