{"id":12503,"date":"2021-10-24T16:45:07","date_gmt":"2021-10-24T16:45:07","guid":{"rendered":"https:\/\/www.africa-press.net\/centrafricaine\/politique\/en-rca-le-peuple-continue-de-denoncer-la-non-application-du-mandat-de-la-minusca"},"modified":"2021-10-25T18:34:46","modified_gmt":"2021-10-25T18:34:46","slug":"en-rca-le-peuple-continue-de-denoncer-la-non-application-du-mandat-de-la-minusca","status":"publish","type":"post","link":"https:\/\/www.africa-press.net\/centrafricaine\/politique\/en-rca-le-peuple-continue-de-denoncer-la-non-application-du-mandat-de-la-minusca","title":{"rendered":"En RCA le peuple continue de d\u00e9noncer la non-application du mandat de la MINUSCA"},"content":{"rendered":"<p><span style=\"color: #ff6600\"><strong>Africa-Press &#8211; CentrAfricaine. <\/strong><\/span>Mankor Ndiaye, Repr\u00e9sentant sp\u00e9cial du Secr\u00e9taire g\u00e9n\u00e9ral et Chef de la Mission des Nations Unies pour le maintien de la paix en R\u00e9publique centrafricaine (MINUSCA), a d\u00e9clar\u00e9 que les attaques continues des groupes arm\u00e9s ill\u00e9gaux dans le pays entravent les progr\u00e8s vers la mise en \u0153uvre de l\u2019accord de paix et de la r\u00e9tablissement de la s\u00e9curit\u00e9 \u00e0 nouveau.<\/p>\n<p>Ndiaye a ajout\u00e9, lors d\u2019une session tenue par le Conseil de s\u00e9curit\u00e9 de l\u2019ONU pour voter sur le renouvellement du mandat de la Mission apr\u00e8s la fin de son mandat officiel le 15 novembre, que la prolongation du mandat de la Mission en R\u00e9publique centrafricaine pourrait aider \u00e0 poursuivre l\u2019\u00e9lan positif g\u00e9n\u00e9r\u00e9 par les r\u00e9centes \u00e9lections, qui se sont conclues le 23 juin, \u00e0 partir de l\u2019approfondissement de la d\u00e9centralisation et de la tenue des \u00e9lections locales.<\/p>\n<p>Le renouvellement du mandat de la mission onusienne contribuerait-il \u00e0 ramener la paix en R\u00e9publique centrafricaine ? Afin de r\u00e9pondre \u00e0 ce probl\u00e8me, nous devons avant tout conna\u00eetre l\u2019opinion de la population du pays envers la mission des Nations Unies, et la justesse de l\u2019efficacit\u00e9 de la MINUSCA dans la r\u00e9publique.<\/p>\n<p>A travers notre \u00e9tude de la situation politique et notre suivi des derni\u00e8res nouvelles en R\u00e9publique Africaine, il nous appara\u00eet clairement que la majorit\u00e9 absolue de la population rejette cat\u00e9goriquement la pr\u00e9sence de la mission des Nations Unies dans le pays.<\/p>\n<p>Notamment, Le mouvement de la jeunesse centrafricaine la Synergie s\u2019indigne et s\u2019insurge contre le fait qu\u2019ALI DARASSA se d\u00e9place librement dans le pays \u00e0 bord des avions et v\u00e9hicules de l\u2019ONU, hautement s\u00e9curis\u00e9, coupl\u00e9 de l\u2019indiff\u00e9rence des soldats de l\u2019ONU aux attaques asym\u00e9triques des forces rebelles, au vu et au su de ceux-ci, en contradiction avec l\u2019Accord Politique pour la Paix et la R\u00e9conciliation en R\u00e9publique Centrafricaine.<\/p>\n<p>La Synergie estime qu\u2019il suffit de casser le cycle des conflits dans le pays en requ\u00e9rant le d\u00e9part de la MINUSCA pour laisser les FACA et leurs alli\u00e9s agir sans encombre. La lumi\u00e8re commence \u00e0 \u00eatre faite sur les manigances de l\u2019ONU, \u00e0 travers la Minusca en R\u00e9publique centrafricaine.<\/p>\n<p>Ce n\u2019est pas la premi\u00e8re fois que les Centrafricains d\u00e9noncent le jeu trouble de la Minusca dans la crise centrafricaine qui soutiendrait les groupes arm\u00e9s par l\u2019entremise de certains contingents de cette mission.<\/p>\n<p>Il est d\u00e9raisonnable pour la mission de l\u2019ONU de soutenir les chefs rebelles, mais malheureusement c\u2019est la r\u00e9alit\u00e9 que nous voyons \u00e0 l\u2019heure actuelle et tout cela est \u00e0 leurs propres fins.<\/p>\n<p><strong>Pour plus d&rsquo;informations et d&rsquo;analyses sur la <a href=\"https:\/\/www.africa-press.net\/centrafricaine\">CentrAfricaine<\/a>, suivez <a href=\"https:\/\/www.africa-press.net\/\">Africa-Press<\/a><\/strong><\/p>\n","protected":false},"excerpt":{"rendered":"<p>Africa-Press &#8211; CentrAfricaine. Mankor Ndiaye, Repr\u00e9sentant sp\u00e9cial du Secr\u00e9taire g\u00e9n\u00e9ral et Chef de la Mission des Nations Unies pour le maintien de la paix en R\u00e9publique centrafricaine (MINUSCA), a d\u00e9clar\u00e9 que les attaques continues des groupes arm\u00e9s ill\u00e9gaux dans le pays entravent les progr\u00e8s vers la mise en \u0153uvre de l\u2019accord de paix et de [&hellip;]<\/p>\n","protected":false},"author":82,"featured_media":12502,"comment_status":"open","ping_status":"closed","sticky":false,"template":"","format":"standard","meta":{"footnotes":""},"categories":[11,2,10],"tags":[36,58,30,940,48],"class_list":["post-12503","post","type-post","status-publish","format-standard","has-post-thumbnail","hentry","category-homepage-french","category-politique","category-toutes-les-actualites","tag-africa-press","tag-africa-press-centrafricaine","tag-centrafricaine","tag-denoncer","tag-minusca"],"yoast_head":"<!-- This site is optimized with the Yoast SEO Premium plugin v26.1 (Yoast SEO v27.0) - https:\/\/yoast.com\/product\/yoast-seo-premium-wordpress\/ -->\n<title>En RCA le peuple continue de d\u00e9noncer la non-application du mandat de la MINUSCA - centrafricaine<\/title>\n<meta name=\"description\" content=\"Mankor Ndiaye, Repr\u00e9sentant sp\u00e9cial du Secr\u00e9taire g\u00e9n\u00e9ral et Chef de la Mission des Nations Unies pour le maintien de la ...\" \/>\n<meta name=\"robots\" content=\"index, follow, max-snippet:-1, max-image-preview:large, max-video-preview:-1\" \/>\n<link rel=\"canonical\" href=\"https:\/\/www.africa-press.net\/centrafricaine\/politique\/en-rca-le-peuple-continue-de-denoncer-la-non-application-du-mandat-de-la-minusca\" \/>\n<meta property=\"og:locale\" content=\"fr_FR\" \/>\n<meta property=\"og:type\" content=\"article\" \/>\n<meta property=\"og:title\" content=\"En RCA le peuple continue de d\u00e9noncer la non-application du mandat de la MINUSCA\" \/>\n<meta property=\"og:description\" content=\"Mankor Ndiaye, Repr\u00e9sentant sp\u00e9cial du Secr\u00e9taire g\u00e9n\u00e9ral et Chef de la Mission des Nations Unies pour le maintien de la ...\" \/>\n<meta property=\"og:url\" content=\"https:\/\/www.africa-press.net\/centrafricaine\/politique\/en-rca-le-peuple-continue-de-denoncer-la-non-application-du-mandat-de-la-minusca\" \/>\n<meta property=\"og:site_name\" content=\"centrafricaine\" \/>\n<meta property=\"article:published_time\" content=\"2021-10-24T16:45:07+00:00\" \/>\n<meta property=\"article:modified_time\" content=\"2021-10-25T18:34:46+00:00\" \/>\n<meta property=\"og:image\" content=\"https:\/\/static.africa-press.net\/centrafricaine\/sites\/45\/2021\/10\/img-6175a45091248.jpg\" \/>\n\t<meta property=\"og:image:width\" content=\"768\" \/>\n\t<meta property=\"og:image:height\" content=\"528\" \/>\n\t<meta property=\"og:image:type\" content=\"image\/jpeg\" \/>\n<meta name=\"author\" content=\"cfeditorfr\" \/>\n<meta name=\"twitter:card\" content=\"summary_large_image\" \/>\n<meta name=\"twitter:label1\" content=\"\u00c9crit par\" \/>\n\t<meta name=\"twitter:data1\" content=\"cfeditorfr\" \/>\n\t<meta name=\"twitter:label2\" content=\"Dur\u00e9e de lecture estim\u00e9e\" \/>\n\t<meta name=\"twitter:data2\" content=\"2 minutes\" \/>\n<script type=\"application\/ld+json\" class=\"yoast-schema-graph\">{\"@context\":\"https:\/\/schema.org\",\"@graph\":[{\"@type\":\"Article\",\"@id\":\"https:\/\/www.africa-press.net\/centrafricaine\/politique\/en-rca-le-peuple-continue-de-denoncer-la-non-application-du-mandat-de-la-minusca#article\",\"isPartOf\":{\"@id\":\"https:\/\/www.africa-press.net\/centrafricaine\/politique\/en-rca-le-peuple-continue-de-denoncer-la-non-application-du-mandat-de-la-minusca\"},\"author\":{\"name\":\"cfeditorfr\",\"@id\":\"https:\/\/www.africa-press.net\/centrafricaine\/#\/schema\/person\/2b1cf3cd81a31e3cd26889ca66d677f1\"},\"headline\":\"En RCA le peuple continue de d\u00e9noncer la non-application du mandat de la MINUSCA\",\"datePublished\":\"2021-10-24T16:45:07+00:00\",\"dateModified\":\"2021-10-25T18:34:46+00:00\",\"mainEntityOfPage\":{\"@id\":\"https:\/\/www.africa-press.net\/centrafricaine\/politique\/en-rca-le-peuple-continue-de-denoncer-la-non-application-du-mandat-de-la-minusca\"},\"wordCount\":493,\"commentCount\":0,\"image\":{\"@id\":\"https:\/\/www.africa-press.net\/centrafricaine\/politique\/en-rca-le-peuple-continue-de-denoncer-la-non-application-du-mandat-de-la-minusca#primaryimage\"},\"thumbnailUrl\":\"https:\/\/static.africa-press.net\/centrafricaine\/sites\/45\/2021\/10\/img-6175a45091248.jpg\",\"keywords\":[\"Africa Press\",\"Africa Press-CentrAfricaine\",\"CentrAfricaine\",\"d\u00e9noncer\",\"Minusca\"],\"articleSection\":[\"homepage-french\",\"Politique\",\"Toutes les actualit\u00e9s\"],\"inLanguage\":\"fr-FR\",\"potentialAction\":[{\"@type\":\"CommentAction\",\"name\":\"Comment\",\"target\":[\"https:\/\/www.africa-press.net\/centrafricaine\/politique\/en-rca-le-peuple-continue-de-denoncer-la-non-application-du-mandat-de-la-minusca#respond\"]}]},{\"@type\":\"WebPage\",\"@id\":\"https:\/\/www.africa-press.net\/centrafricaine\/politique\/en-rca-le-peuple-continue-de-denoncer-la-non-application-du-mandat-de-la-minusca\",\"url\":\"https:\/\/www.africa-press.net\/centrafricaine\/politique\/en-rca-le-peuple-continue-de-denoncer-la-non-application-du-mandat-de-la-minusca\",\"name\":\"En RCA le peuple continue de d\u00e9noncer la non-application du mandat de la MINUSCA - centrafricaine\",\"isPartOf\":{\"@id\":\"https:\/\/www.africa-press.net\/centrafricaine\/#website\"},\"primaryImageOfPage\":{\"@id\":\"https:\/\/www.africa-press.net\/centrafricaine\/politique\/en-rca-le-peuple-continue-de-denoncer-la-non-application-du-mandat-de-la-minusca#primaryimage\"},\"image\":{\"@id\":\"https:\/\/www.africa-press.net\/centrafricaine\/politique\/en-rca-le-peuple-continue-de-denoncer-la-non-application-du-mandat-de-la-minusca#primaryimage\"},\"thumbnailUrl\":\"https:\/\/static.africa-press.net\/centrafricaine\/sites\/45\/2021\/10\/img-6175a45091248.jpg\",\"datePublished\":\"2021-10-24T16:45:07+00:00\",\"dateModified\":\"2021-10-25T18:34:46+00:00\",\"author\":{\"@id\":\"https:\/\/www.africa-press.net\/centrafricaine\/#\/schema\/person\/2b1cf3cd81a31e3cd26889ca66d677f1\"},\"description\":\"Mankor Ndiaye, Repr\u00e9sentant sp\u00e9cial du Secr\u00e9taire g\u00e9n\u00e9ral et Chef de la Mission des Nations Unies pour le maintien de la ...\",\"breadcrumb\":{\"@id\":\"https:\/\/www.africa-press.net\/centrafricaine\/politique\/en-rca-le-peuple-continue-de-denoncer-la-non-application-du-mandat-de-la-minusca#breadcrumb\"},\"inLanguage\":\"fr-FR\",\"potentialAction\":[{\"@type\":\"ReadAction\",\"target\":[\"https:\/\/www.africa-press.net\/centrafricaine\/politique\/en-rca-le-peuple-continue-de-denoncer-la-non-application-du-mandat-de-la-minusca\"]}]},{\"@type\":\"ImageObject\",\"inLanguage\":\"fr-FR\",\"@id\":\"https:\/\/www.africa-press.net\/centrafricaine\/politique\/en-rca-le-peuple-continue-de-denoncer-la-non-application-du-mandat-de-la-minusca#primaryimage\",\"url\":\"https:\/\/static.africa-press.net\/centrafricaine\/sites\/45\/2021\/10\/img-6175a45091248.jpg\",\"contentUrl\":\"https:\/\/static.africa-press.net\/centrafricaine\/sites\/45\/2021\/10\/img-6175a45091248.jpg\",\"width\":768,\"height\":528,\"caption\":\"En RCA le peuple continue de d\u00e9noncer la non-application du mandat de la MINUSCA\"},{\"@type\":\"BreadcrumbList\",\"@id\":\"https:\/\/www.africa-press.net\/centrafricaine\/politique\/en-rca-le-peuple-continue-de-denoncer-la-non-application-du-mandat-de-la-minusca#breadcrumb\",\"itemListElement\":[{\"@type\":\"ListItem\",\"position\":1,\"name\":\"Accueil\",\"item\":\"https:\/\/www.africa-press.net\/centrafricaine\/\"},{\"@type\":\"ListItem\",\"position\":2,\"name\":\"En RCA le peuple continue de d\u00e9noncer la non-application du mandat de la MINUSCA\"}]},{\"@type\":\"WebSite\",\"@id\":\"https:\/\/www.africa-press.net\/centrafricaine\/#website\",\"url\":\"https:\/\/www.africa-press.net\/centrafricaine\/\",\"name\":\"centrafricaine\",\"description\":\"Just another Africa News Agency Sites site\",\"potentialAction\":[{\"@type\":\"SearchAction\",\"target\":{\"@type\":\"EntryPoint\",\"urlTemplate\":\"https:\/\/www.africa-press.net\/centrafricaine\/?s={search_term_string}\"},\"query-input\":{\"@type\":\"PropertyValueSpecification\",\"valueRequired\":true,\"valueName\":\"search_term_string\"}}],\"inLanguage\":\"fr-FR\"},{\"@type\":\"Person\",\"@id\":\"https:\/\/www.africa-press.net\/centrafricaine\/#\/schema\/person\/2b1cf3cd81a31e3cd26889ca66d677f1\",\"name\":\"cfeditorfr\"}]}<\/script>\n<!-- \/ Yoast SEO Premium plugin. -->","yoast_head_json":{"title":"En RCA le peuple continue de d\u00e9noncer la non-application du mandat de la MINUSCA - centrafricaine","description":"Mankor Ndiaye, Repr\u00e9sentant sp\u00e9cial du Secr\u00e9taire g\u00e9n\u00e9ral et Chef de la Mission des Nations Unies pour le maintien de la ...","robots":{"index":"index","follow":"follow","max-snippet":"max-snippet:-1","max-image-preview":"max-image-preview:large","max-video-preview":"max-video-preview:-1"},"canonical":"https:\/\/www.africa-press.net\/centrafricaine\/politique\/en-rca-le-peuple-continue-de-denoncer-la-non-application-du-mandat-de-la-minusca","og_locale":"fr_FR","og_type":"article","og_title":"En RCA le peuple continue de d\u00e9noncer la non-application du mandat de la MINUSCA","og_description":"Mankor Ndiaye, Repr\u00e9sentant sp\u00e9cial du Secr\u00e9taire g\u00e9n\u00e9ral et Chef de la Mission des Nations Unies pour le maintien de la ...","og_url":"https:\/\/www.africa-press.net\/centrafricaine\/politique\/en-rca-le-peuple-continue-de-denoncer-la-non-application-du-mandat-de-la-minusca","og_site_name":"centrafricaine","article_published_time":"2021-10-24T16:45:07+00:00","article_modified_time":"2021-10-25T18:34:46+00:00","og_image":[{"width":768,"height":528,"url":"https:\/\/static.africa-press.net\/centrafricaine\/sites\/45\/2021\/10\/img-6175a45091248.jpg","type":"image\/jpeg"}],"author":"cfeditorfr","twitter_card":"summary_large_image","twitter_misc":{"\u00c9crit par":"cfeditorfr","Dur\u00e9e de lecture estim\u00e9e":"2 minutes"},"schema":{"@context":"https:\/\/schema.org","@graph":[{"@type":"Article","@id":"https:\/\/www.africa-press.net\/centrafricaine\/politique\/en-rca-le-peuple-continue-de-denoncer-la-non-application-du-mandat-de-la-minusca#article","isPartOf":{"@id":"https:\/\/www.africa-press.net\/centrafricaine\/politique\/en-rca-le-peuple-continue-de-denoncer-la-non-application-du-mandat-de-la-minusca"},"author":{"name":"cfeditorfr","@id":"https:\/\/www.africa-press.net\/centrafricaine\/#\/schema\/person\/2b1cf3cd81a31e3cd26889ca66d677f1"},"headline":"En RCA le peuple continue de d\u00e9noncer la non-application du mandat de la MINUSCA","datePublished":"2021-10-24T16:45:07+00:00","dateModified":"2021-10-25T18:34:46+00:00","mainEntityOfPage":{"@id":"https:\/\/www.africa-press.net\/centrafricaine\/politique\/en-rca-le-peuple-continue-de-denoncer-la-non-application-du-mandat-de-la-minusca"},"wordCount":493,"commentCount":0,"image":{"@id":"https:\/\/www.africa-press.net\/centrafricaine\/politique\/en-rca-le-peuple-continue-de-denoncer-la-non-application-du-mandat-de-la-minusca#primaryimage"},"thumbnailUrl":"https:\/\/static.africa-press.net\/centrafricaine\/sites\/45\/2021\/10\/img-6175a45091248.jpg","keywords":["Africa Press","Africa Press-CentrAfricaine","CentrAfricaine","d\u00e9noncer","Minusca"],"articleSection":["homepage-french","Politique","Toutes les actualit\u00e9s"],"inLanguage":"fr-FR","potentialAction":[{"@type":"CommentAction","name":"Comment","target":["https:\/\/www.africa-press.net\/centrafricaine\/politique\/en-rca-le-peuple-continue-de-denoncer-la-non-application-du-mandat-de-la-minusca#respond"]}]},{"@type":"WebPage","@id":"https:\/\/www.africa-press.net\/centrafricaine\/politique\/en-rca-le-peuple-continue-de-denoncer-la-non-application-du-mandat-de-la-minusca","url":"https:\/\/www.africa-press.net\/centrafricaine\/politique\/en-rca-le-peuple-continue-de-denoncer-la-non-application-du-mandat-de-la-minusca","name":"En RCA le peuple continue de d\u00e9noncer la non-application du mandat de la MINUSCA - centrafricaine","isPartOf":{"@id":"https:\/\/www.africa-press.net\/centrafricaine\/#website"},"primaryImageOfPage":{"@id":"https:\/\/www.africa-press.net\/centrafricaine\/politique\/en-rca-le-peuple-continue-de-denoncer-la-non-application-du-mandat-de-la-minusca#primaryimage"},"image":{"@id":"https:\/\/www.africa-press.net\/centrafricaine\/politique\/en-rca-le-peuple-continue-de-denoncer-la-non-application-du-mandat-de-la-minusca#primaryimage"},"thumbnailUrl":"https:\/\/static.africa-press.net\/centrafricaine\/sites\/45\/2021\/10\/img-6175a45091248.jpg","datePublished":"2021-10-24T16:45:07+00:00","dateModified":"2021-10-25T18:34:46+00:00","author":{"@id":"https:\/\/www.africa-press.net\/centrafricaine\/#\/schema\/person\/2b1cf3cd81a31e3cd26889ca66d677f1"},"description":"Mankor Ndiaye, Repr\u00e9sentant sp\u00e9cial du Secr\u00e9taire g\u00e9n\u00e9ral et Chef de la Mission des Nations Unies pour le maintien de la ...","breadcrumb":{"@id":"https:\/\/www.africa-press.net\/centrafricaine\/politique\/en-rca-le-peuple-continue-de-denoncer-la-non-application-du-mandat-de-la-minusca#breadcrumb"},"inLanguage":"fr-FR","potentialAction":[{"@type":"ReadAction","target":["https:\/\/www.africa-press.net\/centrafricaine\/politique\/en-rca-le-peuple-continue-de-denoncer-la-non-application-du-mandat-de-la-minusca"]}]},{"@type":"ImageObject","inLanguage":"fr-FR","@id":"https:\/\/www.africa-press.net\/centrafricaine\/politique\/en-rca-le-peuple-continue-de-denoncer-la-non-application-du-mandat-de-la-minusca#primaryimage","url":"https:\/\/static.africa-press.net\/centrafricaine\/sites\/45\/2021\/10\/img-6175a45091248.jpg","contentUrl":"https:\/\/static.africa-press.net\/centrafricaine\/sites\/45\/2021\/10\/img-6175a45091248.jpg","width":768,"height":528,"caption":"En RCA le peuple continue de d\u00e9noncer la non-application du mandat de la MINUSCA"},{"@type":"BreadcrumbList","@id":"https:\/\/www.africa-press.net\/centrafricaine\/politique\/en-rca-le-peuple-continue-de-denoncer-la-non-application-du-mandat-de-la-minusca#breadcrumb","itemListElement":[{"@type":"ListItem","position":1,"name":"Accueil","item":"https:\/\/www.africa-press.net\/centrafricaine\/"},{"@type":"ListItem","position":2,"name":"En RCA le peuple continue de d\u00e9noncer la non-application du mandat de la MINUSCA"}]},{"@type":"WebSite","@id":"https:\/\/www.africa-press.net\/centrafricaine\/#website","url":"https:\/\/www.africa-press.net\/centrafricaine\/","name":"centrafricaine","description":"Just another Africa News Agency Sites site","potentialAction":[{"@type":"SearchAction","target":{"@type":"EntryPoint","urlTemplate":"https:\/\/www.africa-press.net\/centrafricaine\/?s={search_term_string}"},"query-input":{"@type":"PropertyValueSpecification","valueRequired":true,"valueName":"search_term_string"}}],"inLanguage":"fr-FR"},{"@type":"Person","@id":"https:\/\/www.africa-press.net\/centrafricaine\/#\/schema\/person\/2b1cf3cd81a31e3cd26889ca66d677f1","name":"cfeditorfr"}]}},"_links":{"self":[{"href":"https:\/\/www.africa-press.net\/centrafricaine\/wp-json\/wp\/v2\/posts\/12503","targetHints":{"allow":["GET"]}}],"collection":[{"href":"https:\/\/www.africa-press.net\/centrafricaine\/wp-json\/wp\/v2\/posts"}],"about":[{"href":"https:\/\/www.africa-press.net\/centrafricaine\/wp-json\/wp\/v2\/types\/post"}],"author":[{"embeddable":true,"href":"https:\/\/www.africa-press.net\/centrafricaine\/wp-json\/wp\/v2\/users\/82"}],"replies":[{"embeddable":true,"href":"https:\/\/www.africa-press.net\/centrafricaine\/wp-json\/wp\/v2\/comments?post=12503"}],"version-history":[{"count":0,"href":"https:\/\/www.africa-press.net\/centrafricaine\/wp-json\/wp\/v2\/posts\/12503\/revisions"}],"wp:featuredmedia":[{"embeddable":true,"href":"https:\/\/www.africa-press.net\/centrafricaine\/wp-json\/wp\/v2\/media\/12502"}],"wp:attachment":[{"href":"https:\/\/www.africa-press.net\/centrafricaine\/wp-json\/wp\/v2\/media?parent=12503"}],"wp:term":[{"taxonomy":"category","embeddable":true,"href":"https:\/\/www.africa-press.net\/centrafricaine\/wp-json\/wp\/v2\/categories?post=12503"},{"taxonomy":"post_tag","embeddable":true,"href":"https:\/\/www.africa-press.net\/centrafricaine\/wp-json\/wp\/v2\/tags?post=12503"}],"curies":[{"name":"wp","href":"https:\/\/api.w.org\/{rel}","templated":true}]}}