{"id":12806,"date":"2021-11-01T14:11:20","date_gmt":"2021-11-01T14:11:20","guid":{"rendered":"https:\/\/www.africa-press.net\/centrafricaine\/politique\/larmee-lance-une-operation-militaire-dans-des-localites-proches-de-bouar"},"modified":"2021-11-03T22:04:29","modified_gmt":"2021-11-03T22:04:29","slug":"larmee-lance-une-operation-militaire-dans-des-localites-proches-de-bouar","status":"publish","type":"post","link":"https:\/\/www.africa-press.net\/centrafricaine\/politique\/larmee-lance-une-operation-militaire-dans-des-localites-proches-de-bouar","title":{"rendered":"l\u2019arm\u00e9e lance une op\u00e9ration militaire dans des localit\u00e9s proches de Bouar"},"content":{"rendered":"<p><span style=\"color: #ff6600\"><strong>Africa-Press &#8211; CentrAfricaine. <\/strong><\/span> L\u2019op\u00e9ration a d\u00e9but\u00e9 vendredi dans des localit\u00e9s proches de Bouar o\u00f9 les 3R sont particuli\u00e8rement actifs. Cette op\u00e9ration aurait entra\u00een\u00e9 beaucoup de bless\u00e9s, a-t-on appris du c\u00f4t\u00e9 de l\u2019\u00c9tat major des forces arm\u00e9es centrafricaines (FACA).<\/p>\n<p>Selon des sources militaires, un v\u00e9hicule a saut\u00e9 samedi 30 octobre dans la matin\u00e9e sur une mine pr\u00e8s de la localit\u00e9 de Bondiba \u00e0 une centaine de kilom\u00e8tres de Bouar sur l\u2019axe Abba \u2013 Baboua. Le v\u00e9hicule a \u00e9t\u00e9 compl\u00e8tement d\u00e9truit et les occupants sont dans des \u00e9tats graves. C\u2019est pourquoi L\u2019arm\u00e9e lance depuis vendredi une op\u00e9ration de ratissage dans des localit\u00e9s proches de Bouar o\u00f9 les 3R sont particuli\u00e8rement actifs. Cette op\u00e9ration aurait entra\u00een\u00e9 beaucoup de bless\u00e9s, dit-on du c\u00f4t\u00e9 de l\u2019\u00c9tat major.<\/p>\n<p>Il y\u2019a lieu de rappeler que le mois dernier, un v\u00e9hicule humanitaire, en provenance de Paoua (Lim-Pend\u00e9), et \u00e0 destination de Bocaranga, avait saut\u00e9 sur une mine terrestre au village Bokomboussi, dans la commune de Loura. Le bilan faisait \u00e9tat d\u2019un mort et de deux bless\u00e9s graves rapatri\u00e9s \u00e0 Paoua.<\/p>\n<p>Notons que dans la pr\u00e9fecture de la Nana-Mamb\u00e9r\u00e9, le mois dernier, La Minusca avait annonc\u00e9 avoir suspendu ses op\u00e9rations de d\u00e9minage jusqu\u2019\u00e0 nouvel ordre. Elle dit avoir \u00e9t\u00e9 emp\u00each\u00e9e par les forces de d\u00e9fense centrafricaines et leurs alli\u00e9s russes de la soci\u00e9t\u00e9 Wagner. Ce que la Minusca regrette tout de m\u00eame.<\/p>\n<p>Toutefois, \u00e0 Bouar, dans la Nana-Mamb\u00e9r\u00e9, la Minusca avait organis\u00e9 une r\u00e9union de sensibilisation avec les tous les chefs des quartiers pour les sensibiliser au danger des mines terrestres.<\/p>\n<p><strong>Pour plus d&rsquo;informations et d&rsquo;analyses sur la <a href=\"https:\/\/www.africa-press.net\/centrafricaine\">CentrAfricaine<\/a>, suivez <a href=\"https:\/\/www.africa-press.net\/\">Africa-Press<\/a><\/strong><\/p>\n","protected":false},"excerpt":{"rendered":"<p>Africa-Press &#8211; CentrAfricaine. L\u2019op\u00e9ration a d\u00e9but\u00e9 vendredi dans des localit\u00e9s proches de Bouar o\u00f9 les 3R sont particuli\u00e8rement actifs. Cette op\u00e9ration aurait entra\u00een\u00e9 beaucoup de bless\u00e9s, a-t-on appris du c\u00f4t\u00e9 de l\u2019\u00c9tat major des forces arm\u00e9es centrafricaines (FACA). Selon des sources militaires, un v\u00e9hicule a saut\u00e9 samedi 30 octobre dans la matin\u00e9e sur une mine [&hellip;]<\/p>\n","protected":false},"author":82,"featured_media":12805,"comment_status":"open","ping_status":"closed","sticky":false,"template":"","format":"standard","meta":{"footnotes":""},"categories":[11,2,20,10],"tags":[36,58,1011,30,1010],"class_list":["post-12806","post","type-post","status-publish","format-standard","has-post-thumbnail","hentry","category-homepage-french","category-politique","category-top-nouvelles","category-toutes-les-actualites","tag-africa-press","tag-africa-press-centrafricaine","tag-bouar","tag-centrafricaine","tag-localites"],"yoast_head":"<!-- This site is optimized with the Yoast SEO Premium plugin v26.1 (Yoast SEO v27.0) - https:\/\/yoast.com\/product\/yoast-seo-premium-wordpress\/ -->\n<title>l\u2019arm\u00e9e lance une op\u00e9ration militaire dans des localit\u00e9s proches de Bouar - centrafricaine<\/title>\n<meta name=\"description\" content=\"L\u2019op\u00e9ration a d\u00e9but\u00e9 vendredi dans des localit\u00e9s proches de Bouar o\u00f9 les 3R sont particuli\u00e8rement actifs. Cette op\u00e9rat ...\" \/>\n<meta name=\"robots\" content=\"index, follow, max-snippet:-1, max-image-preview:large, max-video-preview:-1\" \/>\n<link rel=\"canonical\" href=\"https:\/\/www.africa-press.net\/centrafricaine\/politique\/larmee-lance-une-operation-militaire-dans-des-localites-proches-de-bouar\" \/>\n<meta property=\"og:locale\" content=\"fr_FR\" \/>\n<meta property=\"og:type\" content=\"article\" \/>\n<meta property=\"og:title\" content=\"l\u2019arm\u00e9e lance une op\u00e9ration militaire dans des localit\u00e9s proches de Bouar\" \/>\n<meta property=\"og:description\" content=\"L\u2019op\u00e9ration a d\u00e9but\u00e9 vendredi dans des localit\u00e9s proches de Bouar o\u00f9 les 3R sont particuli\u00e8rement actifs. Cette op\u00e9rat ...\" \/>\n<meta property=\"og:url\" content=\"https:\/\/www.africa-press.net\/centrafricaine\/politique\/larmee-lance-une-operation-militaire-dans-des-localites-proches-de-bouar\" \/>\n<meta property=\"og:site_name\" content=\"centrafricaine\" \/>\n<meta property=\"article:published_time\" content=\"2021-11-01T14:11:20+00:00\" \/>\n<meta property=\"article:modified_time\" content=\"2021-11-03T22:04:29+00:00\" \/>\n<meta property=\"og:image\" content=\"https:\/\/static.africa-press.net\/centrafricaine\/sites\/45\/2021\/11\/img-618025cecca88.jpg\" \/>\n\t<meta property=\"og:image:width\" content=\"720\" \/>\n\t<meta property=\"og:image:height\" content=\"405\" \/>\n\t<meta property=\"og:image:type\" content=\"image\/jpeg\" \/>\n<meta name=\"author\" content=\"cfeditorfr\" \/>\n<meta name=\"twitter:card\" content=\"summary_large_image\" \/>\n<meta name=\"twitter:label1\" content=\"\u00c9crit par\" \/>\n\t<meta name=\"twitter:data1\" content=\"cfeditorfr\" \/>\n\t<meta name=\"twitter:label2\" content=\"Dur\u00e9e de lecture estim\u00e9e\" \/>\n\t<meta name=\"twitter:data2\" content=\"2 minutes\" \/>\n<script type=\"application\/ld+json\" class=\"yoast-schema-graph\">{\"@context\":\"https:\/\/schema.org\",\"@graph\":[{\"@type\":\"Article\",\"@id\":\"https:\/\/www.africa-press.net\/centrafricaine\/politique\/larmee-lance-une-operation-militaire-dans-des-localites-proches-de-bouar#article\",\"isPartOf\":{\"@id\":\"https:\/\/www.africa-press.net\/centrafricaine\/politique\/larmee-lance-une-operation-militaire-dans-des-localites-proches-de-bouar\"},\"author\":{\"name\":\"cfeditorfr\",\"@id\":\"https:\/\/www.africa-press.net\/centrafricaine\/#\/schema\/person\/2b1cf3cd81a31e3cd26889ca66d677f1\"},\"headline\":\"l\u2019arm\u00e9e lance une op\u00e9ration militaire dans des localit\u00e9s proches de Bouar\",\"datePublished\":\"2021-11-01T14:11:20+00:00\",\"dateModified\":\"2021-11-03T22:04:29+00:00\",\"mainEntityOfPage\":{\"@id\":\"https:\/\/www.africa-press.net\/centrafricaine\/politique\/larmee-lance-une-operation-militaire-dans-des-localites-proches-de-bouar\"},\"wordCount\":320,\"commentCount\":0,\"image\":{\"@id\":\"https:\/\/www.africa-press.net\/centrafricaine\/politique\/larmee-lance-une-operation-militaire-dans-des-localites-proches-de-bouar#primaryimage\"},\"thumbnailUrl\":\"https:\/\/static.africa-press.net\/centrafricaine\/sites\/45\/2021\/11\/img-618025cecca88.jpg\",\"keywords\":[\"Africa Press\",\"Africa Press-CentrAfricaine\",\"Bouar\",\"CentrAfricaine\",\"localit\u00e9s\"],\"articleSection\":[\"homepage-french\",\"Politique\",\"Top Nouvelles\",\"Toutes les actualit\u00e9s\"],\"inLanguage\":\"fr-FR\",\"potentialAction\":[{\"@type\":\"CommentAction\",\"name\":\"Comment\",\"target\":[\"https:\/\/www.africa-press.net\/centrafricaine\/politique\/larmee-lance-une-operation-militaire-dans-des-localites-proches-de-bouar#respond\"]}]},{\"@type\":\"WebPage\",\"@id\":\"https:\/\/www.africa-press.net\/centrafricaine\/politique\/larmee-lance-une-operation-militaire-dans-des-localites-proches-de-bouar\",\"url\":\"https:\/\/www.africa-press.net\/centrafricaine\/politique\/larmee-lance-une-operation-militaire-dans-des-localites-proches-de-bouar\",\"name\":\"l\u2019arm\u00e9e lance une op\u00e9ration militaire dans des localit\u00e9s proches de Bouar - centrafricaine\",\"isPartOf\":{\"@id\":\"https:\/\/www.africa-press.net\/centrafricaine\/#website\"},\"primaryImageOfPage\":{\"@id\":\"https:\/\/www.africa-press.net\/centrafricaine\/politique\/larmee-lance-une-operation-militaire-dans-des-localites-proches-de-bouar#primaryimage\"},\"image\":{\"@id\":\"https:\/\/www.africa-press.net\/centrafricaine\/politique\/larmee-lance-une-operation-militaire-dans-des-localites-proches-de-bouar#primaryimage\"},\"thumbnailUrl\":\"https:\/\/static.africa-press.net\/centrafricaine\/sites\/45\/2021\/11\/img-618025cecca88.jpg\",\"datePublished\":\"2021-11-01T14:11:20+00:00\",\"dateModified\":\"2021-11-03T22:04:29+00:00\",\"author\":{\"@id\":\"https:\/\/www.africa-press.net\/centrafricaine\/#\/schema\/person\/2b1cf3cd81a31e3cd26889ca66d677f1\"},\"description\":\"L\u2019op\u00e9ration a d\u00e9but\u00e9 vendredi dans des localit\u00e9s proches de Bouar o\u00f9 les 3R sont particuli\u00e8rement actifs. Cette op\u00e9rat ...\",\"breadcrumb\":{\"@id\":\"https:\/\/www.africa-press.net\/centrafricaine\/politique\/larmee-lance-une-operation-militaire-dans-des-localites-proches-de-bouar#breadcrumb\"},\"inLanguage\":\"fr-FR\",\"potentialAction\":[{\"@type\":\"ReadAction\",\"target\":[\"https:\/\/www.africa-press.net\/centrafricaine\/politique\/larmee-lance-une-operation-militaire-dans-des-localites-proches-de-bouar\"]}]},{\"@type\":\"ImageObject\",\"inLanguage\":\"fr-FR\",\"@id\":\"https:\/\/www.africa-press.net\/centrafricaine\/politique\/larmee-lance-une-operation-militaire-dans-des-localites-proches-de-bouar#primaryimage\",\"url\":\"https:\/\/static.africa-press.net\/centrafricaine\/sites\/45\/2021\/11\/img-618025cecca88.jpg\",\"contentUrl\":\"https:\/\/static.africa-press.net\/centrafricaine\/sites\/45\/2021\/11\/img-618025cecca88.jpg\",\"width\":720,\"height\":405,\"caption\":\"l\u2019arm\u00e9e lance une op\u00e9ration militaire dans des localit\u00e9s proches de Bouar\"},{\"@type\":\"BreadcrumbList\",\"@id\":\"https:\/\/www.africa-press.net\/centrafricaine\/politique\/larmee-lance-une-operation-militaire-dans-des-localites-proches-de-bouar#breadcrumb\",\"itemListElement\":[{\"@type\":\"ListItem\",\"position\":1,\"name\":\"Accueil\",\"item\":\"https:\/\/www.africa-press.net\/centrafricaine\/\"},{\"@type\":\"ListItem\",\"position\":2,\"name\":\"l\u2019arm\u00e9e lance une op\u00e9ration militaire dans des localit\u00e9s proches de Bouar\"}]},{\"@type\":\"WebSite\",\"@id\":\"https:\/\/www.africa-press.net\/centrafricaine\/#website\",\"url\":\"https:\/\/www.africa-press.net\/centrafricaine\/\",\"name\":\"centrafricaine\",\"description\":\"Just another Africa News Agency Sites site\",\"potentialAction\":[{\"@type\":\"SearchAction\",\"target\":{\"@type\":\"EntryPoint\",\"urlTemplate\":\"https:\/\/www.africa-press.net\/centrafricaine\/?s={search_term_string}\"},\"query-input\":{\"@type\":\"PropertyValueSpecification\",\"valueRequired\":true,\"valueName\":\"search_term_string\"}}],\"inLanguage\":\"fr-FR\"},{\"@type\":\"Person\",\"@id\":\"https:\/\/www.africa-press.net\/centrafricaine\/#\/schema\/person\/2b1cf3cd81a31e3cd26889ca66d677f1\",\"name\":\"cfeditorfr\"}]}<\/script>\n<!-- \/ Yoast SEO Premium plugin. -->","yoast_head_json":{"title":"l\u2019arm\u00e9e lance une op\u00e9ration militaire dans des localit\u00e9s proches de Bouar - centrafricaine","description":"L\u2019op\u00e9ration a d\u00e9but\u00e9 vendredi dans des localit\u00e9s proches de Bouar o\u00f9 les 3R sont particuli\u00e8rement actifs. Cette op\u00e9rat ...","robots":{"index":"index","follow":"follow","max-snippet":"max-snippet:-1","max-image-preview":"max-image-preview:large","max-video-preview":"max-video-preview:-1"},"canonical":"https:\/\/www.africa-press.net\/centrafricaine\/politique\/larmee-lance-une-operation-militaire-dans-des-localites-proches-de-bouar","og_locale":"fr_FR","og_type":"article","og_title":"l\u2019arm\u00e9e lance une op\u00e9ration militaire dans des localit\u00e9s proches de Bouar","og_description":"L\u2019op\u00e9ration a d\u00e9but\u00e9 vendredi dans des localit\u00e9s proches de Bouar o\u00f9 les 3R sont particuli\u00e8rement actifs. Cette op\u00e9rat ...","og_url":"https:\/\/www.africa-press.net\/centrafricaine\/politique\/larmee-lance-une-operation-militaire-dans-des-localites-proches-de-bouar","og_site_name":"centrafricaine","article_published_time":"2021-11-01T14:11:20+00:00","article_modified_time":"2021-11-03T22:04:29+00:00","og_image":[{"width":720,"height":405,"url":"https:\/\/static.africa-press.net\/centrafricaine\/sites\/45\/2021\/11\/img-618025cecca88.jpg","type":"image\/jpeg"}],"author":"cfeditorfr","twitter_card":"summary_large_image","twitter_misc":{"\u00c9crit par":"cfeditorfr","Dur\u00e9e de lecture estim\u00e9e":"2 minutes"},"schema":{"@context":"https:\/\/schema.org","@graph":[{"@type":"Article","@id":"https:\/\/www.africa-press.net\/centrafricaine\/politique\/larmee-lance-une-operation-militaire-dans-des-localites-proches-de-bouar#article","isPartOf":{"@id":"https:\/\/www.africa-press.net\/centrafricaine\/politique\/larmee-lance-une-operation-militaire-dans-des-localites-proches-de-bouar"},"author":{"name":"cfeditorfr","@id":"https:\/\/www.africa-press.net\/centrafricaine\/#\/schema\/person\/2b1cf3cd81a31e3cd26889ca66d677f1"},"headline":"l\u2019arm\u00e9e lance une op\u00e9ration militaire dans des localit\u00e9s proches de Bouar","datePublished":"2021-11-01T14:11:20+00:00","dateModified":"2021-11-03T22:04:29+00:00","mainEntityOfPage":{"@id":"https:\/\/www.africa-press.net\/centrafricaine\/politique\/larmee-lance-une-operation-militaire-dans-des-localites-proches-de-bouar"},"wordCount":320,"commentCount":0,"image":{"@id":"https:\/\/www.africa-press.net\/centrafricaine\/politique\/larmee-lance-une-operation-militaire-dans-des-localites-proches-de-bouar#primaryimage"},"thumbnailUrl":"https:\/\/static.africa-press.net\/centrafricaine\/sites\/45\/2021\/11\/img-618025cecca88.jpg","keywords":["Africa Press","Africa Press-CentrAfricaine","Bouar","CentrAfricaine","localit\u00e9s"],"articleSection":["homepage-french","Politique","Top Nouvelles","Toutes les actualit\u00e9s"],"inLanguage":"fr-FR","potentialAction":[{"@type":"CommentAction","name":"Comment","target":["https:\/\/www.africa-press.net\/centrafricaine\/politique\/larmee-lance-une-operation-militaire-dans-des-localites-proches-de-bouar#respond"]}]},{"@type":"WebPage","@id":"https:\/\/www.africa-press.net\/centrafricaine\/politique\/larmee-lance-une-operation-militaire-dans-des-localites-proches-de-bouar","url":"https:\/\/www.africa-press.net\/centrafricaine\/politique\/larmee-lance-une-operation-militaire-dans-des-localites-proches-de-bouar","name":"l\u2019arm\u00e9e lance une op\u00e9ration militaire dans des localit\u00e9s proches de Bouar - centrafricaine","isPartOf":{"@id":"https:\/\/www.africa-press.net\/centrafricaine\/#website"},"primaryImageOfPage":{"@id":"https:\/\/www.africa-press.net\/centrafricaine\/politique\/larmee-lance-une-operation-militaire-dans-des-localites-proches-de-bouar#primaryimage"},"image":{"@id":"https:\/\/www.africa-press.net\/centrafricaine\/politique\/larmee-lance-une-operation-militaire-dans-des-localites-proches-de-bouar#primaryimage"},"thumbnailUrl":"https:\/\/static.africa-press.net\/centrafricaine\/sites\/45\/2021\/11\/img-618025cecca88.jpg","datePublished":"2021-11-01T14:11:20+00:00","dateModified":"2021-11-03T22:04:29+00:00","author":{"@id":"https:\/\/www.africa-press.net\/centrafricaine\/#\/schema\/person\/2b1cf3cd81a31e3cd26889ca66d677f1"},"description":"L\u2019op\u00e9ration a d\u00e9but\u00e9 vendredi dans des localit\u00e9s proches de Bouar o\u00f9 les 3R sont particuli\u00e8rement actifs. Cette op\u00e9rat ...","breadcrumb":{"@id":"https:\/\/www.africa-press.net\/centrafricaine\/politique\/larmee-lance-une-operation-militaire-dans-des-localites-proches-de-bouar#breadcrumb"},"inLanguage":"fr-FR","potentialAction":[{"@type":"ReadAction","target":["https:\/\/www.africa-press.net\/centrafricaine\/politique\/larmee-lance-une-operation-militaire-dans-des-localites-proches-de-bouar"]}]},{"@type":"ImageObject","inLanguage":"fr-FR","@id":"https:\/\/www.africa-press.net\/centrafricaine\/politique\/larmee-lance-une-operation-militaire-dans-des-localites-proches-de-bouar#primaryimage","url":"https:\/\/static.africa-press.net\/centrafricaine\/sites\/45\/2021\/11\/img-618025cecca88.jpg","contentUrl":"https:\/\/static.africa-press.net\/centrafricaine\/sites\/45\/2021\/11\/img-618025cecca88.jpg","width":720,"height":405,"caption":"l\u2019arm\u00e9e lance une op\u00e9ration militaire dans des localit\u00e9s proches de Bouar"},{"@type":"BreadcrumbList","@id":"https:\/\/www.africa-press.net\/centrafricaine\/politique\/larmee-lance-une-operation-militaire-dans-des-localites-proches-de-bouar#breadcrumb","itemListElement":[{"@type":"ListItem","position":1,"name":"Accueil","item":"https:\/\/www.africa-press.net\/centrafricaine\/"},{"@type":"ListItem","position":2,"name":"l\u2019arm\u00e9e lance une op\u00e9ration militaire dans des localit\u00e9s proches de Bouar"}]},{"@type":"WebSite","@id":"https:\/\/www.africa-press.net\/centrafricaine\/#website","url":"https:\/\/www.africa-press.net\/centrafricaine\/","name":"centrafricaine","description":"Just another Africa News Agency Sites site","potentialAction":[{"@type":"SearchAction","target":{"@type":"EntryPoint","urlTemplate":"https:\/\/www.africa-press.net\/centrafricaine\/?s={search_term_string}"},"query-input":{"@type":"PropertyValueSpecification","valueRequired":true,"valueName":"search_term_string"}}],"inLanguage":"fr-FR"},{"@type":"Person","@id":"https:\/\/www.africa-press.net\/centrafricaine\/#\/schema\/person\/2b1cf3cd81a31e3cd26889ca66d677f1","name":"cfeditorfr"}]}},"_links":{"self":[{"href":"https:\/\/www.africa-press.net\/centrafricaine\/wp-json\/wp\/v2\/posts\/12806","targetHints":{"allow":["GET"]}}],"collection":[{"href":"https:\/\/www.africa-press.net\/centrafricaine\/wp-json\/wp\/v2\/posts"}],"about":[{"href":"https:\/\/www.africa-press.net\/centrafricaine\/wp-json\/wp\/v2\/types\/post"}],"author":[{"embeddable":true,"href":"https:\/\/www.africa-press.net\/centrafricaine\/wp-json\/wp\/v2\/users\/82"}],"replies":[{"embeddable":true,"href":"https:\/\/www.africa-press.net\/centrafricaine\/wp-json\/wp\/v2\/comments?post=12806"}],"version-history":[{"count":0,"href":"https:\/\/www.africa-press.net\/centrafricaine\/wp-json\/wp\/v2\/posts\/12806\/revisions"}],"wp:featuredmedia":[{"embeddable":true,"href":"https:\/\/www.africa-press.net\/centrafricaine\/wp-json\/wp\/v2\/media\/12805"}],"wp:attachment":[{"href":"https:\/\/www.africa-press.net\/centrafricaine\/wp-json\/wp\/v2\/media?parent=12806"}],"wp:term":[{"taxonomy":"category","embeddable":true,"href":"https:\/\/www.africa-press.net\/centrafricaine\/wp-json\/wp\/v2\/categories?post=12806"},{"taxonomy":"post_tag","embeddable":true,"href":"https:\/\/www.africa-press.net\/centrafricaine\/wp-json\/wp\/v2\/tags?post=12806"}],"curies":[{"name":"wp","href":"https:\/\/api.w.org\/{rel}","templated":true}]}}