{"id":12838,"date":"2021-11-02T16:16:52","date_gmt":"2021-11-02T16:16:52","guid":{"rendered":"https:\/\/www.africa-press.net\/centrafricaine\/politique\/communique-de-presse-de-la-minuscommunique-de-presse-de-la-minusca-des-casques-bleus-egyptiensca-des-casques-bleus-egyptiens-de-la-minusca-blesses-par-les-gardes-presidentiels"},"modified":"2021-11-03T21:50:28","modified_gmt":"2021-11-03T21:50:28","slug":"communique-de-presse-de-la-minuscommunique-de-presse-de-la-minusca-des-casques-bleus-egyptiensca-des-casques-bleus-egyptiens-de-la-minusca-blesses-par-les-gardes-presidentiels","status":"publish","type":"post","link":"https:\/\/www.africa-press.net\/centrafricaine\/politique\/communique-de-presse-de-la-minuscommunique-de-presse-de-la-minusca-des-casques-bleus-egyptiensca-des-casques-bleus-egyptiens-de-la-minusca-blesses-par-les-gardes-presidentiels","title":{"rendered":"Communiqu\u00e9 de presse de la MinusCommuniqu\u00e9 de presse de la Minusca : des casques bleus \u00e9gyptiensca : des casques bleus \u00e9gyptiens de la Minusca bless\u00e9s par les gardes pr\u00e9sidentiels"},"content":{"rendered":"<p><span style=\"color: #ff6600\"><strong>Africa-Press &#8211; CentrAfricaine. <\/strong><\/span>Dix casques bleus \u00e9gyptiens non arm\u00e9s de l\u2019Unit\u00e9 de Police Constitu\u00e9e \u00e9gyptienne de la MINUSCA, ont \u00e9t\u00e9 bless\u00e9s par balle, dont deux gri\u00e8vement, dans l\u2019apr\u00e8s-midi du lundi, 1er novembre, \u00e0 Bangui, par des \u00e9l\u00e9ments de la garde pr\u00e9sidentielle.<\/p>\n<p>Arriv\u00e9s le 1er novembre \u00e0 l\u2019a\u00e9roport international de Bangui M\u2019Poko, dans le cadre de la rotation p\u00e9riodique et du d\u00e9ploiement des troupes en RCA, et en direction de leur base, les \u00e9l\u00e9ments de l\u2019Unit\u00e9 de Police Constitu\u00e9e \u00e9gyptienne ont essuy\u00e9 des tirs nourris de la garde pr\u00e9sidentielle sans sommation pr\u00e9alable ni riposte aucune, alors qu\u2019ils n\u2019\u00e9taient pas arm\u00e9s.<\/p>\n<p>Dans sa tentative de retrait de la zone, situ\u00e9e \u00e0 120 m\u00e8tres environ de la r\u00e9sidence pr\u00e9sidentielle, le bus de l\u2019Unit\u00e9 de Police Constitu\u00e9e \u00e9gyptienne a heurt\u00e9 une femme qui a perdu la vie. Une d\u00e9l\u00e9gation de la MINUSCA a d\u00e9plor\u00e9 l\u2019accident et pr\u00e9sent\u00e9 ses condol\u00e9ances \u00e0 la famille de la victime lors d\u2019une rencontre en fin de journ\u00e9e.<\/p>\n<p>La MINUSCA condamne fermement ce qui appara\u00eet \u00eatre une attaque d\u00e9lib\u00e9r\u00e9e et inqualifiable que rien ne justifie.<\/p>\n<p>Le leadership de la MINUSCA et des membres du Gouvernement ont initi\u00e9 imm\u00e9diatement le dialogue pour l\u2019ouverture des enqu\u00eates n\u00e9cessaires afin de tirer toutes les cons\u00e9quences judiciaires de cet incident conform\u00e9ment aux obligations qui leur incombent en vertu de l\u2019Accord entre l\u2019Organisation des Nations Unies et le Gouvernement de la R\u00e9publique Centrafricaine relatif au statut de la MINUSCA (SOFA).<\/p>\n<p><strong>Pour plus d&rsquo;informations et d&rsquo;analyses sur la <a href=\"https:\/\/www.africa-press.net\/centrafricaine\">CentrAfricaine<\/a>, suivez <a href=\"https:\/\/www.africa-press.net\/\">Africa-Press<\/a><\/strong><\/p>\n","protected":false},"excerpt":{"rendered":"<p>Africa-Press &#8211; CentrAfricaine. Dix casques bleus \u00e9gyptiens non arm\u00e9s de l\u2019Unit\u00e9 de Police Constitu\u00e9e \u00e9gyptienne de la MINUSCA, ont \u00e9t\u00e9 bless\u00e9s par balle, dont deux gri\u00e8vement, dans l\u2019apr\u00e8s-midi du lundi, 1er novembre, \u00e0 Bangui, par des \u00e9l\u00e9ments de la garde pr\u00e9sidentielle. Arriv\u00e9s le 1er novembre \u00e0 l\u2019a\u00e9roport international de Bangui M\u2019Poko, dans le cadre de [&hellip;]<\/p>\n","protected":false},"author":82,"featured_media":12837,"comment_status":"open","ping_status":"closed","sticky":false,"template":"","format":"standard","meta":{"footnotes":""},"categories":[11,2,10],"tags":[36,58,30,48,1023],"class_list":["post-12838","post","type-post","status-publish","format-standard","has-post-thumbnail","hentry","category-homepage-french","category-politique","category-toutes-les-actualites","tag-africa-press","tag-africa-press-centrafricaine","tag-centrafricaine","tag-minusca","tag-presidentiels"],"yoast_head":"<!-- This site is optimized with the Yoast SEO Premium plugin v26.1 (Yoast SEO v27.0) - https:\/\/yoast.com\/product\/yoast-seo-premium-wordpress\/ -->\n<title>Communiqu\u00e9 de presse de la MinusCommuniqu\u00e9 de presse de la Minusca : des casques bleus \u00e9gyptiensca : des casques bleus \u00e9gyptiens de la Minusca bless\u00e9s par les gardes pr\u00e9sidentiels - centrafricaine<\/title>\n<meta name=\"robots\" content=\"index, follow, max-snippet:-1, max-image-preview:large, max-video-preview:-1\" \/>\n<link rel=\"canonical\" href=\"https:\/\/www.africa-press.net\/centrafricaine\/politique\/communique-de-presse-de-la-minuscommunique-de-presse-de-la-minusca-des-casques-bleus-egyptiensca-des-casques-bleus-egyptiens-de-la-minusca-blesses-par-les-gardes-presidentiels\" \/>\n<meta property=\"og:locale\" content=\"fr_FR\" \/>\n<meta property=\"og:type\" content=\"article\" \/>\n<meta property=\"og:title\" content=\"Communiqu\u00e9 de presse de la MinusCommuniqu\u00e9 de presse de la Minusca : des casques bleus \u00e9gyptiensca : des casques bleus \u00e9gyptiens de la Minusca bless\u00e9s par les gardes pr\u00e9sidentiels\" \/>\n<meta property=\"og:description\" content=\"Africa-Press &#8211; CentrAfricaine. Dix casques bleus \u00e9gyptiens non arm\u00e9s de l\u2019Unit\u00e9 de Police Constitu\u00e9e \u00e9gyptienne de la MINUSCA, ont \u00e9t\u00e9 bless\u00e9s par balle, dont deux gri\u00e8vement, dans l\u2019apr\u00e8s-midi du lundi, 1er novembre, \u00e0 Bangui, par des \u00e9l\u00e9ments de la garde pr\u00e9sidentielle. Arriv\u00e9s le 1er novembre \u00e0 l\u2019a\u00e9roport international de Bangui M\u2019Poko, dans le cadre de [&hellip;]\" \/>\n<meta property=\"og:url\" content=\"https:\/\/www.africa-press.net\/centrafricaine\/politique\/communique-de-presse-de-la-minuscommunique-de-presse-de-la-minusca-des-casques-bleus-egyptiensca-des-casques-bleus-egyptiens-de-la-minusca-blesses-par-les-gardes-presidentiels\" \/>\n<meta property=\"og:site_name\" content=\"centrafricaine\" \/>\n<meta property=\"article:published_time\" content=\"2021-11-02T16:16:52+00:00\" \/>\n<meta property=\"article:modified_time\" content=\"2021-11-03T21:50:28+00:00\" \/>\n<meta property=\"og:image\" content=\"https:\/\/static.africa-press.net\/centrafricaine\/sites\/45\/2021\/11\/img-61817aeb4b2bc.jpg\" \/>\n\t<meta property=\"og:image:width\" content=\"720\" \/>\n\t<meta property=\"og:image:height\" content=\"416\" \/>\n\t<meta property=\"og:image:type\" content=\"image\/jpeg\" \/>\n<meta name=\"author\" content=\"cfeditorfr\" \/>\n<meta name=\"twitter:card\" content=\"summary_large_image\" \/>\n<meta name=\"twitter:label1\" content=\"\u00c9crit par\" \/>\n\t<meta name=\"twitter:data1\" content=\"cfeditorfr\" \/>\n\t<meta name=\"twitter:label2\" content=\"Dur\u00e9e de lecture estim\u00e9e\" \/>\n\t<meta name=\"twitter:data2\" content=\"2 minutes\" \/>\n<script type=\"application\/ld+json\" class=\"yoast-schema-graph\">{\"@context\":\"https:\/\/schema.org\",\"@graph\":[{\"@type\":\"Article\",\"@id\":\"https:\/\/www.africa-press.net\/centrafricaine\/politique\/communique-de-presse-de-la-minuscommunique-de-presse-de-la-minusca-des-casques-bleus-egyptiensca-des-casques-bleus-egyptiens-de-la-minusca-blesses-par-les-gardes-presidentiels#article\",\"isPartOf\":{\"@id\":\"https:\/\/www.africa-press.net\/centrafricaine\/politique\/communique-de-presse-de-la-minuscommunique-de-presse-de-la-minusca-des-casques-bleus-egyptiensca-des-casques-bleus-egyptiens-de-la-minusca-blesses-par-les-gardes-presidentiels\"},\"author\":{\"name\":\"cfeditorfr\",\"@id\":\"https:\/\/www.africa-press.net\/centrafricaine\/#\/schema\/person\/2b1cf3cd81a31e3cd26889ca66d677f1\"},\"headline\":\"Communiqu\u00e9 de presse de la MinusCommuniqu\u00e9 de presse de la Minusca : des casques bleus \u00e9gyptiensca : des casques bleus \u00e9gyptiens de la Minusca bless\u00e9s par les gardes pr\u00e9sidentiels\",\"datePublished\":\"2021-11-02T16:16:52+00:00\",\"dateModified\":\"2021-11-03T21:50:28+00:00\",\"mainEntityOfPage\":{\"@id\":\"https:\/\/www.africa-press.net\/centrafricaine\/politique\/communique-de-presse-de-la-minuscommunique-de-presse-de-la-minusca-des-casques-bleus-egyptiensca-des-casques-bleus-egyptiens-de-la-minusca-blesses-par-les-gardes-presidentiels\"},\"wordCount\":320,\"commentCount\":0,\"image\":{\"@id\":\"https:\/\/www.africa-press.net\/centrafricaine\/politique\/communique-de-presse-de-la-minuscommunique-de-presse-de-la-minusca-des-casques-bleus-egyptiensca-des-casques-bleus-egyptiens-de-la-minusca-blesses-par-les-gardes-presidentiels#primaryimage\"},\"thumbnailUrl\":\"https:\/\/static.africa-press.net\/centrafricaine\/sites\/45\/2021\/11\/img-61817aeb4b2bc.jpg\",\"keywords\":[\"Africa Press\",\"Africa Press-CentrAfricaine\",\"CentrAfricaine\",\"Minusca\",\"pr\u00e9sidentiels\"],\"articleSection\":[\"homepage-french\",\"Politique\",\"Toutes les actualit\u00e9s\"],\"inLanguage\":\"fr-FR\",\"potentialAction\":[{\"@type\":\"CommentAction\",\"name\":\"Comment\",\"target\":[\"https:\/\/www.africa-press.net\/centrafricaine\/politique\/communique-de-presse-de-la-minuscommunique-de-presse-de-la-minusca-des-casques-bleus-egyptiensca-des-casques-bleus-egyptiens-de-la-minusca-blesses-par-les-gardes-presidentiels#respond\"]}]},{\"@type\":\"WebPage\",\"@id\":\"https:\/\/www.africa-press.net\/centrafricaine\/politique\/communique-de-presse-de-la-minuscommunique-de-presse-de-la-minusca-des-casques-bleus-egyptiensca-des-casques-bleus-egyptiens-de-la-minusca-blesses-par-les-gardes-presidentiels\",\"url\":\"https:\/\/www.africa-press.net\/centrafricaine\/politique\/communique-de-presse-de-la-minuscommunique-de-presse-de-la-minusca-des-casques-bleus-egyptiensca-des-casques-bleus-egyptiens-de-la-minusca-blesses-par-les-gardes-presidentiels\",\"name\":\"Communiqu\u00e9 de presse de la MinusCommuniqu\u00e9 de presse de la Minusca : des casques bleus \u00e9gyptiensca : des casques bleus \u00e9gyptiens de la Minusca bless\u00e9s par les gardes pr\u00e9sidentiels - centrafricaine\",\"isPartOf\":{\"@id\":\"https:\/\/www.africa-press.net\/centrafricaine\/#website\"},\"primaryImageOfPage\":{\"@id\":\"https:\/\/www.africa-press.net\/centrafricaine\/politique\/communique-de-presse-de-la-minuscommunique-de-presse-de-la-minusca-des-casques-bleus-egyptiensca-des-casques-bleus-egyptiens-de-la-minusca-blesses-par-les-gardes-presidentiels#primaryimage\"},\"image\":{\"@id\":\"https:\/\/www.africa-press.net\/centrafricaine\/politique\/communique-de-presse-de-la-minuscommunique-de-presse-de-la-minusca-des-casques-bleus-egyptiensca-des-casques-bleus-egyptiens-de-la-minusca-blesses-par-les-gardes-presidentiels#primaryimage\"},\"thumbnailUrl\":\"https:\/\/static.africa-press.net\/centrafricaine\/sites\/45\/2021\/11\/img-61817aeb4b2bc.jpg\",\"datePublished\":\"2021-11-02T16:16:52+00:00\",\"dateModified\":\"2021-11-03T21:50:28+00:00\",\"author\":{\"@id\":\"https:\/\/www.africa-press.net\/centrafricaine\/#\/schema\/person\/2b1cf3cd81a31e3cd26889ca66d677f1\"},\"breadcrumb\":{\"@id\":\"https:\/\/www.africa-press.net\/centrafricaine\/politique\/communique-de-presse-de-la-minuscommunique-de-presse-de-la-minusca-des-casques-bleus-egyptiensca-des-casques-bleus-egyptiens-de-la-minusca-blesses-par-les-gardes-presidentiels#breadcrumb\"},\"inLanguage\":\"fr-FR\",\"potentialAction\":[{\"@type\":\"ReadAction\",\"target\":[\"https:\/\/www.africa-press.net\/centrafricaine\/politique\/communique-de-presse-de-la-minuscommunique-de-presse-de-la-minusca-des-casques-bleus-egyptiensca-des-casques-bleus-egyptiens-de-la-minusca-blesses-par-les-gardes-presidentiels\"]}]},{\"@type\":\"ImageObject\",\"inLanguage\":\"fr-FR\",\"@id\":\"https:\/\/www.africa-press.net\/centrafricaine\/politique\/communique-de-presse-de-la-minuscommunique-de-presse-de-la-minusca-des-casques-bleus-egyptiensca-des-casques-bleus-egyptiens-de-la-minusca-blesses-par-les-gardes-presidentiels#primaryimage\",\"url\":\"https:\/\/static.africa-press.net\/centrafricaine\/sites\/45\/2021\/11\/img-61817aeb4b2bc.jpg\",\"contentUrl\":\"https:\/\/static.africa-press.net\/centrafricaine\/sites\/45\/2021\/11\/img-61817aeb4b2bc.jpg\",\"width\":720,\"height\":416,\"caption\":\"Communiqu\u00e9 de presse de la MinusCommuniqu\u00e9 de presse de la Minusca : des casques bleus \u00e9gyptiensca : des casques bleus \u00e9gyptiens de la Minusca bless\u00e9s par les gardes pr\u00e9sidentiels\"},{\"@type\":\"BreadcrumbList\",\"@id\":\"https:\/\/www.africa-press.net\/centrafricaine\/politique\/communique-de-presse-de-la-minuscommunique-de-presse-de-la-minusca-des-casques-bleus-egyptiensca-des-casques-bleus-egyptiens-de-la-minusca-blesses-par-les-gardes-presidentiels#breadcrumb\",\"itemListElement\":[{\"@type\":\"ListItem\",\"position\":1,\"name\":\"Accueil\",\"item\":\"https:\/\/www.africa-press.net\/centrafricaine\/\"},{\"@type\":\"ListItem\",\"position\":2,\"name\":\"Communiqu\u00e9 de presse de la MinusCommuniqu\u00e9 de presse de la Minusca : des casques bleus \u00e9gyptiensca : des casques bleus \u00e9gyptiens de la Minusca bless\u00e9s par les gardes pr\u00e9sidentiels\"}]},{\"@type\":\"WebSite\",\"@id\":\"https:\/\/www.africa-press.net\/centrafricaine\/#website\",\"url\":\"https:\/\/www.africa-press.net\/centrafricaine\/\",\"name\":\"centrafricaine\",\"description\":\"Just another Africa News Agency Sites site\",\"potentialAction\":[{\"@type\":\"SearchAction\",\"target\":{\"@type\":\"EntryPoint\",\"urlTemplate\":\"https:\/\/www.africa-press.net\/centrafricaine\/?s={search_term_string}\"},\"query-input\":{\"@type\":\"PropertyValueSpecification\",\"valueRequired\":true,\"valueName\":\"search_term_string\"}}],\"inLanguage\":\"fr-FR\"},{\"@type\":\"Person\",\"@id\":\"https:\/\/www.africa-press.net\/centrafricaine\/#\/schema\/person\/2b1cf3cd81a31e3cd26889ca66d677f1\",\"name\":\"cfeditorfr\"}]}<\/script>\n<!-- \/ Yoast SEO Premium plugin. -->","yoast_head_json":{"title":"Communiqu\u00e9 de presse de la MinusCommuniqu\u00e9 de presse de la Minusca : des casques bleus \u00e9gyptiensca : des casques bleus \u00e9gyptiens de la Minusca bless\u00e9s par les gardes pr\u00e9sidentiels - centrafricaine","robots":{"index":"index","follow":"follow","max-snippet":"max-snippet:-1","max-image-preview":"max-image-preview:large","max-video-preview":"max-video-preview:-1"},"canonical":"https:\/\/www.africa-press.net\/centrafricaine\/politique\/communique-de-presse-de-la-minuscommunique-de-presse-de-la-minusca-des-casques-bleus-egyptiensca-des-casques-bleus-egyptiens-de-la-minusca-blesses-par-les-gardes-presidentiels","og_locale":"fr_FR","og_type":"article","og_title":"Communiqu\u00e9 de presse de la MinusCommuniqu\u00e9 de presse de la Minusca : des casques bleus \u00e9gyptiensca : des casques bleus \u00e9gyptiens de la Minusca bless\u00e9s par les gardes pr\u00e9sidentiels","og_description":"Africa-Press &#8211; CentrAfricaine. Dix casques bleus \u00e9gyptiens non arm\u00e9s de l\u2019Unit\u00e9 de Police Constitu\u00e9e \u00e9gyptienne de la MINUSCA, ont \u00e9t\u00e9 bless\u00e9s par balle, dont deux gri\u00e8vement, dans l\u2019apr\u00e8s-midi du lundi, 1er novembre, \u00e0 Bangui, par des \u00e9l\u00e9ments de la garde pr\u00e9sidentielle. Arriv\u00e9s le 1er novembre \u00e0 l\u2019a\u00e9roport international de Bangui M\u2019Poko, dans le cadre de [&hellip;]","og_url":"https:\/\/www.africa-press.net\/centrafricaine\/politique\/communique-de-presse-de-la-minuscommunique-de-presse-de-la-minusca-des-casques-bleus-egyptiensca-des-casques-bleus-egyptiens-de-la-minusca-blesses-par-les-gardes-presidentiels","og_site_name":"centrafricaine","article_published_time":"2021-11-02T16:16:52+00:00","article_modified_time":"2021-11-03T21:50:28+00:00","og_image":[{"width":720,"height":416,"url":"https:\/\/static.africa-press.net\/centrafricaine\/sites\/45\/2021\/11\/img-61817aeb4b2bc.jpg","type":"image\/jpeg"}],"author":"cfeditorfr","twitter_card":"summary_large_image","twitter_misc":{"\u00c9crit par":"cfeditorfr","Dur\u00e9e de lecture estim\u00e9e":"2 minutes"},"schema":{"@context":"https:\/\/schema.org","@graph":[{"@type":"Article","@id":"https:\/\/www.africa-press.net\/centrafricaine\/politique\/communique-de-presse-de-la-minuscommunique-de-presse-de-la-minusca-des-casques-bleus-egyptiensca-des-casques-bleus-egyptiens-de-la-minusca-blesses-par-les-gardes-presidentiels#article","isPartOf":{"@id":"https:\/\/www.africa-press.net\/centrafricaine\/politique\/communique-de-presse-de-la-minuscommunique-de-presse-de-la-minusca-des-casques-bleus-egyptiensca-des-casques-bleus-egyptiens-de-la-minusca-blesses-par-les-gardes-presidentiels"},"author":{"name":"cfeditorfr","@id":"https:\/\/www.africa-press.net\/centrafricaine\/#\/schema\/person\/2b1cf3cd81a31e3cd26889ca66d677f1"},"headline":"Communiqu\u00e9 de presse de la MinusCommuniqu\u00e9 de presse de la Minusca : des casques bleus \u00e9gyptiensca : des casques bleus \u00e9gyptiens de la Minusca bless\u00e9s par les gardes pr\u00e9sidentiels","datePublished":"2021-11-02T16:16:52+00:00","dateModified":"2021-11-03T21:50:28+00:00","mainEntityOfPage":{"@id":"https:\/\/www.africa-press.net\/centrafricaine\/politique\/communique-de-presse-de-la-minuscommunique-de-presse-de-la-minusca-des-casques-bleus-egyptiensca-des-casques-bleus-egyptiens-de-la-minusca-blesses-par-les-gardes-presidentiels"},"wordCount":320,"commentCount":0,"image":{"@id":"https:\/\/www.africa-press.net\/centrafricaine\/politique\/communique-de-presse-de-la-minuscommunique-de-presse-de-la-minusca-des-casques-bleus-egyptiensca-des-casques-bleus-egyptiens-de-la-minusca-blesses-par-les-gardes-presidentiels#primaryimage"},"thumbnailUrl":"https:\/\/static.africa-press.net\/centrafricaine\/sites\/45\/2021\/11\/img-61817aeb4b2bc.jpg","keywords":["Africa Press","Africa Press-CentrAfricaine","CentrAfricaine","Minusca","pr\u00e9sidentiels"],"articleSection":["homepage-french","Politique","Toutes les actualit\u00e9s"],"inLanguage":"fr-FR","potentialAction":[{"@type":"CommentAction","name":"Comment","target":["https:\/\/www.africa-press.net\/centrafricaine\/politique\/communique-de-presse-de-la-minuscommunique-de-presse-de-la-minusca-des-casques-bleus-egyptiensca-des-casques-bleus-egyptiens-de-la-minusca-blesses-par-les-gardes-presidentiels#respond"]}]},{"@type":"WebPage","@id":"https:\/\/www.africa-press.net\/centrafricaine\/politique\/communique-de-presse-de-la-minuscommunique-de-presse-de-la-minusca-des-casques-bleus-egyptiensca-des-casques-bleus-egyptiens-de-la-minusca-blesses-par-les-gardes-presidentiels","url":"https:\/\/www.africa-press.net\/centrafricaine\/politique\/communique-de-presse-de-la-minuscommunique-de-presse-de-la-minusca-des-casques-bleus-egyptiensca-des-casques-bleus-egyptiens-de-la-minusca-blesses-par-les-gardes-presidentiels","name":"Communiqu\u00e9 de presse de la MinusCommuniqu\u00e9 de presse de la Minusca : des casques bleus \u00e9gyptiensca : des casques bleus \u00e9gyptiens de la Minusca bless\u00e9s par les gardes pr\u00e9sidentiels - centrafricaine","isPartOf":{"@id":"https:\/\/www.africa-press.net\/centrafricaine\/#website"},"primaryImageOfPage":{"@id":"https:\/\/www.africa-press.net\/centrafricaine\/politique\/communique-de-presse-de-la-minuscommunique-de-presse-de-la-minusca-des-casques-bleus-egyptiensca-des-casques-bleus-egyptiens-de-la-minusca-blesses-par-les-gardes-presidentiels#primaryimage"},"image":{"@id":"https:\/\/www.africa-press.net\/centrafricaine\/politique\/communique-de-presse-de-la-minuscommunique-de-presse-de-la-minusca-des-casques-bleus-egyptiensca-des-casques-bleus-egyptiens-de-la-minusca-blesses-par-les-gardes-presidentiels#primaryimage"},"thumbnailUrl":"https:\/\/static.africa-press.net\/centrafricaine\/sites\/45\/2021\/11\/img-61817aeb4b2bc.jpg","datePublished":"2021-11-02T16:16:52+00:00","dateModified":"2021-11-03T21:50:28+00:00","author":{"@id":"https:\/\/www.africa-press.net\/centrafricaine\/#\/schema\/person\/2b1cf3cd81a31e3cd26889ca66d677f1"},"breadcrumb":{"@id":"https:\/\/www.africa-press.net\/centrafricaine\/politique\/communique-de-presse-de-la-minuscommunique-de-presse-de-la-minusca-des-casques-bleus-egyptiensca-des-casques-bleus-egyptiens-de-la-minusca-blesses-par-les-gardes-presidentiels#breadcrumb"},"inLanguage":"fr-FR","potentialAction":[{"@type":"ReadAction","target":["https:\/\/www.africa-press.net\/centrafricaine\/politique\/communique-de-presse-de-la-minuscommunique-de-presse-de-la-minusca-des-casques-bleus-egyptiensca-des-casques-bleus-egyptiens-de-la-minusca-blesses-par-les-gardes-presidentiels"]}]},{"@type":"ImageObject","inLanguage":"fr-FR","@id":"https:\/\/www.africa-press.net\/centrafricaine\/politique\/communique-de-presse-de-la-minuscommunique-de-presse-de-la-minusca-des-casques-bleus-egyptiensca-des-casques-bleus-egyptiens-de-la-minusca-blesses-par-les-gardes-presidentiels#primaryimage","url":"https:\/\/static.africa-press.net\/centrafricaine\/sites\/45\/2021\/11\/img-61817aeb4b2bc.jpg","contentUrl":"https:\/\/static.africa-press.net\/centrafricaine\/sites\/45\/2021\/11\/img-61817aeb4b2bc.jpg","width":720,"height":416,"caption":"Communiqu\u00e9 de presse de la MinusCommuniqu\u00e9 de presse de la Minusca : des casques bleus \u00e9gyptiensca : des casques bleus \u00e9gyptiens de la Minusca bless\u00e9s par les gardes pr\u00e9sidentiels"},{"@type":"BreadcrumbList","@id":"https:\/\/www.africa-press.net\/centrafricaine\/politique\/communique-de-presse-de-la-minuscommunique-de-presse-de-la-minusca-des-casques-bleus-egyptiensca-des-casques-bleus-egyptiens-de-la-minusca-blesses-par-les-gardes-presidentiels#breadcrumb","itemListElement":[{"@type":"ListItem","position":1,"name":"Accueil","item":"https:\/\/www.africa-press.net\/centrafricaine\/"},{"@type":"ListItem","position":2,"name":"Communiqu\u00e9 de presse de la MinusCommuniqu\u00e9 de presse de la Minusca : des casques bleus \u00e9gyptiensca : des casques bleus \u00e9gyptiens de la Minusca bless\u00e9s par les gardes pr\u00e9sidentiels"}]},{"@type":"WebSite","@id":"https:\/\/www.africa-press.net\/centrafricaine\/#website","url":"https:\/\/www.africa-press.net\/centrafricaine\/","name":"centrafricaine","description":"Just another Africa News Agency Sites site","potentialAction":[{"@type":"SearchAction","target":{"@type":"EntryPoint","urlTemplate":"https:\/\/www.africa-press.net\/centrafricaine\/?s={search_term_string}"},"query-input":{"@type":"PropertyValueSpecification","valueRequired":true,"valueName":"search_term_string"}}],"inLanguage":"fr-FR"},{"@type":"Person","@id":"https:\/\/www.africa-press.net\/centrafricaine\/#\/schema\/person\/2b1cf3cd81a31e3cd26889ca66d677f1","name":"cfeditorfr"}]}},"_links":{"self":[{"href":"https:\/\/www.africa-press.net\/centrafricaine\/wp-json\/wp\/v2\/posts\/12838","targetHints":{"allow":["GET"]}}],"collection":[{"href":"https:\/\/www.africa-press.net\/centrafricaine\/wp-json\/wp\/v2\/posts"}],"about":[{"href":"https:\/\/www.africa-press.net\/centrafricaine\/wp-json\/wp\/v2\/types\/post"}],"author":[{"embeddable":true,"href":"https:\/\/www.africa-press.net\/centrafricaine\/wp-json\/wp\/v2\/users\/82"}],"replies":[{"embeddable":true,"href":"https:\/\/www.africa-press.net\/centrafricaine\/wp-json\/wp\/v2\/comments?post=12838"}],"version-history":[{"count":0,"href":"https:\/\/www.africa-press.net\/centrafricaine\/wp-json\/wp\/v2\/posts\/12838\/revisions"}],"wp:featuredmedia":[{"embeddable":true,"href":"https:\/\/www.africa-press.net\/centrafricaine\/wp-json\/wp\/v2\/media\/12837"}],"wp:attachment":[{"href":"https:\/\/www.africa-press.net\/centrafricaine\/wp-json\/wp\/v2\/media?parent=12838"}],"wp:term":[{"taxonomy":"category","embeddable":true,"href":"https:\/\/www.africa-press.net\/centrafricaine\/wp-json\/wp\/v2\/categories?post=12838"},{"taxonomy":"post_tag","embeddable":true,"href":"https:\/\/www.africa-press.net\/centrafricaine\/wp-json\/wp\/v2\/tags?post=12838"}],"curies":[{"name":"wp","href":"https:\/\/api.w.org\/{rel}","templated":true}]}}