{"id":12867,"date":"2021-11-03T16:12:10","date_gmt":"2021-11-03T16:12:10","guid":{"rendered":"https:\/\/www.africa-press.net\/centrafricaine\/politique\/lonu-et-ses-partenaires-ont-celebre-la-journee-des-nations-unies-a-bouar"},"modified":"2021-11-03T22:01:54","modified_gmt":"2021-11-03T22:01:54","slug":"lonu-et-ses-partenaires-ont-celebre-la-journee-des-nations-unies-a-bouar","status":"publish","type":"post","link":"https:\/\/www.africa-press.net\/centrafricaine\/sports\/lonu-et-ses-partenaires-ont-celebre-la-journee-des-nations-unies-a-bouar","title":{"rendered":"L\u2019ONU et ses partenaires ont c\u00e9l\u00e9br\u00e9 la Journ\u00e9e des Nations Unies \u00e0 Bouar"},"content":{"rendered":"<p><span style=\"color: #ff6600\"><strong>Africa-Press &#8211; CentrAfricaine. <\/strong><\/span>La MINUSCA et les agences onusiennes pr\u00e9sentes dans la pr\u00e9fecture de la Nana-Mambere ont c\u00e9l\u00e9br\u00e9 la Journ\u00e9e des Nations Unies le 30 octobre 2021. Comm\u00e9morant ce 76e anniversaire de l\u2019entr\u00e9e en vigueur de la Charte des Nations Unies, la c\u00e9l\u00e9bration s\u2019est d\u00e9roul\u00e9e en pr\u00e9sence des autorit\u00e9s administratives locales, du chef de bureau de la MINUSCA, du personnel civil et militaire de la MINUSCA, des repr\u00e9sentants des agences onusiennes, des organisations partenaires locales et de la soci\u00e9t\u00e9 civile.<\/p>\n<p>Portant sur la th\u00e9matique \u00ab Paix et d\u00e9veloppement en Centrafrique \u00bb, cette journ\u00e9e de comm\u00e9moration a d\u00e9but\u00e9 par une marche sportive sur un parcours de 15Km autour \u00e0 travers la ville de Bouar \u00e0 laquelle ont particip\u00e9 une soixantaine de personnes.<\/p>\n<p>La c\u00e9r\u00e9monie officielle, quant \u00e0 elle, a \u00e9t\u00e9 marqu\u00e9e par divers discours dont celui du maire, du sous-pr\u00e9fet de la ville de Bouar, des repr\u00e9sentants des agences onusiennes et du chef de bureau de la MINUSCA.<\/p>\n<p>A l\u2019unisson, tous les intervenants ont insist\u00e9 sur la n\u00e9cessit\u00e9 d\u2019une paix durable en Centrafrique, condition sine qua non d\u2019un d\u00e9veloppement harmonieux.<\/p>\n<p>Ils ont tous rendu hommage aux actions de la MINUSCA et des agences onusiennes pour la protection des populations et l\u2019assistance humanitaire \u00e0 l\u2019endroit des communaut\u00e9s vuln\u00e9rables.<\/p>\n<p>Cette c\u00e9l\u00e9bration a \u00e9galement \u00e9t\u00e9 rehauss\u00e9e par des prestations artistiques dont une pi\u00e8ce de th\u00e9\u00e2tre sur le r\u00f4le et le mandat des Nations unies en Centrafrique, de m\u00eame que par des danses traditionnelles. Un match de football opposant les fonctionnaires de la localit\u00e9 de Bouar et le personnel des Nations unies a cl\u00f4tur\u00e9 cette c\u00e9l\u00e9bration.<\/p>\n<p><strong>Pour plus d&rsquo;informations et d&rsquo;analyses sur la <a href=\"https:\/\/www.africa-press.net\/centrafricaine\">CentrAfricaine<\/a>, suivez <a href=\"https:\/\/www.africa-press.net\/\">Africa-Press<\/a><\/strong><\/p>\n","protected":false},"excerpt":{"rendered":"<p>Africa-Press &#8211; CentrAfricaine. La MINUSCA et les agences onusiennes pr\u00e9sentes dans la pr\u00e9fecture de la Nana-Mambere ont c\u00e9l\u00e9br\u00e9 la Journ\u00e9e des Nations Unies le 30 octobre 2021. Comm\u00e9morant ce 76e anniversaire de l\u2019entr\u00e9e en vigueur de la Charte des Nations Unies, la c\u00e9l\u00e9bration s\u2019est d\u00e9roul\u00e9e en pr\u00e9sence des autorit\u00e9s administratives locales, du chef de bureau [&hellip;]<\/p>\n","protected":false},"author":82,"featured_media":12866,"comment_status":"open","ping_status":"closed","sticky":false,"template":"","format":"standard","meta":{"footnotes":""},"categories":[11,6,10],"tags":[36,58,30,48,959],"class_list":["post-12867","post","type-post","status-publish","format-standard","has-post-thumbnail","hentry","category-homepage-french","category-sports","category-toutes-les-actualites","tag-africa-press","tag-africa-press-centrafricaine","tag-centrafricaine","tag-minusca","tag-partenaires"],"yoast_head":"<!-- This site is optimized with the Yoast SEO Premium plugin v26.1 (Yoast SEO v27.0) - https:\/\/yoast.com\/product\/yoast-seo-premium-wordpress\/ -->\n<title>L\u2019ONU et ses partenaires ont c\u00e9l\u00e9br\u00e9 la Journ\u00e9e des Nations Unies \u00e0 Bouar - centrafricaine<\/title>\n<meta name=\"robots\" content=\"index, follow, max-snippet:-1, max-image-preview:large, max-video-preview:-1\" \/>\n<link rel=\"canonical\" href=\"https:\/\/www.africa-press.net\/centrafricaine\/sports\/lonu-et-ses-partenaires-ont-celebre-la-journee-des-nations-unies-a-bouar\" \/>\n<meta property=\"og:locale\" content=\"fr_FR\" \/>\n<meta property=\"og:type\" content=\"article\" \/>\n<meta property=\"og:title\" content=\"L\u2019ONU et ses partenaires ont c\u00e9l\u00e9br\u00e9 la Journ\u00e9e des Nations Unies \u00e0 Bouar\" \/>\n<meta property=\"og:description\" content=\"Africa-Press &#8211; CentrAfricaine. La MINUSCA et les agences onusiennes pr\u00e9sentes dans la pr\u00e9fecture de la Nana-Mambere ont c\u00e9l\u00e9br\u00e9 la Journ\u00e9e des Nations Unies le 30 octobre 2021. Comm\u00e9morant ce 76e anniversaire de l\u2019entr\u00e9e en vigueur de la Charte des Nations Unies, la c\u00e9l\u00e9bration s\u2019est d\u00e9roul\u00e9e en pr\u00e9sence des autorit\u00e9s administratives locales, du chef de bureau [&hellip;]\" \/>\n<meta property=\"og:url\" content=\"https:\/\/www.africa-press.net\/centrafricaine\/sports\/lonu-et-ses-partenaires-ont-celebre-la-journee-des-nations-unies-a-bouar\" \/>\n<meta property=\"og:site_name\" content=\"centrafricaine\" \/>\n<meta property=\"article:published_time\" content=\"2021-11-03T16:12:10+00:00\" \/>\n<meta property=\"article:modified_time\" content=\"2021-11-03T22:01:54+00:00\" \/>\n<meta property=\"og:image\" content=\"https:\/\/static.africa-press.net\/centrafricaine\/sites\/45\/2021\/11\/img-6182d4872a2b4.jpg\" \/>\n\t<meta property=\"og:image:width\" content=\"720\" \/>\n\t<meta property=\"og:image:height\" content=\"540\" \/>\n\t<meta property=\"og:image:type\" content=\"image\/jpeg\" \/>\n<meta name=\"author\" content=\"cfeditorfr\" \/>\n<meta name=\"twitter:card\" content=\"summary_large_image\" \/>\n<meta name=\"twitter:label1\" content=\"\u00c9crit par\" \/>\n\t<meta name=\"twitter:data1\" content=\"cfeditorfr\" \/>\n\t<meta name=\"twitter:label2\" content=\"Dur\u00e9e de lecture estim\u00e9e\" \/>\n\t<meta name=\"twitter:data2\" content=\"2 minutes\" \/>\n<script type=\"application\/ld+json\" class=\"yoast-schema-graph\">{\"@context\":\"https:\/\/schema.org\",\"@graph\":[{\"@type\":\"Article\",\"@id\":\"https:\/\/www.africa-press.net\/centrafricaine\/sports\/lonu-et-ses-partenaires-ont-celebre-la-journee-des-nations-unies-a-bouar#article\",\"isPartOf\":{\"@id\":\"https:\/\/www.africa-press.net\/centrafricaine\/sports\/lonu-et-ses-partenaires-ont-celebre-la-journee-des-nations-unies-a-bouar\"},\"author\":{\"name\":\"cfeditorfr\",\"@id\":\"https:\/\/www.africa-press.net\/centrafricaine\/#\/schema\/person\/2b1cf3cd81a31e3cd26889ca66d677f1\"},\"headline\":\"L\u2019ONU et ses partenaires ont c\u00e9l\u00e9br\u00e9 la Journ\u00e9e des Nations Unies \u00e0 Bouar\",\"datePublished\":\"2021-11-03T16:12:10+00:00\",\"dateModified\":\"2021-11-03T22:01:54+00:00\",\"mainEntityOfPage\":{\"@id\":\"https:\/\/www.africa-press.net\/centrafricaine\/sports\/lonu-et-ses-partenaires-ont-celebre-la-journee-des-nations-unies-a-bouar\"},\"wordCount\":327,\"commentCount\":0,\"image\":{\"@id\":\"https:\/\/www.africa-press.net\/centrafricaine\/sports\/lonu-et-ses-partenaires-ont-celebre-la-journee-des-nations-unies-a-bouar#primaryimage\"},\"thumbnailUrl\":\"https:\/\/static.africa-press.net\/centrafricaine\/sites\/45\/2021\/11\/img-6182d4872a2b4.jpg\",\"keywords\":[\"Africa Press\",\"Africa Press-CentrAfricaine\",\"CentrAfricaine\",\"Minusca\",\"partenaires\"],\"articleSection\":[\"homepage-french\",\"Sports\",\"Toutes les actualit\u00e9s\"],\"inLanguage\":\"fr-FR\",\"potentialAction\":[{\"@type\":\"CommentAction\",\"name\":\"Comment\",\"target\":[\"https:\/\/www.africa-press.net\/centrafricaine\/sports\/lonu-et-ses-partenaires-ont-celebre-la-journee-des-nations-unies-a-bouar#respond\"]}]},{\"@type\":\"WebPage\",\"@id\":\"https:\/\/www.africa-press.net\/centrafricaine\/sports\/lonu-et-ses-partenaires-ont-celebre-la-journee-des-nations-unies-a-bouar\",\"url\":\"https:\/\/www.africa-press.net\/centrafricaine\/sports\/lonu-et-ses-partenaires-ont-celebre-la-journee-des-nations-unies-a-bouar\",\"name\":\"L\u2019ONU et ses partenaires ont c\u00e9l\u00e9br\u00e9 la Journ\u00e9e des Nations Unies \u00e0 Bouar - centrafricaine\",\"isPartOf\":{\"@id\":\"https:\/\/www.africa-press.net\/centrafricaine\/#website\"},\"primaryImageOfPage\":{\"@id\":\"https:\/\/www.africa-press.net\/centrafricaine\/sports\/lonu-et-ses-partenaires-ont-celebre-la-journee-des-nations-unies-a-bouar#primaryimage\"},\"image\":{\"@id\":\"https:\/\/www.africa-press.net\/centrafricaine\/sports\/lonu-et-ses-partenaires-ont-celebre-la-journee-des-nations-unies-a-bouar#primaryimage\"},\"thumbnailUrl\":\"https:\/\/static.africa-press.net\/centrafricaine\/sites\/45\/2021\/11\/img-6182d4872a2b4.jpg\",\"datePublished\":\"2021-11-03T16:12:10+00:00\",\"dateModified\":\"2021-11-03T22:01:54+00:00\",\"author\":{\"@id\":\"https:\/\/www.africa-press.net\/centrafricaine\/#\/schema\/person\/2b1cf3cd81a31e3cd26889ca66d677f1\"},\"breadcrumb\":{\"@id\":\"https:\/\/www.africa-press.net\/centrafricaine\/sports\/lonu-et-ses-partenaires-ont-celebre-la-journee-des-nations-unies-a-bouar#breadcrumb\"},\"inLanguage\":\"fr-FR\",\"potentialAction\":[{\"@type\":\"ReadAction\",\"target\":[\"https:\/\/www.africa-press.net\/centrafricaine\/sports\/lonu-et-ses-partenaires-ont-celebre-la-journee-des-nations-unies-a-bouar\"]}]},{\"@type\":\"ImageObject\",\"inLanguage\":\"fr-FR\",\"@id\":\"https:\/\/www.africa-press.net\/centrafricaine\/sports\/lonu-et-ses-partenaires-ont-celebre-la-journee-des-nations-unies-a-bouar#primaryimage\",\"url\":\"https:\/\/static.africa-press.net\/centrafricaine\/sites\/45\/2021\/11\/img-6182d4872a2b4.jpg\",\"contentUrl\":\"https:\/\/static.africa-press.net\/centrafricaine\/sites\/45\/2021\/11\/img-6182d4872a2b4.jpg\",\"width\":720,\"height\":540,\"caption\":\"L\u2019ONU et ses partenaires ont c\u00e9l\u00e9br\u00e9 la Journ\u00e9e des Nations Unies \u00e0 Bouar\"},{\"@type\":\"BreadcrumbList\",\"@id\":\"https:\/\/www.africa-press.net\/centrafricaine\/sports\/lonu-et-ses-partenaires-ont-celebre-la-journee-des-nations-unies-a-bouar#breadcrumb\",\"itemListElement\":[{\"@type\":\"ListItem\",\"position\":1,\"name\":\"Accueil\",\"item\":\"https:\/\/www.africa-press.net\/centrafricaine\/\"},{\"@type\":\"ListItem\",\"position\":2,\"name\":\"L\u2019ONU et ses partenaires ont c\u00e9l\u00e9br\u00e9 la Journ\u00e9e des Nations Unies \u00e0 Bouar\"}]},{\"@type\":\"WebSite\",\"@id\":\"https:\/\/www.africa-press.net\/centrafricaine\/#website\",\"url\":\"https:\/\/www.africa-press.net\/centrafricaine\/\",\"name\":\"centrafricaine\",\"description\":\"Just another Africa News Agency Sites site\",\"potentialAction\":[{\"@type\":\"SearchAction\",\"target\":{\"@type\":\"EntryPoint\",\"urlTemplate\":\"https:\/\/www.africa-press.net\/centrafricaine\/?s={search_term_string}\"},\"query-input\":{\"@type\":\"PropertyValueSpecification\",\"valueRequired\":true,\"valueName\":\"search_term_string\"}}],\"inLanguage\":\"fr-FR\"},{\"@type\":\"Person\",\"@id\":\"https:\/\/www.africa-press.net\/centrafricaine\/#\/schema\/person\/2b1cf3cd81a31e3cd26889ca66d677f1\",\"name\":\"cfeditorfr\"}]}<\/script>\n<!-- \/ Yoast SEO Premium plugin. -->","yoast_head_json":{"title":"L\u2019ONU et ses partenaires ont c\u00e9l\u00e9br\u00e9 la Journ\u00e9e des Nations Unies \u00e0 Bouar - centrafricaine","robots":{"index":"index","follow":"follow","max-snippet":"max-snippet:-1","max-image-preview":"max-image-preview:large","max-video-preview":"max-video-preview:-1"},"canonical":"https:\/\/www.africa-press.net\/centrafricaine\/sports\/lonu-et-ses-partenaires-ont-celebre-la-journee-des-nations-unies-a-bouar","og_locale":"fr_FR","og_type":"article","og_title":"L\u2019ONU et ses partenaires ont c\u00e9l\u00e9br\u00e9 la Journ\u00e9e des Nations Unies \u00e0 Bouar","og_description":"Africa-Press &#8211; CentrAfricaine. La MINUSCA et les agences onusiennes pr\u00e9sentes dans la pr\u00e9fecture de la Nana-Mambere ont c\u00e9l\u00e9br\u00e9 la Journ\u00e9e des Nations Unies le 30 octobre 2021. Comm\u00e9morant ce 76e anniversaire de l\u2019entr\u00e9e en vigueur de la Charte des Nations Unies, la c\u00e9l\u00e9bration s\u2019est d\u00e9roul\u00e9e en pr\u00e9sence des autorit\u00e9s administratives locales, du chef de bureau [&hellip;]","og_url":"https:\/\/www.africa-press.net\/centrafricaine\/sports\/lonu-et-ses-partenaires-ont-celebre-la-journee-des-nations-unies-a-bouar","og_site_name":"centrafricaine","article_published_time":"2021-11-03T16:12:10+00:00","article_modified_time":"2021-11-03T22:01:54+00:00","og_image":[{"width":720,"height":540,"url":"https:\/\/static.africa-press.net\/centrafricaine\/sites\/45\/2021\/11\/img-6182d4872a2b4.jpg","type":"image\/jpeg"}],"author":"cfeditorfr","twitter_card":"summary_large_image","twitter_misc":{"\u00c9crit par":"cfeditorfr","Dur\u00e9e de lecture estim\u00e9e":"2 minutes"},"schema":{"@context":"https:\/\/schema.org","@graph":[{"@type":"Article","@id":"https:\/\/www.africa-press.net\/centrafricaine\/sports\/lonu-et-ses-partenaires-ont-celebre-la-journee-des-nations-unies-a-bouar#article","isPartOf":{"@id":"https:\/\/www.africa-press.net\/centrafricaine\/sports\/lonu-et-ses-partenaires-ont-celebre-la-journee-des-nations-unies-a-bouar"},"author":{"name":"cfeditorfr","@id":"https:\/\/www.africa-press.net\/centrafricaine\/#\/schema\/person\/2b1cf3cd81a31e3cd26889ca66d677f1"},"headline":"L\u2019ONU et ses partenaires ont c\u00e9l\u00e9br\u00e9 la Journ\u00e9e des Nations Unies \u00e0 Bouar","datePublished":"2021-11-03T16:12:10+00:00","dateModified":"2021-11-03T22:01:54+00:00","mainEntityOfPage":{"@id":"https:\/\/www.africa-press.net\/centrafricaine\/sports\/lonu-et-ses-partenaires-ont-celebre-la-journee-des-nations-unies-a-bouar"},"wordCount":327,"commentCount":0,"image":{"@id":"https:\/\/www.africa-press.net\/centrafricaine\/sports\/lonu-et-ses-partenaires-ont-celebre-la-journee-des-nations-unies-a-bouar#primaryimage"},"thumbnailUrl":"https:\/\/static.africa-press.net\/centrafricaine\/sites\/45\/2021\/11\/img-6182d4872a2b4.jpg","keywords":["Africa Press","Africa Press-CentrAfricaine","CentrAfricaine","Minusca","partenaires"],"articleSection":["homepage-french","Sports","Toutes les actualit\u00e9s"],"inLanguage":"fr-FR","potentialAction":[{"@type":"CommentAction","name":"Comment","target":["https:\/\/www.africa-press.net\/centrafricaine\/sports\/lonu-et-ses-partenaires-ont-celebre-la-journee-des-nations-unies-a-bouar#respond"]}]},{"@type":"WebPage","@id":"https:\/\/www.africa-press.net\/centrafricaine\/sports\/lonu-et-ses-partenaires-ont-celebre-la-journee-des-nations-unies-a-bouar","url":"https:\/\/www.africa-press.net\/centrafricaine\/sports\/lonu-et-ses-partenaires-ont-celebre-la-journee-des-nations-unies-a-bouar","name":"L\u2019ONU et ses partenaires ont c\u00e9l\u00e9br\u00e9 la Journ\u00e9e des Nations Unies \u00e0 Bouar - centrafricaine","isPartOf":{"@id":"https:\/\/www.africa-press.net\/centrafricaine\/#website"},"primaryImageOfPage":{"@id":"https:\/\/www.africa-press.net\/centrafricaine\/sports\/lonu-et-ses-partenaires-ont-celebre-la-journee-des-nations-unies-a-bouar#primaryimage"},"image":{"@id":"https:\/\/www.africa-press.net\/centrafricaine\/sports\/lonu-et-ses-partenaires-ont-celebre-la-journee-des-nations-unies-a-bouar#primaryimage"},"thumbnailUrl":"https:\/\/static.africa-press.net\/centrafricaine\/sites\/45\/2021\/11\/img-6182d4872a2b4.jpg","datePublished":"2021-11-03T16:12:10+00:00","dateModified":"2021-11-03T22:01:54+00:00","author":{"@id":"https:\/\/www.africa-press.net\/centrafricaine\/#\/schema\/person\/2b1cf3cd81a31e3cd26889ca66d677f1"},"breadcrumb":{"@id":"https:\/\/www.africa-press.net\/centrafricaine\/sports\/lonu-et-ses-partenaires-ont-celebre-la-journee-des-nations-unies-a-bouar#breadcrumb"},"inLanguage":"fr-FR","potentialAction":[{"@type":"ReadAction","target":["https:\/\/www.africa-press.net\/centrafricaine\/sports\/lonu-et-ses-partenaires-ont-celebre-la-journee-des-nations-unies-a-bouar"]}]},{"@type":"ImageObject","inLanguage":"fr-FR","@id":"https:\/\/www.africa-press.net\/centrafricaine\/sports\/lonu-et-ses-partenaires-ont-celebre-la-journee-des-nations-unies-a-bouar#primaryimage","url":"https:\/\/static.africa-press.net\/centrafricaine\/sites\/45\/2021\/11\/img-6182d4872a2b4.jpg","contentUrl":"https:\/\/static.africa-press.net\/centrafricaine\/sites\/45\/2021\/11\/img-6182d4872a2b4.jpg","width":720,"height":540,"caption":"L\u2019ONU et ses partenaires ont c\u00e9l\u00e9br\u00e9 la Journ\u00e9e des Nations Unies \u00e0 Bouar"},{"@type":"BreadcrumbList","@id":"https:\/\/www.africa-press.net\/centrafricaine\/sports\/lonu-et-ses-partenaires-ont-celebre-la-journee-des-nations-unies-a-bouar#breadcrumb","itemListElement":[{"@type":"ListItem","position":1,"name":"Accueil","item":"https:\/\/www.africa-press.net\/centrafricaine\/"},{"@type":"ListItem","position":2,"name":"L\u2019ONU et ses partenaires ont c\u00e9l\u00e9br\u00e9 la Journ\u00e9e des Nations Unies \u00e0 Bouar"}]},{"@type":"WebSite","@id":"https:\/\/www.africa-press.net\/centrafricaine\/#website","url":"https:\/\/www.africa-press.net\/centrafricaine\/","name":"centrafricaine","description":"Just another Africa News Agency Sites site","potentialAction":[{"@type":"SearchAction","target":{"@type":"EntryPoint","urlTemplate":"https:\/\/www.africa-press.net\/centrafricaine\/?s={search_term_string}"},"query-input":{"@type":"PropertyValueSpecification","valueRequired":true,"valueName":"search_term_string"}}],"inLanguage":"fr-FR"},{"@type":"Person","@id":"https:\/\/www.africa-press.net\/centrafricaine\/#\/schema\/person\/2b1cf3cd81a31e3cd26889ca66d677f1","name":"cfeditorfr"}]}},"_links":{"self":[{"href":"https:\/\/www.africa-press.net\/centrafricaine\/wp-json\/wp\/v2\/posts\/12867","targetHints":{"allow":["GET"]}}],"collection":[{"href":"https:\/\/www.africa-press.net\/centrafricaine\/wp-json\/wp\/v2\/posts"}],"about":[{"href":"https:\/\/www.africa-press.net\/centrafricaine\/wp-json\/wp\/v2\/types\/post"}],"author":[{"embeddable":true,"href":"https:\/\/www.africa-press.net\/centrafricaine\/wp-json\/wp\/v2\/users\/82"}],"replies":[{"embeddable":true,"href":"https:\/\/www.africa-press.net\/centrafricaine\/wp-json\/wp\/v2\/comments?post=12867"}],"version-history":[{"count":0,"href":"https:\/\/www.africa-press.net\/centrafricaine\/wp-json\/wp\/v2\/posts\/12867\/revisions"}],"wp:featuredmedia":[{"embeddable":true,"href":"https:\/\/www.africa-press.net\/centrafricaine\/wp-json\/wp\/v2\/media\/12866"}],"wp:attachment":[{"href":"https:\/\/www.africa-press.net\/centrafricaine\/wp-json\/wp\/v2\/media?parent=12867"}],"wp:term":[{"taxonomy":"category","embeddable":true,"href":"https:\/\/www.africa-press.net\/centrafricaine\/wp-json\/wp\/v2\/categories?post=12867"},{"taxonomy":"post_tag","embeddable":true,"href":"https:\/\/www.africa-press.net\/centrafricaine\/wp-json\/wp\/v2\/tags?post=12867"}],"curies":[{"name":"wp","href":"https:\/\/api.w.org\/{rel}","templated":true}]}}