{"id":12896,"date":"2021-11-04T17:45:27","date_gmt":"2021-11-04T17:45:27","guid":{"rendered":"https:\/\/www.africa-press.net\/centrafricaine\/politique\/lincident-autour-de-la-residence-du-chef-de-letat-la-minusca-refuse-une-enquete-conjointe-proposee-par-le-gouvernement"},"modified":"2021-11-04T21:41:08","modified_gmt":"2021-11-04T21:41:08","slug":"lincident-autour-de-la-residence-du-chef-de-letat-la-minusca-refuse-une-enquete-conjointe-proposee-par-le-gouvernement","status":"publish","type":"post","link":"https:\/\/www.africa-press.net\/centrafricaine\/politique\/lincident-autour-de-la-residence-du-chef-de-letat-la-minusca-refuse-une-enquete-conjointe-proposee-par-le-gouvernement","title":{"rendered":"L\u2019incident autour de la r\u00e9sidence du chef de l\u2019\u00c9tat, la Minusca refuse une enqu\u00eate conjointe propos\u00e9e par le gouvernement"},"content":{"rendered":"<p><span style=\"color: #ff6600\"><strong>Africa-Press &#8211; CentrAfricaine. <\/strong><\/span> Dix Casques bleus \u00e9gyptiens non arm\u00e9s de l\u2019Unit\u00e9 de Police constitu\u00e9e \u00e9gyptienne de la MINUSCA ont \u00e9t\u00e9 bless\u00e9s par balle, dont deux gri\u00e8vement, dans l\u2019apr\u00e8s-midi du lundi 1er novembre \u00e0 Bangui par des \u00e9l\u00e9ments de la garde pr\u00e9sidentielle. Un incident qui avait cout\u00e9 la vie \u00e0 une jeune fille de 18 ans, dont les deux parties ont donn\u00e9 leur version des faits. Mais le gouvernement, dans un communiqu\u00e9, a appel\u00e9 la mission de l\u2019ONU en RCA (Minusca) \u00e0 une ouverture imm\u00e9diate d\u2019une enqu\u00eate conjointe, ce que cette derni\u00e8re refuse.<\/p>\n<p>Selon le gouvernement, Trois (03) mini-bus de la MINUSCA rentraient de l\u2019a\u00e9roport Bangui M\u2019poko en convoi unique \u00e0 leur base situ\u00e9e non loin du domicile du Pr\u00e9sident de la R\u00e9publique, Chef de l\u2019\u00e9tat. Un des bus se serait \u00e9gar\u00e9. Le chauffeur qui semblait ne pas conna\u00eetre le chemin se retrouve dans le dernier p\u00e9rim\u00e8tre interdit, zone de s\u00e9curit\u00e9 de la r\u00e9sidence du Pr\u00e9sident de la R\u00e9publique. Dans le v\u00e9hicule les occupants prenaient des photos de la r\u00e9sidence \u00e0 quelle fin nous ne savons. La garde pr\u00e9sidentielle s\u2019en rend compte et tente d\u2019interpeller le chauffeur qui refuse d\u2019obtemp\u00e9rer en prenant la fuite. Dans sa course effr\u00e9n\u00e9e, il heurte mortellement la jeune fille en la trainant sur plus de vingt (20) m\u00e8tres. Les \u00e9l\u00e9ments de la s\u00e9curit\u00e9 pr\u00e9sidentielle ayant aper\u00e7u la fille sous le bus auraient fait des tirs de sommation en l\u2019air ainsi que dans les pneus du v\u00e9hicule pour le stopper mais en vain. Malheureusement ces tirs auraient occasionn\u00e9 des bless\u00e9s dans le bus de la MINUSCA.<\/p>\n<p>Or, la Minusca, de son c\u00f4t\u00e9, explique que la version donn\u00e9e par le gouvernement est totalement erron\u00e9e et ne refl\u00e8te pas la r\u00e9alit\u00e9s des faits. D\u2019apr\u00e8s elle, \u201e Dix Casques bleus \u00e9gyptiens non arm\u00e9s de l\u2019Unit\u00e9 de Police constitu\u00e9e \u00e9gyptienne de la MINUSCA, ont \u00e9t\u00e9 bless\u00e9s par balle, dont deux gri\u00e8vement, dans l\u2019apr\u00e8s-midi du lundi, 1er novembre, \u00e0 Bangui par des \u00e9l\u00e9ments de la garde pr\u00e9sidentielle.<\/p>\n<p>Selon la Minusca, ces Casques bleus sont arriv\u00e9s le 1er novembre \u00e0 l\u2019a\u00e9roport international de Bangui M\u2019Poko, dans le cadre de la rotation p\u00e9riodique et du d\u00e9ploiement des troupes en RCA. Ils \u00e9taient en direction de leur base quand ils ont essuy\u00e9 des tirs nourris de la garde pr\u00e9sidentielle sans sommation pr\u00e9alable ni riposte aucune, alors qu\u2019ils n\u2019\u00e9taient pas arm\u00e9s.<\/p>\n<p>C\u2019est ainsi que dans sa tentative de retrait de la zone, situ\u00e9e \u00e0 120 m\u00e8tres environ de la r\u00e9sidence pr\u00e9sidentielle, le bus de l\u2019Unit\u00e9 de Police constitu\u00e9e \u00e9gyptienne a heurt\u00e9 une femme qui a perdu la vie. Une d\u00e9l\u00e9gation de la MINUSCA a d\u00e9plor\u00e9 l\u2019accident et pr\u00e9sent\u00e9 ses condol\u00e9ances \u00e0 la famille de la victime lors d\u2019une rencontre en fin de journ\u00e9e.<\/p>\n<p>La MINUSCA condamne fermement ce qui appara\u00eet \u00eatre une attaque d\u00e9lib\u00e9r\u00e9e et inqualifiable que rien ne justifie \u00bb.<\/p>\n<p>Ainsi, ce mercredi 3 novembre, lors de sa conf\u00e9rence de presse hebdomadaire \u00e0 Bangui, le porte parole de la Minusca a ainsi rejet\u00e9 l\u2019id\u00e9e du gouvernement centrafricain \u00e0 mener une enqu\u00eate conjointe.<\/p>\n<p><b>\u00ab Pour ce qui est de l\u2019enqu\u00eate, m\u00eame s\u2019il y\u2019a eu des contacts normaux entre le gouvernement et la Minusca \u00e0 travers diff\u00e9rents minist\u00e8res, la Minusca fera ses propres investigations. Pas d\u2019enqu\u00eate conjointe \u00bb,<\/b><\/p>\n<p><strong>Pour plus d&rsquo;informations et d&rsquo;analyses sur la <a href=\"https:\/\/www.africa-press.net\/centrafricaine\">CentrAfricaine<\/a>, suivez <a href=\"https:\/\/www.africa-press.net\/\">Africa-Press<\/a><\/strong><\/p>\n","protected":false},"excerpt":{"rendered":"<p>Africa-Press &#8211; CentrAfricaine. Dix Casques bleus \u00e9gyptiens non arm\u00e9s de l\u2019Unit\u00e9 de Police constitu\u00e9e \u00e9gyptienne de la MINUSCA ont \u00e9t\u00e9 bless\u00e9s par balle, dont deux gri\u00e8vement, dans l\u2019apr\u00e8s-midi du lundi 1er novembre \u00e0 Bangui par des \u00e9l\u00e9ments de la garde pr\u00e9sidentielle. Un incident qui avait cout\u00e9 la vie \u00e0 une jeune fille de 18 ans, [&hellip;]<\/p>\n","protected":false},"author":82,"featured_media":12895,"comment_status":"open","ping_status":"closed","sticky":false,"template":"","format":"standard","meta":{"footnotes":""},"categories":[11,2,20,10],"tags":[36,58,30,617,48],"class_list":["post-12896","post","type-post","status-publish","format-standard","has-post-thumbnail","hentry","category-homepage-french","category-politique","category-top-nouvelles","category-toutes-les-actualites","tag-africa-press","tag-africa-press-centrafricaine","tag-centrafricaine","tag-gouvernement","tag-minusca"],"yoast_head":"<!-- This site is optimized with the Yoast SEO Premium plugin v26.1 (Yoast SEO v27.0) - https:\/\/yoast.com\/product\/yoast-seo-premium-wordpress\/ -->\n<title>L\u2019incident autour de la r\u00e9sidence du chef de l\u2019\u00c9tat, la Minusca refuse une enqu\u00eate conjointe propos\u00e9e par le gouvernement - centrafricaine<\/title>\n<meta name=\"robots\" content=\"index, follow, max-snippet:-1, max-image-preview:large, max-video-preview:-1\" \/>\n<link rel=\"canonical\" href=\"https:\/\/www.africa-press.net\/centrafricaine\/politique\/lincident-autour-de-la-residence-du-chef-de-letat-la-minusca-refuse-une-enquete-conjointe-proposee-par-le-gouvernement\" \/>\n<meta property=\"og:locale\" content=\"fr_FR\" \/>\n<meta property=\"og:type\" content=\"article\" \/>\n<meta property=\"og:title\" content=\"L\u2019incident autour de la r\u00e9sidence du chef de l\u2019\u00c9tat, la Minusca refuse une enqu\u00eate conjointe propos\u00e9e par le gouvernement\" \/>\n<meta property=\"og:description\" content=\"Africa-Press &#8211; CentrAfricaine. Dix Casques bleus \u00e9gyptiens non arm\u00e9s de l\u2019Unit\u00e9 de Police constitu\u00e9e \u00e9gyptienne de la MINUSCA ont \u00e9t\u00e9 bless\u00e9s par balle, dont deux gri\u00e8vement, dans l\u2019apr\u00e8s-midi du lundi 1er novembre \u00e0 Bangui par des \u00e9l\u00e9ments de la garde pr\u00e9sidentielle. Un incident qui avait cout\u00e9 la vie \u00e0 une jeune fille de 18 ans, [&hellip;]\" \/>\n<meta property=\"og:url\" content=\"https:\/\/www.africa-press.net\/centrafricaine\/politique\/lincident-autour-de-la-residence-du-chef-de-letat-la-minusca-refuse-une-enquete-conjointe-proposee-par-le-gouvernement\" \/>\n<meta property=\"og:site_name\" content=\"centrafricaine\" \/>\n<meta property=\"article:published_time\" content=\"2021-11-04T17:45:27+00:00\" \/>\n<meta property=\"article:modified_time\" content=\"2021-11-04T21:41:08+00:00\" \/>\n<meta property=\"og:image\" content=\"https:\/\/static.africa-press.net\/centrafricaine\/sites\/45\/2021\/11\/img-61842207bf53d.jpg\" \/>\n\t<meta property=\"og:image:width\" content=\"750\" \/>\n\t<meta property=\"og:image:height\" content=\"452\" \/>\n\t<meta property=\"og:image:type\" content=\"image\/jpeg\" \/>\n<meta name=\"author\" content=\"cfeditorfr\" \/>\n<meta name=\"twitter:card\" content=\"summary_large_image\" \/>\n<meta name=\"twitter:label1\" content=\"\u00c9crit par\" \/>\n\t<meta name=\"twitter:data1\" content=\"cfeditorfr\" \/>\n\t<meta name=\"twitter:label2\" content=\"Dur\u00e9e de lecture estim\u00e9e\" \/>\n\t<meta name=\"twitter:data2\" content=\"3 minutes\" \/>\n<script type=\"application\/ld+json\" class=\"yoast-schema-graph\">{\"@context\":\"https:\/\/schema.org\",\"@graph\":[{\"@type\":\"Article\",\"@id\":\"https:\/\/www.africa-press.net\/centrafricaine\/politique\/lincident-autour-de-la-residence-du-chef-de-letat-la-minusca-refuse-une-enquete-conjointe-proposee-par-le-gouvernement#article\",\"isPartOf\":{\"@id\":\"https:\/\/www.africa-press.net\/centrafricaine\/politique\/lincident-autour-de-la-residence-du-chef-de-letat-la-minusca-refuse-une-enquete-conjointe-proposee-par-le-gouvernement\"},\"author\":{\"name\":\"cfeditorfr\",\"@id\":\"https:\/\/www.africa-press.net\/centrafricaine\/#\/schema\/person\/2b1cf3cd81a31e3cd26889ca66d677f1\"},\"headline\":\"L\u2019incident autour de la r\u00e9sidence du chef de l\u2019\u00c9tat, la Minusca refuse une enqu\u00eate conjointe propos\u00e9e par le gouvernement\",\"datePublished\":\"2021-11-04T17:45:27+00:00\",\"dateModified\":\"2021-11-04T21:41:08+00:00\",\"mainEntityOfPage\":{\"@id\":\"https:\/\/www.africa-press.net\/centrafricaine\/politique\/lincident-autour-de-la-residence-du-chef-de-letat-la-minusca-refuse-une-enquete-conjointe-proposee-par-le-gouvernement\"},\"wordCount\":651,\"commentCount\":0,\"image\":{\"@id\":\"https:\/\/www.africa-press.net\/centrafricaine\/politique\/lincident-autour-de-la-residence-du-chef-de-letat-la-minusca-refuse-une-enquete-conjointe-proposee-par-le-gouvernement#primaryimage\"},\"thumbnailUrl\":\"https:\/\/static.africa-press.net\/centrafricaine\/sites\/45\/2021\/11\/img-61842207bf53d.jpg\",\"keywords\":[\"Africa Press\",\"Africa Press-CentrAfricaine\",\"CentrAfricaine\",\"gouvernement\",\"Minusca\"],\"articleSection\":[\"homepage-french\",\"Politique\",\"Top Nouvelles\",\"Toutes les actualit\u00e9s\"],\"inLanguage\":\"fr-FR\",\"potentialAction\":[{\"@type\":\"CommentAction\",\"name\":\"Comment\",\"target\":[\"https:\/\/www.africa-press.net\/centrafricaine\/politique\/lincident-autour-de-la-residence-du-chef-de-letat-la-minusca-refuse-une-enquete-conjointe-proposee-par-le-gouvernement#respond\"]}]},{\"@type\":\"WebPage\",\"@id\":\"https:\/\/www.africa-press.net\/centrafricaine\/politique\/lincident-autour-de-la-residence-du-chef-de-letat-la-minusca-refuse-une-enquete-conjointe-proposee-par-le-gouvernement\",\"url\":\"https:\/\/www.africa-press.net\/centrafricaine\/politique\/lincident-autour-de-la-residence-du-chef-de-letat-la-minusca-refuse-une-enquete-conjointe-proposee-par-le-gouvernement\",\"name\":\"L\u2019incident autour de la r\u00e9sidence du chef de l\u2019\u00c9tat, la Minusca refuse une enqu\u00eate conjointe propos\u00e9e par le gouvernement - centrafricaine\",\"isPartOf\":{\"@id\":\"https:\/\/www.africa-press.net\/centrafricaine\/#website\"},\"primaryImageOfPage\":{\"@id\":\"https:\/\/www.africa-press.net\/centrafricaine\/politique\/lincident-autour-de-la-residence-du-chef-de-letat-la-minusca-refuse-une-enquete-conjointe-proposee-par-le-gouvernement#primaryimage\"},\"image\":{\"@id\":\"https:\/\/www.africa-press.net\/centrafricaine\/politique\/lincident-autour-de-la-residence-du-chef-de-letat-la-minusca-refuse-une-enquete-conjointe-proposee-par-le-gouvernement#primaryimage\"},\"thumbnailUrl\":\"https:\/\/static.africa-press.net\/centrafricaine\/sites\/45\/2021\/11\/img-61842207bf53d.jpg\",\"datePublished\":\"2021-11-04T17:45:27+00:00\",\"dateModified\":\"2021-11-04T21:41:08+00:00\",\"author\":{\"@id\":\"https:\/\/www.africa-press.net\/centrafricaine\/#\/schema\/person\/2b1cf3cd81a31e3cd26889ca66d677f1\"},\"breadcrumb\":{\"@id\":\"https:\/\/www.africa-press.net\/centrafricaine\/politique\/lincident-autour-de-la-residence-du-chef-de-letat-la-minusca-refuse-une-enquete-conjointe-proposee-par-le-gouvernement#breadcrumb\"},\"inLanguage\":\"fr-FR\",\"potentialAction\":[{\"@type\":\"ReadAction\",\"target\":[\"https:\/\/www.africa-press.net\/centrafricaine\/politique\/lincident-autour-de-la-residence-du-chef-de-letat-la-minusca-refuse-une-enquete-conjointe-proposee-par-le-gouvernement\"]}]},{\"@type\":\"ImageObject\",\"inLanguage\":\"fr-FR\",\"@id\":\"https:\/\/www.africa-press.net\/centrafricaine\/politique\/lincident-autour-de-la-residence-du-chef-de-letat-la-minusca-refuse-une-enquete-conjointe-proposee-par-le-gouvernement#primaryimage\",\"url\":\"https:\/\/static.africa-press.net\/centrafricaine\/sites\/45\/2021\/11\/img-61842207bf53d.jpg\",\"contentUrl\":\"https:\/\/static.africa-press.net\/centrafricaine\/sites\/45\/2021\/11\/img-61842207bf53d.jpg\",\"width\":750,\"height\":452,\"caption\":\"L\u2019incident autour de la r\u00e9sidence du chef de l\u2019\u00c9tat, la Minusca refuse une enqu\u00eate conjointe propos\u00e9e par le gouvernement\"},{\"@type\":\"BreadcrumbList\",\"@id\":\"https:\/\/www.africa-press.net\/centrafricaine\/politique\/lincident-autour-de-la-residence-du-chef-de-letat-la-minusca-refuse-une-enquete-conjointe-proposee-par-le-gouvernement#breadcrumb\",\"itemListElement\":[{\"@type\":\"ListItem\",\"position\":1,\"name\":\"Accueil\",\"item\":\"https:\/\/www.africa-press.net\/centrafricaine\/\"},{\"@type\":\"ListItem\",\"position\":2,\"name\":\"L\u2019incident autour de la r\u00e9sidence du chef de l\u2019\u00c9tat, la Minusca refuse une enqu\u00eate conjointe propos\u00e9e par le gouvernement\"}]},{\"@type\":\"WebSite\",\"@id\":\"https:\/\/www.africa-press.net\/centrafricaine\/#website\",\"url\":\"https:\/\/www.africa-press.net\/centrafricaine\/\",\"name\":\"centrafricaine\",\"description\":\"Just another Africa News Agency Sites site\",\"potentialAction\":[{\"@type\":\"SearchAction\",\"target\":{\"@type\":\"EntryPoint\",\"urlTemplate\":\"https:\/\/www.africa-press.net\/centrafricaine\/?s={search_term_string}\"},\"query-input\":{\"@type\":\"PropertyValueSpecification\",\"valueRequired\":true,\"valueName\":\"search_term_string\"}}],\"inLanguage\":\"fr-FR\"},{\"@type\":\"Person\",\"@id\":\"https:\/\/www.africa-press.net\/centrafricaine\/#\/schema\/person\/2b1cf3cd81a31e3cd26889ca66d677f1\",\"name\":\"cfeditorfr\"}]}<\/script>\n<!-- \/ Yoast SEO Premium plugin. -->","yoast_head_json":{"title":"L\u2019incident autour de la r\u00e9sidence du chef de l\u2019\u00c9tat, la Minusca refuse une enqu\u00eate conjointe propos\u00e9e par le gouvernement - centrafricaine","robots":{"index":"index","follow":"follow","max-snippet":"max-snippet:-1","max-image-preview":"max-image-preview:large","max-video-preview":"max-video-preview:-1"},"canonical":"https:\/\/www.africa-press.net\/centrafricaine\/politique\/lincident-autour-de-la-residence-du-chef-de-letat-la-minusca-refuse-une-enquete-conjointe-proposee-par-le-gouvernement","og_locale":"fr_FR","og_type":"article","og_title":"L\u2019incident autour de la r\u00e9sidence du chef de l\u2019\u00c9tat, la Minusca refuse une enqu\u00eate conjointe propos\u00e9e par le gouvernement","og_description":"Africa-Press &#8211; CentrAfricaine. Dix Casques bleus \u00e9gyptiens non arm\u00e9s de l\u2019Unit\u00e9 de Police constitu\u00e9e \u00e9gyptienne de la MINUSCA ont \u00e9t\u00e9 bless\u00e9s par balle, dont deux gri\u00e8vement, dans l\u2019apr\u00e8s-midi du lundi 1er novembre \u00e0 Bangui par des \u00e9l\u00e9ments de la garde pr\u00e9sidentielle. Un incident qui avait cout\u00e9 la vie \u00e0 une jeune fille de 18 ans, [&hellip;]","og_url":"https:\/\/www.africa-press.net\/centrafricaine\/politique\/lincident-autour-de-la-residence-du-chef-de-letat-la-minusca-refuse-une-enquete-conjointe-proposee-par-le-gouvernement","og_site_name":"centrafricaine","article_published_time":"2021-11-04T17:45:27+00:00","article_modified_time":"2021-11-04T21:41:08+00:00","og_image":[{"width":750,"height":452,"url":"https:\/\/static.africa-press.net\/centrafricaine\/sites\/45\/2021\/11\/img-61842207bf53d.jpg","type":"image\/jpeg"}],"author":"cfeditorfr","twitter_card":"summary_large_image","twitter_misc":{"\u00c9crit par":"cfeditorfr","Dur\u00e9e de lecture estim\u00e9e":"3 minutes"},"schema":{"@context":"https:\/\/schema.org","@graph":[{"@type":"Article","@id":"https:\/\/www.africa-press.net\/centrafricaine\/politique\/lincident-autour-de-la-residence-du-chef-de-letat-la-minusca-refuse-une-enquete-conjointe-proposee-par-le-gouvernement#article","isPartOf":{"@id":"https:\/\/www.africa-press.net\/centrafricaine\/politique\/lincident-autour-de-la-residence-du-chef-de-letat-la-minusca-refuse-une-enquete-conjointe-proposee-par-le-gouvernement"},"author":{"name":"cfeditorfr","@id":"https:\/\/www.africa-press.net\/centrafricaine\/#\/schema\/person\/2b1cf3cd81a31e3cd26889ca66d677f1"},"headline":"L\u2019incident autour de la r\u00e9sidence du chef de l\u2019\u00c9tat, la Minusca refuse une enqu\u00eate conjointe propos\u00e9e par le gouvernement","datePublished":"2021-11-04T17:45:27+00:00","dateModified":"2021-11-04T21:41:08+00:00","mainEntityOfPage":{"@id":"https:\/\/www.africa-press.net\/centrafricaine\/politique\/lincident-autour-de-la-residence-du-chef-de-letat-la-minusca-refuse-une-enquete-conjointe-proposee-par-le-gouvernement"},"wordCount":651,"commentCount":0,"image":{"@id":"https:\/\/www.africa-press.net\/centrafricaine\/politique\/lincident-autour-de-la-residence-du-chef-de-letat-la-minusca-refuse-une-enquete-conjointe-proposee-par-le-gouvernement#primaryimage"},"thumbnailUrl":"https:\/\/static.africa-press.net\/centrafricaine\/sites\/45\/2021\/11\/img-61842207bf53d.jpg","keywords":["Africa Press","Africa Press-CentrAfricaine","CentrAfricaine","gouvernement","Minusca"],"articleSection":["homepage-french","Politique","Top Nouvelles","Toutes les actualit\u00e9s"],"inLanguage":"fr-FR","potentialAction":[{"@type":"CommentAction","name":"Comment","target":["https:\/\/www.africa-press.net\/centrafricaine\/politique\/lincident-autour-de-la-residence-du-chef-de-letat-la-minusca-refuse-une-enquete-conjointe-proposee-par-le-gouvernement#respond"]}]},{"@type":"WebPage","@id":"https:\/\/www.africa-press.net\/centrafricaine\/politique\/lincident-autour-de-la-residence-du-chef-de-letat-la-minusca-refuse-une-enquete-conjointe-proposee-par-le-gouvernement","url":"https:\/\/www.africa-press.net\/centrafricaine\/politique\/lincident-autour-de-la-residence-du-chef-de-letat-la-minusca-refuse-une-enquete-conjointe-proposee-par-le-gouvernement","name":"L\u2019incident autour de la r\u00e9sidence du chef de l\u2019\u00c9tat, la Minusca refuse une enqu\u00eate conjointe propos\u00e9e par le gouvernement - centrafricaine","isPartOf":{"@id":"https:\/\/www.africa-press.net\/centrafricaine\/#website"},"primaryImageOfPage":{"@id":"https:\/\/www.africa-press.net\/centrafricaine\/politique\/lincident-autour-de-la-residence-du-chef-de-letat-la-minusca-refuse-une-enquete-conjointe-proposee-par-le-gouvernement#primaryimage"},"image":{"@id":"https:\/\/www.africa-press.net\/centrafricaine\/politique\/lincident-autour-de-la-residence-du-chef-de-letat-la-minusca-refuse-une-enquete-conjointe-proposee-par-le-gouvernement#primaryimage"},"thumbnailUrl":"https:\/\/static.africa-press.net\/centrafricaine\/sites\/45\/2021\/11\/img-61842207bf53d.jpg","datePublished":"2021-11-04T17:45:27+00:00","dateModified":"2021-11-04T21:41:08+00:00","author":{"@id":"https:\/\/www.africa-press.net\/centrafricaine\/#\/schema\/person\/2b1cf3cd81a31e3cd26889ca66d677f1"},"breadcrumb":{"@id":"https:\/\/www.africa-press.net\/centrafricaine\/politique\/lincident-autour-de-la-residence-du-chef-de-letat-la-minusca-refuse-une-enquete-conjointe-proposee-par-le-gouvernement#breadcrumb"},"inLanguage":"fr-FR","potentialAction":[{"@type":"ReadAction","target":["https:\/\/www.africa-press.net\/centrafricaine\/politique\/lincident-autour-de-la-residence-du-chef-de-letat-la-minusca-refuse-une-enquete-conjointe-proposee-par-le-gouvernement"]}]},{"@type":"ImageObject","inLanguage":"fr-FR","@id":"https:\/\/www.africa-press.net\/centrafricaine\/politique\/lincident-autour-de-la-residence-du-chef-de-letat-la-minusca-refuse-une-enquete-conjointe-proposee-par-le-gouvernement#primaryimage","url":"https:\/\/static.africa-press.net\/centrafricaine\/sites\/45\/2021\/11\/img-61842207bf53d.jpg","contentUrl":"https:\/\/static.africa-press.net\/centrafricaine\/sites\/45\/2021\/11\/img-61842207bf53d.jpg","width":750,"height":452,"caption":"L\u2019incident autour de la r\u00e9sidence du chef de l\u2019\u00c9tat, la Minusca refuse une enqu\u00eate conjointe propos\u00e9e par le gouvernement"},{"@type":"BreadcrumbList","@id":"https:\/\/www.africa-press.net\/centrafricaine\/politique\/lincident-autour-de-la-residence-du-chef-de-letat-la-minusca-refuse-une-enquete-conjointe-proposee-par-le-gouvernement#breadcrumb","itemListElement":[{"@type":"ListItem","position":1,"name":"Accueil","item":"https:\/\/www.africa-press.net\/centrafricaine\/"},{"@type":"ListItem","position":2,"name":"L\u2019incident autour de la r\u00e9sidence du chef de l\u2019\u00c9tat, la Minusca refuse une enqu\u00eate conjointe propos\u00e9e par le gouvernement"}]},{"@type":"WebSite","@id":"https:\/\/www.africa-press.net\/centrafricaine\/#website","url":"https:\/\/www.africa-press.net\/centrafricaine\/","name":"centrafricaine","description":"Just another Africa News Agency Sites site","potentialAction":[{"@type":"SearchAction","target":{"@type":"EntryPoint","urlTemplate":"https:\/\/www.africa-press.net\/centrafricaine\/?s={search_term_string}"},"query-input":{"@type":"PropertyValueSpecification","valueRequired":true,"valueName":"search_term_string"}}],"inLanguage":"fr-FR"},{"@type":"Person","@id":"https:\/\/www.africa-press.net\/centrafricaine\/#\/schema\/person\/2b1cf3cd81a31e3cd26889ca66d677f1","name":"cfeditorfr"}]}},"_links":{"self":[{"href":"https:\/\/www.africa-press.net\/centrafricaine\/wp-json\/wp\/v2\/posts\/12896","targetHints":{"allow":["GET"]}}],"collection":[{"href":"https:\/\/www.africa-press.net\/centrafricaine\/wp-json\/wp\/v2\/posts"}],"about":[{"href":"https:\/\/www.africa-press.net\/centrafricaine\/wp-json\/wp\/v2\/types\/post"}],"author":[{"embeddable":true,"href":"https:\/\/www.africa-press.net\/centrafricaine\/wp-json\/wp\/v2\/users\/82"}],"replies":[{"embeddable":true,"href":"https:\/\/www.africa-press.net\/centrafricaine\/wp-json\/wp\/v2\/comments?post=12896"}],"version-history":[{"count":0,"href":"https:\/\/www.africa-press.net\/centrafricaine\/wp-json\/wp\/v2\/posts\/12896\/revisions"}],"wp:featuredmedia":[{"embeddable":true,"href":"https:\/\/www.africa-press.net\/centrafricaine\/wp-json\/wp\/v2\/media\/12895"}],"wp:attachment":[{"href":"https:\/\/www.africa-press.net\/centrafricaine\/wp-json\/wp\/v2\/media?parent=12896"}],"wp:term":[{"taxonomy":"category","embeddable":true,"href":"https:\/\/www.africa-press.net\/centrafricaine\/wp-json\/wp\/v2\/categories?post=12896"},{"taxonomy":"post_tag","embeddable":true,"href":"https:\/\/www.africa-press.net\/centrafricaine\/wp-json\/wp\/v2\/tags?post=12896"}],"curies":[{"name":"wp","href":"https:\/\/api.w.org\/{rel}","templated":true}]}}