{"id":13033,"date":"2021-11-08T14:31:21","date_gmt":"2021-11-08T14:31:21","guid":{"rendered":"https:\/\/www.africa-press.net\/centrafricaine\/politique\/un-accident-de-circulation-impliquant-le-fils-du-dg-de-la-gendarmerie-tourne-a-lemeute"},"modified":"2021-11-08T21:34:16","modified_gmt":"2021-11-08T21:34:16","slug":"un-accident-de-circulation-impliquant-le-fils-du-dg-de-la-gendarmerie-tourne-a-lemeute","status":"publish","type":"post","link":"https:\/\/www.africa-press.net\/centrafricaine\/politique\/un-accident-de-circulation-impliquant-le-fils-du-dg-de-la-gendarmerie-tourne-a-lemeute","title":{"rendered":"un accident de circulation impliquant le fils du DG de la gendarmerie tourne \u00e0 l\u2019\u00e9meute"},"content":{"rendered":"<p><span style=\"color: #ff6600\"><strong>Africa-Press &#8211; CentrAfricaine. <\/strong><\/span> L\u2019accident impliquant un v\u00e9hicule PRADO du fils du Directeur g\u00e9n\u00e9ral de la gendarmerie et une moto s\u2019est produit sur l\u2019avenue Koudoukou \u00e0 hauteur du si\u00e8ge de la Croix-Rouge, dans le troisi\u00e8me arrondissement de Bangui.<\/p>\n<p>Apr\u00e8s le fait, le conducteur du v\u00e9hicule a tent\u00e9 de fuir, d\u00e9clenchant la col\u00e8re d\u2019une foule hostile qui a pu r\u00e9cup\u00e9rer et incendier le v\u00e9hicule devant le commissariat du cinqui\u00e8me arrondissement.<\/p>\n<p>C\u2019\u00e9tait hier dimanche aux environs de 21 heures que le v\u00e9hicule PRADO, conduit par le fils du Directeur de la gendarmerie accompagn\u00e9e de ses amis, tous dans un \u00e9tat d\u2019ivresse avanc\u00e9e, en provenance du croisement Koudoukou, a heurt\u00e9 un conducteur d\u2019un taxi-moto devant le si\u00e8ge de croix \u2013 rouge centrafricaine.<\/p>\n<p>Apr\u00e8s l\u2019incident, le conducteur, qui \u00e9tait dans un \u00e9tat d\u2019ivresse avanc\u00e9e, n\u2019a pas pu s\u2019arr\u00eater pour tenter d\u2019\u00e9vacuer la victime \u00e0 l\u2019h\u00f4pital. Il pr\u00e9f\u00e8re s\u2019enfuir \u00e0 bord de son v\u00e9hicule avec la moto accident\u00e9e qui s\u2019est coinc\u00e9 le ch\u00e2ssis de son v\u00e9hicule.<\/p>\n<p>Poursuivi par plusieurs conducteurs des taxis- motos, il s\u2019est arr\u00eat\u00e9 devant le commissariat du cinqui\u00e8me arrondissement et trouve refuge aupr\u00e8s des policiers.<\/p>\n<p>Au m\u00eame moment, une foule immense s\u2019est rassembl\u00e9e devant le commissariat, demandant la t\u00eate du conducteur. Malgr\u00e9 la tentative des policiers de calmer la foule, celle-ci voudrait \u00e0 tout prix lyncher l\u2019\u00e9quipage du v\u00e9hicule.<\/p>\n<p>Les policiers \u00e9taient oblig\u00e9s de l\u00e2cher, pr\u00e9f\u00e9rant sauver la vie du conducteur et de ses amis et en les exfiltrant hors du commissariat. C\u2019est ainsi que la foule tr\u00e8s en col\u00e8re a incendi\u00e9 le v\u00e9hicule stationn\u00e9 devant le commissariat.<\/p>\n<p>Les sapeurs-pompiers sont arriv\u00e9s sur le lieu ainsi qu\u2019une intervention de la police. L\u2019incendie a \u00e9t\u00e9 ma\u00eetris\u00e9 quelques minutes plus tard. On ignore si une enqu\u00eate est ouverte sur l\u2019affaire. Pendant ce temps, le conducteur du taxi-moto, gri\u00e8vement bless\u00e9, a \u00e9t\u00e9 transport\u00e9 \u00e0 l\u2019h\u00f4pital.<\/p>\n<p><strong>Pour plus d&rsquo;informations et d&rsquo;analyses sur la <a href=\"https:\/\/www.africa-press.net\/centrafricaine\">CentrAfricaine<\/a>, suivez <a href=\"https:\/\/www.africa-press.net\/\">Africa-Press<\/a><\/strong><\/p>\n","protected":false},"excerpt":{"rendered":"<p>Africa-Press &#8211; CentrAfricaine. L\u2019accident impliquant un v\u00e9hicule PRADO du fils du Directeur g\u00e9n\u00e9ral de la gendarmerie et une moto s\u2019est produit sur l\u2019avenue Koudoukou \u00e0 hauteur du si\u00e8ge de la Croix-Rouge, dans le troisi\u00e8me arrondissement de Bangui. Apr\u00e8s le fait, le conducteur du v\u00e9hicule a tent\u00e9 de fuir, d\u00e9clenchant la col\u00e8re d\u2019une foule hostile qui [&hellip;]<\/p>\n","protected":false},"author":82,"featured_media":13032,"comment_status":"open","ping_status":"closed","sticky":false,"template":"","format":"standard","meta":{"footnotes":""},"categories":[11,2,10],"tags":[36,58,30,502,1079],"class_list":["post-13033","post","type-post","status-publish","format-standard","has-post-thumbnail","hentry","category-homepage-french","category-politique","category-toutes-les-actualites","tag-africa-press","tag-africa-press-centrafricaine","tag-centrafricaine","tag-gendarmerie","tag-impliquant"],"yoast_head":"<!-- This site is optimized with the Yoast SEO Premium plugin v26.1 (Yoast SEO v27.0) - https:\/\/yoast.com\/product\/yoast-seo-premium-wordpress\/ -->\n<title>un accident de circulation impliquant le fils du DG de la gendarmerie tourne \u00e0 l\u2019\u00e9meute - centrafricaine<\/title>\n<meta name=\"description\" content=\"L\u2019accident impliquant un v\u00e9hicule PRADO du fils du Directeur g\u00e9n\u00e9ral de la gendarmerie et une moto s\u2019est produit sur l ...\" \/>\n<meta name=\"robots\" content=\"index, follow, max-snippet:-1, max-image-preview:large, max-video-preview:-1\" \/>\n<link rel=\"canonical\" href=\"https:\/\/www.africa-press.net\/centrafricaine\/politique\/un-accident-de-circulation-impliquant-le-fils-du-dg-de-la-gendarmerie-tourne-a-lemeute\" \/>\n<meta property=\"og:locale\" content=\"fr_FR\" \/>\n<meta property=\"og:type\" content=\"article\" \/>\n<meta property=\"og:title\" content=\"un accident de circulation impliquant le fils du DG de la gendarmerie tourne \u00e0 l\u2019\u00e9meute\" \/>\n<meta property=\"og:description\" content=\"L\u2019accident impliquant un v\u00e9hicule PRADO du fils du Directeur g\u00e9n\u00e9ral de la gendarmerie et une moto s\u2019est produit sur l ...\" \/>\n<meta property=\"og:url\" content=\"https:\/\/www.africa-press.net\/centrafricaine\/politique\/un-accident-de-circulation-impliquant-le-fils-du-dg-de-la-gendarmerie-tourne-a-lemeute\" \/>\n<meta property=\"og:site_name\" content=\"centrafricaine\" \/>\n<meta property=\"article:published_time\" content=\"2021-11-08T14:31:21+00:00\" \/>\n<meta property=\"article:modified_time\" content=\"2021-11-08T21:34:16+00:00\" \/>\n<meta property=\"og:image\" content=\"https:\/\/static.africa-press.net\/centrafricaine\/sites\/45\/2021\/11\/img-61893f93efc1f.jpg\" \/>\n\t<meta property=\"og:image:width\" content=\"750\" \/>\n\t<meta property=\"og:image:height\" content=\"561\" \/>\n\t<meta property=\"og:image:type\" content=\"image\/jpeg\" \/>\n<meta name=\"author\" content=\"cfeditorfr\" \/>\n<meta name=\"twitter:card\" content=\"summary_large_image\" \/>\n<meta name=\"twitter:label1\" content=\"\u00c9crit par\" \/>\n\t<meta name=\"twitter:data1\" content=\"cfeditorfr\" \/>\n\t<meta name=\"twitter:label2\" content=\"Dur\u00e9e de lecture estim\u00e9e\" \/>\n\t<meta name=\"twitter:data2\" content=\"2 minutes\" \/>\n<script type=\"application\/ld+json\" class=\"yoast-schema-graph\">{\"@context\":\"https:\/\/schema.org\",\"@graph\":[{\"@type\":\"Article\",\"@id\":\"https:\/\/www.africa-press.net\/centrafricaine\/politique\/un-accident-de-circulation-impliquant-le-fils-du-dg-de-la-gendarmerie-tourne-a-lemeute#article\",\"isPartOf\":{\"@id\":\"https:\/\/www.africa-press.net\/centrafricaine\/politique\/un-accident-de-circulation-impliquant-le-fils-du-dg-de-la-gendarmerie-tourne-a-lemeute\"},\"author\":{\"name\":\"cfeditorfr\",\"@id\":\"https:\/\/www.africa-press.net\/centrafricaine\/#\/schema\/person\/2b1cf3cd81a31e3cd26889ca66d677f1\"},\"headline\":\"un accident de circulation impliquant le fils du DG de la gendarmerie tourne \u00e0 l\u2019\u00e9meute\",\"datePublished\":\"2021-11-08T14:31:21+00:00\",\"dateModified\":\"2021-11-08T21:34:16+00:00\",\"mainEntityOfPage\":{\"@id\":\"https:\/\/www.africa-press.net\/centrafricaine\/politique\/un-accident-de-circulation-impliquant-le-fils-du-dg-de-la-gendarmerie-tourne-a-lemeute\"},\"wordCount\":388,\"commentCount\":0,\"image\":{\"@id\":\"https:\/\/www.africa-press.net\/centrafricaine\/politique\/un-accident-de-circulation-impliquant-le-fils-du-dg-de-la-gendarmerie-tourne-a-lemeute#primaryimage\"},\"thumbnailUrl\":\"https:\/\/static.africa-press.net\/centrafricaine\/sites\/45\/2021\/11\/img-61893f93efc1f.jpg\",\"keywords\":[\"Africa Press\",\"Africa Press-CentrAfricaine\",\"CentrAfricaine\",\"gendarmerie\",\"impliquant\"],\"articleSection\":[\"homepage-french\",\"Politique\",\"Toutes les actualit\u00e9s\"],\"inLanguage\":\"fr-FR\",\"potentialAction\":[{\"@type\":\"CommentAction\",\"name\":\"Comment\",\"target\":[\"https:\/\/www.africa-press.net\/centrafricaine\/politique\/un-accident-de-circulation-impliquant-le-fils-du-dg-de-la-gendarmerie-tourne-a-lemeute#respond\"]}]},{\"@type\":\"WebPage\",\"@id\":\"https:\/\/www.africa-press.net\/centrafricaine\/politique\/un-accident-de-circulation-impliquant-le-fils-du-dg-de-la-gendarmerie-tourne-a-lemeute\",\"url\":\"https:\/\/www.africa-press.net\/centrafricaine\/politique\/un-accident-de-circulation-impliquant-le-fils-du-dg-de-la-gendarmerie-tourne-a-lemeute\",\"name\":\"un accident de circulation impliquant le fils du DG de la gendarmerie tourne \u00e0 l\u2019\u00e9meute - centrafricaine\",\"isPartOf\":{\"@id\":\"https:\/\/www.africa-press.net\/centrafricaine\/#website\"},\"primaryImageOfPage\":{\"@id\":\"https:\/\/www.africa-press.net\/centrafricaine\/politique\/un-accident-de-circulation-impliquant-le-fils-du-dg-de-la-gendarmerie-tourne-a-lemeute#primaryimage\"},\"image\":{\"@id\":\"https:\/\/www.africa-press.net\/centrafricaine\/politique\/un-accident-de-circulation-impliquant-le-fils-du-dg-de-la-gendarmerie-tourne-a-lemeute#primaryimage\"},\"thumbnailUrl\":\"https:\/\/static.africa-press.net\/centrafricaine\/sites\/45\/2021\/11\/img-61893f93efc1f.jpg\",\"datePublished\":\"2021-11-08T14:31:21+00:00\",\"dateModified\":\"2021-11-08T21:34:16+00:00\",\"author\":{\"@id\":\"https:\/\/www.africa-press.net\/centrafricaine\/#\/schema\/person\/2b1cf3cd81a31e3cd26889ca66d677f1\"},\"description\":\"L\u2019accident impliquant un v\u00e9hicule PRADO du fils du Directeur g\u00e9n\u00e9ral de la gendarmerie et une moto s\u2019est produit sur l ...\",\"breadcrumb\":{\"@id\":\"https:\/\/www.africa-press.net\/centrafricaine\/politique\/un-accident-de-circulation-impliquant-le-fils-du-dg-de-la-gendarmerie-tourne-a-lemeute#breadcrumb\"},\"inLanguage\":\"fr-FR\",\"potentialAction\":[{\"@type\":\"ReadAction\",\"target\":[\"https:\/\/www.africa-press.net\/centrafricaine\/politique\/un-accident-de-circulation-impliquant-le-fils-du-dg-de-la-gendarmerie-tourne-a-lemeute\"]}]},{\"@type\":\"ImageObject\",\"inLanguage\":\"fr-FR\",\"@id\":\"https:\/\/www.africa-press.net\/centrafricaine\/politique\/un-accident-de-circulation-impliquant-le-fils-du-dg-de-la-gendarmerie-tourne-a-lemeute#primaryimage\",\"url\":\"https:\/\/static.africa-press.net\/centrafricaine\/sites\/45\/2021\/11\/img-61893f93efc1f.jpg\",\"contentUrl\":\"https:\/\/static.africa-press.net\/centrafricaine\/sites\/45\/2021\/11\/img-61893f93efc1f.jpg\",\"width\":750,\"height\":561,\"caption\":\"un accident de circulation impliquant le fils du DG de la gendarmerie tourne \u00e0 l\u2019\u00e9meute\"},{\"@type\":\"BreadcrumbList\",\"@id\":\"https:\/\/www.africa-press.net\/centrafricaine\/politique\/un-accident-de-circulation-impliquant-le-fils-du-dg-de-la-gendarmerie-tourne-a-lemeute#breadcrumb\",\"itemListElement\":[{\"@type\":\"ListItem\",\"position\":1,\"name\":\"Accueil\",\"item\":\"https:\/\/www.africa-press.net\/centrafricaine\/\"},{\"@type\":\"ListItem\",\"position\":2,\"name\":\"un accident de circulation impliquant le fils du DG de la gendarmerie tourne \u00e0 l\u2019\u00e9meute\"}]},{\"@type\":\"WebSite\",\"@id\":\"https:\/\/www.africa-press.net\/centrafricaine\/#website\",\"url\":\"https:\/\/www.africa-press.net\/centrafricaine\/\",\"name\":\"centrafricaine\",\"description\":\"Just another Africa News Agency Sites site\",\"potentialAction\":[{\"@type\":\"SearchAction\",\"target\":{\"@type\":\"EntryPoint\",\"urlTemplate\":\"https:\/\/www.africa-press.net\/centrafricaine\/?s={search_term_string}\"},\"query-input\":{\"@type\":\"PropertyValueSpecification\",\"valueRequired\":true,\"valueName\":\"search_term_string\"}}],\"inLanguage\":\"fr-FR\"},{\"@type\":\"Person\",\"@id\":\"https:\/\/www.africa-press.net\/centrafricaine\/#\/schema\/person\/2b1cf3cd81a31e3cd26889ca66d677f1\",\"name\":\"cfeditorfr\"}]}<\/script>\n<!-- \/ Yoast SEO Premium plugin. -->","yoast_head_json":{"title":"un accident de circulation impliquant le fils du DG de la gendarmerie tourne \u00e0 l\u2019\u00e9meute - centrafricaine","description":"L\u2019accident impliquant un v\u00e9hicule PRADO du fils du Directeur g\u00e9n\u00e9ral de la gendarmerie et une moto s\u2019est produit sur l ...","robots":{"index":"index","follow":"follow","max-snippet":"max-snippet:-1","max-image-preview":"max-image-preview:large","max-video-preview":"max-video-preview:-1"},"canonical":"https:\/\/www.africa-press.net\/centrafricaine\/politique\/un-accident-de-circulation-impliquant-le-fils-du-dg-de-la-gendarmerie-tourne-a-lemeute","og_locale":"fr_FR","og_type":"article","og_title":"un accident de circulation impliquant le fils du DG de la gendarmerie tourne \u00e0 l\u2019\u00e9meute","og_description":"L\u2019accident impliquant un v\u00e9hicule PRADO du fils du Directeur g\u00e9n\u00e9ral de la gendarmerie et une moto s\u2019est produit sur l ...","og_url":"https:\/\/www.africa-press.net\/centrafricaine\/politique\/un-accident-de-circulation-impliquant-le-fils-du-dg-de-la-gendarmerie-tourne-a-lemeute","og_site_name":"centrafricaine","article_published_time":"2021-11-08T14:31:21+00:00","article_modified_time":"2021-11-08T21:34:16+00:00","og_image":[{"width":750,"height":561,"url":"https:\/\/static.africa-press.net\/centrafricaine\/sites\/45\/2021\/11\/img-61893f93efc1f.jpg","type":"image\/jpeg"}],"author":"cfeditorfr","twitter_card":"summary_large_image","twitter_misc":{"\u00c9crit par":"cfeditorfr","Dur\u00e9e de lecture estim\u00e9e":"2 minutes"},"schema":{"@context":"https:\/\/schema.org","@graph":[{"@type":"Article","@id":"https:\/\/www.africa-press.net\/centrafricaine\/politique\/un-accident-de-circulation-impliquant-le-fils-du-dg-de-la-gendarmerie-tourne-a-lemeute#article","isPartOf":{"@id":"https:\/\/www.africa-press.net\/centrafricaine\/politique\/un-accident-de-circulation-impliquant-le-fils-du-dg-de-la-gendarmerie-tourne-a-lemeute"},"author":{"name":"cfeditorfr","@id":"https:\/\/www.africa-press.net\/centrafricaine\/#\/schema\/person\/2b1cf3cd81a31e3cd26889ca66d677f1"},"headline":"un accident de circulation impliquant le fils du DG de la gendarmerie tourne \u00e0 l\u2019\u00e9meute","datePublished":"2021-11-08T14:31:21+00:00","dateModified":"2021-11-08T21:34:16+00:00","mainEntityOfPage":{"@id":"https:\/\/www.africa-press.net\/centrafricaine\/politique\/un-accident-de-circulation-impliquant-le-fils-du-dg-de-la-gendarmerie-tourne-a-lemeute"},"wordCount":388,"commentCount":0,"image":{"@id":"https:\/\/www.africa-press.net\/centrafricaine\/politique\/un-accident-de-circulation-impliquant-le-fils-du-dg-de-la-gendarmerie-tourne-a-lemeute#primaryimage"},"thumbnailUrl":"https:\/\/static.africa-press.net\/centrafricaine\/sites\/45\/2021\/11\/img-61893f93efc1f.jpg","keywords":["Africa Press","Africa Press-CentrAfricaine","CentrAfricaine","gendarmerie","impliquant"],"articleSection":["homepage-french","Politique","Toutes les actualit\u00e9s"],"inLanguage":"fr-FR","potentialAction":[{"@type":"CommentAction","name":"Comment","target":["https:\/\/www.africa-press.net\/centrafricaine\/politique\/un-accident-de-circulation-impliquant-le-fils-du-dg-de-la-gendarmerie-tourne-a-lemeute#respond"]}]},{"@type":"WebPage","@id":"https:\/\/www.africa-press.net\/centrafricaine\/politique\/un-accident-de-circulation-impliquant-le-fils-du-dg-de-la-gendarmerie-tourne-a-lemeute","url":"https:\/\/www.africa-press.net\/centrafricaine\/politique\/un-accident-de-circulation-impliquant-le-fils-du-dg-de-la-gendarmerie-tourne-a-lemeute","name":"un accident de circulation impliquant le fils du DG de la gendarmerie tourne \u00e0 l\u2019\u00e9meute - centrafricaine","isPartOf":{"@id":"https:\/\/www.africa-press.net\/centrafricaine\/#website"},"primaryImageOfPage":{"@id":"https:\/\/www.africa-press.net\/centrafricaine\/politique\/un-accident-de-circulation-impliquant-le-fils-du-dg-de-la-gendarmerie-tourne-a-lemeute#primaryimage"},"image":{"@id":"https:\/\/www.africa-press.net\/centrafricaine\/politique\/un-accident-de-circulation-impliquant-le-fils-du-dg-de-la-gendarmerie-tourne-a-lemeute#primaryimage"},"thumbnailUrl":"https:\/\/static.africa-press.net\/centrafricaine\/sites\/45\/2021\/11\/img-61893f93efc1f.jpg","datePublished":"2021-11-08T14:31:21+00:00","dateModified":"2021-11-08T21:34:16+00:00","author":{"@id":"https:\/\/www.africa-press.net\/centrafricaine\/#\/schema\/person\/2b1cf3cd81a31e3cd26889ca66d677f1"},"description":"L\u2019accident impliquant un v\u00e9hicule PRADO du fils du Directeur g\u00e9n\u00e9ral de la gendarmerie et une moto s\u2019est produit sur l ...","breadcrumb":{"@id":"https:\/\/www.africa-press.net\/centrafricaine\/politique\/un-accident-de-circulation-impliquant-le-fils-du-dg-de-la-gendarmerie-tourne-a-lemeute#breadcrumb"},"inLanguage":"fr-FR","potentialAction":[{"@type":"ReadAction","target":["https:\/\/www.africa-press.net\/centrafricaine\/politique\/un-accident-de-circulation-impliquant-le-fils-du-dg-de-la-gendarmerie-tourne-a-lemeute"]}]},{"@type":"ImageObject","inLanguage":"fr-FR","@id":"https:\/\/www.africa-press.net\/centrafricaine\/politique\/un-accident-de-circulation-impliquant-le-fils-du-dg-de-la-gendarmerie-tourne-a-lemeute#primaryimage","url":"https:\/\/static.africa-press.net\/centrafricaine\/sites\/45\/2021\/11\/img-61893f93efc1f.jpg","contentUrl":"https:\/\/static.africa-press.net\/centrafricaine\/sites\/45\/2021\/11\/img-61893f93efc1f.jpg","width":750,"height":561,"caption":"un accident de circulation impliquant le fils du DG de la gendarmerie tourne \u00e0 l\u2019\u00e9meute"},{"@type":"BreadcrumbList","@id":"https:\/\/www.africa-press.net\/centrafricaine\/politique\/un-accident-de-circulation-impliquant-le-fils-du-dg-de-la-gendarmerie-tourne-a-lemeute#breadcrumb","itemListElement":[{"@type":"ListItem","position":1,"name":"Accueil","item":"https:\/\/www.africa-press.net\/centrafricaine\/"},{"@type":"ListItem","position":2,"name":"un accident de circulation impliquant le fils du DG de la gendarmerie tourne \u00e0 l\u2019\u00e9meute"}]},{"@type":"WebSite","@id":"https:\/\/www.africa-press.net\/centrafricaine\/#website","url":"https:\/\/www.africa-press.net\/centrafricaine\/","name":"centrafricaine","description":"Just another Africa News Agency Sites site","potentialAction":[{"@type":"SearchAction","target":{"@type":"EntryPoint","urlTemplate":"https:\/\/www.africa-press.net\/centrafricaine\/?s={search_term_string}"},"query-input":{"@type":"PropertyValueSpecification","valueRequired":true,"valueName":"search_term_string"}}],"inLanguage":"fr-FR"},{"@type":"Person","@id":"https:\/\/www.africa-press.net\/centrafricaine\/#\/schema\/person\/2b1cf3cd81a31e3cd26889ca66d677f1","name":"cfeditorfr"}]}},"_links":{"self":[{"href":"https:\/\/www.africa-press.net\/centrafricaine\/wp-json\/wp\/v2\/posts\/13033","targetHints":{"allow":["GET"]}}],"collection":[{"href":"https:\/\/www.africa-press.net\/centrafricaine\/wp-json\/wp\/v2\/posts"}],"about":[{"href":"https:\/\/www.africa-press.net\/centrafricaine\/wp-json\/wp\/v2\/types\/post"}],"author":[{"embeddable":true,"href":"https:\/\/www.africa-press.net\/centrafricaine\/wp-json\/wp\/v2\/users\/82"}],"replies":[{"embeddable":true,"href":"https:\/\/www.africa-press.net\/centrafricaine\/wp-json\/wp\/v2\/comments?post=13033"}],"version-history":[{"count":0,"href":"https:\/\/www.africa-press.net\/centrafricaine\/wp-json\/wp\/v2\/posts\/13033\/revisions"}],"wp:featuredmedia":[{"embeddable":true,"href":"https:\/\/www.africa-press.net\/centrafricaine\/wp-json\/wp\/v2\/media\/13032"}],"wp:attachment":[{"href":"https:\/\/www.africa-press.net\/centrafricaine\/wp-json\/wp\/v2\/media?parent=13033"}],"wp:term":[{"taxonomy":"category","embeddable":true,"href":"https:\/\/www.africa-press.net\/centrafricaine\/wp-json\/wp\/v2\/categories?post=13033"},{"taxonomy":"post_tag","embeddable":true,"href":"https:\/\/www.africa-press.net\/centrafricaine\/wp-json\/wp\/v2\/tags?post=13033"}],"curies":[{"name":"wp","href":"https:\/\/api.w.org\/{rel}","templated":true}]}}