{"id":13106,"date":"2021-11-10T17:50:17","date_gmt":"2021-11-10T17:50:17","guid":{"rendered":"https:\/\/www.africa-press.net\/centrafricaine\/politique\/le-parti-au-pouvoir-emet-des-critiques-envers-la-minusca"},"modified":"2021-11-10T22:43:12","modified_gmt":"2021-11-10T22:43:12","slug":"le-parti-au-pouvoir-emet-des-critiques-envers-la-minusca","status":"publish","type":"post","link":"https:\/\/www.africa-press.net\/centrafricaine\/parties\/le-parti-au-pouvoir-emet-des-critiques-envers-la-minusca","title":{"rendered":"le parti au pouvoir \u00e9met des critiques envers la Minusca"},"content":{"rendered":"<p><span style=\"color: #ff6600\"><strong>Africa-Press &#8211; CentrAfricaine. <\/strong><\/span>Alors qu\u2019un vote sur le renouvellement de la Minusca doit avoir lieu le 15 novembre, le pr\u00e9sident de l\u2019Assembl\u00e9e nationale a vivement critiqu\u00e9 la mission onusienne.<\/p>\n<p>\u00c0 moins d\u2019une semaine du vote sur le renouvellement du mandat de la mission de l\u2019ONU en Centrafrique devant le Conseil de s\u00e9curit\u00e9 des Nations unies \u00e0 New York, le pr\u00e9sident de l\u2019Assembl\u00e9e nationale, Simplice Mathieu Sarandji, qui est aussi le secr\u00e9taire national ex\u00e9cutif du MCU, le parti au pouvoir, \u00e9met des r\u00e9serves sur l\u2019action de la Minusca.<\/p>\n<p>\u00ab Autant nous soutenons (que) certains contingents de la Minusca font du tr\u00e8s bon travail, mais il y en a d\u2019autres par contre, on \u00e9gorge (\u00e0 leur) nez et \u00e0 leur barbe ! Ils ne r\u00e9agissent pas ! Et c\u2019est \u00e7a qui contribue \u00e0 cr\u00e9er un foss\u00e9 \u00e9norme entre la population et la Minusca, aujourd\u2019hui ! \u00bb, d\u00e9clare-t-il.<\/p>\n<p>Une d\u00e9claration qui intervient dans un contexte de vives tensions entre le gouvernement et la mission onusienne. Il y a quelques jours, des \u00e9l\u00e9ments de la garde pr\u00e9sidentielle ont ouvert le feu sur un bus des Nations unies, blessant 10 policiers \u00e9gyptiens d\u00e9sarm\u00e9s.<\/p>\n<p>Une femme est \u00e9galement d\u00e9c\u00e9d\u00e9e, percut\u00e9e par le bus durant sa fuite. R\u00e9forme de la Minusca Depuis lors, des manifestations se sont multipli\u00e9es dans la capitale centrafricaine pour r\u00e9clamer le d\u00e9part de la Minusca.<\/p>\n<p>Des manifestations dont certains observateurs estiment qu\u2019elles pourraient \u00eatre organis\u00e9es sous influence russe et avec l\u2019aval du gouvernement. Une affirmation fausse, r\u00e9torque Simplice Mathieu Sarandji, ces manifestations sont spontan\u00e9es : \u00ab Les manifestations contre la Minusca\u2026 C\u2019est un pays de libert\u00e9.<\/p>\n<p>Cela n\u2019a pas \u00e9t\u00e9 initi\u00e9 par un leader de parti politique ! Ce sont les Centrafricains qui en ont marre ! \u00bb. Il plaide toutefois pour une modification du mandat de la Minusca : \u00ab Il semble que les Nations unies nous ont dot\u00e9s d\u2019un mandat robuste, mais ce mandat robuste-l\u00e0, on ne le voit pas.<\/p>\n<p>Le renouvellement de la Minusca, si c\u2019est pour faire donner la m\u00eame prestation, il faudrait se poser des questions. On accuse aussi la Minusca de doter les groupes rebelles en munitions de guerre ! Je n\u2019invente rien, je n\u2019ai pas vu. Mais voil\u00e0, cela aussi concourt \u00e0 renforcer la perception n\u00e9gative de la population vis-\u00e0-vis de la Minusca \u00bb.<\/p>\n<p><strong>Pour plus d&rsquo;informations et d&rsquo;analyses sur la <a href=\"https:\/\/www.africa-press.net\/centrafricaine\">CentrAfricaine<\/a>, suivez <a href=\"https:\/\/www.africa-press.net\/\">Africa-Press<\/a><\/strong><\/p>\n","protected":false},"excerpt":{"rendered":"<p>Africa-Press &#8211; CentrAfricaine. Alors qu\u2019un vote sur le renouvellement de la Minusca doit avoir lieu le 15 novembre, le pr\u00e9sident de l\u2019Assembl\u00e9e nationale a vivement critiqu\u00e9 la mission onusienne. \u00c0 moins d\u2019une semaine du vote sur le renouvellement du mandat de la mission de l\u2019ONU en Centrafrique devant le Conseil de s\u00e9curit\u00e9 des Nations unies [&hellip;]<\/p>\n","protected":false},"author":82,"featured_media":13105,"comment_status":"open","ping_status":"closed","sticky":false,"template":"","format":"standard","meta":{"footnotes":""},"categories":[11,4,20,10],"tags":[36,58,30,48,1101],"class_list":["post-13106","post","type-post","status-publish","format-standard","has-post-thumbnail","hentry","category-homepage-french","category-parties","category-top-nouvelles","category-toutes-les-actualites","tag-africa-press","tag-africa-press-centrafricaine","tag-centrafricaine","tag-minusca","tag-parti-au-pouvoir"],"yoast_head":"<!-- This site is optimized with the Yoast SEO Premium plugin v26.1 (Yoast SEO v27.0) - https:\/\/yoast.com\/product\/yoast-seo-premium-wordpress\/ -->\n<title>le parti au pouvoir \u00e9met des critiques envers la Minusca - centrafricaine<\/title>\n<meta name=\"robots\" content=\"index, follow, max-snippet:-1, max-image-preview:large, max-video-preview:-1\" \/>\n<link rel=\"canonical\" href=\"https:\/\/www.africa-press.net\/centrafricaine\/parties\/le-parti-au-pouvoir-emet-des-critiques-envers-la-minusca\" \/>\n<meta property=\"og:locale\" content=\"fr_FR\" \/>\n<meta property=\"og:type\" content=\"article\" \/>\n<meta property=\"og:title\" content=\"le parti au pouvoir \u00e9met des critiques envers la Minusca\" \/>\n<meta property=\"og:description\" content=\"Africa-Press &#8211; CentrAfricaine. Alors qu\u2019un vote sur le renouvellement de la Minusca doit avoir lieu le 15 novembre, le pr\u00e9sident de l\u2019Assembl\u00e9e nationale a vivement critiqu\u00e9 la mission onusienne. \u00c0 moins d\u2019une semaine du vote sur le renouvellement du mandat de la mission de l\u2019ONU en Centrafrique devant le Conseil de s\u00e9curit\u00e9 des Nations unies [&hellip;]\" \/>\n<meta property=\"og:url\" content=\"https:\/\/www.africa-press.net\/centrafricaine\/parties\/le-parti-au-pouvoir-emet-des-critiques-envers-la-minusca\" \/>\n<meta property=\"og:site_name\" content=\"centrafricaine\" \/>\n<meta property=\"article:published_time\" content=\"2021-11-10T17:50:17+00:00\" \/>\n<meta property=\"article:modified_time\" content=\"2021-11-10T22:43:12+00:00\" \/>\n<meta property=\"og:image\" content=\"https:\/\/static.africa-press.net\/centrafricaine\/sites\/45\/2021\/11\/img-618c0d3a83cff.jpg\" \/>\n\t<meta property=\"og:image:width\" content=\"780\" \/>\n\t<meta property=\"og:image:height\" content=\"440\" \/>\n\t<meta property=\"og:image:type\" content=\"image\/jpeg\" \/>\n<meta name=\"author\" content=\"cfeditorfr\" \/>\n<meta name=\"twitter:card\" content=\"summary_large_image\" \/>\n<meta name=\"twitter:label1\" content=\"\u00c9crit par\" \/>\n\t<meta name=\"twitter:data1\" content=\"cfeditorfr\" \/>\n\t<meta name=\"twitter:label2\" content=\"Dur\u00e9e de lecture estim\u00e9e\" \/>\n\t<meta name=\"twitter:data2\" content=\"2 minutes\" \/>\n<script type=\"application\/ld+json\" class=\"yoast-schema-graph\">{\"@context\":\"https:\/\/schema.org\",\"@graph\":[{\"@type\":\"Article\",\"@id\":\"https:\/\/www.africa-press.net\/centrafricaine\/parties\/le-parti-au-pouvoir-emet-des-critiques-envers-la-minusca#article\",\"isPartOf\":{\"@id\":\"https:\/\/www.africa-press.net\/centrafricaine\/parties\/le-parti-au-pouvoir-emet-des-critiques-envers-la-minusca\"},\"author\":{\"name\":\"cfeditorfr\",\"@id\":\"https:\/\/www.africa-press.net\/centrafricaine\/#\/schema\/person\/2b1cf3cd81a31e3cd26889ca66d677f1\"},\"headline\":\"le parti au pouvoir \u00e9met des critiques envers la Minusca\",\"datePublished\":\"2021-11-10T17:50:17+00:00\",\"dateModified\":\"2021-11-10T22:43:12+00:00\",\"mainEntityOfPage\":{\"@id\":\"https:\/\/www.africa-press.net\/centrafricaine\/parties\/le-parti-au-pouvoir-emet-des-critiques-envers-la-minusca\"},\"wordCount\":427,\"commentCount\":0,\"image\":{\"@id\":\"https:\/\/www.africa-press.net\/centrafricaine\/parties\/le-parti-au-pouvoir-emet-des-critiques-envers-la-minusca#primaryimage\"},\"thumbnailUrl\":\"https:\/\/static.africa-press.net\/centrafricaine\/sites\/45\/2021\/11\/img-618c0d3a83cff.jpg\",\"keywords\":[\"Africa Press\",\"Africa Press-CentrAfricaine\",\"CentrAfricaine\",\"Minusca\",\"parti au pouvoir\"],\"articleSection\":[\"homepage-french\",\"Parties\",\"Top Nouvelles\",\"Toutes les actualit\u00e9s\"],\"inLanguage\":\"fr-FR\",\"potentialAction\":[{\"@type\":\"CommentAction\",\"name\":\"Comment\",\"target\":[\"https:\/\/www.africa-press.net\/centrafricaine\/parties\/le-parti-au-pouvoir-emet-des-critiques-envers-la-minusca#respond\"]}]},{\"@type\":\"WebPage\",\"@id\":\"https:\/\/www.africa-press.net\/centrafricaine\/parties\/le-parti-au-pouvoir-emet-des-critiques-envers-la-minusca\",\"url\":\"https:\/\/www.africa-press.net\/centrafricaine\/parties\/le-parti-au-pouvoir-emet-des-critiques-envers-la-minusca\",\"name\":\"le parti au pouvoir \u00e9met des critiques envers la Minusca - centrafricaine\",\"isPartOf\":{\"@id\":\"https:\/\/www.africa-press.net\/centrafricaine\/#website\"},\"primaryImageOfPage\":{\"@id\":\"https:\/\/www.africa-press.net\/centrafricaine\/parties\/le-parti-au-pouvoir-emet-des-critiques-envers-la-minusca#primaryimage\"},\"image\":{\"@id\":\"https:\/\/www.africa-press.net\/centrafricaine\/parties\/le-parti-au-pouvoir-emet-des-critiques-envers-la-minusca#primaryimage\"},\"thumbnailUrl\":\"https:\/\/static.africa-press.net\/centrafricaine\/sites\/45\/2021\/11\/img-618c0d3a83cff.jpg\",\"datePublished\":\"2021-11-10T17:50:17+00:00\",\"dateModified\":\"2021-11-10T22:43:12+00:00\",\"author\":{\"@id\":\"https:\/\/www.africa-press.net\/centrafricaine\/#\/schema\/person\/2b1cf3cd81a31e3cd26889ca66d677f1\"},\"breadcrumb\":{\"@id\":\"https:\/\/www.africa-press.net\/centrafricaine\/parties\/le-parti-au-pouvoir-emet-des-critiques-envers-la-minusca#breadcrumb\"},\"inLanguage\":\"fr-FR\",\"potentialAction\":[{\"@type\":\"ReadAction\",\"target\":[\"https:\/\/www.africa-press.net\/centrafricaine\/parties\/le-parti-au-pouvoir-emet-des-critiques-envers-la-minusca\"]}]},{\"@type\":\"ImageObject\",\"inLanguage\":\"fr-FR\",\"@id\":\"https:\/\/www.africa-press.net\/centrafricaine\/parties\/le-parti-au-pouvoir-emet-des-critiques-envers-la-minusca#primaryimage\",\"url\":\"https:\/\/static.africa-press.net\/centrafricaine\/sites\/45\/2021\/11\/img-618c0d3a83cff.jpg\",\"contentUrl\":\"https:\/\/static.africa-press.net\/centrafricaine\/sites\/45\/2021\/11\/img-618c0d3a83cff.jpg\",\"width\":780,\"height\":440,\"caption\":\"le parti au pouvoir \u00e9met des critiques envers la Minusca\"},{\"@type\":\"BreadcrumbList\",\"@id\":\"https:\/\/www.africa-press.net\/centrafricaine\/parties\/le-parti-au-pouvoir-emet-des-critiques-envers-la-minusca#breadcrumb\",\"itemListElement\":[{\"@type\":\"ListItem\",\"position\":1,\"name\":\"Accueil\",\"item\":\"https:\/\/www.africa-press.net\/centrafricaine\/\"},{\"@type\":\"ListItem\",\"position\":2,\"name\":\"le parti au pouvoir \u00e9met des critiques envers la Minusca\"}]},{\"@type\":\"WebSite\",\"@id\":\"https:\/\/www.africa-press.net\/centrafricaine\/#website\",\"url\":\"https:\/\/www.africa-press.net\/centrafricaine\/\",\"name\":\"centrafricaine\",\"description\":\"Just another Africa News Agency Sites site\",\"potentialAction\":[{\"@type\":\"SearchAction\",\"target\":{\"@type\":\"EntryPoint\",\"urlTemplate\":\"https:\/\/www.africa-press.net\/centrafricaine\/?s={search_term_string}\"},\"query-input\":{\"@type\":\"PropertyValueSpecification\",\"valueRequired\":true,\"valueName\":\"search_term_string\"}}],\"inLanguage\":\"fr-FR\"},{\"@type\":\"Person\",\"@id\":\"https:\/\/www.africa-press.net\/centrafricaine\/#\/schema\/person\/2b1cf3cd81a31e3cd26889ca66d677f1\",\"name\":\"cfeditorfr\"}]}<\/script>\n<!-- \/ Yoast SEO Premium plugin. -->","yoast_head_json":{"title":"le parti au pouvoir \u00e9met des critiques envers la Minusca - centrafricaine","robots":{"index":"index","follow":"follow","max-snippet":"max-snippet:-1","max-image-preview":"max-image-preview:large","max-video-preview":"max-video-preview:-1"},"canonical":"https:\/\/www.africa-press.net\/centrafricaine\/parties\/le-parti-au-pouvoir-emet-des-critiques-envers-la-minusca","og_locale":"fr_FR","og_type":"article","og_title":"le parti au pouvoir \u00e9met des critiques envers la Minusca","og_description":"Africa-Press &#8211; CentrAfricaine. Alors qu\u2019un vote sur le renouvellement de la Minusca doit avoir lieu le 15 novembre, le pr\u00e9sident de l\u2019Assembl\u00e9e nationale a vivement critiqu\u00e9 la mission onusienne. \u00c0 moins d\u2019une semaine du vote sur le renouvellement du mandat de la mission de l\u2019ONU en Centrafrique devant le Conseil de s\u00e9curit\u00e9 des Nations unies [&hellip;]","og_url":"https:\/\/www.africa-press.net\/centrafricaine\/parties\/le-parti-au-pouvoir-emet-des-critiques-envers-la-minusca","og_site_name":"centrafricaine","article_published_time":"2021-11-10T17:50:17+00:00","article_modified_time":"2021-11-10T22:43:12+00:00","og_image":[{"width":780,"height":440,"url":"https:\/\/static.africa-press.net\/centrafricaine\/sites\/45\/2021\/11\/img-618c0d3a83cff.jpg","type":"image\/jpeg"}],"author":"cfeditorfr","twitter_card":"summary_large_image","twitter_misc":{"\u00c9crit par":"cfeditorfr","Dur\u00e9e de lecture estim\u00e9e":"2 minutes"},"schema":{"@context":"https:\/\/schema.org","@graph":[{"@type":"Article","@id":"https:\/\/www.africa-press.net\/centrafricaine\/parties\/le-parti-au-pouvoir-emet-des-critiques-envers-la-minusca#article","isPartOf":{"@id":"https:\/\/www.africa-press.net\/centrafricaine\/parties\/le-parti-au-pouvoir-emet-des-critiques-envers-la-minusca"},"author":{"name":"cfeditorfr","@id":"https:\/\/www.africa-press.net\/centrafricaine\/#\/schema\/person\/2b1cf3cd81a31e3cd26889ca66d677f1"},"headline":"le parti au pouvoir \u00e9met des critiques envers la Minusca","datePublished":"2021-11-10T17:50:17+00:00","dateModified":"2021-11-10T22:43:12+00:00","mainEntityOfPage":{"@id":"https:\/\/www.africa-press.net\/centrafricaine\/parties\/le-parti-au-pouvoir-emet-des-critiques-envers-la-minusca"},"wordCount":427,"commentCount":0,"image":{"@id":"https:\/\/www.africa-press.net\/centrafricaine\/parties\/le-parti-au-pouvoir-emet-des-critiques-envers-la-minusca#primaryimage"},"thumbnailUrl":"https:\/\/static.africa-press.net\/centrafricaine\/sites\/45\/2021\/11\/img-618c0d3a83cff.jpg","keywords":["Africa Press","Africa Press-CentrAfricaine","CentrAfricaine","Minusca","parti au pouvoir"],"articleSection":["homepage-french","Parties","Top Nouvelles","Toutes les actualit\u00e9s"],"inLanguage":"fr-FR","potentialAction":[{"@type":"CommentAction","name":"Comment","target":["https:\/\/www.africa-press.net\/centrafricaine\/parties\/le-parti-au-pouvoir-emet-des-critiques-envers-la-minusca#respond"]}]},{"@type":"WebPage","@id":"https:\/\/www.africa-press.net\/centrafricaine\/parties\/le-parti-au-pouvoir-emet-des-critiques-envers-la-minusca","url":"https:\/\/www.africa-press.net\/centrafricaine\/parties\/le-parti-au-pouvoir-emet-des-critiques-envers-la-minusca","name":"le parti au pouvoir \u00e9met des critiques envers la Minusca - centrafricaine","isPartOf":{"@id":"https:\/\/www.africa-press.net\/centrafricaine\/#website"},"primaryImageOfPage":{"@id":"https:\/\/www.africa-press.net\/centrafricaine\/parties\/le-parti-au-pouvoir-emet-des-critiques-envers-la-minusca#primaryimage"},"image":{"@id":"https:\/\/www.africa-press.net\/centrafricaine\/parties\/le-parti-au-pouvoir-emet-des-critiques-envers-la-minusca#primaryimage"},"thumbnailUrl":"https:\/\/static.africa-press.net\/centrafricaine\/sites\/45\/2021\/11\/img-618c0d3a83cff.jpg","datePublished":"2021-11-10T17:50:17+00:00","dateModified":"2021-11-10T22:43:12+00:00","author":{"@id":"https:\/\/www.africa-press.net\/centrafricaine\/#\/schema\/person\/2b1cf3cd81a31e3cd26889ca66d677f1"},"breadcrumb":{"@id":"https:\/\/www.africa-press.net\/centrafricaine\/parties\/le-parti-au-pouvoir-emet-des-critiques-envers-la-minusca#breadcrumb"},"inLanguage":"fr-FR","potentialAction":[{"@type":"ReadAction","target":["https:\/\/www.africa-press.net\/centrafricaine\/parties\/le-parti-au-pouvoir-emet-des-critiques-envers-la-minusca"]}]},{"@type":"ImageObject","inLanguage":"fr-FR","@id":"https:\/\/www.africa-press.net\/centrafricaine\/parties\/le-parti-au-pouvoir-emet-des-critiques-envers-la-minusca#primaryimage","url":"https:\/\/static.africa-press.net\/centrafricaine\/sites\/45\/2021\/11\/img-618c0d3a83cff.jpg","contentUrl":"https:\/\/static.africa-press.net\/centrafricaine\/sites\/45\/2021\/11\/img-618c0d3a83cff.jpg","width":780,"height":440,"caption":"le parti au pouvoir \u00e9met des critiques envers la Minusca"},{"@type":"BreadcrumbList","@id":"https:\/\/www.africa-press.net\/centrafricaine\/parties\/le-parti-au-pouvoir-emet-des-critiques-envers-la-minusca#breadcrumb","itemListElement":[{"@type":"ListItem","position":1,"name":"Accueil","item":"https:\/\/www.africa-press.net\/centrafricaine\/"},{"@type":"ListItem","position":2,"name":"le parti au pouvoir \u00e9met des critiques envers la Minusca"}]},{"@type":"WebSite","@id":"https:\/\/www.africa-press.net\/centrafricaine\/#website","url":"https:\/\/www.africa-press.net\/centrafricaine\/","name":"centrafricaine","description":"Just another Africa News Agency Sites site","potentialAction":[{"@type":"SearchAction","target":{"@type":"EntryPoint","urlTemplate":"https:\/\/www.africa-press.net\/centrafricaine\/?s={search_term_string}"},"query-input":{"@type":"PropertyValueSpecification","valueRequired":true,"valueName":"search_term_string"}}],"inLanguage":"fr-FR"},{"@type":"Person","@id":"https:\/\/www.africa-press.net\/centrafricaine\/#\/schema\/person\/2b1cf3cd81a31e3cd26889ca66d677f1","name":"cfeditorfr"}]}},"_links":{"self":[{"href":"https:\/\/www.africa-press.net\/centrafricaine\/wp-json\/wp\/v2\/posts\/13106","targetHints":{"allow":["GET"]}}],"collection":[{"href":"https:\/\/www.africa-press.net\/centrafricaine\/wp-json\/wp\/v2\/posts"}],"about":[{"href":"https:\/\/www.africa-press.net\/centrafricaine\/wp-json\/wp\/v2\/types\/post"}],"author":[{"embeddable":true,"href":"https:\/\/www.africa-press.net\/centrafricaine\/wp-json\/wp\/v2\/users\/82"}],"replies":[{"embeddable":true,"href":"https:\/\/www.africa-press.net\/centrafricaine\/wp-json\/wp\/v2\/comments?post=13106"}],"version-history":[{"count":0,"href":"https:\/\/www.africa-press.net\/centrafricaine\/wp-json\/wp\/v2\/posts\/13106\/revisions"}],"wp:featuredmedia":[{"embeddable":true,"href":"https:\/\/www.africa-press.net\/centrafricaine\/wp-json\/wp\/v2\/media\/13105"}],"wp:attachment":[{"href":"https:\/\/www.africa-press.net\/centrafricaine\/wp-json\/wp\/v2\/media?parent=13106"}],"wp:term":[{"taxonomy":"category","embeddable":true,"href":"https:\/\/www.africa-press.net\/centrafricaine\/wp-json\/wp\/v2\/categories?post=13106"},{"taxonomy":"post_tag","embeddable":true,"href":"https:\/\/www.africa-press.net\/centrafricaine\/wp-json\/wp\/v2\/tags?post=13106"}],"curies":[{"name":"wp","href":"https:\/\/api.w.org\/{rel}","templated":true}]}}