{"id":13141,"date":"2021-11-11T16:49:59","date_gmt":"2021-11-11T16:49:59","guid":{"rendered":"https:\/\/www.africa-press.net\/centrafricaine\/politique\/bangui-reagit-a-larrestation-de-casques-bleus-portugais-soupconnes-de-trafic-de-diamants"},"modified":"2021-11-11T17:06:00","modified_gmt":"2021-11-11T17:06:00","slug":"bangui-reagit-a-larrestation-de-casques-bleus-portugais-soupconnes-de-trafic-de-diamants","status":"publish","type":"post","link":"https:\/\/www.africa-press.net\/centrafricaine\/politique\/bangui-reagit-a-larrestation-de-casques-bleus-portugais-soupconnes-de-trafic-de-diamants","title":{"rendered":"Bangui r\u00e9agit \u00e0 l&rsquo;arrestation de casques bleus portugais, soup\u00e7onn\u00e9s de trafic de diamants"},"content":{"rendered":"<p><span style=\"color: #ff6600\"><strong>Africa-Press &#8211; CentrAfricaine. <\/strong><\/span> Les autorit\u00e9s centrafricaines ont exprim\u00e9 leur satisfaction apr\u00e8s l\u2019arrestation d\u2019une dizaine de casques bleus portugais , accus\u00e9s de trafic de diamant et d\u2019 or .<\/p>\n<p>Une dizaine de casques bleus d\u00e9ploy\u00e9s au sein de la Mission des nations unies en Centrafrique (Minusca) auraient particip\u00e9 \u00e0 un trafic de diamants, d\u2019or et de stup\u00e9fiants .<\/p>\n<p>Serge-Ghislain Djore, ministre de la Communication et porte-parole du gouvernement centrafricain explique que la situation avait bien longtemps \u00e9t\u00e9 d\u00e9cri\u00e9e par Bangui, mais h\u00e9las. \u00ab Cela fait longtemps que nous d\u00e9crions certains mauvais comportements de certains contingents membres de la mission de [l\u2019ONU] la Minusca en Centrafrique.<\/p>\n<p>\u00ab Malheureusement, nos voix ne se font pas entendre, nous ne nous faisons pas \u00e9couter. Mais, ce que vous voulons appr\u00e9cier dans tout cela, c\u2019est la r\u00e9action des autorit\u00e9s portugaises qui ont mis la lumi\u00e8re sur ces mauvaises pratiques et aussi la r\u00e9action des autorit\u00e9s portugaises est la bienvenue, puisqu\u2019il faut maintenant aller vers la justice \u00bb, a-t-il r\u00e9agi.<\/p>\n<p>La mission onusienne ,affirme pour sa part avoir appris les all\u00e9gations par \u00ab\u00a0voie de presse\u00a0\u00bb mais se dit dispos\u00e9e \u00e0 pr\u00eater toute assistance requise par les autorit\u00e9s portugaises.<\/p>\n<p>Pour rappel ,un contingent de 180 militaires portugais est actuellement d\u00e9tach\u00e9 aupr\u00e8s de la Mission des nations unies en Centrafrique (Minusca), d\u00e9ploy\u00e9e depuis 2014.<\/p>\n<p><strong>Pour plus d&rsquo;informations et d&rsquo;analyses sur la <a href=\"https:\/\/www.africa-press.net\/centrafricaine\">CentrAfricaine<\/a>, suivez <a href=\"https:\/\/www.africa-press.net\/\">Africa-Press<\/a><\/strong><\/p>\n","protected":false},"excerpt":{"rendered":"<p>Africa-Press &#8211; CentrAfricaine. Les autorit\u00e9s centrafricaines ont exprim\u00e9 leur satisfaction apr\u00e8s l\u2019arrestation d\u2019une dizaine de casques bleus portugais , accus\u00e9s de trafic de diamant et d\u2019 or . Une dizaine de casques bleus d\u00e9ploy\u00e9s au sein de la Mission des nations unies en Centrafrique (Minusca) auraient particip\u00e9 \u00e0 un trafic de diamants, d\u2019or et de [&hellip;]<\/p>\n","protected":false},"author":82,"featured_media":13140,"comment_status":"open","ping_status":"closed","sticky":false,"template":"","format":"standard","meta":{"footnotes":""},"categories":[11,2,20,10],"tags":[36,58,339,30,48],"class_list":["post-13141","post","type-post","status-publish","format-standard","has-post-thumbnail","hentry","category-homepage-french","category-politique","category-top-nouvelles","category-toutes-les-actualites","tag-africa-press","tag-africa-press-centrafricaine","tag-bangui","tag-centrafricaine","tag-minusca"],"yoast_head":"<!-- This site is optimized with the Yoast SEO Premium plugin v26.1 (Yoast SEO v27.0) - https:\/\/yoast.com\/product\/yoast-seo-premium-wordpress\/ -->\n<title>Bangui r\u00e9agit \u00e0 l&#039;arrestation de casques bleus portugais, soup\u00e7onn\u00e9s de trafic de diamants - centrafricaine<\/title>\n<meta name=\"description\" content=\"Les autorit\u00e9s centrafricaines ont exprim\u00e9 leur satisfaction apr\u00e8s l\u2019arrestation d\u2019une dizaine de casques bleus portugai ...\" \/>\n<meta name=\"robots\" content=\"index, follow, max-snippet:-1, max-image-preview:large, max-video-preview:-1\" \/>\n<link rel=\"canonical\" href=\"https:\/\/www.africa-press.net\/centrafricaine\/politique\/bangui-reagit-a-larrestation-de-casques-bleus-portugais-soupconnes-de-trafic-de-diamants\" \/>\n<meta property=\"og:locale\" content=\"fr_FR\" \/>\n<meta property=\"og:type\" content=\"article\" \/>\n<meta property=\"og:title\" content=\"Bangui r\u00e9agit \u00e0 l&#039;arrestation de casques bleus portugais, soup\u00e7onn\u00e9s de trafic de diamants\" \/>\n<meta property=\"og:description\" content=\"Les autorit\u00e9s centrafricaines ont exprim\u00e9 leur satisfaction apr\u00e8s l\u2019arrestation d\u2019une dizaine de casques bleus portugai ...\" \/>\n<meta property=\"og:url\" content=\"https:\/\/www.africa-press.net\/centrafricaine\/politique\/bangui-reagit-a-larrestation-de-casques-bleus-portugais-soupconnes-de-trafic-de-diamants\" \/>\n<meta property=\"og:site_name\" content=\"centrafricaine\" \/>\n<meta property=\"article:published_time\" content=\"2021-11-11T16:49:59+00:00\" \/>\n<meta property=\"article:modified_time\" content=\"2021-11-11T17:06:00+00:00\" \/>\n<meta property=\"og:image\" content=\"https:\/\/static.africa-press.net\/centrafricaine\/sites\/45\/2021\/11\/img-618d4d56147c1.jpg\" \/>\n\t<meta property=\"og:image:width\" content=\"720\" \/>\n\t<meta property=\"og:image:height\" content=\"405\" \/>\n\t<meta property=\"og:image:type\" content=\"image\/jpeg\" \/>\n<meta name=\"author\" content=\"cfeditorfr\" \/>\n<meta name=\"twitter:card\" content=\"summary_large_image\" \/>\n<meta name=\"twitter:label1\" content=\"\u00c9crit par\" \/>\n\t<meta name=\"twitter:data1\" content=\"cfeditorfr\" \/>\n\t<meta name=\"twitter:label2\" content=\"Dur\u00e9e de lecture estim\u00e9e\" \/>\n\t<meta name=\"twitter:data2\" content=\"1 minute\" \/>\n<script type=\"application\/ld+json\" class=\"yoast-schema-graph\">{\"@context\":\"https:\/\/schema.org\",\"@graph\":[{\"@type\":\"Article\",\"@id\":\"https:\/\/www.africa-press.net\/centrafricaine\/politique\/bangui-reagit-a-larrestation-de-casques-bleus-portugais-soupconnes-de-trafic-de-diamants#article\",\"isPartOf\":{\"@id\":\"https:\/\/www.africa-press.net\/centrafricaine\/politique\/bangui-reagit-a-larrestation-de-casques-bleus-portugais-soupconnes-de-trafic-de-diamants\"},\"author\":{\"name\":\"cfeditorfr\",\"@id\":\"https:\/\/www.africa-press.net\/centrafricaine\/#\/schema\/person\/2b1cf3cd81a31e3cd26889ca66d677f1\"},\"headline\":\"Bangui r\u00e9agit \u00e0 l&rsquo;arrestation de casques bleus portugais, soup\u00e7onn\u00e9s de trafic de diamants\",\"datePublished\":\"2021-11-11T16:49:59+00:00\",\"dateModified\":\"2021-11-11T17:06:00+00:00\",\"mainEntityOfPage\":{\"@id\":\"https:\/\/www.africa-press.net\/centrafricaine\/politique\/bangui-reagit-a-larrestation-de-casques-bleus-portugais-soupconnes-de-trafic-de-diamants\"},\"wordCount\":264,\"commentCount\":0,\"image\":{\"@id\":\"https:\/\/www.africa-press.net\/centrafricaine\/politique\/bangui-reagit-a-larrestation-de-casques-bleus-portugais-soupconnes-de-trafic-de-diamants#primaryimage\"},\"thumbnailUrl\":\"https:\/\/static.africa-press.net\/centrafricaine\/sites\/45\/2021\/11\/img-618d4d56147c1.jpg\",\"keywords\":[\"Africa Press\",\"Africa Press-CentrAfricaine\",\"Bangui\",\"CentrAfricaine\",\"Minusca\"],\"articleSection\":[\"homepage-french\",\"Politique\",\"Top Nouvelles\",\"Toutes les actualit\u00e9s\"],\"inLanguage\":\"fr-FR\",\"potentialAction\":[{\"@type\":\"CommentAction\",\"name\":\"Comment\",\"target\":[\"https:\/\/www.africa-press.net\/centrafricaine\/politique\/bangui-reagit-a-larrestation-de-casques-bleus-portugais-soupconnes-de-trafic-de-diamants#respond\"]}]},{\"@type\":\"WebPage\",\"@id\":\"https:\/\/www.africa-press.net\/centrafricaine\/politique\/bangui-reagit-a-larrestation-de-casques-bleus-portugais-soupconnes-de-trafic-de-diamants\",\"url\":\"https:\/\/www.africa-press.net\/centrafricaine\/politique\/bangui-reagit-a-larrestation-de-casques-bleus-portugais-soupconnes-de-trafic-de-diamants\",\"name\":\"Bangui r\u00e9agit \u00e0 l'arrestation de casques bleus portugais, soup\u00e7onn\u00e9s de trafic de diamants - centrafricaine\",\"isPartOf\":{\"@id\":\"https:\/\/www.africa-press.net\/centrafricaine\/#website\"},\"primaryImageOfPage\":{\"@id\":\"https:\/\/www.africa-press.net\/centrafricaine\/politique\/bangui-reagit-a-larrestation-de-casques-bleus-portugais-soupconnes-de-trafic-de-diamants#primaryimage\"},\"image\":{\"@id\":\"https:\/\/www.africa-press.net\/centrafricaine\/politique\/bangui-reagit-a-larrestation-de-casques-bleus-portugais-soupconnes-de-trafic-de-diamants#primaryimage\"},\"thumbnailUrl\":\"https:\/\/static.africa-press.net\/centrafricaine\/sites\/45\/2021\/11\/img-618d4d56147c1.jpg\",\"datePublished\":\"2021-11-11T16:49:59+00:00\",\"dateModified\":\"2021-11-11T17:06:00+00:00\",\"author\":{\"@id\":\"https:\/\/www.africa-press.net\/centrafricaine\/#\/schema\/person\/2b1cf3cd81a31e3cd26889ca66d677f1\"},\"description\":\"Les autorit\u00e9s centrafricaines ont exprim\u00e9 leur satisfaction apr\u00e8s l\u2019arrestation d\u2019une dizaine de casques bleus portugai ...\",\"breadcrumb\":{\"@id\":\"https:\/\/www.africa-press.net\/centrafricaine\/politique\/bangui-reagit-a-larrestation-de-casques-bleus-portugais-soupconnes-de-trafic-de-diamants#breadcrumb\"},\"inLanguage\":\"fr-FR\",\"potentialAction\":[{\"@type\":\"ReadAction\",\"target\":[\"https:\/\/www.africa-press.net\/centrafricaine\/politique\/bangui-reagit-a-larrestation-de-casques-bleus-portugais-soupconnes-de-trafic-de-diamants\"]}]},{\"@type\":\"ImageObject\",\"inLanguage\":\"fr-FR\",\"@id\":\"https:\/\/www.africa-press.net\/centrafricaine\/politique\/bangui-reagit-a-larrestation-de-casques-bleus-portugais-soupconnes-de-trafic-de-diamants#primaryimage\",\"url\":\"https:\/\/static.africa-press.net\/centrafricaine\/sites\/45\/2021\/11\/img-618d4d56147c1.jpg\",\"contentUrl\":\"https:\/\/static.africa-press.net\/centrafricaine\/sites\/45\/2021\/11\/img-618d4d56147c1.jpg\",\"width\":720,\"height\":405,\"caption\":\"Bangui r\u00e9agit \u00e0 l'arrestation de casques bleus portugais, soup\u00e7onn\u00e9s de trafic de diamants\"},{\"@type\":\"BreadcrumbList\",\"@id\":\"https:\/\/www.africa-press.net\/centrafricaine\/politique\/bangui-reagit-a-larrestation-de-casques-bleus-portugais-soupconnes-de-trafic-de-diamants#breadcrumb\",\"itemListElement\":[{\"@type\":\"ListItem\",\"position\":1,\"name\":\"Accueil\",\"item\":\"https:\/\/www.africa-press.net\/centrafricaine\/\"},{\"@type\":\"ListItem\",\"position\":2,\"name\":\"Bangui r\u00e9agit \u00e0 l&#8217;arrestation de casques bleus portugais, soup\u00e7onn\u00e9s de trafic de diamants\"}]},{\"@type\":\"WebSite\",\"@id\":\"https:\/\/www.africa-press.net\/centrafricaine\/#website\",\"url\":\"https:\/\/www.africa-press.net\/centrafricaine\/\",\"name\":\"centrafricaine\",\"description\":\"Just another Africa News Agency Sites site\",\"potentialAction\":[{\"@type\":\"SearchAction\",\"target\":{\"@type\":\"EntryPoint\",\"urlTemplate\":\"https:\/\/www.africa-press.net\/centrafricaine\/?s={search_term_string}\"},\"query-input\":{\"@type\":\"PropertyValueSpecification\",\"valueRequired\":true,\"valueName\":\"search_term_string\"}}],\"inLanguage\":\"fr-FR\"},{\"@type\":\"Person\",\"@id\":\"https:\/\/www.africa-press.net\/centrafricaine\/#\/schema\/person\/2b1cf3cd81a31e3cd26889ca66d677f1\",\"name\":\"cfeditorfr\"}]}<\/script>\n<!-- \/ Yoast SEO Premium plugin. -->","yoast_head_json":{"title":"Bangui r\u00e9agit \u00e0 l'arrestation de casques bleus portugais, soup\u00e7onn\u00e9s de trafic de diamants - centrafricaine","description":"Les autorit\u00e9s centrafricaines ont exprim\u00e9 leur satisfaction apr\u00e8s l\u2019arrestation d\u2019une dizaine de casques bleus portugai ...","robots":{"index":"index","follow":"follow","max-snippet":"max-snippet:-1","max-image-preview":"max-image-preview:large","max-video-preview":"max-video-preview:-1"},"canonical":"https:\/\/www.africa-press.net\/centrafricaine\/politique\/bangui-reagit-a-larrestation-de-casques-bleus-portugais-soupconnes-de-trafic-de-diamants","og_locale":"fr_FR","og_type":"article","og_title":"Bangui r\u00e9agit \u00e0 l'arrestation de casques bleus portugais, soup\u00e7onn\u00e9s de trafic de diamants","og_description":"Les autorit\u00e9s centrafricaines ont exprim\u00e9 leur satisfaction apr\u00e8s l\u2019arrestation d\u2019une dizaine de casques bleus portugai ...","og_url":"https:\/\/www.africa-press.net\/centrafricaine\/politique\/bangui-reagit-a-larrestation-de-casques-bleus-portugais-soupconnes-de-trafic-de-diamants","og_site_name":"centrafricaine","article_published_time":"2021-11-11T16:49:59+00:00","article_modified_time":"2021-11-11T17:06:00+00:00","og_image":[{"width":720,"height":405,"url":"https:\/\/static.africa-press.net\/centrafricaine\/sites\/45\/2021\/11\/img-618d4d56147c1.jpg","type":"image\/jpeg"}],"author":"cfeditorfr","twitter_card":"summary_large_image","twitter_misc":{"\u00c9crit par":"cfeditorfr","Dur\u00e9e de lecture estim\u00e9e":"1 minute"},"schema":{"@context":"https:\/\/schema.org","@graph":[{"@type":"Article","@id":"https:\/\/www.africa-press.net\/centrafricaine\/politique\/bangui-reagit-a-larrestation-de-casques-bleus-portugais-soupconnes-de-trafic-de-diamants#article","isPartOf":{"@id":"https:\/\/www.africa-press.net\/centrafricaine\/politique\/bangui-reagit-a-larrestation-de-casques-bleus-portugais-soupconnes-de-trafic-de-diamants"},"author":{"name":"cfeditorfr","@id":"https:\/\/www.africa-press.net\/centrafricaine\/#\/schema\/person\/2b1cf3cd81a31e3cd26889ca66d677f1"},"headline":"Bangui r\u00e9agit \u00e0 l&rsquo;arrestation de casques bleus portugais, soup\u00e7onn\u00e9s de trafic de diamants","datePublished":"2021-11-11T16:49:59+00:00","dateModified":"2021-11-11T17:06:00+00:00","mainEntityOfPage":{"@id":"https:\/\/www.africa-press.net\/centrafricaine\/politique\/bangui-reagit-a-larrestation-de-casques-bleus-portugais-soupconnes-de-trafic-de-diamants"},"wordCount":264,"commentCount":0,"image":{"@id":"https:\/\/www.africa-press.net\/centrafricaine\/politique\/bangui-reagit-a-larrestation-de-casques-bleus-portugais-soupconnes-de-trafic-de-diamants#primaryimage"},"thumbnailUrl":"https:\/\/static.africa-press.net\/centrafricaine\/sites\/45\/2021\/11\/img-618d4d56147c1.jpg","keywords":["Africa Press","Africa Press-CentrAfricaine","Bangui","CentrAfricaine","Minusca"],"articleSection":["homepage-french","Politique","Top Nouvelles","Toutes les actualit\u00e9s"],"inLanguage":"fr-FR","potentialAction":[{"@type":"CommentAction","name":"Comment","target":["https:\/\/www.africa-press.net\/centrafricaine\/politique\/bangui-reagit-a-larrestation-de-casques-bleus-portugais-soupconnes-de-trafic-de-diamants#respond"]}]},{"@type":"WebPage","@id":"https:\/\/www.africa-press.net\/centrafricaine\/politique\/bangui-reagit-a-larrestation-de-casques-bleus-portugais-soupconnes-de-trafic-de-diamants","url":"https:\/\/www.africa-press.net\/centrafricaine\/politique\/bangui-reagit-a-larrestation-de-casques-bleus-portugais-soupconnes-de-trafic-de-diamants","name":"Bangui r\u00e9agit \u00e0 l'arrestation de casques bleus portugais, soup\u00e7onn\u00e9s de trafic de diamants - centrafricaine","isPartOf":{"@id":"https:\/\/www.africa-press.net\/centrafricaine\/#website"},"primaryImageOfPage":{"@id":"https:\/\/www.africa-press.net\/centrafricaine\/politique\/bangui-reagit-a-larrestation-de-casques-bleus-portugais-soupconnes-de-trafic-de-diamants#primaryimage"},"image":{"@id":"https:\/\/www.africa-press.net\/centrafricaine\/politique\/bangui-reagit-a-larrestation-de-casques-bleus-portugais-soupconnes-de-trafic-de-diamants#primaryimage"},"thumbnailUrl":"https:\/\/static.africa-press.net\/centrafricaine\/sites\/45\/2021\/11\/img-618d4d56147c1.jpg","datePublished":"2021-11-11T16:49:59+00:00","dateModified":"2021-11-11T17:06:00+00:00","author":{"@id":"https:\/\/www.africa-press.net\/centrafricaine\/#\/schema\/person\/2b1cf3cd81a31e3cd26889ca66d677f1"},"description":"Les autorit\u00e9s centrafricaines ont exprim\u00e9 leur satisfaction apr\u00e8s l\u2019arrestation d\u2019une dizaine de casques bleus portugai ...","breadcrumb":{"@id":"https:\/\/www.africa-press.net\/centrafricaine\/politique\/bangui-reagit-a-larrestation-de-casques-bleus-portugais-soupconnes-de-trafic-de-diamants#breadcrumb"},"inLanguage":"fr-FR","potentialAction":[{"@type":"ReadAction","target":["https:\/\/www.africa-press.net\/centrafricaine\/politique\/bangui-reagit-a-larrestation-de-casques-bleus-portugais-soupconnes-de-trafic-de-diamants"]}]},{"@type":"ImageObject","inLanguage":"fr-FR","@id":"https:\/\/www.africa-press.net\/centrafricaine\/politique\/bangui-reagit-a-larrestation-de-casques-bleus-portugais-soupconnes-de-trafic-de-diamants#primaryimage","url":"https:\/\/static.africa-press.net\/centrafricaine\/sites\/45\/2021\/11\/img-618d4d56147c1.jpg","contentUrl":"https:\/\/static.africa-press.net\/centrafricaine\/sites\/45\/2021\/11\/img-618d4d56147c1.jpg","width":720,"height":405,"caption":"Bangui r\u00e9agit \u00e0 l'arrestation de casques bleus portugais, soup\u00e7onn\u00e9s de trafic de diamants"},{"@type":"BreadcrumbList","@id":"https:\/\/www.africa-press.net\/centrafricaine\/politique\/bangui-reagit-a-larrestation-de-casques-bleus-portugais-soupconnes-de-trafic-de-diamants#breadcrumb","itemListElement":[{"@type":"ListItem","position":1,"name":"Accueil","item":"https:\/\/www.africa-press.net\/centrafricaine\/"},{"@type":"ListItem","position":2,"name":"Bangui r\u00e9agit \u00e0 l&#8217;arrestation de casques bleus portugais, soup\u00e7onn\u00e9s de trafic de diamants"}]},{"@type":"WebSite","@id":"https:\/\/www.africa-press.net\/centrafricaine\/#website","url":"https:\/\/www.africa-press.net\/centrafricaine\/","name":"centrafricaine","description":"Just another Africa News Agency Sites site","potentialAction":[{"@type":"SearchAction","target":{"@type":"EntryPoint","urlTemplate":"https:\/\/www.africa-press.net\/centrafricaine\/?s={search_term_string}"},"query-input":{"@type":"PropertyValueSpecification","valueRequired":true,"valueName":"search_term_string"}}],"inLanguage":"fr-FR"},{"@type":"Person","@id":"https:\/\/www.africa-press.net\/centrafricaine\/#\/schema\/person\/2b1cf3cd81a31e3cd26889ca66d677f1","name":"cfeditorfr"}]}},"_links":{"self":[{"href":"https:\/\/www.africa-press.net\/centrafricaine\/wp-json\/wp\/v2\/posts\/13141","targetHints":{"allow":["GET"]}}],"collection":[{"href":"https:\/\/www.africa-press.net\/centrafricaine\/wp-json\/wp\/v2\/posts"}],"about":[{"href":"https:\/\/www.africa-press.net\/centrafricaine\/wp-json\/wp\/v2\/types\/post"}],"author":[{"embeddable":true,"href":"https:\/\/www.africa-press.net\/centrafricaine\/wp-json\/wp\/v2\/users\/82"}],"replies":[{"embeddable":true,"href":"https:\/\/www.africa-press.net\/centrafricaine\/wp-json\/wp\/v2\/comments?post=13141"}],"version-history":[{"count":0,"href":"https:\/\/www.africa-press.net\/centrafricaine\/wp-json\/wp\/v2\/posts\/13141\/revisions"}],"wp:featuredmedia":[{"embeddable":true,"href":"https:\/\/www.africa-press.net\/centrafricaine\/wp-json\/wp\/v2\/media\/13140"}],"wp:attachment":[{"href":"https:\/\/www.africa-press.net\/centrafricaine\/wp-json\/wp\/v2\/media?parent=13141"}],"wp:term":[{"taxonomy":"category","embeddable":true,"href":"https:\/\/www.africa-press.net\/centrafricaine\/wp-json\/wp\/v2\/categories?post=13141"},{"taxonomy":"post_tag","embeddable":true,"href":"https:\/\/www.africa-press.net\/centrafricaine\/wp-json\/wp\/v2\/tags?post=13141"}],"curies":[{"name":"wp","href":"https:\/\/api.w.org\/{rel}","templated":true}]}}