{"id":13195,"date":"2021-11-12T17:16:21","date_gmt":"2021-11-12T17:16:21","guid":{"rendered":"https:\/\/www.africa-press.net\/centrafricaine\/politique\/onu-huis-clos-electrique-pour-le-renouvellement-de-la-minusca"},"modified":"2021-11-12T17:37:54","modified_gmt":"2021-11-12T17:37:54","slug":"onu-huis-clos-electrique-pour-le-renouvellement-de-la-minusca","status":"publish","type":"post","link":"https:\/\/www.africa-press.net\/centrafricaine\/dossiers\/onu-huis-clos-electrique-pour-le-renouvellement-de-la-minusca","title":{"rendered":"ONU : huis clos \u00e9lectrique pour le renouvellement de la Minusca"},"content":{"rendered":"<p><span style=\"color: #ff6600\"><strong>Africa-Press &#8211; CentrAfricaine. <\/strong><\/span><b>Bangui, 12 novembre 2021 ( Corbeauneews \u2013 Centrafrique) \u2013 Le Conseil de s\u00e9curit\u00e9 de l\u2019ONU renouvelle ce vendredi le mandat de la Minusca. Les discussions entam\u00e9es d\u00e8s le mois d\u2019octobre se sont d\u00e9roul\u00e9es dans un climat difficile, alors que Moscou tente d\u2019all\u00e9ger l\u2019embargo sur les armes. Le tout dans un contexte tendu entre Bangui et la mission onusienne.<\/b><\/p>\n<p><b>\u00ab Un mandat plus robuste<\/b><\/p>\n<p>\u00bb : c\u2019est le ma\u00eetre mot, \u00e0 Bangui comme \u00e0 New York, qui domine les discussions du Conseil de s\u00e9curit\u00e9 des Nations unies relatives au renouvellement du mandat de la Minusca. D\u00e9j\u00e0, en mars dernier, le Conseil de s\u00e9curit\u00e9 avait d\u00e9cid\u00e9 d\u2019augmenter les effectifs de la mission d\u2019un millier de casques bleus suppl\u00e9mentaires. Une le\u00e7on tir\u00e9e de l\u2019attaque de d\u00e9cembre 2020 des rebelles de la Coalition des patriotes pour le changement (CPC) de Fran\u00e7ois Boziz\u00e9. Partie de l\u2019arri\u00e8re-pays, la CPC \u00e9tait parvenue \u00e0 atteindre les portes de Bangui en f\u00e9vrier dernier.<\/p>\n<p><b>Composante a\u00e9rienne<\/b><\/p>\n<p>D\u00e9bord\u00e9e, la Minusca avait \u00e9t\u00e9 contrainte localement de collaborer ponctuellement avec les Forces arm\u00e9es centrafricaines (FACa), mais surtout \u00e9galement avec les \u00ab instructeurs russes \u00bb de la soci\u00e9t\u00e9 Wagner, pr\u00e9sents aupr\u00e8s de l\u2019arm\u00e9e centrafricaine. Une situation qui avait suscit\u00e9 un embarras consid\u00e9rable \u00e0 New York et avait mis \u00e0 mal le patron de la mission Mankeur Ndiaye et sa num\u00e9ro 2, Denise Brown.<\/p>\n<p>La mission ambitionne d\u00e9sormais de renforcer ses composantes strat\u00e9giques \u2013 notamment les forces d\u2019intervention rapides, plus souples -, capables de se projeter rapidement dans le pays. Au sein de la Minusca, les contingents n\u00e9palais et portugais interviennent d\u00e9j\u00e0 dans ce cadre. La composante a\u00e9rienne doit elle aussi tre renforc\u00e9e. Bangui s\u2019est plaint \u00e0 plusieurs reprises ces derni\u00e8res semaines d\u2019un d\u00e9ficit de la mission onusienne en la mati\u00e8re. Le d\u00e9ploiement \u00e0 venir des casques bleus tunisiens doit ainsi apporter une premi\u00e8re r\u00e9ponse.<\/p>\n<p>La Minusca a connu des turbulences ces derniers mois. Le contingent de Gabonais de 450 hommes n\u2019a toujours pas \u00e9t\u00e9 remplac\u00e9 apr\u00e8s son d\u00e9part contraint \u00e0 la suite d\u2019accusations d\u2019agressions sexuelles. Le contingent marocain \u2013 qui a fait l\u2019objet de tr\u00e8s violentes attaques depuis 2014 \u2013 r\u00e9fl\u00e9chit quant \u00e0 lui \u00e0 r\u00e9duire sa contribution. Des sujets qui ont \u00e9t\u00e9 discut\u00e9s lors de la r\u00e9union \u00e0 New York des pays contributeurs \u00e0 la Minusca, le 3 novembre. Le Togo, le S\u00e9n\u00e9gal, la Tunisie et, dans une moindre mesure, la C\u00f4te d\u2019Ivoire restent positionn\u00e9s pour d\u00e9ployer des hommes au sein de la force onusienne.<\/p>\n<p><b>D\u00e9saccord sur l\u2019embargo, le panel des experts et les sanctions<\/b><\/p>\n<p>Mais la rivalit\u00e9 entre Moscou et Paris a plan\u00e9 sur l\u2019ensemble des discussions. Moscou a ainsi tent\u00e9 de profiter des d\u00e9bats pour introduire dans le texte un assouplissement de l\u2019embargo au sujet des armes de 16 mm et des mortiers de 60 mm. Depuis juillet, leur importation est soumise \u00e0 d\u00e9rogation, obligeant \u00e0 solliciter plusieurs mois auparavant une autorisation pr\u00e9alable du Conseil de s\u00e9curit\u00e9 (AI du 12\/07\/21).<\/p>\n<p>La Russie plaide d\u00e9sormais pour la mise en place d\u2019une simple \u00ab notice informationnelle \u00bb \u00e0 communiquer \u00e0 l\u2019organe onusien seulement un mois avant. La demande a peu de chances d\u2019\u00eatre accept\u00e9e par les autres Etats membres, \u00e0 commencer par les Etats-Unis, la France et le Royaume-Uni.<\/p>\n<p>Le renouvellement du panel des experts sur la R\u00e9publique centrafricaine est par ailleurs bloqu\u00e9 par la diplomatie russe. Celle-ci doit donner son aval, comme tous les Etats membres du Conseil de s\u00e9curit\u00e9, sur le profil des experts recrut\u00e9s. Mais les dossiers sont bloqu\u00e9s \u00e0 Moscou, en attente de validation, mani\u00e8re de r\u00e9pondre au pr\u00e9c\u00e9dent rapport du panel, sorti au mois de juin. Il accusait les \u00ab instructeurs russes \u00bb d\u2019exactions contre les civils, au m\u00eame titre que les groupes arm\u00e9s.<\/p>\n<p>Dans ce contexte de d\u00e9saccord entre Etats membres, un accord sur de nouvelles sanctions contre des responsables du r\u00e9gime ou des groupes arm\u00e9s est peu probable. C\u2019est ainsi que l\u2019opposant Karim Meckassoua, pourtant point\u00e9 du doigt lors du dernier rapport des experts pour son implication au sein de la CPC, est en train d\u2019\u00e9chapper \u00e0 des sanctions. En exil depuis sa destitution parlementaire, l\u2019ancien pr\u00e9sident de l\u2019Assembl\u00e9e nationale reste toujours actif en Afrique centrale.<\/p>\n<p><b>La Minusca et le gouvernement centrafricain \u00e0 couteaux tir\u00e9s<\/b><\/p>\n<p>Les discussions new-yorkaises se sont d\u00e9roul\u00e9es dans un climat explosif entre Bangui et la Minusca. Le 1er novembre, la garde pr\u00e9sidentielle a tir\u00e9 sur un bus de la Minusca s\u2019\u00e9tant \u00e9gar\u00e9 aux abords de la r\u00e9sidence pr\u00e9sidentielle, faisant dix bless\u00e9s c\u00f4t\u00e9 \u00e9gyptien. Une adolescente est morte dans la confusion, heurt\u00e9e par le v\u00e9hicule onusien.<\/p>\n<p>Tr\u00e8s vite, l\u2019affaire a pris une tournure politique. Le secr\u00e9taire g\u00e9n\u00e9ral Antonio Guterres a \u00ab fermement condamn\u00e9 \u00bb l\u2019incident et exig\u00e9 une enqu\u00eate. La ministre centrafricaine des affaires \u00e9trang\u00e8res Sylvie Ba\u00efpo-T\u00e9mon a vertement accus\u00e9 la Minusca d\u2019\u00eatre elle-mme responsable de l\u2019incident.<\/p>\n<p>Les principaux relais proches du pouvoir ont intens\u00e9ment exploit\u00e9 le drame pour d\u00e9noncer la mission. Une manifestation de quelques personnes a ainsi \u00e9t\u00e9 organis\u00e9e cette semaine devant le QG de la mission, film\u00e9e par deux journalistes de RIA FAN, agence de presse proche de Wagner. Des panneaux \u00ab Minusca d\u00e9gage \u00bb \u00e9taient notamment mont\u00e9s sur un pick-up de la gendarmerie centrafricaine.<\/p>\n<p><strong>Pour plus d&rsquo;informations et d&rsquo;analyses sur la <a href=\"https:\/\/www.africa-press.net\/centrafricaine\">CentrAfricaine<\/a>, suivez <a href=\"https:\/\/www.africa-press.net\/\">Africa-Press<\/a><\/strong><\/p>\n","protected":false},"excerpt":{"rendered":"<p>Africa-Press &#8211; CentrAfricaine. Bangui, 12 novembre 2021 ( Corbeauneews \u2013 Centrafrique) \u2013 Le Conseil de s\u00e9curit\u00e9 de l\u2019ONU renouvelle ce vendredi le mandat de la Minusca. Les discussions entam\u00e9es d\u00e8s le mois d\u2019octobre se sont d\u00e9roul\u00e9es dans un climat difficile, alors que Moscou tente d\u2019all\u00e9ger l\u2019embargo sur les armes. Le tout dans un contexte tendu [&hellip;]<\/p>\n","protected":false},"author":82,"featured_media":13194,"comment_status":"open","ping_status":"closed","sticky":false,"template":"","format":"standard","meta":{"footnotes":""},"categories":[7,11,10],"tags":[36,58,30,48,44],"class_list":["post-13195","post","type-post","status-publish","format-standard","has-post-thumbnail","hentry","category-dossiers","category-homepage-french","category-toutes-les-actualites","tag-africa-press","tag-africa-press-centrafricaine","tag-centrafricaine","tag-minusca","tag-onu"],"yoast_head":"<!-- This site is optimized with the Yoast SEO Premium plugin v26.1 (Yoast SEO v27.0) - https:\/\/yoast.com\/product\/yoast-seo-premium-wordpress\/ -->\n<title>ONU : huis clos \u00e9lectrique pour le renouvellement de la Minusca - centrafricaine<\/title>\n<meta name=\"description\" content=\"Bangui, 12 novembre 2021 ( Corbeauneews \u2013 Centrafrique) \u2013 Le Conseil de s\u00e9curit\u00e9 de l\u2019ONU renouvelle ce vendredi le m ...\" \/>\n<meta name=\"robots\" content=\"index, follow, max-snippet:-1, max-image-preview:large, max-video-preview:-1\" \/>\n<link rel=\"canonical\" href=\"https:\/\/www.africa-press.net\/centrafricaine\/dossiers\/onu-huis-clos-electrique-pour-le-renouvellement-de-la-minusca\" \/>\n<meta property=\"og:locale\" content=\"fr_FR\" \/>\n<meta property=\"og:type\" content=\"article\" \/>\n<meta property=\"og:title\" content=\"ONU : huis clos \u00e9lectrique pour le renouvellement de la Minusca\" \/>\n<meta property=\"og:description\" content=\"Bangui, 12 novembre 2021 ( Corbeauneews \u2013 Centrafrique) \u2013 Le Conseil de s\u00e9curit\u00e9 de l\u2019ONU renouvelle ce vendredi le m ...\" \/>\n<meta property=\"og:url\" content=\"https:\/\/www.africa-press.net\/centrafricaine\/dossiers\/onu-huis-clos-electrique-pour-le-renouvellement-de-la-minusca\" \/>\n<meta property=\"og:site_name\" content=\"centrafricaine\" \/>\n<meta property=\"article:published_time\" content=\"2021-11-12T17:16:21+00:00\" \/>\n<meta property=\"article:modified_time\" content=\"2021-11-12T17:37:54+00:00\" \/>\n<meta property=\"og:image\" content=\"https:\/\/static.africa-press.net\/centrafricaine\/sites\/45\/2021\/11\/img-618ea6455206e.jpg\" \/>\n\t<meta property=\"og:image:width\" content=\"1000\" \/>\n\t<meta property=\"og:image:height\" content=\"666\" \/>\n\t<meta property=\"og:image:type\" content=\"image\/jpeg\" \/>\n<meta name=\"author\" content=\"cfeditorfr\" \/>\n<meta name=\"twitter:card\" content=\"summary_large_image\" \/>\n<meta name=\"twitter:label1\" content=\"\u00c9crit par\" \/>\n\t<meta name=\"twitter:data1\" content=\"cfeditorfr\" \/>\n\t<meta name=\"twitter:label2\" content=\"Dur\u00e9e de lecture estim\u00e9e\" \/>\n\t<meta name=\"twitter:data2\" content=\"5 minutes\" \/>\n<script type=\"application\/ld+json\" class=\"yoast-schema-graph\">{\"@context\":\"https:\/\/schema.org\",\"@graph\":[{\"@type\":\"Article\",\"@id\":\"https:\/\/www.africa-press.net\/centrafricaine\/dossiers\/onu-huis-clos-electrique-pour-le-renouvellement-de-la-minusca#article\",\"isPartOf\":{\"@id\":\"https:\/\/www.africa-press.net\/centrafricaine\/dossiers\/onu-huis-clos-electrique-pour-le-renouvellement-de-la-minusca\"},\"author\":{\"name\":\"cfeditorfr\",\"@id\":\"https:\/\/www.africa-press.net\/centrafricaine\/#\/schema\/person\/2b1cf3cd81a31e3cd26889ca66d677f1\"},\"headline\":\"ONU : huis clos \u00e9lectrique pour le renouvellement de la Minusca\",\"datePublished\":\"2021-11-12T17:16:21+00:00\",\"dateModified\":\"2021-11-12T17:37:54+00:00\",\"mainEntityOfPage\":{\"@id\":\"https:\/\/www.africa-press.net\/centrafricaine\/dossiers\/onu-huis-clos-electrique-pour-le-renouvellement-de-la-minusca\"},\"wordCount\":955,\"commentCount\":0,\"image\":{\"@id\":\"https:\/\/www.africa-press.net\/centrafricaine\/dossiers\/onu-huis-clos-electrique-pour-le-renouvellement-de-la-minusca#primaryimage\"},\"thumbnailUrl\":\"https:\/\/static.africa-press.net\/centrafricaine\/sites\/45\/2021\/11\/img-618ea6455206e.jpg\",\"keywords\":[\"Africa Press\",\"Africa Press-CentrAfricaine\",\"CentrAfricaine\",\"Minusca\",\"ONU\"],\"articleSection\":[\"Dossiers\",\"homepage-french\",\"Toutes les actualit\u00e9s\"],\"inLanguage\":\"fr-FR\",\"potentialAction\":[{\"@type\":\"CommentAction\",\"name\":\"Comment\",\"target\":[\"https:\/\/www.africa-press.net\/centrafricaine\/dossiers\/onu-huis-clos-electrique-pour-le-renouvellement-de-la-minusca#respond\"]}]},{\"@type\":\"WebPage\",\"@id\":\"https:\/\/www.africa-press.net\/centrafricaine\/dossiers\/onu-huis-clos-electrique-pour-le-renouvellement-de-la-minusca\",\"url\":\"https:\/\/www.africa-press.net\/centrafricaine\/dossiers\/onu-huis-clos-electrique-pour-le-renouvellement-de-la-minusca\",\"name\":\"ONU : huis clos \u00e9lectrique pour le renouvellement de la Minusca - centrafricaine\",\"isPartOf\":{\"@id\":\"https:\/\/www.africa-press.net\/centrafricaine\/#website\"},\"primaryImageOfPage\":{\"@id\":\"https:\/\/www.africa-press.net\/centrafricaine\/dossiers\/onu-huis-clos-electrique-pour-le-renouvellement-de-la-minusca#primaryimage\"},\"image\":{\"@id\":\"https:\/\/www.africa-press.net\/centrafricaine\/dossiers\/onu-huis-clos-electrique-pour-le-renouvellement-de-la-minusca#primaryimage\"},\"thumbnailUrl\":\"https:\/\/static.africa-press.net\/centrafricaine\/sites\/45\/2021\/11\/img-618ea6455206e.jpg\",\"datePublished\":\"2021-11-12T17:16:21+00:00\",\"dateModified\":\"2021-11-12T17:37:54+00:00\",\"author\":{\"@id\":\"https:\/\/www.africa-press.net\/centrafricaine\/#\/schema\/person\/2b1cf3cd81a31e3cd26889ca66d677f1\"},\"description\":\"Bangui, 12 novembre 2021 ( Corbeauneews \u2013 Centrafrique) \u2013 Le Conseil de s\u00e9curit\u00e9 de l\u2019ONU renouvelle ce vendredi le m ...\",\"breadcrumb\":{\"@id\":\"https:\/\/www.africa-press.net\/centrafricaine\/dossiers\/onu-huis-clos-electrique-pour-le-renouvellement-de-la-minusca#breadcrumb\"},\"inLanguage\":\"fr-FR\",\"potentialAction\":[{\"@type\":\"ReadAction\",\"target\":[\"https:\/\/www.africa-press.net\/centrafricaine\/dossiers\/onu-huis-clos-electrique-pour-le-renouvellement-de-la-minusca\"]}]},{\"@type\":\"ImageObject\",\"inLanguage\":\"fr-FR\",\"@id\":\"https:\/\/www.africa-press.net\/centrafricaine\/dossiers\/onu-huis-clos-electrique-pour-le-renouvellement-de-la-minusca#primaryimage\",\"url\":\"https:\/\/static.africa-press.net\/centrafricaine\/sites\/45\/2021\/11\/img-618ea6455206e.jpg\",\"contentUrl\":\"https:\/\/static.africa-press.net\/centrafricaine\/sites\/45\/2021\/11\/img-618ea6455206e.jpg\",\"width\":1000,\"height\":666,\"caption\":\"ONU : huis clos \u00e9lectrique pour le renouvellement de la Minusca\"},{\"@type\":\"BreadcrumbList\",\"@id\":\"https:\/\/www.africa-press.net\/centrafricaine\/dossiers\/onu-huis-clos-electrique-pour-le-renouvellement-de-la-minusca#breadcrumb\",\"itemListElement\":[{\"@type\":\"ListItem\",\"position\":1,\"name\":\"Accueil\",\"item\":\"https:\/\/www.africa-press.net\/centrafricaine\/\"},{\"@type\":\"ListItem\",\"position\":2,\"name\":\"ONU : huis clos \u00e9lectrique pour le renouvellement de la Minusca\"}]},{\"@type\":\"WebSite\",\"@id\":\"https:\/\/www.africa-press.net\/centrafricaine\/#website\",\"url\":\"https:\/\/www.africa-press.net\/centrafricaine\/\",\"name\":\"centrafricaine\",\"description\":\"Just another Africa News Agency Sites site\",\"potentialAction\":[{\"@type\":\"SearchAction\",\"target\":{\"@type\":\"EntryPoint\",\"urlTemplate\":\"https:\/\/www.africa-press.net\/centrafricaine\/?s={search_term_string}\"},\"query-input\":{\"@type\":\"PropertyValueSpecification\",\"valueRequired\":true,\"valueName\":\"search_term_string\"}}],\"inLanguage\":\"fr-FR\"},{\"@type\":\"Person\",\"@id\":\"https:\/\/www.africa-press.net\/centrafricaine\/#\/schema\/person\/2b1cf3cd81a31e3cd26889ca66d677f1\",\"name\":\"cfeditorfr\"}]}<\/script>\n<!-- \/ Yoast SEO Premium plugin. -->","yoast_head_json":{"title":"ONU : huis clos \u00e9lectrique pour le renouvellement de la Minusca - centrafricaine","description":"Bangui, 12 novembre 2021 ( Corbeauneews \u2013 Centrafrique) \u2013 Le Conseil de s\u00e9curit\u00e9 de l\u2019ONU renouvelle ce vendredi le m ...","robots":{"index":"index","follow":"follow","max-snippet":"max-snippet:-1","max-image-preview":"max-image-preview:large","max-video-preview":"max-video-preview:-1"},"canonical":"https:\/\/www.africa-press.net\/centrafricaine\/dossiers\/onu-huis-clos-electrique-pour-le-renouvellement-de-la-minusca","og_locale":"fr_FR","og_type":"article","og_title":"ONU : huis clos \u00e9lectrique pour le renouvellement de la Minusca","og_description":"Bangui, 12 novembre 2021 ( Corbeauneews \u2013 Centrafrique) \u2013 Le Conseil de s\u00e9curit\u00e9 de l\u2019ONU renouvelle ce vendredi le m ...","og_url":"https:\/\/www.africa-press.net\/centrafricaine\/dossiers\/onu-huis-clos-electrique-pour-le-renouvellement-de-la-minusca","og_site_name":"centrafricaine","article_published_time":"2021-11-12T17:16:21+00:00","article_modified_time":"2021-11-12T17:37:54+00:00","og_image":[{"width":1000,"height":666,"url":"https:\/\/static.africa-press.net\/centrafricaine\/sites\/45\/2021\/11\/img-618ea6455206e.jpg","type":"image\/jpeg"}],"author":"cfeditorfr","twitter_card":"summary_large_image","twitter_misc":{"\u00c9crit par":"cfeditorfr","Dur\u00e9e de lecture estim\u00e9e":"5 minutes"},"schema":{"@context":"https:\/\/schema.org","@graph":[{"@type":"Article","@id":"https:\/\/www.africa-press.net\/centrafricaine\/dossiers\/onu-huis-clos-electrique-pour-le-renouvellement-de-la-minusca#article","isPartOf":{"@id":"https:\/\/www.africa-press.net\/centrafricaine\/dossiers\/onu-huis-clos-electrique-pour-le-renouvellement-de-la-minusca"},"author":{"name":"cfeditorfr","@id":"https:\/\/www.africa-press.net\/centrafricaine\/#\/schema\/person\/2b1cf3cd81a31e3cd26889ca66d677f1"},"headline":"ONU : huis clos \u00e9lectrique pour le renouvellement de la Minusca","datePublished":"2021-11-12T17:16:21+00:00","dateModified":"2021-11-12T17:37:54+00:00","mainEntityOfPage":{"@id":"https:\/\/www.africa-press.net\/centrafricaine\/dossiers\/onu-huis-clos-electrique-pour-le-renouvellement-de-la-minusca"},"wordCount":955,"commentCount":0,"image":{"@id":"https:\/\/www.africa-press.net\/centrafricaine\/dossiers\/onu-huis-clos-electrique-pour-le-renouvellement-de-la-minusca#primaryimage"},"thumbnailUrl":"https:\/\/static.africa-press.net\/centrafricaine\/sites\/45\/2021\/11\/img-618ea6455206e.jpg","keywords":["Africa Press","Africa Press-CentrAfricaine","CentrAfricaine","Minusca","ONU"],"articleSection":["Dossiers","homepage-french","Toutes les actualit\u00e9s"],"inLanguage":"fr-FR","potentialAction":[{"@type":"CommentAction","name":"Comment","target":["https:\/\/www.africa-press.net\/centrafricaine\/dossiers\/onu-huis-clos-electrique-pour-le-renouvellement-de-la-minusca#respond"]}]},{"@type":"WebPage","@id":"https:\/\/www.africa-press.net\/centrafricaine\/dossiers\/onu-huis-clos-electrique-pour-le-renouvellement-de-la-minusca","url":"https:\/\/www.africa-press.net\/centrafricaine\/dossiers\/onu-huis-clos-electrique-pour-le-renouvellement-de-la-minusca","name":"ONU : huis clos \u00e9lectrique pour le renouvellement de la Minusca - centrafricaine","isPartOf":{"@id":"https:\/\/www.africa-press.net\/centrafricaine\/#website"},"primaryImageOfPage":{"@id":"https:\/\/www.africa-press.net\/centrafricaine\/dossiers\/onu-huis-clos-electrique-pour-le-renouvellement-de-la-minusca#primaryimage"},"image":{"@id":"https:\/\/www.africa-press.net\/centrafricaine\/dossiers\/onu-huis-clos-electrique-pour-le-renouvellement-de-la-minusca#primaryimage"},"thumbnailUrl":"https:\/\/static.africa-press.net\/centrafricaine\/sites\/45\/2021\/11\/img-618ea6455206e.jpg","datePublished":"2021-11-12T17:16:21+00:00","dateModified":"2021-11-12T17:37:54+00:00","author":{"@id":"https:\/\/www.africa-press.net\/centrafricaine\/#\/schema\/person\/2b1cf3cd81a31e3cd26889ca66d677f1"},"description":"Bangui, 12 novembre 2021 ( Corbeauneews \u2013 Centrafrique) \u2013 Le Conseil de s\u00e9curit\u00e9 de l\u2019ONU renouvelle ce vendredi le m ...","breadcrumb":{"@id":"https:\/\/www.africa-press.net\/centrafricaine\/dossiers\/onu-huis-clos-electrique-pour-le-renouvellement-de-la-minusca#breadcrumb"},"inLanguage":"fr-FR","potentialAction":[{"@type":"ReadAction","target":["https:\/\/www.africa-press.net\/centrafricaine\/dossiers\/onu-huis-clos-electrique-pour-le-renouvellement-de-la-minusca"]}]},{"@type":"ImageObject","inLanguage":"fr-FR","@id":"https:\/\/www.africa-press.net\/centrafricaine\/dossiers\/onu-huis-clos-electrique-pour-le-renouvellement-de-la-minusca#primaryimage","url":"https:\/\/static.africa-press.net\/centrafricaine\/sites\/45\/2021\/11\/img-618ea6455206e.jpg","contentUrl":"https:\/\/static.africa-press.net\/centrafricaine\/sites\/45\/2021\/11\/img-618ea6455206e.jpg","width":1000,"height":666,"caption":"ONU : huis clos \u00e9lectrique pour le renouvellement de la Minusca"},{"@type":"BreadcrumbList","@id":"https:\/\/www.africa-press.net\/centrafricaine\/dossiers\/onu-huis-clos-electrique-pour-le-renouvellement-de-la-minusca#breadcrumb","itemListElement":[{"@type":"ListItem","position":1,"name":"Accueil","item":"https:\/\/www.africa-press.net\/centrafricaine\/"},{"@type":"ListItem","position":2,"name":"ONU : huis clos \u00e9lectrique pour le renouvellement de la Minusca"}]},{"@type":"WebSite","@id":"https:\/\/www.africa-press.net\/centrafricaine\/#website","url":"https:\/\/www.africa-press.net\/centrafricaine\/","name":"centrafricaine","description":"Just another Africa News Agency Sites site","potentialAction":[{"@type":"SearchAction","target":{"@type":"EntryPoint","urlTemplate":"https:\/\/www.africa-press.net\/centrafricaine\/?s={search_term_string}"},"query-input":{"@type":"PropertyValueSpecification","valueRequired":true,"valueName":"search_term_string"}}],"inLanguage":"fr-FR"},{"@type":"Person","@id":"https:\/\/www.africa-press.net\/centrafricaine\/#\/schema\/person\/2b1cf3cd81a31e3cd26889ca66d677f1","name":"cfeditorfr"}]}},"_links":{"self":[{"href":"https:\/\/www.africa-press.net\/centrafricaine\/wp-json\/wp\/v2\/posts\/13195","targetHints":{"allow":["GET"]}}],"collection":[{"href":"https:\/\/www.africa-press.net\/centrafricaine\/wp-json\/wp\/v2\/posts"}],"about":[{"href":"https:\/\/www.africa-press.net\/centrafricaine\/wp-json\/wp\/v2\/types\/post"}],"author":[{"embeddable":true,"href":"https:\/\/www.africa-press.net\/centrafricaine\/wp-json\/wp\/v2\/users\/82"}],"replies":[{"embeddable":true,"href":"https:\/\/www.africa-press.net\/centrafricaine\/wp-json\/wp\/v2\/comments?post=13195"}],"version-history":[{"count":0,"href":"https:\/\/www.africa-press.net\/centrafricaine\/wp-json\/wp\/v2\/posts\/13195\/revisions"}],"wp:featuredmedia":[{"embeddable":true,"href":"https:\/\/www.africa-press.net\/centrafricaine\/wp-json\/wp\/v2\/media\/13194"}],"wp:attachment":[{"href":"https:\/\/www.africa-press.net\/centrafricaine\/wp-json\/wp\/v2\/media?parent=13195"}],"wp:term":[{"taxonomy":"category","embeddable":true,"href":"https:\/\/www.africa-press.net\/centrafricaine\/wp-json\/wp\/v2\/categories?post=13195"},{"taxonomy":"post_tag","embeddable":true,"href":"https:\/\/www.africa-press.net\/centrafricaine\/wp-json\/wp\/v2\/tags?post=13195"}],"curies":[{"name":"wp","href":"https:\/\/api.w.org\/{rel}","templated":true}]}}