{"id":13225,"date":"2021-11-13T14:19:36","date_gmt":"2021-11-13T14:19:36","guid":{"rendered":"https:\/\/www.africa-press.net\/centrafricaine\/politique\/le-mandat-de-la-minusca-renouvele-pour-un-an-de-plus"},"modified":"2021-11-14T16:01:39","modified_gmt":"2021-11-14T16:01:39","slug":"le-mandat-de-la-minusca-renouvele-pour-un-an-de-plus","status":"publish","type":"post","link":"https:\/\/www.africa-press.net\/centrafricaine\/politique\/le-mandat-de-la-minusca-renouvele-pour-un-an-de-plus","title":{"rendered":"le mandat de la Minusca renouvel\u00e9 pour un an de plus"},"content":{"rendered":"<p><span style=\"color: #ff6600\"><strong>Africa-Press &#8211; CentrAfricaine. <\/strong><\/span>La Minusca, l\u2019une des plus importantes missions de maintien de la paix de l\u2019ONU a \u00e9t\u00e9 renouvel\u00e9e pour un an vendredi 12 novembre par le Conseil de s\u00e9curit\u00e9.<\/p>\n<p>Et le renforcement des troupes d\u00e9cid\u00e9 en 2020 est bien confirm\u00e9 pour 12 mois de plus. Mais la Russie et la Chine se sont abstenus lors du vote. Deux abstentions sur le renouvellement du mandat de la Minusca, et des accusations importantes de l\u2019ONU m\u00eame pas mentionn\u00e9es dans le texte.<\/p>\n<p>La Russie a expliqu\u00e9 s\u2019\u00eatre abstenue \u00e0 cause de \u00ab scandales \u00bb concernant la Minusca. Les \u00c9tats-Unis ont eux regrett\u00e9 que les violations des droits humains des mercenaires russes Wagner aient d\u00fb \u00eatre pass\u00e9s sous silence, ainsi que l\u2019attaque du 1er novembre commise contre le bus de casques bleus \u00e9gyptiens, qui a essuy\u00e9 les tirs de la garde du pr\u00e9sident Touad\u00e9ra.<\/p>\n<p><strong>Pour plus d&rsquo;informations et d&rsquo;analyses sur la <a href=\"https:\/\/www.africa-press.net\/centrafricaine\">CentrAfricaine<\/a>, suivez <a href=\"https:\/\/www.africa-press.net\/\">Africa-Press<\/a><\/strong><\/p>\n","protected":false},"excerpt":{"rendered":"<p>Africa-Press &#8211; CentrAfricaine. La Minusca, l\u2019une des plus importantes missions de maintien de la paix de l\u2019ONU a \u00e9t\u00e9 renouvel\u00e9e pour un an vendredi 12 novembre par le Conseil de s\u00e9curit\u00e9. Et le renforcement des troupes d\u00e9cid\u00e9 en 2020 est bien confirm\u00e9 pour 12 mois de plus. Mais la Russie et la Chine se sont [&hellip;]<\/p>\n","protected":false},"author":82,"featured_media":13224,"comment_status":"open","ping_status":"closed","sticky":false,"template":"","format":"standard","meta":{"footnotes":""},"categories":[11,2,20,10],"tags":[36,58,30,48,1136],"class_list":["post-13225","post","type-post","status-publish","format-standard","has-post-thumbnail","hentry","category-homepage-french","category-politique","category-top-nouvelles","category-toutes-les-actualites","tag-africa-press","tag-africa-press-centrafricaine","tag-centrafricaine","tag-minusca","tag-renouvele"],"yoast_head":"<!-- This site is optimized with the Yoast SEO Premium plugin v26.1 (Yoast SEO v27.0) - https:\/\/yoast.com\/product\/yoast-seo-premium-wordpress\/ -->\n<title>le mandat de la Minusca renouvel\u00e9 pour un an de plus - centrafricaine<\/title>\n<meta name=\"description\" content=\"La Minusca, l\u2019une des plus importantes missions de maintien de la paix de l\u2019ONU a \u00e9t\u00e9 renouvel\u00e9e pour un an vendredi 12 ...\" \/>\n<meta name=\"robots\" content=\"index, follow, max-snippet:-1, max-image-preview:large, max-video-preview:-1\" \/>\n<link rel=\"canonical\" href=\"https:\/\/www.africa-press.net\/centrafricaine\/politique\/le-mandat-de-la-minusca-renouvele-pour-un-an-de-plus\" \/>\n<meta property=\"og:locale\" content=\"fr_FR\" \/>\n<meta property=\"og:type\" content=\"article\" \/>\n<meta property=\"og:title\" content=\"le mandat de la Minusca renouvel\u00e9 pour un an de plus\" \/>\n<meta property=\"og:description\" content=\"La Minusca, l\u2019une des plus importantes missions de maintien de la paix de l\u2019ONU a \u00e9t\u00e9 renouvel\u00e9e pour un an vendredi 12 ...\" \/>\n<meta property=\"og:url\" content=\"https:\/\/www.africa-press.net\/centrafricaine\/politique\/le-mandat-de-la-minusca-renouvele-pour-un-an-de-plus\" \/>\n<meta property=\"og:site_name\" content=\"centrafricaine\" \/>\n<meta property=\"article:published_time\" content=\"2021-11-13T14:19:36+00:00\" \/>\n<meta property=\"article:modified_time\" content=\"2021-11-14T16:01:39+00:00\" \/>\n<meta property=\"og:image\" content=\"https:\/\/static.africa-press.net\/centrafricaine\/sites\/45\/2021\/11\/img-61913295eb005.jpg\" \/>\n\t<meta property=\"og:image:width\" content=\"720\" \/>\n\t<meta property=\"og:image:height\" content=\"405\" \/>\n\t<meta property=\"og:image:type\" content=\"image\/jpeg\" \/>\n<meta name=\"author\" content=\"cfeditorfr\" \/>\n<meta name=\"twitter:card\" content=\"summary_large_image\" \/>\n<meta name=\"twitter:label1\" content=\"\u00c9crit par\" \/>\n\t<meta name=\"twitter:data1\" content=\"cfeditorfr\" \/>\n\t<meta name=\"twitter:label2\" content=\"Dur\u00e9e de lecture estim\u00e9e\" \/>\n\t<meta name=\"twitter:data2\" content=\"1 minute\" \/>\n<script type=\"application\/ld+json\" class=\"yoast-schema-graph\">{\"@context\":\"https:\/\/schema.org\",\"@graph\":[{\"@type\":\"Article\",\"@id\":\"https:\/\/www.africa-press.net\/centrafricaine\/politique\/le-mandat-de-la-minusca-renouvele-pour-un-an-de-plus#article\",\"isPartOf\":{\"@id\":\"https:\/\/www.africa-press.net\/centrafricaine\/politique\/le-mandat-de-la-minusca-renouvele-pour-un-an-de-plus\"},\"author\":{\"name\":\"cfeditorfr\",\"@id\":\"https:\/\/www.africa-press.net\/centrafricaine\/#\/schema\/person\/2b1cf3cd81a31e3cd26889ca66d677f1\"},\"headline\":\"le mandat de la Minusca renouvel\u00e9 pour un an de plus\",\"datePublished\":\"2021-11-13T14:19:36+00:00\",\"dateModified\":\"2021-11-14T16:01:39+00:00\",\"mainEntityOfPage\":{\"@id\":\"https:\/\/www.africa-press.net\/centrafricaine\/politique\/le-mandat-de-la-minusca-renouvele-pour-un-an-de-plus\"},\"wordCount\":172,\"commentCount\":0,\"image\":{\"@id\":\"https:\/\/www.africa-press.net\/centrafricaine\/politique\/le-mandat-de-la-minusca-renouvele-pour-un-an-de-plus#primaryimage\"},\"thumbnailUrl\":\"https:\/\/static.africa-press.net\/centrafricaine\/sites\/45\/2021\/11\/img-61913295eb005.jpg\",\"keywords\":[\"Africa Press\",\"Africa Press-CentrAfricaine\",\"CentrAfricaine\",\"Minusca\",\"renouvel\u00e9\"],\"articleSection\":[\"homepage-french\",\"Politique\",\"Top Nouvelles\",\"Toutes les actualit\u00e9s\"],\"inLanguage\":\"fr-FR\",\"potentialAction\":[{\"@type\":\"CommentAction\",\"name\":\"Comment\",\"target\":[\"https:\/\/www.africa-press.net\/centrafricaine\/politique\/le-mandat-de-la-minusca-renouvele-pour-un-an-de-plus#respond\"]}]},{\"@type\":\"WebPage\",\"@id\":\"https:\/\/www.africa-press.net\/centrafricaine\/politique\/le-mandat-de-la-minusca-renouvele-pour-un-an-de-plus\",\"url\":\"https:\/\/www.africa-press.net\/centrafricaine\/politique\/le-mandat-de-la-minusca-renouvele-pour-un-an-de-plus\",\"name\":\"le mandat de la Minusca renouvel\u00e9 pour un an de plus - centrafricaine\",\"isPartOf\":{\"@id\":\"https:\/\/www.africa-press.net\/centrafricaine\/#website\"},\"primaryImageOfPage\":{\"@id\":\"https:\/\/www.africa-press.net\/centrafricaine\/politique\/le-mandat-de-la-minusca-renouvele-pour-un-an-de-plus#primaryimage\"},\"image\":{\"@id\":\"https:\/\/www.africa-press.net\/centrafricaine\/politique\/le-mandat-de-la-minusca-renouvele-pour-un-an-de-plus#primaryimage\"},\"thumbnailUrl\":\"https:\/\/static.africa-press.net\/centrafricaine\/sites\/45\/2021\/11\/img-61913295eb005.jpg\",\"datePublished\":\"2021-11-13T14:19:36+00:00\",\"dateModified\":\"2021-11-14T16:01:39+00:00\",\"author\":{\"@id\":\"https:\/\/www.africa-press.net\/centrafricaine\/#\/schema\/person\/2b1cf3cd81a31e3cd26889ca66d677f1\"},\"description\":\"La Minusca, l\u2019une des plus importantes missions de maintien de la paix de l\u2019ONU a \u00e9t\u00e9 renouvel\u00e9e pour un an vendredi 12 ...\",\"breadcrumb\":{\"@id\":\"https:\/\/www.africa-press.net\/centrafricaine\/politique\/le-mandat-de-la-minusca-renouvele-pour-un-an-de-plus#breadcrumb\"},\"inLanguage\":\"fr-FR\",\"potentialAction\":[{\"@type\":\"ReadAction\",\"target\":[\"https:\/\/www.africa-press.net\/centrafricaine\/politique\/le-mandat-de-la-minusca-renouvele-pour-un-an-de-plus\"]}]},{\"@type\":\"ImageObject\",\"inLanguage\":\"fr-FR\",\"@id\":\"https:\/\/www.africa-press.net\/centrafricaine\/politique\/le-mandat-de-la-minusca-renouvele-pour-un-an-de-plus#primaryimage\",\"url\":\"https:\/\/static.africa-press.net\/centrafricaine\/sites\/45\/2021\/11\/img-61913295eb005.jpg\",\"contentUrl\":\"https:\/\/static.africa-press.net\/centrafricaine\/sites\/45\/2021\/11\/img-61913295eb005.jpg\",\"width\":720,\"height\":405,\"caption\":\"le mandat de la Minusca renouvel\u00e9 pour un an de plus\"},{\"@type\":\"BreadcrumbList\",\"@id\":\"https:\/\/www.africa-press.net\/centrafricaine\/politique\/le-mandat-de-la-minusca-renouvele-pour-un-an-de-plus#breadcrumb\",\"itemListElement\":[{\"@type\":\"ListItem\",\"position\":1,\"name\":\"Accueil\",\"item\":\"https:\/\/www.africa-press.net\/centrafricaine\/\"},{\"@type\":\"ListItem\",\"position\":2,\"name\":\"le mandat de la Minusca renouvel\u00e9 pour un an de plus\"}]},{\"@type\":\"WebSite\",\"@id\":\"https:\/\/www.africa-press.net\/centrafricaine\/#website\",\"url\":\"https:\/\/www.africa-press.net\/centrafricaine\/\",\"name\":\"centrafricaine\",\"description\":\"Just another Africa News Agency Sites site\",\"potentialAction\":[{\"@type\":\"SearchAction\",\"target\":{\"@type\":\"EntryPoint\",\"urlTemplate\":\"https:\/\/www.africa-press.net\/centrafricaine\/?s={search_term_string}\"},\"query-input\":{\"@type\":\"PropertyValueSpecification\",\"valueRequired\":true,\"valueName\":\"search_term_string\"}}],\"inLanguage\":\"fr-FR\"},{\"@type\":\"Person\",\"@id\":\"https:\/\/www.africa-press.net\/centrafricaine\/#\/schema\/person\/2b1cf3cd81a31e3cd26889ca66d677f1\",\"name\":\"cfeditorfr\"}]}<\/script>\n<!-- \/ Yoast SEO Premium plugin. -->","yoast_head_json":{"title":"le mandat de la Minusca renouvel\u00e9 pour un an de plus - centrafricaine","description":"La Minusca, l\u2019une des plus importantes missions de maintien de la paix de l\u2019ONU a \u00e9t\u00e9 renouvel\u00e9e pour un an vendredi 12 ...","robots":{"index":"index","follow":"follow","max-snippet":"max-snippet:-1","max-image-preview":"max-image-preview:large","max-video-preview":"max-video-preview:-1"},"canonical":"https:\/\/www.africa-press.net\/centrafricaine\/politique\/le-mandat-de-la-minusca-renouvele-pour-un-an-de-plus","og_locale":"fr_FR","og_type":"article","og_title":"le mandat de la Minusca renouvel\u00e9 pour un an de plus","og_description":"La Minusca, l\u2019une des plus importantes missions de maintien de la paix de l\u2019ONU a \u00e9t\u00e9 renouvel\u00e9e pour un an vendredi 12 ...","og_url":"https:\/\/www.africa-press.net\/centrafricaine\/politique\/le-mandat-de-la-minusca-renouvele-pour-un-an-de-plus","og_site_name":"centrafricaine","article_published_time":"2021-11-13T14:19:36+00:00","article_modified_time":"2021-11-14T16:01:39+00:00","og_image":[{"width":720,"height":405,"url":"https:\/\/static.africa-press.net\/centrafricaine\/sites\/45\/2021\/11\/img-61913295eb005.jpg","type":"image\/jpeg"}],"author":"cfeditorfr","twitter_card":"summary_large_image","twitter_misc":{"\u00c9crit par":"cfeditorfr","Dur\u00e9e de lecture estim\u00e9e":"1 minute"},"schema":{"@context":"https:\/\/schema.org","@graph":[{"@type":"Article","@id":"https:\/\/www.africa-press.net\/centrafricaine\/politique\/le-mandat-de-la-minusca-renouvele-pour-un-an-de-plus#article","isPartOf":{"@id":"https:\/\/www.africa-press.net\/centrafricaine\/politique\/le-mandat-de-la-minusca-renouvele-pour-un-an-de-plus"},"author":{"name":"cfeditorfr","@id":"https:\/\/www.africa-press.net\/centrafricaine\/#\/schema\/person\/2b1cf3cd81a31e3cd26889ca66d677f1"},"headline":"le mandat de la Minusca renouvel\u00e9 pour un an de plus","datePublished":"2021-11-13T14:19:36+00:00","dateModified":"2021-11-14T16:01:39+00:00","mainEntityOfPage":{"@id":"https:\/\/www.africa-press.net\/centrafricaine\/politique\/le-mandat-de-la-minusca-renouvele-pour-un-an-de-plus"},"wordCount":172,"commentCount":0,"image":{"@id":"https:\/\/www.africa-press.net\/centrafricaine\/politique\/le-mandat-de-la-minusca-renouvele-pour-un-an-de-plus#primaryimage"},"thumbnailUrl":"https:\/\/static.africa-press.net\/centrafricaine\/sites\/45\/2021\/11\/img-61913295eb005.jpg","keywords":["Africa Press","Africa Press-CentrAfricaine","CentrAfricaine","Minusca","renouvel\u00e9"],"articleSection":["homepage-french","Politique","Top Nouvelles","Toutes les actualit\u00e9s"],"inLanguage":"fr-FR","potentialAction":[{"@type":"CommentAction","name":"Comment","target":["https:\/\/www.africa-press.net\/centrafricaine\/politique\/le-mandat-de-la-minusca-renouvele-pour-un-an-de-plus#respond"]}]},{"@type":"WebPage","@id":"https:\/\/www.africa-press.net\/centrafricaine\/politique\/le-mandat-de-la-minusca-renouvele-pour-un-an-de-plus","url":"https:\/\/www.africa-press.net\/centrafricaine\/politique\/le-mandat-de-la-minusca-renouvele-pour-un-an-de-plus","name":"le mandat de la Minusca renouvel\u00e9 pour un an de plus - centrafricaine","isPartOf":{"@id":"https:\/\/www.africa-press.net\/centrafricaine\/#website"},"primaryImageOfPage":{"@id":"https:\/\/www.africa-press.net\/centrafricaine\/politique\/le-mandat-de-la-minusca-renouvele-pour-un-an-de-plus#primaryimage"},"image":{"@id":"https:\/\/www.africa-press.net\/centrafricaine\/politique\/le-mandat-de-la-minusca-renouvele-pour-un-an-de-plus#primaryimage"},"thumbnailUrl":"https:\/\/static.africa-press.net\/centrafricaine\/sites\/45\/2021\/11\/img-61913295eb005.jpg","datePublished":"2021-11-13T14:19:36+00:00","dateModified":"2021-11-14T16:01:39+00:00","author":{"@id":"https:\/\/www.africa-press.net\/centrafricaine\/#\/schema\/person\/2b1cf3cd81a31e3cd26889ca66d677f1"},"description":"La Minusca, l\u2019une des plus importantes missions de maintien de la paix de l\u2019ONU a \u00e9t\u00e9 renouvel\u00e9e pour un an vendredi 12 ...","breadcrumb":{"@id":"https:\/\/www.africa-press.net\/centrafricaine\/politique\/le-mandat-de-la-minusca-renouvele-pour-un-an-de-plus#breadcrumb"},"inLanguage":"fr-FR","potentialAction":[{"@type":"ReadAction","target":["https:\/\/www.africa-press.net\/centrafricaine\/politique\/le-mandat-de-la-minusca-renouvele-pour-un-an-de-plus"]}]},{"@type":"ImageObject","inLanguage":"fr-FR","@id":"https:\/\/www.africa-press.net\/centrafricaine\/politique\/le-mandat-de-la-minusca-renouvele-pour-un-an-de-plus#primaryimage","url":"https:\/\/static.africa-press.net\/centrafricaine\/sites\/45\/2021\/11\/img-61913295eb005.jpg","contentUrl":"https:\/\/static.africa-press.net\/centrafricaine\/sites\/45\/2021\/11\/img-61913295eb005.jpg","width":720,"height":405,"caption":"le mandat de la Minusca renouvel\u00e9 pour un an de plus"},{"@type":"BreadcrumbList","@id":"https:\/\/www.africa-press.net\/centrafricaine\/politique\/le-mandat-de-la-minusca-renouvele-pour-un-an-de-plus#breadcrumb","itemListElement":[{"@type":"ListItem","position":1,"name":"Accueil","item":"https:\/\/www.africa-press.net\/centrafricaine\/"},{"@type":"ListItem","position":2,"name":"le mandat de la Minusca renouvel\u00e9 pour un an de plus"}]},{"@type":"WebSite","@id":"https:\/\/www.africa-press.net\/centrafricaine\/#website","url":"https:\/\/www.africa-press.net\/centrafricaine\/","name":"centrafricaine","description":"Just another Africa News Agency Sites site","potentialAction":[{"@type":"SearchAction","target":{"@type":"EntryPoint","urlTemplate":"https:\/\/www.africa-press.net\/centrafricaine\/?s={search_term_string}"},"query-input":{"@type":"PropertyValueSpecification","valueRequired":true,"valueName":"search_term_string"}}],"inLanguage":"fr-FR"},{"@type":"Person","@id":"https:\/\/www.africa-press.net\/centrafricaine\/#\/schema\/person\/2b1cf3cd81a31e3cd26889ca66d677f1","name":"cfeditorfr"}]}},"_links":{"self":[{"href":"https:\/\/www.africa-press.net\/centrafricaine\/wp-json\/wp\/v2\/posts\/13225","targetHints":{"allow":["GET"]}}],"collection":[{"href":"https:\/\/www.africa-press.net\/centrafricaine\/wp-json\/wp\/v2\/posts"}],"about":[{"href":"https:\/\/www.africa-press.net\/centrafricaine\/wp-json\/wp\/v2\/types\/post"}],"author":[{"embeddable":true,"href":"https:\/\/www.africa-press.net\/centrafricaine\/wp-json\/wp\/v2\/users\/82"}],"replies":[{"embeddable":true,"href":"https:\/\/www.africa-press.net\/centrafricaine\/wp-json\/wp\/v2\/comments?post=13225"}],"version-history":[{"count":0,"href":"https:\/\/www.africa-press.net\/centrafricaine\/wp-json\/wp\/v2\/posts\/13225\/revisions"}],"wp:featuredmedia":[{"embeddable":true,"href":"https:\/\/www.africa-press.net\/centrafricaine\/wp-json\/wp\/v2\/media\/13224"}],"wp:attachment":[{"href":"https:\/\/www.africa-press.net\/centrafricaine\/wp-json\/wp\/v2\/media?parent=13225"}],"wp:term":[{"taxonomy":"category","embeddable":true,"href":"https:\/\/www.africa-press.net\/centrafricaine\/wp-json\/wp\/v2\/categories?post=13225"},{"taxonomy":"post_tag","embeddable":true,"href":"https:\/\/www.africa-press.net\/centrafricaine\/wp-json\/wp\/v2\/tags?post=13225"}],"curies":[{"name":"wp","href":"https:\/\/api.w.org\/{rel}","templated":true}]}}