{"id":14175,"date":"2021-12-07T18:09:14","date_gmt":"2021-12-07T18:09:14","guid":{"rendered":"https:\/\/www.africa-press.net\/centrafricaine\/politique\/entrepreneuriat-dans-la-nana-mambere-la-minusca-renforce-les-capacites-des-jeunes"},"modified":"2021-12-08T01:19:00","modified_gmt":"2021-12-08T01:19:00","slug":"entrepreneuriat-dans-la-nana-mambere-la-minusca-renforce-les-capacites-des-jeunes","status":"publish","type":"post","link":"https:\/\/www.africa-press.net\/centrafricaine\/toutes-les-actualites\/entrepreneuriat-dans-la-nana-mambere-la-minusca-renforce-les-capacites-des-jeunes","title":{"rendered":"Entrepreneuriat dans la nana-mambere : la minusca renforce les capacit\u00e9s des jeunes"},"content":{"rendered":"<p><span style=\"color: #ff6600\"><strong>Africa-Press &#8211; CentrAfricaine. <\/strong><\/span>Le Conseil national de la jeunesse de la pr\u00e9fecture de la Nana-Mambere a organis\u00e9, le 2 d\u00e9cembre 2021, avec le soutien de la Section des Affaires civiles de la MINUSCA, une session de formation sur l\u2019entrepreneuriat des jeunes.<\/p>\n<p>Anim\u00e9e par l&rsquo;agence Centrafricaine de formation professionnelle et de l&#8217;emploi (ACFPE), cette session de formation a rassembl\u00e9 40 personnes dont 9 femmes et visait \u00e0 renforcer les comp\u00e9tences des jeunes de la ville de Bouar dans d\u2019identification et le d\u00e9veloppement d\u2019opportunit\u00e9s \u00e9conomiques viables et rentables.<\/p>\n<p>Au cours de la session de formation, les participants ont compris qu\u2019avoir de bonnes id\u00e9es ne suffit pas pour cr\u00e9er une entreprise. Cette formation \u00e9tait donc une opportunit\u00e9 pour les initier \u00e0 l\u2019auto-\u00e9valuation \u00e0 travers l\u2019examen de leurs objectifs, motivations, comp\u00e9tences et exp\u00e9rience avant la mise en \u0153uvre de tout projet d\u2019entrepreneuriat.<\/p>\n<p>Aussi, les participants ont acquis des connaissances sur les techniques de conception de projet, de conduite d\u2019\u00e9tude de faisabilit\u00e9 et de recherche de financements.<\/p>\n<p>Ngono Benjamin Martinien, membre du Conseil pr\u00e9fectoral de la jeunesse de Bouar qui participait \u00e0 cet atelier, se dit heureux de prendre part \u00e0 cette session de formation qui lui permettra de mettre sur pied son activit\u00e9 g\u00e9n\u00e9ratrice de revenus :\u00ab la formation permet de compl\u00e9ter nos comp\u00e9tences en mati\u00e8re d\u2019entrepreneuriat d\u2019autant plus que certains d\u2019entre nous n\u2019ont pas eu la chance de faire des \u00e9tudes acad\u00e9miques pouss\u00e9es.<\/p>\n<p>A l\u2019issue de cette formation, je pense \u00eatre en mesure de cr\u00e9er ma propre activit\u00e9 g\u00e9n\u00e9ratrice de revenus afin de subvenir aux besoins de ma famille et d\u2019\u0153uvrer au d\u00e9veloppement de la communaut\u00e9 \u00bb.<\/p>\n<p>A travers cette session de sensibilisation, la MINUSCA appuie la r\u00e9insertion socio-\u00e9conomique des jeunes en les dotant de comp\u00e9tences leur permettant de d\u00e9velopper et d\u2019exercer des activit\u00e9s g\u00e9n\u00e9ratrices de revenus pour promouvoir la paix et le d\u00e9veloppement dans les communaut\u00e9s. Commentaires<\/p>\n<p><strong>Pour plus d&rsquo;informations et d&rsquo;analyses sur la <a href=\"https:\/\/www.africa-press.net\/centrafricaine\">CentrAfricaine<\/a>, suivez <a href=\"https:\/\/www.africa-press.net\/\">Africa-Press<\/a><\/strong><\/p>\n","protected":false},"excerpt":{"rendered":"<p>Africa-Press &#8211; CentrAfricaine. Le Conseil national de la jeunesse de la pr\u00e9fecture de la Nana-Mambere a organis\u00e9, le 2 d\u00e9cembre 2021, avec le soutien de la Section des Affaires civiles de la MINUSCA, une session de formation sur l\u2019entrepreneuriat des jeunes. Anim\u00e9e par l&rsquo;agence Centrafricaine de formation professionnelle et de l&#8217;emploi (ACFPE), cette session de [&hellip;]<\/p>\n","protected":false},"author":82,"featured_media":14174,"comment_status":"open","ping_status":"closed","sticky":false,"template":"","format":"standard","meta":{"footnotes":""},"categories":[21,11,20,10],"tags":[36,58,30,48,1341],"class_list":["post-14175","post","type-post","status-publish","format-standard","has-post-thumbnail","hentry","category-communaute","category-homepage-french","category-top-nouvelles","category-toutes-les-actualites","tag-africa-press","tag-africa-press-centrafricaine","tag-centrafricaine","tag-minusca","tag-sanze"],"yoast_head":"<!-- This site is optimized with the Yoast SEO Premium plugin v26.1 (Yoast SEO v27.0) - https:\/\/yoast.com\/product\/yoast-seo-premium-wordpress\/ -->\n<title>Entrepreneuriat dans la nana-mambere : la minusca renforce les capacit\u00e9s des jeunes - centrafricaine<\/title>\n<meta name=\"description\" content=\"Le Conseil national de la jeunesse de la pr\u00e9fecture de la Nana-Mambere a organis\u00e9, le 2 d\u00e9cembre 2021, avec le soutien d ...\" \/>\n<meta name=\"robots\" content=\"index, follow, max-snippet:-1, max-image-preview:large, max-video-preview:-1\" \/>\n<link rel=\"canonical\" href=\"https:\/\/www.africa-press.net\/centrafricaine\/toutes-les-actualites\/entrepreneuriat-dans-la-nana-mambere-la-minusca-renforce-les-capacites-des-jeunes\" \/>\n<meta property=\"og:locale\" content=\"fr_FR\" \/>\n<meta property=\"og:type\" content=\"article\" \/>\n<meta property=\"og:title\" content=\"Entrepreneuriat dans la nana-mambere : la minusca renforce les capacit\u00e9s des jeunes\" \/>\n<meta property=\"og:description\" content=\"Le Conseil national de la jeunesse de la pr\u00e9fecture de la Nana-Mambere a organis\u00e9, le 2 d\u00e9cembre 2021, avec le soutien d ...\" \/>\n<meta property=\"og:url\" content=\"https:\/\/www.africa-press.net\/centrafricaine\/toutes-les-actualites\/entrepreneuriat-dans-la-nana-mambere-la-minusca-renforce-les-capacites-des-jeunes\" \/>\n<meta property=\"og:site_name\" content=\"centrafricaine\" \/>\n<meta property=\"article:published_time\" content=\"2021-12-07T18:09:14+00:00\" \/>\n<meta property=\"article:modified_time\" content=\"2021-12-08T01:19:00+00:00\" \/>\n<meta property=\"og:image\" content=\"https:\/\/static.africa-press.net\/centrafricaine\/sites\/45\/2021\/12\/img-61afaa973bf5a.jpg\" \/>\n\t<meta property=\"og:image:width\" content=\"720\" \/>\n\t<meta property=\"og:image:height\" content=\"411\" \/>\n\t<meta property=\"og:image:type\" content=\"image\/jpeg\" \/>\n<meta name=\"author\" content=\"cfeditorfr\" \/>\n<meta name=\"twitter:card\" content=\"summary_large_image\" \/>\n<meta name=\"twitter:label1\" content=\"\u00c9crit par\" \/>\n\t<meta name=\"twitter:data1\" content=\"cfeditorfr\" \/>\n\t<meta name=\"twitter:label2\" content=\"Dur\u00e9e de lecture estim\u00e9e\" \/>\n\t<meta name=\"twitter:data2\" content=\"2 minutes\" \/>\n<script type=\"application\/ld+json\" class=\"yoast-schema-graph\">{\"@context\":\"https:\/\/schema.org\",\"@graph\":[{\"@type\":\"Article\",\"@id\":\"https:\/\/www.africa-press.net\/centrafricaine\/toutes-les-actualites\/entrepreneuriat-dans-la-nana-mambere-la-minusca-renforce-les-capacites-des-jeunes#article\",\"isPartOf\":{\"@id\":\"https:\/\/www.africa-press.net\/centrafricaine\/toutes-les-actualites\/entrepreneuriat-dans-la-nana-mambere-la-minusca-renforce-les-capacites-des-jeunes\"},\"author\":{\"name\":\"cfeditorfr\",\"@id\":\"https:\/\/www.africa-press.net\/centrafricaine\/#\/schema\/person\/2b1cf3cd81a31e3cd26889ca66d677f1\"},\"headline\":\"Entrepreneuriat dans la nana-mambere : la minusca renforce les capacit\u00e9s des jeunes\",\"datePublished\":\"2021-12-07T18:09:14+00:00\",\"dateModified\":\"2021-12-08T01:19:00+00:00\",\"mainEntityOfPage\":{\"@id\":\"https:\/\/www.africa-press.net\/centrafricaine\/toutes-les-actualites\/entrepreneuriat-dans-la-nana-mambere-la-minusca-renforce-les-capacites-des-jeunes\"},\"wordCount\":367,\"commentCount\":0,\"image\":{\"@id\":\"https:\/\/www.africa-press.net\/centrafricaine\/toutes-les-actualites\/entrepreneuriat-dans-la-nana-mambere-la-minusca-renforce-les-capacites-des-jeunes#primaryimage\"},\"thumbnailUrl\":\"https:\/\/static.africa-press.net\/centrafricaine\/sites\/45\/2021\/12\/img-61afaa973bf5a.jpg\",\"keywords\":[\"Africa Press\",\"Africa Press-CentrAfricaine\",\"CentrAfricaine\",\"Minusca\",\"Sanz\u00e9\"],\"articleSection\":[\"Communaut\u00e9\",\"homepage-french\",\"Top Nouvelles\",\"Toutes les actualit\u00e9s\"],\"inLanguage\":\"fr-FR\",\"potentialAction\":[{\"@type\":\"CommentAction\",\"name\":\"Comment\",\"target\":[\"https:\/\/www.africa-press.net\/centrafricaine\/toutes-les-actualites\/entrepreneuriat-dans-la-nana-mambere-la-minusca-renforce-les-capacites-des-jeunes#respond\"]}]},{\"@type\":\"WebPage\",\"@id\":\"https:\/\/www.africa-press.net\/centrafricaine\/toutes-les-actualites\/entrepreneuriat-dans-la-nana-mambere-la-minusca-renforce-les-capacites-des-jeunes\",\"url\":\"https:\/\/www.africa-press.net\/centrafricaine\/toutes-les-actualites\/entrepreneuriat-dans-la-nana-mambere-la-minusca-renforce-les-capacites-des-jeunes\",\"name\":\"Entrepreneuriat dans la nana-mambere : la minusca renforce les capacit\u00e9s des jeunes - centrafricaine\",\"isPartOf\":{\"@id\":\"https:\/\/www.africa-press.net\/centrafricaine\/#website\"},\"primaryImageOfPage\":{\"@id\":\"https:\/\/www.africa-press.net\/centrafricaine\/toutes-les-actualites\/entrepreneuriat-dans-la-nana-mambere-la-minusca-renforce-les-capacites-des-jeunes#primaryimage\"},\"image\":{\"@id\":\"https:\/\/www.africa-press.net\/centrafricaine\/toutes-les-actualites\/entrepreneuriat-dans-la-nana-mambere-la-minusca-renforce-les-capacites-des-jeunes#primaryimage\"},\"thumbnailUrl\":\"https:\/\/static.africa-press.net\/centrafricaine\/sites\/45\/2021\/12\/img-61afaa973bf5a.jpg\",\"datePublished\":\"2021-12-07T18:09:14+00:00\",\"dateModified\":\"2021-12-08T01:19:00+00:00\",\"author\":{\"@id\":\"https:\/\/www.africa-press.net\/centrafricaine\/#\/schema\/person\/2b1cf3cd81a31e3cd26889ca66d677f1\"},\"description\":\"Le Conseil national de la jeunesse de la pr\u00e9fecture de la Nana-Mambere a organis\u00e9, le 2 d\u00e9cembre 2021, avec le soutien d ...\",\"breadcrumb\":{\"@id\":\"https:\/\/www.africa-press.net\/centrafricaine\/toutes-les-actualites\/entrepreneuriat-dans-la-nana-mambere-la-minusca-renforce-les-capacites-des-jeunes#breadcrumb\"},\"inLanguage\":\"fr-FR\",\"potentialAction\":[{\"@type\":\"ReadAction\",\"target\":[\"https:\/\/www.africa-press.net\/centrafricaine\/toutes-les-actualites\/entrepreneuriat-dans-la-nana-mambere-la-minusca-renforce-les-capacites-des-jeunes\"]}]},{\"@type\":\"ImageObject\",\"inLanguage\":\"fr-FR\",\"@id\":\"https:\/\/www.africa-press.net\/centrafricaine\/toutes-les-actualites\/entrepreneuriat-dans-la-nana-mambere-la-minusca-renforce-les-capacites-des-jeunes#primaryimage\",\"url\":\"https:\/\/static.africa-press.net\/centrafricaine\/sites\/45\/2021\/12\/img-61afaa973bf5a.jpg\",\"contentUrl\":\"https:\/\/static.africa-press.net\/centrafricaine\/sites\/45\/2021\/12\/img-61afaa973bf5a.jpg\",\"width\":720,\"height\":411,\"caption\":\"Entrepreneuriat dans la nana-mambere : la minusca renforce les capacit\u00e9s des jeunes\"},{\"@type\":\"BreadcrumbList\",\"@id\":\"https:\/\/www.africa-press.net\/centrafricaine\/toutes-les-actualites\/entrepreneuriat-dans-la-nana-mambere-la-minusca-renforce-les-capacites-des-jeunes#breadcrumb\",\"itemListElement\":[{\"@type\":\"ListItem\",\"position\":1,\"name\":\"Accueil\",\"item\":\"https:\/\/www.africa-press.net\/centrafricaine\/\"},{\"@type\":\"ListItem\",\"position\":2,\"name\":\"Entrepreneuriat dans la nana-mambere : la minusca renforce les capacit\u00e9s des jeunes\"}]},{\"@type\":\"WebSite\",\"@id\":\"https:\/\/www.africa-press.net\/centrafricaine\/#website\",\"url\":\"https:\/\/www.africa-press.net\/centrafricaine\/\",\"name\":\"centrafricaine\",\"description\":\"Just another Africa News Agency Sites site\",\"potentialAction\":[{\"@type\":\"SearchAction\",\"target\":{\"@type\":\"EntryPoint\",\"urlTemplate\":\"https:\/\/www.africa-press.net\/centrafricaine\/?s={search_term_string}\"},\"query-input\":{\"@type\":\"PropertyValueSpecification\",\"valueRequired\":true,\"valueName\":\"search_term_string\"}}],\"inLanguage\":\"fr-FR\"},{\"@type\":\"Person\",\"@id\":\"https:\/\/www.africa-press.net\/centrafricaine\/#\/schema\/person\/2b1cf3cd81a31e3cd26889ca66d677f1\",\"name\":\"cfeditorfr\"}]}<\/script>\n<!-- \/ Yoast SEO Premium plugin. -->","yoast_head_json":{"title":"Entrepreneuriat dans la nana-mambere : la minusca renforce les capacit\u00e9s des jeunes - centrafricaine","description":"Le Conseil national de la jeunesse de la pr\u00e9fecture de la Nana-Mambere a organis\u00e9, le 2 d\u00e9cembre 2021, avec le soutien d ...","robots":{"index":"index","follow":"follow","max-snippet":"max-snippet:-1","max-image-preview":"max-image-preview:large","max-video-preview":"max-video-preview:-1"},"canonical":"https:\/\/www.africa-press.net\/centrafricaine\/toutes-les-actualites\/entrepreneuriat-dans-la-nana-mambere-la-minusca-renforce-les-capacites-des-jeunes","og_locale":"fr_FR","og_type":"article","og_title":"Entrepreneuriat dans la nana-mambere : la minusca renforce les capacit\u00e9s des jeunes","og_description":"Le Conseil national de la jeunesse de la pr\u00e9fecture de la Nana-Mambere a organis\u00e9, le 2 d\u00e9cembre 2021, avec le soutien d ...","og_url":"https:\/\/www.africa-press.net\/centrafricaine\/toutes-les-actualites\/entrepreneuriat-dans-la-nana-mambere-la-minusca-renforce-les-capacites-des-jeunes","og_site_name":"centrafricaine","article_published_time":"2021-12-07T18:09:14+00:00","article_modified_time":"2021-12-08T01:19:00+00:00","og_image":[{"width":720,"height":411,"url":"https:\/\/static.africa-press.net\/centrafricaine\/sites\/45\/2021\/12\/img-61afaa973bf5a.jpg","type":"image\/jpeg"}],"author":"cfeditorfr","twitter_card":"summary_large_image","twitter_misc":{"\u00c9crit par":"cfeditorfr","Dur\u00e9e de lecture estim\u00e9e":"2 minutes"},"schema":{"@context":"https:\/\/schema.org","@graph":[{"@type":"Article","@id":"https:\/\/www.africa-press.net\/centrafricaine\/toutes-les-actualites\/entrepreneuriat-dans-la-nana-mambere-la-minusca-renforce-les-capacites-des-jeunes#article","isPartOf":{"@id":"https:\/\/www.africa-press.net\/centrafricaine\/toutes-les-actualites\/entrepreneuriat-dans-la-nana-mambere-la-minusca-renforce-les-capacites-des-jeunes"},"author":{"name":"cfeditorfr","@id":"https:\/\/www.africa-press.net\/centrafricaine\/#\/schema\/person\/2b1cf3cd81a31e3cd26889ca66d677f1"},"headline":"Entrepreneuriat dans la nana-mambere : la minusca renforce les capacit\u00e9s des jeunes","datePublished":"2021-12-07T18:09:14+00:00","dateModified":"2021-12-08T01:19:00+00:00","mainEntityOfPage":{"@id":"https:\/\/www.africa-press.net\/centrafricaine\/toutes-les-actualites\/entrepreneuriat-dans-la-nana-mambere-la-minusca-renforce-les-capacites-des-jeunes"},"wordCount":367,"commentCount":0,"image":{"@id":"https:\/\/www.africa-press.net\/centrafricaine\/toutes-les-actualites\/entrepreneuriat-dans-la-nana-mambere-la-minusca-renforce-les-capacites-des-jeunes#primaryimage"},"thumbnailUrl":"https:\/\/static.africa-press.net\/centrafricaine\/sites\/45\/2021\/12\/img-61afaa973bf5a.jpg","keywords":["Africa Press","Africa Press-CentrAfricaine","CentrAfricaine","Minusca","Sanz\u00e9"],"articleSection":["Communaut\u00e9","homepage-french","Top Nouvelles","Toutes les actualit\u00e9s"],"inLanguage":"fr-FR","potentialAction":[{"@type":"CommentAction","name":"Comment","target":["https:\/\/www.africa-press.net\/centrafricaine\/toutes-les-actualites\/entrepreneuriat-dans-la-nana-mambere-la-minusca-renforce-les-capacites-des-jeunes#respond"]}]},{"@type":"WebPage","@id":"https:\/\/www.africa-press.net\/centrafricaine\/toutes-les-actualites\/entrepreneuriat-dans-la-nana-mambere-la-minusca-renforce-les-capacites-des-jeunes","url":"https:\/\/www.africa-press.net\/centrafricaine\/toutes-les-actualites\/entrepreneuriat-dans-la-nana-mambere-la-minusca-renforce-les-capacites-des-jeunes","name":"Entrepreneuriat dans la nana-mambere : la minusca renforce les capacit\u00e9s des jeunes - centrafricaine","isPartOf":{"@id":"https:\/\/www.africa-press.net\/centrafricaine\/#website"},"primaryImageOfPage":{"@id":"https:\/\/www.africa-press.net\/centrafricaine\/toutes-les-actualites\/entrepreneuriat-dans-la-nana-mambere-la-minusca-renforce-les-capacites-des-jeunes#primaryimage"},"image":{"@id":"https:\/\/www.africa-press.net\/centrafricaine\/toutes-les-actualites\/entrepreneuriat-dans-la-nana-mambere-la-minusca-renforce-les-capacites-des-jeunes#primaryimage"},"thumbnailUrl":"https:\/\/static.africa-press.net\/centrafricaine\/sites\/45\/2021\/12\/img-61afaa973bf5a.jpg","datePublished":"2021-12-07T18:09:14+00:00","dateModified":"2021-12-08T01:19:00+00:00","author":{"@id":"https:\/\/www.africa-press.net\/centrafricaine\/#\/schema\/person\/2b1cf3cd81a31e3cd26889ca66d677f1"},"description":"Le Conseil national de la jeunesse de la pr\u00e9fecture de la Nana-Mambere a organis\u00e9, le 2 d\u00e9cembre 2021, avec le soutien d ...","breadcrumb":{"@id":"https:\/\/www.africa-press.net\/centrafricaine\/toutes-les-actualites\/entrepreneuriat-dans-la-nana-mambere-la-minusca-renforce-les-capacites-des-jeunes#breadcrumb"},"inLanguage":"fr-FR","potentialAction":[{"@type":"ReadAction","target":["https:\/\/www.africa-press.net\/centrafricaine\/toutes-les-actualites\/entrepreneuriat-dans-la-nana-mambere-la-minusca-renforce-les-capacites-des-jeunes"]}]},{"@type":"ImageObject","inLanguage":"fr-FR","@id":"https:\/\/www.africa-press.net\/centrafricaine\/toutes-les-actualites\/entrepreneuriat-dans-la-nana-mambere-la-minusca-renforce-les-capacites-des-jeunes#primaryimage","url":"https:\/\/static.africa-press.net\/centrafricaine\/sites\/45\/2021\/12\/img-61afaa973bf5a.jpg","contentUrl":"https:\/\/static.africa-press.net\/centrafricaine\/sites\/45\/2021\/12\/img-61afaa973bf5a.jpg","width":720,"height":411,"caption":"Entrepreneuriat dans la nana-mambere : la minusca renforce les capacit\u00e9s des jeunes"},{"@type":"BreadcrumbList","@id":"https:\/\/www.africa-press.net\/centrafricaine\/toutes-les-actualites\/entrepreneuriat-dans-la-nana-mambere-la-minusca-renforce-les-capacites-des-jeunes#breadcrumb","itemListElement":[{"@type":"ListItem","position":1,"name":"Accueil","item":"https:\/\/www.africa-press.net\/centrafricaine\/"},{"@type":"ListItem","position":2,"name":"Entrepreneuriat dans la nana-mambere : la minusca renforce les capacit\u00e9s des jeunes"}]},{"@type":"WebSite","@id":"https:\/\/www.africa-press.net\/centrafricaine\/#website","url":"https:\/\/www.africa-press.net\/centrafricaine\/","name":"centrafricaine","description":"Just another Africa News Agency Sites site","potentialAction":[{"@type":"SearchAction","target":{"@type":"EntryPoint","urlTemplate":"https:\/\/www.africa-press.net\/centrafricaine\/?s={search_term_string}"},"query-input":{"@type":"PropertyValueSpecification","valueRequired":true,"valueName":"search_term_string"}}],"inLanguage":"fr-FR"},{"@type":"Person","@id":"https:\/\/www.africa-press.net\/centrafricaine\/#\/schema\/person\/2b1cf3cd81a31e3cd26889ca66d677f1","name":"cfeditorfr"}]}},"_links":{"self":[{"href":"https:\/\/www.africa-press.net\/centrafricaine\/wp-json\/wp\/v2\/posts\/14175","targetHints":{"allow":["GET"]}}],"collection":[{"href":"https:\/\/www.africa-press.net\/centrafricaine\/wp-json\/wp\/v2\/posts"}],"about":[{"href":"https:\/\/www.africa-press.net\/centrafricaine\/wp-json\/wp\/v2\/types\/post"}],"author":[{"embeddable":true,"href":"https:\/\/www.africa-press.net\/centrafricaine\/wp-json\/wp\/v2\/users\/82"}],"replies":[{"embeddable":true,"href":"https:\/\/www.africa-press.net\/centrafricaine\/wp-json\/wp\/v2\/comments?post=14175"}],"version-history":[{"count":0,"href":"https:\/\/www.africa-press.net\/centrafricaine\/wp-json\/wp\/v2\/posts\/14175\/revisions"}],"wp:featuredmedia":[{"embeddable":true,"href":"https:\/\/www.africa-press.net\/centrafricaine\/wp-json\/wp\/v2\/media\/14174"}],"wp:attachment":[{"href":"https:\/\/www.africa-press.net\/centrafricaine\/wp-json\/wp\/v2\/media?parent=14175"}],"wp:term":[{"taxonomy":"category","embeddable":true,"href":"https:\/\/www.africa-press.net\/centrafricaine\/wp-json\/wp\/v2\/categories?post=14175"},{"taxonomy":"post_tag","embeddable":true,"href":"https:\/\/www.africa-press.net\/centrafricaine\/wp-json\/wp\/v2\/tags?post=14175"}],"curies":[{"name":"wp","href":"https:\/\/api.w.org\/{rel}","templated":true}]}}