{"id":14313,"date":"2021-12-10T14:38:26","date_gmt":"2021-12-10T14:38:26","guid":{"rendered":"https:\/\/www.africa-press.net\/centrafricaine\/politique\/la-ville-de-mbres-attaquee-un-auxiliaire-de-la-gendarmerie"},"modified":"2021-12-12T20:34:53","modified_gmt":"2021-12-12T20:34:53","slug":"la-ville-de-mbres-attaquee-un-auxiliaire-de-la-gendarmerie","status":"publish","type":"post","link":"https:\/\/www.africa-press.net\/centrafricaine\/toutes-les-actualites\/la-ville-de-mbres-attaquee-un-auxiliaire-de-la-gendarmerie","title":{"rendered":"la ville de Mbr\u00e9s attaqu\u00e9e, un auxiliaire de la gendarmerie"},"content":{"rendered":"<p><span style=\"color: #ff6600\"><strong>Africa-Press &#8211; CentrAfricaine. <\/strong><\/span>Un groupe rebelle arm\u00e9 a attaqu\u00e9 ce jeudi matin la ville centrafricaine de Mbr\u00e9s, chef-lieu de la sous-pr\u00e9fecture de la pr\u00e9fecture de la Nana-Gribizi, situ\u00e9e \u00e0 une soixantaine de kilom\u00e8tres au nord de Kaga-Bandoro. Un auxiliaire gendarme a \u00e9t\u00e9 tu\u00e9, un autre d\u00e9sarm\u00e9, la ville est compl\u00e8tement sous contr\u00f4le des hommes arm\u00e9s.<\/p>\n<p>Des membres du mouvement patriotique pour la Centrafrique (MPC), un des principaux groupes arm\u00e9s rebelles actifs dans le nord de la RCA, ont lanc\u00e9 jeudi 9 d\u00e9cembre, vers 3 heures du matin, plusieurs attaques en simultan\u00e9 sur les points de contr\u00f4le et commissariat de police ainsi que la brigade de la gendarmerie \u00bb \u00e0 Mbr\u00e9s a indiqu\u00e9 \u00e0 CNC une source s\u00e9curitaire locale.<\/p>\n<p>Selon cette m\u00eame source, les assaillants ont d\u00e9sarm\u00e9 un gendarme, et tu\u00e9 son auxiliaire. D\u2019apr\u00e8s lui, apr\u00e8s l\u2019arriv\u00e9e de quelques \u00e9l\u00e9ments du d\u00e9tachement des forces arm\u00e9es centrafricaines (FACA) bas\u00e9s \u00e0 Kaga-Bandoro et les mercenaires russes de la soci\u00e9t\u00e9 Wagner, les rebelles ont quitt\u00e9 la ville.<\/p>\n<p>Pour l\u2019heure, la ville est reprise par les forces gouvernementales, et la quasi-totalit\u00e9 des habitants a quitt\u00e9 leur maison pour se r\u00e9fugier en brousse. Les activit\u00e9s commerciales et administratives ne sont pas encore reprises.<\/p>\n<p><strong>Pour plus d&rsquo;informations et d&rsquo;analyses sur la <a href=\"https:\/\/www.africa-press.net\/centrafricaine\">CentrAfricaine<\/a>, suivez <a href=\"https:\/\/www.africa-press.net\/\">Africa-Press<\/a><\/strong><\/p>\n","protected":false},"excerpt":{"rendered":"<p>Africa-Press &#8211; CentrAfricaine. Un groupe rebelle arm\u00e9 a attaqu\u00e9 ce jeudi matin la ville centrafricaine de Mbr\u00e9s, chef-lieu de la sous-pr\u00e9fecture de la pr\u00e9fecture de la Nana-Gribizi, situ\u00e9e \u00e0 une soixantaine de kilom\u00e8tres au nord de Kaga-Bandoro. Un auxiliaire gendarme a \u00e9t\u00e9 tu\u00e9, un autre d\u00e9sarm\u00e9, la ville est compl\u00e8tement sous contr\u00f4le des hommes arm\u00e9s. [&hellip;]<\/p>\n","protected":false},"author":82,"featured_media":14312,"comment_status":"open","ping_status":"closed","sticky":false,"template":"","format":"standard","meta":{"footnotes":""},"categories":[21,11,10],"tags":[36,58,30,502],"class_list":["post-14313","post","type-post","status-publish","format-standard","has-post-thumbnail","hentry","category-communaute","category-homepage-french","category-toutes-les-actualites","tag-africa-press","tag-africa-press-centrafricaine","tag-centrafricaine","tag-gendarmerie"],"yoast_head":"<!-- This site is optimized with the Yoast SEO Premium plugin v26.1 (Yoast SEO v27.0) - https:\/\/yoast.com\/product\/yoast-seo-premium-wordpress\/ -->\n<title>la ville de Mbr\u00e9s attaqu\u00e9e, un auxiliaire de la gendarmerie - centrafricaine<\/title>\n<meta name=\"description\" content=\"Un groupe rebelle arm\u00e9 a attaqu\u00e9 ce jeudi matin la ville centrafricaine de Mbr\u00e9s, chef-lieu de la sous-pr\u00e9fecture de la ...\" \/>\n<meta name=\"robots\" content=\"index, follow, max-snippet:-1, max-image-preview:large, max-video-preview:-1\" \/>\n<link rel=\"canonical\" href=\"https:\/\/www.africa-press.net\/centrafricaine\/toutes-les-actualites\/la-ville-de-mbres-attaquee-un-auxiliaire-de-la-gendarmerie\" \/>\n<meta property=\"og:locale\" content=\"fr_FR\" \/>\n<meta property=\"og:type\" content=\"article\" \/>\n<meta property=\"og:title\" content=\"la ville de Mbr\u00e9s attaqu\u00e9e, un auxiliaire de la gendarmerie\" \/>\n<meta property=\"og:description\" content=\"Un groupe rebelle arm\u00e9 a attaqu\u00e9 ce jeudi matin la ville centrafricaine de Mbr\u00e9s, chef-lieu de la sous-pr\u00e9fecture de la ...\" \/>\n<meta property=\"og:url\" content=\"https:\/\/www.africa-press.net\/centrafricaine\/toutes-les-actualites\/la-ville-de-mbres-attaquee-un-auxiliaire-de-la-gendarmerie\" \/>\n<meta property=\"og:site_name\" content=\"centrafricaine\" \/>\n<meta property=\"article:published_time\" content=\"2021-12-10T14:38:26+00:00\" \/>\n<meta property=\"article:modified_time\" content=\"2021-12-12T20:34:53+00:00\" \/>\n<meta property=\"og:image\" content=\"https:\/\/static.africa-press.net\/centrafricaine\/sites\/45\/2021\/12\/img-61b374bc162af.jpg\" \/>\n\t<meta property=\"og:image:width\" content=\"721\" \/>\n\t<meta property=\"og:image:height\" content=\"400\" \/>\n\t<meta property=\"og:image:type\" content=\"image\/jpeg\" \/>\n<meta name=\"author\" content=\"cfeditorfr\" \/>\n<meta name=\"twitter:card\" content=\"summary_large_image\" \/>\n<meta name=\"twitter:label1\" content=\"\u00c9crit par\" \/>\n\t<meta name=\"twitter:data1\" content=\"cfeditorfr\" \/>\n\t<meta name=\"twitter:label2\" content=\"Dur\u00e9e de lecture estim\u00e9e\" \/>\n\t<meta name=\"twitter:data2\" content=\"1 minute\" \/>\n<script type=\"application\/ld+json\" class=\"yoast-schema-graph\">{\"@context\":\"https:\/\/schema.org\",\"@graph\":[{\"@type\":\"Article\",\"@id\":\"https:\/\/www.africa-press.net\/centrafricaine\/toutes-les-actualites\/la-ville-de-mbres-attaquee-un-auxiliaire-de-la-gendarmerie#article\",\"isPartOf\":{\"@id\":\"https:\/\/www.africa-press.net\/centrafricaine\/toutes-les-actualites\/la-ville-de-mbres-attaquee-un-auxiliaire-de-la-gendarmerie\"},\"author\":{\"name\":\"cfeditorfr\",\"@id\":\"https:\/\/www.africa-press.net\/centrafricaine\/#\/schema\/person\/2b1cf3cd81a31e3cd26889ca66d677f1\"},\"headline\":\"la ville de Mbr\u00e9s attaqu\u00e9e, un auxiliaire de la gendarmerie\",\"datePublished\":\"2021-12-10T14:38:26+00:00\",\"dateModified\":\"2021-12-12T20:34:53+00:00\",\"mainEntityOfPage\":{\"@id\":\"https:\/\/www.africa-press.net\/centrafricaine\/toutes-les-actualites\/la-ville-de-mbres-attaquee-un-auxiliaire-de-la-gendarmerie\"},\"wordCount\":243,\"commentCount\":0,\"image\":{\"@id\":\"https:\/\/www.africa-press.net\/centrafricaine\/toutes-les-actualites\/la-ville-de-mbres-attaquee-un-auxiliaire-de-la-gendarmerie#primaryimage\"},\"thumbnailUrl\":\"https:\/\/static.africa-press.net\/centrafricaine\/sites\/45\/2021\/12\/img-61b374bc162af.jpg\",\"keywords\":[\"Africa Press\",\"Africa Press-CentrAfricaine\",\"CentrAfricaine\",\"gendarmerie\"],\"articleSection\":[\"Communaut\u00e9\",\"homepage-french\",\"Toutes les actualit\u00e9s\"],\"inLanguage\":\"fr-FR\",\"potentialAction\":[{\"@type\":\"CommentAction\",\"name\":\"Comment\",\"target\":[\"https:\/\/www.africa-press.net\/centrafricaine\/toutes-les-actualites\/la-ville-de-mbres-attaquee-un-auxiliaire-de-la-gendarmerie#respond\"]}]},{\"@type\":\"WebPage\",\"@id\":\"https:\/\/www.africa-press.net\/centrafricaine\/toutes-les-actualites\/la-ville-de-mbres-attaquee-un-auxiliaire-de-la-gendarmerie\",\"url\":\"https:\/\/www.africa-press.net\/centrafricaine\/toutes-les-actualites\/la-ville-de-mbres-attaquee-un-auxiliaire-de-la-gendarmerie\",\"name\":\"la ville de Mbr\u00e9s attaqu\u00e9e, un auxiliaire de la gendarmerie - centrafricaine\",\"isPartOf\":{\"@id\":\"https:\/\/www.africa-press.net\/centrafricaine\/#website\"},\"primaryImageOfPage\":{\"@id\":\"https:\/\/www.africa-press.net\/centrafricaine\/toutes-les-actualites\/la-ville-de-mbres-attaquee-un-auxiliaire-de-la-gendarmerie#primaryimage\"},\"image\":{\"@id\":\"https:\/\/www.africa-press.net\/centrafricaine\/toutes-les-actualites\/la-ville-de-mbres-attaquee-un-auxiliaire-de-la-gendarmerie#primaryimage\"},\"thumbnailUrl\":\"https:\/\/static.africa-press.net\/centrafricaine\/sites\/45\/2021\/12\/img-61b374bc162af.jpg\",\"datePublished\":\"2021-12-10T14:38:26+00:00\",\"dateModified\":\"2021-12-12T20:34:53+00:00\",\"author\":{\"@id\":\"https:\/\/www.africa-press.net\/centrafricaine\/#\/schema\/person\/2b1cf3cd81a31e3cd26889ca66d677f1\"},\"description\":\"Un groupe rebelle arm\u00e9 a attaqu\u00e9 ce jeudi matin la ville centrafricaine de Mbr\u00e9s, chef-lieu de la sous-pr\u00e9fecture de la ...\",\"breadcrumb\":{\"@id\":\"https:\/\/www.africa-press.net\/centrafricaine\/toutes-les-actualites\/la-ville-de-mbres-attaquee-un-auxiliaire-de-la-gendarmerie#breadcrumb\"},\"inLanguage\":\"fr-FR\",\"potentialAction\":[{\"@type\":\"ReadAction\",\"target\":[\"https:\/\/www.africa-press.net\/centrafricaine\/toutes-les-actualites\/la-ville-de-mbres-attaquee-un-auxiliaire-de-la-gendarmerie\"]}]},{\"@type\":\"ImageObject\",\"inLanguage\":\"fr-FR\",\"@id\":\"https:\/\/www.africa-press.net\/centrafricaine\/toutes-les-actualites\/la-ville-de-mbres-attaquee-un-auxiliaire-de-la-gendarmerie#primaryimage\",\"url\":\"https:\/\/static.africa-press.net\/centrafricaine\/sites\/45\/2021\/12\/img-61b374bc162af.jpg\",\"contentUrl\":\"https:\/\/static.africa-press.net\/centrafricaine\/sites\/45\/2021\/12\/img-61b374bc162af.jpg\",\"width\":721,\"height\":400,\"caption\":\"la ville de Mbr\u00e9s attaqu\u00e9e, un auxiliaire de la gendarmerie\"},{\"@type\":\"BreadcrumbList\",\"@id\":\"https:\/\/www.africa-press.net\/centrafricaine\/toutes-les-actualites\/la-ville-de-mbres-attaquee-un-auxiliaire-de-la-gendarmerie#breadcrumb\",\"itemListElement\":[{\"@type\":\"ListItem\",\"position\":1,\"name\":\"Accueil\",\"item\":\"https:\/\/www.africa-press.net\/centrafricaine\/\"},{\"@type\":\"ListItem\",\"position\":2,\"name\":\"la ville de Mbr\u00e9s attaqu\u00e9e, un auxiliaire de la gendarmerie\"}]},{\"@type\":\"WebSite\",\"@id\":\"https:\/\/www.africa-press.net\/centrafricaine\/#website\",\"url\":\"https:\/\/www.africa-press.net\/centrafricaine\/\",\"name\":\"centrafricaine\",\"description\":\"Just another Africa News Agency Sites site\",\"potentialAction\":[{\"@type\":\"SearchAction\",\"target\":{\"@type\":\"EntryPoint\",\"urlTemplate\":\"https:\/\/www.africa-press.net\/centrafricaine\/?s={search_term_string}\"},\"query-input\":{\"@type\":\"PropertyValueSpecification\",\"valueRequired\":true,\"valueName\":\"search_term_string\"}}],\"inLanguage\":\"fr-FR\"},{\"@type\":\"Person\",\"@id\":\"https:\/\/www.africa-press.net\/centrafricaine\/#\/schema\/person\/2b1cf3cd81a31e3cd26889ca66d677f1\",\"name\":\"cfeditorfr\"}]}<\/script>\n<!-- \/ Yoast SEO Premium plugin. -->","yoast_head_json":{"title":"la ville de Mbr\u00e9s attaqu\u00e9e, un auxiliaire de la gendarmerie - centrafricaine","description":"Un groupe rebelle arm\u00e9 a attaqu\u00e9 ce jeudi matin la ville centrafricaine de Mbr\u00e9s, chef-lieu de la sous-pr\u00e9fecture de la ...","robots":{"index":"index","follow":"follow","max-snippet":"max-snippet:-1","max-image-preview":"max-image-preview:large","max-video-preview":"max-video-preview:-1"},"canonical":"https:\/\/www.africa-press.net\/centrafricaine\/toutes-les-actualites\/la-ville-de-mbres-attaquee-un-auxiliaire-de-la-gendarmerie","og_locale":"fr_FR","og_type":"article","og_title":"la ville de Mbr\u00e9s attaqu\u00e9e, un auxiliaire de la gendarmerie","og_description":"Un groupe rebelle arm\u00e9 a attaqu\u00e9 ce jeudi matin la ville centrafricaine de Mbr\u00e9s, chef-lieu de la sous-pr\u00e9fecture de la ...","og_url":"https:\/\/www.africa-press.net\/centrafricaine\/toutes-les-actualites\/la-ville-de-mbres-attaquee-un-auxiliaire-de-la-gendarmerie","og_site_name":"centrafricaine","article_published_time":"2021-12-10T14:38:26+00:00","article_modified_time":"2021-12-12T20:34:53+00:00","og_image":[{"width":721,"height":400,"url":"https:\/\/static.africa-press.net\/centrafricaine\/sites\/45\/2021\/12\/img-61b374bc162af.jpg","type":"image\/jpeg"}],"author":"cfeditorfr","twitter_card":"summary_large_image","twitter_misc":{"\u00c9crit par":"cfeditorfr","Dur\u00e9e de lecture estim\u00e9e":"1 minute"},"schema":{"@context":"https:\/\/schema.org","@graph":[{"@type":"Article","@id":"https:\/\/www.africa-press.net\/centrafricaine\/toutes-les-actualites\/la-ville-de-mbres-attaquee-un-auxiliaire-de-la-gendarmerie#article","isPartOf":{"@id":"https:\/\/www.africa-press.net\/centrafricaine\/toutes-les-actualites\/la-ville-de-mbres-attaquee-un-auxiliaire-de-la-gendarmerie"},"author":{"name":"cfeditorfr","@id":"https:\/\/www.africa-press.net\/centrafricaine\/#\/schema\/person\/2b1cf3cd81a31e3cd26889ca66d677f1"},"headline":"la ville de Mbr\u00e9s attaqu\u00e9e, un auxiliaire de la gendarmerie","datePublished":"2021-12-10T14:38:26+00:00","dateModified":"2021-12-12T20:34:53+00:00","mainEntityOfPage":{"@id":"https:\/\/www.africa-press.net\/centrafricaine\/toutes-les-actualites\/la-ville-de-mbres-attaquee-un-auxiliaire-de-la-gendarmerie"},"wordCount":243,"commentCount":0,"image":{"@id":"https:\/\/www.africa-press.net\/centrafricaine\/toutes-les-actualites\/la-ville-de-mbres-attaquee-un-auxiliaire-de-la-gendarmerie#primaryimage"},"thumbnailUrl":"https:\/\/static.africa-press.net\/centrafricaine\/sites\/45\/2021\/12\/img-61b374bc162af.jpg","keywords":["Africa Press","Africa Press-CentrAfricaine","CentrAfricaine","gendarmerie"],"articleSection":["Communaut\u00e9","homepage-french","Toutes les actualit\u00e9s"],"inLanguage":"fr-FR","potentialAction":[{"@type":"CommentAction","name":"Comment","target":["https:\/\/www.africa-press.net\/centrafricaine\/toutes-les-actualites\/la-ville-de-mbres-attaquee-un-auxiliaire-de-la-gendarmerie#respond"]}]},{"@type":"WebPage","@id":"https:\/\/www.africa-press.net\/centrafricaine\/toutes-les-actualites\/la-ville-de-mbres-attaquee-un-auxiliaire-de-la-gendarmerie","url":"https:\/\/www.africa-press.net\/centrafricaine\/toutes-les-actualites\/la-ville-de-mbres-attaquee-un-auxiliaire-de-la-gendarmerie","name":"la ville de Mbr\u00e9s attaqu\u00e9e, un auxiliaire de la gendarmerie - centrafricaine","isPartOf":{"@id":"https:\/\/www.africa-press.net\/centrafricaine\/#website"},"primaryImageOfPage":{"@id":"https:\/\/www.africa-press.net\/centrafricaine\/toutes-les-actualites\/la-ville-de-mbres-attaquee-un-auxiliaire-de-la-gendarmerie#primaryimage"},"image":{"@id":"https:\/\/www.africa-press.net\/centrafricaine\/toutes-les-actualites\/la-ville-de-mbres-attaquee-un-auxiliaire-de-la-gendarmerie#primaryimage"},"thumbnailUrl":"https:\/\/static.africa-press.net\/centrafricaine\/sites\/45\/2021\/12\/img-61b374bc162af.jpg","datePublished":"2021-12-10T14:38:26+00:00","dateModified":"2021-12-12T20:34:53+00:00","author":{"@id":"https:\/\/www.africa-press.net\/centrafricaine\/#\/schema\/person\/2b1cf3cd81a31e3cd26889ca66d677f1"},"description":"Un groupe rebelle arm\u00e9 a attaqu\u00e9 ce jeudi matin la ville centrafricaine de Mbr\u00e9s, chef-lieu de la sous-pr\u00e9fecture de la ...","breadcrumb":{"@id":"https:\/\/www.africa-press.net\/centrafricaine\/toutes-les-actualites\/la-ville-de-mbres-attaquee-un-auxiliaire-de-la-gendarmerie#breadcrumb"},"inLanguage":"fr-FR","potentialAction":[{"@type":"ReadAction","target":["https:\/\/www.africa-press.net\/centrafricaine\/toutes-les-actualites\/la-ville-de-mbres-attaquee-un-auxiliaire-de-la-gendarmerie"]}]},{"@type":"ImageObject","inLanguage":"fr-FR","@id":"https:\/\/www.africa-press.net\/centrafricaine\/toutes-les-actualites\/la-ville-de-mbres-attaquee-un-auxiliaire-de-la-gendarmerie#primaryimage","url":"https:\/\/static.africa-press.net\/centrafricaine\/sites\/45\/2021\/12\/img-61b374bc162af.jpg","contentUrl":"https:\/\/static.africa-press.net\/centrafricaine\/sites\/45\/2021\/12\/img-61b374bc162af.jpg","width":721,"height":400,"caption":"la ville de Mbr\u00e9s attaqu\u00e9e, un auxiliaire de la gendarmerie"},{"@type":"BreadcrumbList","@id":"https:\/\/www.africa-press.net\/centrafricaine\/toutes-les-actualites\/la-ville-de-mbres-attaquee-un-auxiliaire-de-la-gendarmerie#breadcrumb","itemListElement":[{"@type":"ListItem","position":1,"name":"Accueil","item":"https:\/\/www.africa-press.net\/centrafricaine\/"},{"@type":"ListItem","position":2,"name":"la ville de Mbr\u00e9s attaqu\u00e9e, un auxiliaire de la gendarmerie"}]},{"@type":"WebSite","@id":"https:\/\/www.africa-press.net\/centrafricaine\/#website","url":"https:\/\/www.africa-press.net\/centrafricaine\/","name":"centrafricaine","description":"Just another Africa News Agency Sites site","potentialAction":[{"@type":"SearchAction","target":{"@type":"EntryPoint","urlTemplate":"https:\/\/www.africa-press.net\/centrafricaine\/?s={search_term_string}"},"query-input":{"@type":"PropertyValueSpecification","valueRequired":true,"valueName":"search_term_string"}}],"inLanguage":"fr-FR"},{"@type":"Person","@id":"https:\/\/www.africa-press.net\/centrafricaine\/#\/schema\/person\/2b1cf3cd81a31e3cd26889ca66d677f1","name":"cfeditorfr"}]}},"_links":{"self":[{"href":"https:\/\/www.africa-press.net\/centrafricaine\/wp-json\/wp\/v2\/posts\/14313","targetHints":{"allow":["GET"]}}],"collection":[{"href":"https:\/\/www.africa-press.net\/centrafricaine\/wp-json\/wp\/v2\/posts"}],"about":[{"href":"https:\/\/www.africa-press.net\/centrafricaine\/wp-json\/wp\/v2\/types\/post"}],"author":[{"embeddable":true,"href":"https:\/\/www.africa-press.net\/centrafricaine\/wp-json\/wp\/v2\/users\/82"}],"replies":[{"embeddable":true,"href":"https:\/\/www.africa-press.net\/centrafricaine\/wp-json\/wp\/v2\/comments?post=14313"}],"version-history":[{"count":0,"href":"https:\/\/www.africa-press.net\/centrafricaine\/wp-json\/wp\/v2\/posts\/14313\/revisions"}],"wp:featuredmedia":[{"embeddable":true,"href":"https:\/\/www.africa-press.net\/centrafricaine\/wp-json\/wp\/v2\/media\/14312"}],"wp:attachment":[{"href":"https:\/\/www.africa-press.net\/centrafricaine\/wp-json\/wp\/v2\/media?parent=14313"}],"wp:term":[{"taxonomy":"category","embeddable":true,"href":"https:\/\/www.africa-press.net\/centrafricaine\/wp-json\/wp\/v2\/categories?post=14313"},{"taxonomy":"post_tag","embeddable":true,"href":"https:\/\/www.africa-press.net\/centrafricaine\/wp-json\/wp\/v2\/tags?post=14313"}],"curies":[{"name":"wp","href":"https:\/\/api.w.org\/{rel}","templated":true}]}}