{"id":14365,"date":"2021-12-12T17:54:43","date_gmt":"2021-12-12T17:54:43","guid":{"rendered":"https:\/\/www.africa-press.net\/centrafricaine\/?p=14365"},"modified":"2021-12-29T22:45:46","modified_gmt":"2021-12-29T22:45:46","slug":"affrontement-entre-les-miliciens-anti-balaka-pro-touadera-et-les-casques-bleus-de-la-minusca","status":"publish","type":"post","link":"https:\/\/www.africa-press.net\/centrafricaine\/politique\/affrontement-entre-les-miliciens-anti-balaka-pro-touadera-et-les-casques-bleus-de-la-minusca","title":{"rendered":"affrontement entre les miliciens Anti-Balaka pro-Touadera et les casques bleus de la Minusca"},"content":{"rendered":"<p><span style=\"color: #ff6600\"><strong>Africa-Press &#8211; CentrAfricaine. <\/strong><\/span>Le vendredi 10 d\u00e9cembre 2021 aux environs de 22h20, une patrouille p\u00e9destre de la Force de la MINUSCA a \u00e9chang\u00e9 des tirs avec un groupe d\u2019\u00e9l\u00e9ments arm\u00e9s anti-balaka \u00e0 bord d\u2019une dizaine de motos, dans la zone du march\u00e9 de Tagbara (pr\u00e9fecture de la Ouaka).<br \/>\nLes casques bleus n\u00e9palais et mauritaniens ont ripost\u00e9 aux tirs de ces \u00e9l\u00e9ments arm\u00e9s, contraints d\u2019abandonner la zone. Lors de leur fuite, ils ont abandonn\u00e9 quatre motos ainsi que des munitions. Aucun bless\u00e9 n\u2019a \u00e9t\u00e9 enregistr\u00e9, ni du c\u00f4t\u00e9 de la population ni du c\u00f4t\u00e9 des casques bleus.<br \/>\nSuite \u00e0 cette attaque, environ 160 personnes ont d\u00e9cid\u00e9 de s\u2019installer autour de la base de la MINUSCA de Tagbara pour plus de s\u00e9curit\u00e9. Cependant, la situation est calme et sous contr\u00f4le, et toutes les mesures ont \u00e9t\u00e9 prises pour \u00e9tablir un p\u00e9rim\u00e8tre de s\u00e9curit\u00e9 afin d\u2019assurer la protection des populations. Les patrouilles \u00e0 l\u2019int\u00e9rieur et autour de la ville ont \u00e9galement \u00e9t\u00e9 accentu\u00e9es.<br \/>\nLa MINUSCA condamne fermement cette attaque et rappelle que toute attaque contre les civils et son personnel peut constituer un crime de guerre passible de poursuite. Elle enjoint les groupes arm\u00e9s de cesser imm\u00e9diatement toute violence contre les civils.<\/p>\n<p><strong>Pour plus d&rsquo;informations et d&rsquo;analyses sur la <a href=\"https:\/\/www.africa-press.net\/centrafricaine\">CentrAfricaine<\/a>, suivez <a href=\"https:\/\/www.africa-press.net\/\">Africa-Press<\/a><\/strong><\/p>\n","protected":false},"excerpt":{"rendered":"<p>Africa-Press &#8211; CentrAfricaine. Le vendredi 10 d\u00e9cembre 2021 aux environs de 22h20, une patrouille p\u00e9destre de la Force de la MINUSCA a \u00e9chang\u00e9 des tirs avec un groupe d\u2019\u00e9l\u00e9ments arm\u00e9s anti-balaka \u00e0 bord d\u2019une dizaine de motos, dans la zone du march\u00e9 de Tagbara (pr\u00e9fecture de la Ouaka). Les casques bleus n\u00e9palais et mauritaniens ont [&hellip;]<\/p>\n","protected":false},"author":82,"featured_media":14364,"comment_status":"open","ping_status":"closed","sticky":false,"template":"","format":"standard","meta":{"footnotes":""},"categories":[11,2,20,10],"tags":[36,58,30,48],"class_list":["post-14365","post","type-post","status-publish","format-standard","has-post-thumbnail","hentry","category-homepage-french","category-politique","category-top-nouvelles","category-toutes-les-actualites","tag-africa-press","tag-africa-press-centrafricaine","tag-centrafricaine","tag-minusca"],"yoast_head":"<!-- This site is optimized with the Yoast SEO Premium plugin v26.1 (Yoast SEO v27.0) - https:\/\/yoast.com\/product\/yoast-seo-premium-wordpress\/ -->\n<title>affrontement entre les miliciens Anti-Balaka pro-Touadera et les casques bleus de la Minusca - centrafricaine<\/title>\n<meta name=\"description\" content=\"Le vendredi 10 d\u00e9cembre 2021 aux environs de 22h20, une patrouille p\u00e9destre de la Force de la MINUSCA a \u00e9chang\u00e9 des tirs ...\" \/>\n<meta name=\"robots\" content=\"index, follow, max-snippet:-1, max-image-preview:large, max-video-preview:-1\" \/>\n<link rel=\"canonical\" href=\"https:\/\/www.africa-press.net\/centrafricaine\/politique\/affrontement-entre-les-miliciens-anti-balaka-pro-touadera-et-les-casques-bleus-de-la-minusca\" \/>\n<meta property=\"og:locale\" content=\"fr_FR\" \/>\n<meta property=\"og:type\" content=\"article\" \/>\n<meta property=\"og:title\" content=\"affrontement entre les miliciens Anti-Balaka pro-Touadera et les casques bleus de la Minusca\" \/>\n<meta property=\"og:description\" content=\"Le vendredi 10 d\u00e9cembre 2021 aux environs de 22h20, une patrouille p\u00e9destre de la Force de la MINUSCA a \u00e9chang\u00e9 des tirs ...\" \/>\n<meta property=\"og:url\" content=\"https:\/\/www.africa-press.net\/centrafricaine\/politique\/affrontement-entre-les-miliciens-anti-balaka-pro-touadera-et-les-casques-bleus-de-la-minusca\" \/>\n<meta property=\"og:site_name\" content=\"centrafricaine\" \/>\n<meta property=\"article:published_time\" content=\"2021-12-12T17:54:43+00:00\" \/>\n<meta property=\"article:modified_time\" content=\"2021-12-29T22:45:46+00:00\" \/>\n<meta property=\"og:image\" content=\"https:\/\/static.africa-press.net\/centrafricaine\/sites\/45\/2021\/12\/img-61b64155ecbae.jpg\" \/>\n\t<meta property=\"og:image:width\" content=\"500\" \/>\n\t<meta property=\"og:image:height\" content=\"333\" \/>\n\t<meta property=\"og:image:type\" content=\"image\/jpeg\" \/>\n<meta name=\"author\" content=\"cfeditorfr\" \/>\n<meta name=\"twitter:card\" content=\"summary_large_image\" \/>\n<meta name=\"twitter:label1\" content=\"\u00c9crit par\" \/>\n\t<meta name=\"twitter:data1\" content=\"cfeditorfr\" \/>\n\t<meta name=\"twitter:label2\" content=\"Dur\u00e9e de lecture estim\u00e9e\" \/>\n\t<meta name=\"twitter:data2\" content=\"1 minute\" \/>\n<script type=\"application\/ld+json\" class=\"yoast-schema-graph\">{\"@context\":\"https:\/\/schema.org\",\"@graph\":[{\"@type\":\"Article\",\"@id\":\"https:\/\/www.africa-press.net\/centrafricaine\/politique\/affrontement-entre-les-miliciens-anti-balaka-pro-touadera-et-les-casques-bleus-de-la-minusca#article\",\"isPartOf\":{\"@id\":\"https:\/\/www.africa-press.net\/centrafricaine\/politique\/affrontement-entre-les-miliciens-anti-balaka-pro-touadera-et-les-casques-bleus-de-la-minusca\"},\"author\":{\"name\":\"cfeditorfr\",\"@id\":\"https:\/\/www.africa-press.net\/centrafricaine\/#\/schema\/person\/2b1cf3cd81a31e3cd26889ca66d677f1\"},\"headline\":\"affrontement entre les miliciens Anti-Balaka pro-Touadera et les casques bleus de la Minusca\",\"datePublished\":\"2021-12-12T17:54:43+00:00\",\"dateModified\":\"2021-12-29T22:45:46+00:00\",\"mainEntityOfPage\":{\"@id\":\"https:\/\/www.africa-press.net\/centrafricaine\/politique\/affrontement-entre-les-miliciens-anti-balaka-pro-touadera-et-les-casques-bleus-de-la-minusca\"},\"wordCount\":245,\"commentCount\":0,\"image\":{\"@id\":\"https:\/\/www.africa-press.net\/centrafricaine\/politique\/affrontement-entre-les-miliciens-anti-balaka-pro-touadera-et-les-casques-bleus-de-la-minusca#primaryimage\"},\"thumbnailUrl\":\"https:\/\/static.africa-press.net\/centrafricaine\/sites\/45\/2021\/12\/img-61b64155ecbae.jpg\",\"keywords\":[\"Africa Press\",\"Africa Press-CentrAfricaine\",\"CentrAfricaine\",\"Minusca\"],\"articleSection\":[\"homepage-french\",\"Politique\",\"Top Nouvelles\",\"Toutes les actualit\u00e9s\"],\"inLanguage\":\"fr-FR\",\"potentialAction\":[{\"@type\":\"CommentAction\",\"name\":\"Comment\",\"target\":[\"https:\/\/www.africa-press.net\/centrafricaine\/politique\/affrontement-entre-les-miliciens-anti-balaka-pro-touadera-et-les-casques-bleus-de-la-minusca#respond\"]}]},{\"@type\":\"WebPage\",\"@id\":\"https:\/\/www.africa-press.net\/centrafricaine\/politique\/affrontement-entre-les-miliciens-anti-balaka-pro-touadera-et-les-casques-bleus-de-la-minusca\",\"url\":\"https:\/\/www.africa-press.net\/centrafricaine\/politique\/affrontement-entre-les-miliciens-anti-balaka-pro-touadera-et-les-casques-bleus-de-la-minusca\",\"name\":\"affrontement entre les miliciens Anti-Balaka pro-Touadera et les casques bleus de la Minusca - centrafricaine\",\"isPartOf\":{\"@id\":\"https:\/\/www.africa-press.net\/centrafricaine\/#website\"},\"primaryImageOfPage\":{\"@id\":\"https:\/\/www.africa-press.net\/centrafricaine\/politique\/affrontement-entre-les-miliciens-anti-balaka-pro-touadera-et-les-casques-bleus-de-la-minusca#primaryimage\"},\"image\":{\"@id\":\"https:\/\/www.africa-press.net\/centrafricaine\/politique\/affrontement-entre-les-miliciens-anti-balaka-pro-touadera-et-les-casques-bleus-de-la-minusca#primaryimage\"},\"thumbnailUrl\":\"https:\/\/static.africa-press.net\/centrafricaine\/sites\/45\/2021\/12\/img-61b64155ecbae.jpg\",\"datePublished\":\"2021-12-12T17:54:43+00:00\",\"dateModified\":\"2021-12-29T22:45:46+00:00\",\"author\":{\"@id\":\"https:\/\/www.africa-press.net\/centrafricaine\/#\/schema\/person\/2b1cf3cd81a31e3cd26889ca66d677f1\"},\"description\":\"Le vendredi 10 d\u00e9cembre 2021 aux environs de 22h20, une patrouille p\u00e9destre de la Force de la MINUSCA a \u00e9chang\u00e9 des tirs ...\",\"breadcrumb\":{\"@id\":\"https:\/\/www.africa-press.net\/centrafricaine\/politique\/affrontement-entre-les-miliciens-anti-balaka-pro-touadera-et-les-casques-bleus-de-la-minusca#breadcrumb\"},\"inLanguage\":\"fr-FR\",\"potentialAction\":[{\"@type\":\"ReadAction\",\"target\":[\"https:\/\/www.africa-press.net\/centrafricaine\/politique\/affrontement-entre-les-miliciens-anti-balaka-pro-touadera-et-les-casques-bleus-de-la-minusca\"]}]},{\"@type\":\"ImageObject\",\"inLanguage\":\"fr-FR\",\"@id\":\"https:\/\/www.africa-press.net\/centrafricaine\/politique\/affrontement-entre-les-miliciens-anti-balaka-pro-touadera-et-les-casques-bleus-de-la-minusca#primaryimage\",\"url\":\"https:\/\/static.africa-press.net\/centrafricaine\/sites\/45\/2021\/12\/img-61b64155ecbae.jpg\",\"contentUrl\":\"https:\/\/static.africa-press.net\/centrafricaine\/sites\/45\/2021\/12\/img-61b64155ecbae.jpg\",\"width\":500,\"height\":333,\"caption\":\"affrontement entre les miliciens Anti-Balaka pro-Touadera et les casques bleus de la Minusca\"},{\"@type\":\"BreadcrumbList\",\"@id\":\"https:\/\/www.africa-press.net\/centrafricaine\/politique\/affrontement-entre-les-miliciens-anti-balaka-pro-touadera-et-les-casques-bleus-de-la-minusca#breadcrumb\",\"itemListElement\":[{\"@type\":\"ListItem\",\"position\":1,\"name\":\"Accueil\",\"item\":\"https:\/\/www.africa-press.net\/centrafricaine\/\"},{\"@type\":\"ListItem\",\"position\":2,\"name\":\"affrontement entre les miliciens Anti-Balaka pro-Touadera et les casques bleus de la Minusca\"}]},{\"@type\":\"WebSite\",\"@id\":\"https:\/\/www.africa-press.net\/centrafricaine\/#website\",\"url\":\"https:\/\/www.africa-press.net\/centrafricaine\/\",\"name\":\"centrafricaine\",\"description\":\"Just another Africa News Agency Sites site\",\"potentialAction\":[{\"@type\":\"SearchAction\",\"target\":{\"@type\":\"EntryPoint\",\"urlTemplate\":\"https:\/\/www.africa-press.net\/centrafricaine\/?s={search_term_string}\"},\"query-input\":{\"@type\":\"PropertyValueSpecification\",\"valueRequired\":true,\"valueName\":\"search_term_string\"}}],\"inLanguage\":\"fr-FR\"},{\"@type\":\"Person\",\"@id\":\"https:\/\/www.africa-press.net\/centrafricaine\/#\/schema\/person\/2b1cf3cd81a31e3cd26889ca66d677f1\",\"name\":\"cfeditorfr\"}]}<\/script>\n<!-- \/ Yoast SEO Premium plugin. -->","yoast_head_json":{"title":"affrontement entre les miliciens Anti-Balaka pro-Touadera et les casques bleus de la Minusca - centrafricaine","description":"Le vendredi 10 d\u00e9cembre 2021 aux environs de 22h20, une patrouille p\u00e9destre de la Force de la MINUSCA a \u00e9chang\u00e9 des tirs ...","robots":{"index":"index","follow":"follow","max-snippet":"max-snippet:-1","max-image-preview":"max-image-preview:large","max-video-preview":"max-video-preview:-1"},"canonical":"https:\/\/www.africa-press.net\/centrafricaine\/politique\/affrontement-entre-les-miliciens-anti-balaka-pro-touadera-et-les-casques-bleus-de-la-minusca","og_locale":"fr_FR","og_type":"article","og_title":"affrontement entre les miliciens Anti-Balaka pro-Touadera et les casques bleus de la Minusca","og_description":"Le vendredi 10 d\u00e9cembre 2021 aux environs de 22h20, une patrouille p\u00e9destre de la Force de la MINUSCA a \u00e9chang\u00e9 des tirs ...","og_url":"https:\/\/www.africa-press.net\/centrafricaine\/politique\/affrontement-entre-les-miliciens-anti-balaka-pro-touadera-et-les-casques-bleus-de-la-minusca","og_site_name":"centrafricaine","article_published_time":"2021-12-12T17:54:43+00:00","article_modified_time":"2021-12-29T22:45:46+00:00","og_image":[{"width":500,"height":333,"url":"https:\/\/static.africa-press.net\/centrafricaine\/sites\/45\/2021\/12\/img-61b64155ecbae.jpg","type":"image\/jpeg"}],"author":"cfeditorfr","twitter_card":"summary_large_image","twitter_misc":{"\u00c9crit par":"cfeditorfr","Dur\u00e9e de lecture estim\u00e9e":"1 minute"},"schema":{"@context":"https:\/\/schema.org","@graph":[{"@type":"Article","@id":"https:\/\/www.africa-press.net\/centrafricaine\/politique\/affrontement-entre-les-miliciens-anti-balaka-pro-touadera-et-les-casques-bleus-de-la-minusca#article","isPartOf":{"@id":"https:\/\/www.africa-press.net\/centrafricaine\/politique\/affrontement-entre-les-miliciens-anti-balaka-pro-touadera-et-les-casques-bleus-de-la-minusca"},"author":{"name":"cfeditorfr","@id":"https:\/\/www.africa-press.net\/centrafricaine\/#\/schema\/person\/2b1cf3cd81a31e3cd26889ca66d677f1"},"headline":"affrontement entre les miliciens Anti-Balaka pro-Touadera et les casques bleus de la Minusca","datePublished":"2021-12-12T17:54:43+00:00","dateModified":"2021-12-29T22:45:46+00:00","mainEntityOfPage":{"@id":"https:\/\/www.africa-press.net\/centrafricaine\/politique\/affrontement-entre-les-miliciens-anti-balaka-pro-touadera-et-les-casques-bleus-de-la-minusca"},"wordCount":245,"commentCount":0,"image":{"@id":"https:\/\/www.africa-press.net\/centrafricaine\/politique\/affrontement-entre-les-miliciens-anti-balaka-pro-touadera-et-les-casques-bleus-de-la-minusca#primaryimage"},"thumbnailUrl":"https:\/\/static.africa-press.net\/centrafricaine\/sites\/45\/2021\/12\/img-61b64155ecbae.jpg","keywords":["Africa Press","Africa Press-CentrAfricaine","CentrAfricaine","Minusca"],"articleSection":["homepage-french","Politique","Top Nouvelles","Toutes les actualit\u00e9s"],"inLanguage":"fr-FR","potentialAction":[{"@type":"CommentAction","name":"Comment","target":["https:\/\/www.africa-press.net\/centrafricaine\/politique\/affrontement-entre-les-miliciens-anti-balaka-pro-touadera-et-les-casques-bleus-de-la-minusca#respond"]}]},{"@type":"WebPage","@id":"https:\/\/www.africa-press.net\/centrafricaine\/politique\/affrontement-entre-les-miliciens-anti-balaka-pro-touadera-et-les-casques-bleus-de-la-minusca","url":"https:\/\/www.africa-press.net\/centrafricaine\/politique\/affrontement-entre-les-miliciens-anti-balaka-pro-touadera-et-les-casques-bleus-de-la-minusca","name":"affrontement entre les miliciens Anti-Balaka pro-Touadera et les casques bleus de la Minusca - centrafricaine","isPartOf":{"@id":"https:\/\/www.africa-press.net\/centrafricaine\/#website"},"primaryImageOfPage":{"@id":"https:\/\/www.africa-press.net\/centrafricaine\/politique\/affrontement-entre-les-miliciens-anti-balaka-pro-touadera-et-les-casques-bleus-de-la-minusca#primaryimage"},"image":{"@id":"https:\/\/www.africa-press.net\/centrafricaine\/politique\/affrontement-entre-les-miliciens-anti-balaka-pro-touadera-et-les-casques-bleus-de-la-minusca#primaryimage"},"thumbnailUrl":"https:\/\/static.africa-press.net\/centrafricaine\/sites\/45\/2021\/12\/img-61b64155ecbae.jpg","datePublished":"2021-12-12T17:54:43+00:00","dateModified":"2021-12-29T22:45:46+00:00","author":{"@id":"https:\/\/www.africa-press.net\/centrafricaine\/#\/schema\/person\/2b1cf3cd81a31e3cd26889ca66d677f1"},"description":"Le vendredi 10 d\u00e9cembre 2021 aux environs de 22h20, une patrouille p\u00e9destre de la Force de la MINUSCA a \u00e9chang\u00e9 des tirs ...","breadcrumb":{"@id":"https:\/\/www.africa-press.net\/centrafricaine\/politique\/affrontement-entre-les-miliciens-anti-balaka-pro-touadera-et-les-casques-bleus-de-la-minusca#breadcrumb"},"inLanguage":"fr-FR","potentialAction":[{"@type":"ReadAction","target":["https:\/\/www.africa-press.net\/centrafricaine\/politique\/affrontement-entre-les-miliciens-anti-balaka-pro-touadera-et-les-casques-bleus-de-la-minusca"]}]},{"@type":"ImageObject","inLanguage":"fr-FR","@id":"https:\/\/www.africa-press.net\/centrafricaine\/politique\/affrontement-entre-les-miliciens-anti-balaka-pro-touadera-et-les-casques-bleus-de-la-minusca#primaryimage","url":"https:\/\/static.africa-press.net\/centrafricaine\/sites\/45\/2021\/12\/img-61b64155ecbae.jpg","contentUrl":"https:\/\/static.africa-press.net\/centrafricaine\/sites\/45\/2021\/12\/img-61b64155ecbae.jpg","width":500,"height":333,"caption":"affrontement entre les miliciens Anti-Balaka pro-Touadera et les casques bleus de la Minusca"},{"@type":"BreadcrumbList","@id":"https:\/\/www.africa-press.net\/centrafricaine\/politique\/affrontement-entre-les-miliciens-anti-balaka-pro-touadera-et-les-casques-bleus-de-la-minusca#breadcrumb","itemListElement":[{"@type":"ListItem","position":1,"name":"Accueil","item":"https:\/\/www.africa-press.net\/centrafricaine\/"},{"@type":"ListItem","position":2,"name":"affrontement entre les miliciens Anti-Balaka pro-Touadera et les casques bleus de la Minusca"}]},{"@type":"WebSite","@id":"https:\/\/www.africa-press.net\/centrafricaine\/#website","url":"https:\/\/www.africa-press.net\/centrafricaine\/","name":"centrafricaine","description":"Just another Africa News Agency Sites site","potentialAction":[{"@type":"SearchAction","target":{"@type":"EntryPoint","urlTemplate":"https:\/\/www.africa-press.net\/centrafricaine\/?s={search_term_string}"},"query-input":{"@type":"PropertyValueSpecification","valueRequired":true,"valueName":"search_term_string"}}],"inLanguage":"fr-FR"},{"@type":"Person","@id":"https:\/\/www.africa-press.net\/centrafricaine\/#\/schema\/person\/2b1cf3cd81a31e3cd26889ca66d677f1","name":"cfeditorfr"}]}},"_links":{"self":[{"href":"https:\/\/www.africa-press.net\/centrafricaine\/wp-json\/wp\/v2\/posts\/14365","targetHints":{"allow":["GET"]}}],"collection":[{"href":"https:\/\/www.africa-press.net\/centrafricaine\/wp-json\/wp\/v2\/posts"}],"about":[{"href":"https:\/\/www.africa-press.net\/centrafricaine\/wp-json\/wp\/v2\/types\/post"}],"author":[{"embeddable":true,"href":"https:\/\/www.africa-press.net\/centrafricaine\/wp-json\/wp\/v2\/users\/82"}],"replies":[{"embeddable":true,"href":"https:\/\/www.africa-press.net\/centrafricaine\/wp-json\/wp\/v2\/comments?post=14365"}],"version-history":[{"count":0,"href":"https:\/\/www.africa-press.net\/centrafricaine\/wp-json\/wp\/v2\/posts\/14365\/revisions"}],"wp:featuredmedia":[{"embeddable":true,"href":"https:\/\/www.africa-press.net\/centrafricaine\/wp-json\/wp\/v2\/media\/14364"}],"wp:attachment":[{"href":"https:\/\/www.africa-press.net\/centrafricaine\/wp-json\/wp\/v2\/media?parent=14365"}],"wp:term":[{"taxonomy":"category","embeddable":true,"href":"https:\/\/www.africa-press.net\/centrafricaine\/wp-json\/wp\/v2\/categories?post=14365"},{"taxonomy":"post_tag","embeddable":true,"href":"https:\/\/www.africa-press.net\/centrafricaine\/wp-json\/wp\/v2\/tags?post=14365"}],"curies":[{"name":"wp","href":"https:\/\/api.w.org\/{rel}","templated":true}]}}