{"id":14819,"date":"2021-12-20T15:56:36","date_gmt":"2021-12-20T15:56:36","guid":{"rendered":"https:\/\/www.africa-press.net\/centrafricaine\/politique\/la-minusca-appelle-au-respect-du-cessez-le-feu"},"modified":"2021-12-20T16:09:30","modified_gmt":"2021-12-20T16:09:30","slug":"la-minusca-appelle-au-respect-du-cessez-le-feu","status":"publish","type":"post","link":"https:\/\/www.africa-press.net\/centrafricaine\/politique\/la-minusca-appelle-au-respect-du-cessez-le-feu","title":{"rendered":"la Minusca appelle au respect du cessez-le-feu"},"content":{"rendered":"<p><span style=\"color: #ff6600\"><strong>Africa-Press &#8211; CentrAfricaine. <\/strong><\/span>Ces derni\u00e8res semaines, des civils ont \u00e9t\u00e9 attaqu\u00e9s par des \u00ab \u00e9l\u00e9ments arm\u00e9s coordonn\u00e9s et assimil\u00e9s aux anti-Balaka \u00bb, regrette la Mission multidimensionnelle int\u00e9gr\u00e9e des Nations Unies pour la stabilisation en R\u00e9publique centrafricaine (Minusca).<\/p>\n<p>Depuis le 15 octobre dernier, histoire de privil\u00e9gier le dialogue, le pr\u00e9sident centrafricain Faustin-Archange Touad\u00e9ra a d\u00e9cr\u00e9t\u00e9 un cessez-le-feu unilat\u00e9ral. Sans grands effets.<\/p>\n<p>Les 6 et 7 d\u00e9cembre 2021, rapporte la Mission multidimensionnelle int\u00e9gr\u00e9e des Nations Unies pour la stabilisation en R\u00e9publique centrafricaine (Minusca), Boyo (Centre) a \u00e9t\u00e9 le th\u00e9\u00e2tre d\u2019incidents graves.<\/p>\n<p>\u00ab Une quinzaine de civils tu\u00e9s, des cas d\u2019amputation, d\u2019extorsion et destruction d\u2019habitations, et pr\u00e8s de 1500 personnes d\u00e9plac\u00e9es (et qui sont) actuellement prot\u00e9g\u00e9es par les Casques bleus dont l\u2019intervention rapide aura permis de restaurer une stabilit\u00e9 \u00bb, pr\u00e9cise un communiqu\u00e9 de la Minusca.<\/p>\n<p>Dans les environs de Boyo et Ippy, alerte la mission onusienne, \u00ab l\u2019arriv\u00e9e massive \u00bb d\u2019\u00e9l\u00e9ments arm\u00e9s assimil\u00e9s aux anti-Balaka accro\u00eet \u00ab les risques d\u2019exactions contre les communaut\u00e9s peuhles \u00bb.<\/p>\n<p>Pour pr\u00e9venir toute violence dans cette partie de la Centrafrique, la Minusca dit avoir effectu\u00e9, le 18 d\u00e9cembre, une patrouille de longue port\u00e9e sur l\u2019axe Ippy-Bria dans le cadre de sa mission de protection des civils.<\/p>\n<p>Conform\u00e9ment \u00e0 son mandat, une d\u00e9l\u00e9gation de la Minusca s\u2019est rendue le 15 d\u00e9cembre \u00e0 Boyo contr\u00f4l\u00e9 par les Casques bleus. Elle y a notamment rencontr\u00e9 les autorit\u00e9s locales et entrepris des enqu\u00eates sur les crimes graves et violations des droits de l\u2019Homme.<\/p>\n<p>La mission onusienne invite les groupes arm\u00e9s \u00e0 \u00ab mettre imm\u00e9diatement fin \u00bb aux attaques contre les populations, mais aussi exhorte les communaut\u00e9s \u00e0 pr\u00e9server la coh\u00e9sion sociale, le vivre ensemble et la paix.<\/p>\n<p><strong>Pour plus d&rsquo;informations et d&rsquo;analyses sur la <a href=\"https:\/\/www.africa-press.net\/centrafricaine\">CentrAfricaine<\/a>, suivez <a href=\"https:\/\/www.africa-press.net\/\">Africa-Press<\/a><\/strong><\/p>\n","protected":false},"excerpt":{"rendered":"<p>Africa-Press &#8211; CentrAfricaine. Ces derni\u00e8res semaines, des civils ont \u00e9t\u00e9 attaqu\u00e9s par des \u00ab \u00e9l\u00e9ments arm\u00e9s coordonn\u00e9s et assimil\u00e9s aux anti-Balaka \u00bb, regrette la Mission multidimensionnelle int\u00e9gr\u00e9e des Nations Unies pour la stabilisation en R\u00e9publique centrafricaine (Minusca). Depuis le 15 octobre dernier, histoire de privil\u00e9gier le dialogue, le pr\u00e9sident centrafricain Faustin-Archange Touad\u00e9ra a d\u00e9cr\u00e9t\u00e9 un [&hellip;]<\/p>\n","protected":false},"author":82,"featured_media":14818,"comment_status":"open","ping_status":"closed","sticky":false,"template":"","format":"standard","meta":{"footnotes":""},"categories":[11,2,20,10],"tags":[36,58,30,48],"class_list":["post-14819","post","type-post","status-publish","format-standard","has-post-thumbnail","hentry","category-homepage-french","category-politique","category-top-nouvelles","category-toutes-les-actualites","tag-africa-press","tag-africa-press-centrafricaine","tag-centrafricaine","tag-minusca"],"yoast_head":"<!-- This site is optimized with the Yoast SEO Premium plugin v26.1 (Yoast SEO v27.0) - https:\/\/yoast.com\/product\/yoast-seo-premium-wordpress\/ -->\n<title>la Minusca appelle au respect du cessez-le-feu - centrafricaine<\/title>\n<meta name=\"description\" content=\"Ces derni\u00e8res semaines, des civils ont \u00e9t\u00e9 attaqu\u00e9s par des \u00ab \u00e9l\u00e9ments arm\u00e9s coordonn\u00e9s et assimil\u00e9s aux anti-Balaka \u00bb, ...\" \/>\n<meta name=\"robots\" content=\"index, follow, max-snippet:-1, max-image-preview:large, max-video-preview:-1\" \/>\n<link rel=\"canonical\" href=\"https:\/\/www.africa-press.net\/centrafricaine\/politique\/la-minusca-appelle-au-respect-du-cessez-le-feu\" \/>\n<meta property=\"og:locale\" content=\"fr_FR\" \/>\n<meta property=\"og:type\" content=\"article\" \/>\n<meta property=\"og:title\" content=\"la Minusca appelle au respect du cessez-le-feu\" \/>\n<meta property=\"og:description\" content=\"Ces derni\u00e8res semaines, des civils ont \u00e9t\u00e9 attaqu\u00e9s par des \u00ab \u00e9l\u00e9ments arm\u00e9s coordonn\u00e9s et assimil\u00e9s aux anti-Balaka \u00bb, ...\" \/>\n<meta property=\"og:url\" content=\"https:\/\/www.africa-press.net\/centrafricaine\/politique\/la-minusca-appelle-au-respect-du-cessez-le-feu\" \/>\n<meta property=\"og:site_name\" content=\"centrafricaine\" \/>\n<meta property=\"article:published_time\" content=\"2021-12-20T15:56:36+00:00\" \/>\n<meta property=\"article:modified_time\" content=\"2021-12-20T16:09:30+00:00\" \/>\n<meta property=\"og:image\" content=\"https:\/\/static.africa-press.net\/centrafricaine\/sites\/45\/2021\/12\/img-61c0aa9d0e831.jpg\" \/>\n\t<meta property=\"og:image:width\" content=\"780\" \/>\n\t<meta property=\"og:image:height\" content=\"440\" \/>\n\t<meta property=\"og:image:type\" content=\"image\/jpeg\" \/>\n<meta name=\"author\" content=\"cfeditorfr\" \/>\n<meta name=\"twitter:card\" content=\"summary_large_image\" \/>\n<meta name=\"twitter:label1\" content=\"\u00c9crit par\" \/>\n\t<meta name=\"twitter:data1\" content=\"cfeditorfr\" \/>\n\t<meta name=\"twitter:label2\" content=\"Dur\u00e9e de lecture estim\u00e9e\" \/>\n\t<meta name=\"twitter:data2\" content=\"2 minutes\" \/>\n<script type=\"application\/ld+json\" class=\"yoast-schema-graph\">{\"@context\":\"https:\/\/schema.org\",\"@graph\":[{\"@type\":\"Article\",\"@id\":\"https:\/\/www.africa-press.net\/centrafricaine\/politique\/la-minusca-appelle-au-respect-du-cessez-le-feu#article\",\"isPartOf\":{\"@id\":\"https:\/\/www.africa-press.net\/centrafricaine\/politique\/la-minusca-appelle-au-respect-du-cessez-le-feu\"},\"author\":{\"name\":\"cfeditorfr\",\"@id\":\"https:\/\/www.africa-press.net\/centrafricaine\/#\/schema\/person\/2b1cf3cd81a31e3cd26889ca66d677f1\"},\"headline\":\"la Minusca appelle au respect du cessez-le-feu\",\"datePublished\":\"2021-12-20T15:56:36+00:00\",\"dateModified\":\"2021-12-20T16:09:30+00:00\",\"mainEntityOfPage\":{\"@id\":\"https:\/\/www.africa-press.net\/centrafricaine\/politique\/la-minusca-appelle-au-respect-du-cessez-le-feu\"},\"wordCount\":333,\"commentCount\":0,\"image\":{\"@id\":\"https:\/\/www.africa-press.net\/centrafricaine\/politique\/la-minusca-appelle-au-respect-du-cessez-le-feu#primaryimage\"},\"thumbnailUrl\":\"https:\/\/static.africa-press.net\/centrafricaine\/sites\/45\/2021\/12\/img-61c0aa9d0e831.jpg\",\"keywords\":[\"Africa Press\",\"Africa Press-CentrAfricaine\",\"CentrAfricaine\",\"Minusca\"],\"articleSection\":[\"homepage-french\",\"Politique\",\"Top Nouvelles\",\"Toutes les actualit\u00e9s\"],\"inLanguage\":\"fr-FR\",\"potentialAction\":[{\"@type\":\"CommentAction\",\"name\":\"Comment\",\"target\":[\"https:\/\/www.africa-press.net\/centrafricaine\/politique\/la-minusca-appelle-au-respect-du-cessez-le-feu#respond\"]}]},{\"@type\":\"WebPage\",\"@id\":\"https:\/\/www.africa-press.net\/centrafricaine\/politique\/la-minusca-appelle-au-respect-du-cessez-le-feu\",\"url\":\"https:\/\/www.africa-press.net\/centrafricaine\/politique\/la-minusca-appelle-au-respect-du-cessez-le-feu\",\"name\":\"la Minusca appelle au respect du cessez-le-feu - centrafricaine\",\"isPartOf\":{\"@id\":\"https:\/\/www.africa-press.net\/centrafricaine\/#website\"},\"primaryImageOfPage\":{\"@id\":\"https:\/\/www.africa-press.net\/centrafricaine\/politique\/la-minusca-appelle-au-respect-du-cessez-le-feu#primaryimage\"},\"image\":{\"@id\":\"https:\/\/www.africa-press.net\/centrafricaine\/politique\/la-minusca-appelle-au-respect-du-cessez-le-feu#primaryimage\"},\"thumbnailUrl\":\"https:\/\/static.africa-press.net\/centrafricaine\/sites\/45\/2021\/12\/img-61c0aa9d0e831.jpg\",\"datePublished\":\"2021-12-20T15:56:36+00:00\",\"dateModified\":\"2021-12-20T16:09:30+00:00\",\"author\":{\"@id\":\"https:\/\/www.africa-press.net\/centrafricaine\/#\/schema\/person\/2b1cf3cd81a31e3cd26889ca66d677f1\"},\"description\":\"Ces derni\u00e8res semaines, des civils ont \u00e9t\u00e9 attaqu\u00e9s par des \u00ab \u00e9l\u00e9ments arm\u00e9s coordonn\u00e9s et assimil\u00e9s aux anti-Balaka \u00bb, ...\",\"breadcrumb\":{\"@id\":\"https:\/\/www.africa-press.net\/centrafricaine\/politique\/la-minusca-appelle-au-respect-du-cessez-le-feu#breadcrumb\"},\"inLanguage\":\"fr-FR\",\"potentialAction\":[{\"@type\":\"ReadAction\",\"target\":[\"https:\/\/www.africa-press.net\/centrafricaine\/politique\/la-minusca-appelle-au-respect-du-cessez-le-feu\"]}]},{\"@type\":\"ImageObject\",\"inLanguage\":\"fr-FR\",\"@id\":\"https:\/\/www.africa-press.net\/centrafricaine\/politique\/la-minusca-appelle-au-respect-du-cessez-le-feu#primaryimage\",\"url\":\"https:\/\/static.africa-press.net\/centrafricaine\/sites\/45\/2021\/12\/img-61c0aa9d0e831.jpg\",\"contentUrl\":\"https:\/\/static.africa-press.net\/centrafricaine\/sites\/45\/2021\/12\/img-61c0aa9d0e831.jpg\",\"width\":780,\"height\":440,\"caption\":\"la Minusca appelle au respect du cessez-le-feu\"},{\"@type\":\"BreadcrumbList\",\"@id\":\"https:\/\/www.africa-press.net\/centrafricaine\/politique\/la-minusca-appelle-au-respect-du-cessez-le-feu#breadcrumb\",\"itemListElement\":[{\"@type\":\"ListItem\",\"position\":1,\"name\":\"Accueil\",\"item\":\"https:\/\/www.africa-press.net\/centrafricaine\/\"},{\"@type\":\"ListItem\",\"position\":2,\"name\":\"la Minusca appelle au respect du cessez-le-feu\"}]},{\"@type\":\"WebSite\",\"@id\":\"https:\/\/www.africa-press.net\/centrafricaine\/#website\",\"url\":\"https:\/\/www.africa-press.net\/centrafricaine\/\",\"name\":\"centrafricaine\",\"description\":\"Just another Africa News Agency Sites site\",\"potentialAction\":[{\"@type\":\"SearchAction\",\"target\":{\"@type\":\"EntryPoint\",\"urlTemplate\":\"https:\/\/www.africa-press.net\/centrafricaine\/?s={search_term_string}\"},\"query-input\":{\"@type\":\"PropertyValueSpecification\",\"valueRequired\":true,\"valueName\":\"search_term_string\"}}],\"inLanguage\":\"fr-FR\"},{\"@type\":\"Person\",\"@id\":\"https:\/\/www.africa-press.net\/centrafricaine\/#\/schema\/person\/2b1cf3cd81a31e3cd26889ca66d677f1\",\"name\":\"cfeditorfr\"}]}<\/script>\n<!-- \/ Yoast SEO Premium plugin. -->","yoast_head_json":{"title":"la Minusca appelle au respect du cessez-le-feu - centrafricaine","description":"Ces derni\u00e8res semaines, des civils ont \u00e9t\u00e9 attaqu\u00e9s par des \u00ab \u00e9l\u00e9ments arm\u00e9s coordonn\u00e9s et assimil\u00e9s aux anti-Balaka \u00bb, ...","robots":{"index":"index","follow":"follow","max-snippet":"max-snippet:-1","max-image-preview":"max-image-preview:large","max-video-preview":"max-video-preview:-1"},"canonical":"https:\/\/www.africa-press.net\/centrafricaine\/politique\/la-minusca-appelle-au-respect-du-cessez-le-feu","og_locale":"fr_FR","og_type":"article","og_title":"la Minusca appelle au respect du cessez-le-feu","og_description":"Ces derni\u00e8res semaines, des civils ont \u00e9t\u00e9 attaqu\u00e9s par des \u00ab \u00e9l\u00e9ments arm\u00e9s coordonn\u00e9s et assimil\u00e9s aux anti-Balaka \u00bb, ...","og_url":"https:\/\/www.africa-press.net\/centrafricaine\/politique\/la-minusca-appelle-au-respect-du-cessez-le-feu","og_site_name":"centrafricaine","article_published_time":"2021-12-20T15:56:36+00:00","article_modified_time":"2021-12-20T16:09:30+00:00","og_image":[{"width":780,"height":440,"url":"https:\/\/static.africa-press.net\/centrafricaine\/sites\/45\/2021\/12\/img-61c0aa9d0e831.jpg","type":"image\/jpeg"}],"author":"cfeditorfr","twitter_card":"summary_large_image","twitter_misc":{"\u00c9crit par":"cfeditorfr","Dur\u00e9e de lecture estim\u00e9e":"2 minutes"},"schema":{"@context":"https:\/\/schema.org","@graph":[{"@type":"Article","@id":"https:\/\/www.africa-press.net\/centrafricaine\/politique\/la-minusca-appelle-au-respect-du-cessez-le-feu#article","isPartOf":{"@id":"https:\/\/www.africa-press.net\/centrafricaine\/politique\/la-minusca-appelle-au-respect-du-cessez-le-feu"},"author":{"name":"cfeditorfr","@id":"https:\/\/www.africa-press.net\/centrafricaine\/#\/schema\/person\/2b1cf3cd81a31e3cd26889ca66d677f1"},"headline":"la Minusca appelle au respect du cessez-le-feu","datePublished":"2021-12-20T15:56:36+00:00","dateModified":"2021-12-20T16:09:30+00:00","mainEntityOfPage":{"@id":"https:\/\/www.africa-press.net\/centrafricaine\/politique\/la-minusca-appelle-au-respect-du-cessez-le-feu"},"wordCount":333,"commentCount":0,"image":{"@id":"https:\/\/www.africa-press.net\/centrafricaine\/politique\/la-minusca-appelle-au-respect-du-cessez-le-feu#primaryimage"},"thumbnailUrl":"https:\/\/static.africa-press.net\/centrafricaine\/sites\/45\/2021\/12\/img-61c0aa9d0e831.jpg","keywords":["Africa Press","Africa Press-CentrAfricaine","CentrAfricaine","Minusca"],"articleSection":["homepage-french","Politique","Top Nouvelles","Toutes les actualit\u00e9s"],"inLanguage":"fr-FR","potentialAction":[{"@type":"CommentAction","name":"Comment","target":["https:\/\/www.africa-press.net\/centrafricaine\/politique\/la-minusca-appelle-au-respect-du-cessez-le-feu#respond"]}]},{"@type":"WebPage","@id":"https:\/\/www.africa-press.net\/centrafricaine\/politique\/la-minusca-appelle-au-respect-du-cessez-le-feu","url":"https:\/\/www.africa-press.net\/centrafricaine\/politique\/la-minusca-appelle-au-respect-du-cessez-le-feu","name":"la Minusca appelle au respect du cessez-le-feu - centrafricaine","isPartOf":{"@id":"https:\/\/www.africa-press.net\/centrafricaine\/#website"},"primaryImageOfPage":{"@id":"https:\/\/www.africa-press.net\/centrafricaine\/politique\/la-minusca-appelle-au-respect-du-cessez-le-feu#primaryimage"},"image":{"@id":"https:\/\/www.africa-press.net\/centrafricaine\/politique\/la-minusca-appelle-au-respect-du-cessez-le-feu#primaryimage"},"thumbnailUrl":"https:\/\/static.africa-press.net\/centrafricaine\/sites\/45\/2021\/12\/img-61c0aa9d0e831.jpg","datePublished":"2021-12-20T15:56:36+00:00","dateModified":"2021-12-20T16:09:30+00:00","author":{"@id":"https:\/\/www.africa-press.net\/centrafricaine\/#\/schema\/person\/2b1cf3cd81a31e3cd26889ca66d677f1"},"description":"Ces derni\u00e8res semaines, des civils ont \u00e9t\u00e9 attaqu\u00e9s par des \u00ab \u00e9l\u00e9ments arm\u00e9s coordonn\u00e9s et assimil\u00e9s aux anti-Balaka \u00bb, ...","breadcrumb":{"@id":"https:\/\/www.africa-press.net\/centrafricaine\/politique\/la-minusca-appelle-au-respect-du-cessez-le-feu#breadcrumb"},"inLanguage":"fr-FR","potentialAction":[{"@type":"ReadAction","target":["https:\/\/www.africa-press.net\/centrafricaine\/politique\/la-minusca-appelle-au-respect-du-cessez-le-feu"]}]},{"@type":"ImageObject","inLanguage":"fr-FR","@id":"https:\/\/www.africa-press.net\/centrafricaine\/politique\/la-minusca-appelle-au-respect-du-cessez-le-feu#primaryimage","url":"https:\/\/static.africa-press.net\/centrafricaine\/sites\/45\/2021\/12\/img-61c0aa9d0e831.jpg","contentUrl":"https:\/\/static.africa-press.net\/centrafricaine\/sites\/45\/2021\/12\/img-61c0aa9d0e831.jpg","width":780,"height":440,"caption":"la Minusca appelle au respect du cessez-le-feu"},{"@type":"BreadcrumbList","@id":"https:\/\/www.africa-press.net\/centrafricaine\/politique\/la-minusca-appelle-au-respect-du-cessez-le-feu#breadcrumb","itemListElement":[{"@type":"ListItem","position":1,"name":"Accueil","item":"https:\/\/www.africa-press.net\/centrafricaine\/"},{"@type":"ListItem","position":2,"name":"la Minusca appelle au respect du cessez-le-feu"}]},{"@type":"WebSite","@id":"https:\/\/www.africa-press.net\/centrafricaine\/#website","url":"https:\/\/www.africa-press.net\/centrafricaine\/","name":"centrafricaine","description":"Just another Africa News Agency Sites site","potentialAction":[{"@type":"SearchAction","target":{"@type":"EntryPoint","urlTemplate":"https:\/\/www.africa-press.net\/centrafricaine\/?s={search_term_string}"},"query-input":{"@type":"PropertyValueSpecification","valueRequired":true,"valueName":"search_term_string"}}],"inLanguage":"fr-FR"},{"@type":"Person","@id":"https:\/\/www.africa-press.net\/centrafricaine\/#\/schema\/person\/2b1cf3cd81a31e3cd26889ca66d677f1","name":"cfeditorfr"}]}},"_links":{"self":[{"href":"https:\/\/www.africa-press.net\/centrafricaine\/wp-json\/wp\/v2\/posts\/14819","targetHints":{"allow":["GET"]}}],"collection":[{"href":"https:\/\/www.africa-press.net\/centrafricaine\/wp-json\/wp\/v2\/posts"}],"about":[{"href":"https:\/\/www.africa-press.net\/centrafricaine\/wp-json\/wp\/v2\/types\/post"}],"author":[{"embeddable":true,"href":"https:\/\/www.africa-press.net\/centrafricaine\/wp-json\/wp\/v2\/users\/82"}],"replies":[{"embeddable":true,"href":"https:\/\/www.africa-press.net\/centrafricaine\/wp-json\/wp\/v2\/comments?post=14819"}],"version-history":[{"count":0,"href":"https:\/\/www.africa-press.net\/centrafricaine\/wp-json\/wp\/v2\/posts\/14819\/revisions"}],"wp:featuredmedia":[{"embeddable":true,"href":"https:\/\/www.africa-press.net\/centrafricaine\/wp-json\/wp\/v2\/media\/14818"}],"wp:attachment":[{"href":"https:\/\/www.africa-press.net\/centrafricaine\/wp-json\/wp\/v2\/media?parent=14819"}],"wp:term":[{"taxonomy":"category","embeddable":true,"href":"https:\/\/www.africa-press.net\/centrafricaine\/wp-json\/wp\/v2\/categories?post=14819"},{"taxonomy":"post_tag","embeddable":true,"href":"https:\/\/www.africa-press.net\/centrafricaine\/wp-json\/wp\/v2\/tags?post=14819"}],"curies":[{"name":"wp","href":"https:\/\/api.w.org\/{rel}","templated":true}]}}