{"id":15012,"date":"2021-12-23T18:24:37","date_gmt":"2021-12-23T18:24:37","guid":{"rendered":"https:\/\/www.africa-press.net\/centrafricaine\/politique\/tueries-de-boyo-tagbara-aingbodo-et-goya-dans-la-ouaka-il-est-temps-dintenter-des-actions-en-justice-contre-mankeur-ndiaye-et-la-minusca"},"modified":"2021-12-23T18:57:15","modified_gmt":"2021-12-23T18:57:15","slug":"tueries-de-boyo-tagbara-aingbodo-et-goya-dans-la-ouaka-il-est-temps-dintenter-des-actions-en-justice-contre-mankeur-ndiaye-et-la-minusca","status":"publish","type":"post","link":"https:\/\/www.africa-press.net\/centrafricaine\/politique\/tueries-de-boyo-tagbara-aingbodo-et-goya-dans-la-ouaka-il-est-temps-dintenter-des-actions-en-justice-contre-mankeur-ndiaye-et-la-minusca","title":{"rendered":"\u00bbTueries de Boyo, Tagbara, A\u00efngbodo et Goya dans la Ouaka \u00bb : il est temps d\u2019intenter des actions en justice contre Mankeur Ndiaye et la Minusca"},"content":{"rendered":"<p><span style=\"color: #ff6600\"><strong>Africa-Press &#8211; CentrAfricaine. <\/strong><\/span>Peu avant et quelques jours apr\u00e8s l\u2019exfiltration du ministre Hassan Bouba, ancien haut cadre du groupe arm\u00e9 UPC, arr\u00eat\u00e9 et inculp\u00e9 de crimes de guerre et crimes contre l\u2019humanit\u00e9 par la Cour p\u00e9nale sp\u00e9ciale, courant mi \u2013 novembre 2021, l\u2019actualit\u00e9 centrafricaine est r\u00e9guli\u00e8rement marqu\u00e9e ces derniers temps par des nouvelles des tueries des populations civiles \u00e0 Boyo, Tagbara, A\u00efngbodo et Goya situ\u00e9 \u00e0 45 Km de Gbokologbo sur l\u2019axe Kouango, dans la pr\u00e9fecture de la Ouaka.<\/p>\n<p>Ces attaques d\u2019une rare barbarie ont \u00e9t\u00e9 perp\u00e9tr\u00e9es par les mercenaires russes du Groupe Wagner et des Anti \u2013 Balaka formellement identifi\u00e9s par des sources locales ind\u00e9pendantes cr\u00e9dibles comme appartenant \u00e0 l\u2019aile Touad\u00e9ra.<\/p>\n<p>Si des informations en notre possession font \u00e9tat \u00e0 Boyo de 15 morts, de nombreux bless\u00e9s, des cas d\u2019amputations, de vols, de viols, de destructions d\u2019habitations ainsi que le d\u00e9placement de pr\u00e8s de 1 500 personnes, le bilan serait, par contre, beaucoup plus lourd dans les autres localit\u00e9s o\u00f9 l\u2019acc\u00e8s est tr\u00e8s difficile, selon des t\u00e9moignages des rescap\u00e9s qui ont r\u00e9ussi \u00e0 joindre Bambari.<\/p>\n<p>Mais aussi invraisemblable, r\u00e9voltant et injustifiable que cela puisse para\u00eetre, ces atrocit\u00e9s ont \u00e9t\u00e9 commises dans une zone d\u00e9clar\u00e9e sans arme par le conseil de s\u00e9curit\u00e9 et parfaitement contr\u00f4l\u00e9e par les forces onusiennes de la Minusca.<\/p>\n<p>Dot\u00e9es de moyens militaires cons\u00e9quents, celles \u2013 ci ont l\u2019imp\u00e9rieuse obligation, conform\u00e9ment aux termes de la r\u00e9solution 2149 du 10 avril 2014, d\u2019assurer la protection des populations civiles en proie aux attaques des groupes arm\u00e9s. Le 12 novembre 2021, cette noble mission a \u00e9t\u00e9 renforc\u00e9e par la r\u00e9solution 2605 du conseil de s\u00e9curit\u00e9 \u00e0 la demande du secr\u00e9taire g\u00e9n\u00e9ral de l\u2019Onu.<\/p>\n<p>Seulement si inacceptable et inexplicable soit \u2013 il, ces crimes de guerre et ces crimes contre l\u2019humanit\u00e9 ont \u00e9t\u00e9 pens\u00e9s, planifi\u00e9s, organis\u00e9s et ex\u00e9cut\u00e9s au vu et au su de la Minusca et des forces onusiennes, rest\u00e9es \u00e9trangement l\u2019arme aux pieds.<\/p>\n<p>Et ce n\u2019est que quelques jours plus tard, pr\u00e9cis\u00e9ment le dimanche 19 d\u00e9cembre 2021 que le repr\u00e9sentant sp\u00e9cial du secr\u00e9taire g\u00e9n\u00e9ral de l\u2019Onu Mankeur Ndiaye a d\u00e9cid\u00e9 de r\u00e9agir \u00e0 la mani\u00e8re d\u2019un m\u00e9decin intervenant apr\u00e8s la mort, et d\u2019informer par la publication de deux D\u00e9clarations l\u2019opinion nationale et internationale sur ce qui s\u2019est pass\u00e9 dans cette partie de la R\u00e9publique centrafricaine.<\/p>\n<p>Comme s\u2019il avait peur d\u2019ordonner \u00e0 ses troupes de recourir \u00e0 la force, comme l\u2019exigent la charte de l\u2019Onu et les termes des r\u00e9solutions sus \u2013 \u00e9voqu\u00e9es, contre ces mercenaires du Groupe Wagner dont le d\u00e9part a \u00e9t\u00e9 vivement argu\u00e9 par le Groupe des Experts de l\u2019Onu et dont les principaux responsables viennent d\u2019\u00eatre sanctionn\u00e9s par l\u2019Union europ\u00e9enne.<\/p>\n<p>Non seulement, cet acte d\u2019une extr\u00eame gravit\u00e9 n\u2019est rien d\u2019autre qu\u2019un acte de non \u2013 assistance \u00e0 des personnes en danger, mais surtout il constitue pour le diplomate s\u00e9n\u00e9galais une faute lourde dans l\u2019exercice de ses fonctions, celles de faire appliquer les termes des r\u00e9solutions 2149 et 2605.<\/p>\n<p>Afin que nul n\u2019en ignore, nous publions ci \u2013 dessus l\u2019int\u00e9gralit\u00e9 des t\u00e2ches prioritaires d\u00e9volues \u00e0 la Minusca par le conseil de s\u00e9curit\u00e9, le 12 novembre 2021 : \u00ab T\u00e2ches prioritaires D\u00e9cide que le mandat de la MINUSCA comportera les t\u00e2ches prioritaires suivantes : a) Protection des civils i) Prot\u00e9ger, conform\u00e9ment \u00e0 la d\u00e9claration de sa pr\u00e9sidence en date du 21 septembre 2018 (S\/PRST\/2018\/18) et sans pr\u00e9judice de la responsabilit\u00e9 premi\u00e8re des autorit\u00e9s centrafricaines et des principes fondamentaux du maintien de la paix, la population civile qui se trouve sous la menace de violences physiques ; ii) Appliquer pleinement sa strat\u00e9gie de protection des civils en coordination avec les autorit\u00e9s centrafricaines, l\u2019\u00e9quipe de pays des Nations Unies, les organismes d\u2019aide humanitaire et de d\u00e9fense des droits humains et les autres partenaires int\u00e9ress\u00e9s ; iii) Prendre des mesures actives, en appui aux autorit\u00e9s centrafricaines, pour anticiper, \u00e9carter et contrer efficacement toute menace grave ou cr\u00e9dible visant la population civile selon une approche globale et int\u00e9gr\u00e9e, et \u00e0 cet \u00e9gard : \u2013 Assurer une protection efficace et dynamique des civils se trouvant sous la menace de violences physiques selon une d\u00e9marche globale et int\u00e9gr\u00e9e, notamment en anticipant, dissuadant et faisant cesser toutes les menaces de violences dirig\u00e9es contre la population, en consultation avec les communaut\u00e9s locales, et en appuyant ou engageant des initiatives de m\u00e9diation locale pour emp\u00eacher l\u2019intensification de la violence, conform\u00e9ment aux principes fondamentaux du maintien de la paix, et les flamb\u00e9es de violence entre groupes ethniques ou religieux rivaux ; \u2013 Am\u00e9liorer ses relations avec la population civile, renforcer ses m\u00e9canismes d\u2019alerte rapide, redoubler d\u2019efforts pour d\u00e9tecter et constater les violations du droit international humanitaire, les violations des droits humains et les atteintes \u00e0 ces droits, et renforcer la participation et l\u2019autonomisation des communaut\u00e9s locales ; \u2013 Maintenir un d\u00e9ploiement pr\u00e9ventif et une pr\u00e9sence mobile, flexible et robuste, y compris en organisant des patrouilles actives, en particulier dans les zones \u00e0 haut risque ; \u2013 Att\u00e9nuer les risques auxquels sont expos\u00e9s les civils avant, pendant et apr\u00e8s toute op\u00e9ration militaire ou polici\u00e8re, notamment en surveillant, en pr\u00e9venant et en limitant au minimum les dommages que peuvent causer aux civils les op\u00e9rations, la pr\u00e9sence et les activit\u00e9s de la Mission et en y rem\u00e9diant, y compris en ce qui concerne les op\u00e9rations men\u00e9es en appui aux forces nationales de s\u00e9curit\u00e9 ; \u2013 Collaborer avec les autorit\u00e9s centrafricaines pour recenser et signaler les menaces et les attaques dirig\u00e9es contre des civils, mettre en \u0153uvre les plans de pr\u00e9vention et d\u2019intervention existants et renforcer la coop\u00e9ration civilo-militaire, y compris la planification conjointe ;\u2013 Aider les autorit\u00e9s centrafricaines \u00e0 pr\u00e9venir, att\u00e9nuer et combattre la menace que repr\u00e9sentent les engins explosifs ; iv) Apporter une protection et une aide sp\u00e9cifiques aux femmes et aux enfants touch\u00e9s par le conflit arm\u00e9, notamment en d\u00e9ployant des conseillers pour les questions de protection, des conseillers pour la protection de l\u2019enfance, des conseillers pour la protection des femmes et des conseillers civils et en tenue et des points de contact pour les questions de genre, ainsi qu\u2019en mettant sur pied des consultations avec des organisations de femmes, et en adoptant \u00e0 cet \u00e9gard une d\u00e9marche qui tienne compte des questions de genre et soit ax\u00e9e sur les personnes rescap\u00e9es, en particulier pour aider au mieux celles ayant r\u00e9chapp\u00e9 de violences sexuelles, et appuyer la participation des femmes aux m\u00e9canismes d\u2019alerte rapide ; v) Prendre des mesures concr\u00e8tes pour att\u00e9nuer et \u00e9viter, selon le cas, l\u2019utilisation des \u00e9coles par les forces arm\u00e9es, pour dissuader les parties au conflit d\u2019utiliser les \u00e9coles, et pour faciliter la continuit\u00e9 de l\u2019\u00e9ducation dans les situations de conflit arm\u00e9 ; vi) Appuyer la mise en \u0153uvre du communiqu\u00e9 conjoint de l\u2019Organisation des Nations Unies et du Gouvernement centrafricain tendant \u00e0 pr\u00e9venir et combattre les violences sexuelles en p\u00e9riode de conflit et tenir compte de ces pr\u00e9occupations sp\u00e9cifiques dans toutes les activit\u00e9s des composantes de la Mission, conform\u00e9ment \u00e0 la politique des Nations Unies pour les missions sur le terrain sur la pr\u00e9vention de la violence sexuelle li\u00e9e aux conflits et les moyens de la combattre, et veiller, en coop\u00e9ration avec la Repr\u00e9sentante sp\u00e9ciale du Secr\u00e9taire g\u00e9n\u00e9ral charg\u00e9e de la question des violences sexuelles commises en p\u00e9riode de conflit, \u00e0 ce que le risque de violences sexuelles en p\u00e9riode de conflit soit pris en compte dans les syst\u00e8mes de collecte de donn\u00e9es, d\u2019analyse des menaces et d\u2019alerte rapide de la Mission ; \u00bb Fort de ce qui pr\u00e9c\u00e8de et afin d\u2019attirer l\u2019attention des grandes puissances du monde et leurs dirigeants sur l\u2019inaction de ce \u00ab Grand Machin \u00bb et cette crise centrafricaine qui n\u2019a que trop dur\u00e9 et qui est r\u00e9guli\u00e8rement entretenue par ceux \u2013 l\u00e0 m\u00eames qui ont les pleins pouvoirs d\u2019y mettre un terme mais qui ne s\u2019en servent pas ou qui n\u2019en usent que pour la p\u00e9renniser \u00e0 des fins personnelles et cat\u00e9gorielles, l\u2019heure est enfin venue pour les organisations internationales de d\u00e9fense des droits de l\u2019homme \u00e9prises de Paix et de Justice, la Ligue Centrafricaine des Droits de l\u2019Homme, et toutes les Associations des victimes d\u2019intenter hic et nunc des actions devant les juridictions internationales, en se fondant sur les massacres de Boyo, Tagbara, A\u00efngbodo et Goya, contre la Minusca et Mankeur Ndiaye qui est plus pr\u00e9occup\u00e9 \u00e0 privil\u00e9gier ses relations avec Touad\u00e9ra qu\u2019\u00e0 voler au secours des pauvres damn\u00e9s de la terre que sont les populations civiles centrafricaines, et \u00e0 man\u0153uvrer comme un beau diable pour sa reconduction en f\u00e9vrier 2022.<\/p>\n<p>Et n\u2019est \u2013 ce pas que c\u2019est en allumant le feu un peu partout qu\u2019il peut justifier de la raison d\u2019\u00eatre et du maintien de la Minusca dans ce pays et convaincre sa hi\u00e9rarchie de \u00ab ses exceptionnelles qualit\u00e9s \u00e0 travailler pour le retour de la paix en Centrafrique \u00bb ?<\/p>\n<p><strong>Pour plus d&rsquo;informations et d&rsquo;analyses sur la <a href=\"https:\/\/www.africa-press.net\/centrafricaine\">CentrAfricaine<\/a>, suivez <a href=\"https:\/\/www.africa-press.net\/\">Africa-Press<\/a><\/strong><\/p>\n","protected":false},"excerpt":{"rendered":"<p>Africa-Press &#8211; CentrAfricaine. Peu avant et quelques jours apr\u00e8s l\u2019exfiltration du ministre Hassan Bouba, ancien haut cadre du groupe arm\u00e9 UPC, arr\u00eat\u00e9 et inculp\u00e9 de crimes de guerre et crimes contre l\u2019humanit\u00e9 par la Cour p\u00e9nale sp\u00e9ciale, courant mi \u2013 novembre 2021, l\u2019actualit\u00e9 centrafricaine est r\u00e9guli\u00e8rement marqu\u00e9e ces derniers temps par des nouvelles des tueries [&hellip;]<\/p>\n","protected":false},"author":82,"featured_media":15011,"comment_status":"open","ping_status":"closed","sticky":false,"template":"","format":"standard","meta":{"footnotes":""},"categories":[11,2,20,10],"tags":[36,58,30,48],"class_list":["post-15012","post","type-post","status-publish","format-standard","has-post-thumbnail","hentry","category-homepage-french","category-politique","category-top-nouvelles","category-toutes-les-actualites","tag-africa-press","tag-africa-press-centrafricaine","tag-centrafricaine","tag-minusca"],"yoast_head":"<!-- This site is optimized with the Yoast SEO Premium plugin v26.1 (Yoast SEO v27.0) - https:\/\/yoast.com\/product\/yoast-seo-premium-wordpress\/ -->\n<title>\u00bbTueries de Boyo, Tagbara, A\u00efngbodo et Goya dans la Ouaka \u00bb : il est temps d\u2019intenter des actions en justice contre Mankeur Ndiaye et la Minusca - centrafricaine<\/title>\n<meta name=\"description\" content=\"Peu avant et quelques jours apr\u00e8s l\u2019exfiltration du ministre Hassan Bouba, ancien haut cadre du groupe arm\u00e9 UPC, arr\u00eat\u00e9 ...\" \/>\n<meta name=\"robots\" content=\"index, follow, max-snippet:-1, max-image-preview:large, max-video-preview:-1\" \/>\n<link rel=\"canonical\" href=\"https:\/\/www.africa-press.net\/centrafricaine\/politique\/tueries-de-boyo-tagbara-aingbodo-et-goya-dans-la-ouaka-il-est-temps-dintenter-des-actions-en-justice-contre-mankeur-ndiaye-et-la-minusca\" \/>\n<meta property=\"og:locale\" content=\"fr_FR\" \/>\n<meta property=\"og:type\" content=\"article\" \/>\n<meta property=\"og:title\" content=\"\u00bbTueries de Boyo, Tagbara, A\u00efngbodo et Goya dans la Ouaka \u00bb : il est temps d\u2019intenter des actions en justice contre Mankeur Ndiaye et la Minusca\" \/>\n<meta property=\"og:description\" content=\"Peu avant et quelques jours apr\u00e8s l\u2019exfiltration du ministre Hassan Bouba, ancien haut cadre du groupe arm\u00e9 UPC, arr\u00eat\u00e9 ...\" \/>\n<meta property=\"og:url\" content=\"https:\/\/www.africa-press.net\/centrafricaine\/politique\/tueries-de-boyo-tagbara-aingbodo-et-goya-dans-la-ouaka-il-est-temps-dintenter-des-actions-en-justice-contre-mankeur-ndiaye-et-la-minusca\" \/>\n<meta property=\"og:site_name\" content=\"centrafricaine\" \/>\n<meta property=\"article:published_time\" content=\"2021-12-23T18:24:37+00:00\" \/>\n<meta property=\"article:modified_time\" content=\"2021-12-23T18:57:15+00:00\" \/>\n<meta property=\"og:image\" content=\"https:\/\/static.africa-press.net\/centrafricaine\/sites\/45\/2021\/12\/img-61c4c662dc0c2.jpg\" \/>\n\t<meta property=\"og:image:width\" content=\"720\" \/>\n\t<meta property=\"og:image:height\" content=\"480\" \/>\n\t<meta property=\"og:image:type\" content=\"image\/jpeg\" \/>\n<meta name=\"author\" content=\"cfeditorfr\" \/>\n<meta name=\"twitter:card\" content=\"summary_large_image\" \/>\n<meta name=\"twitter:label1\" content=\"\u00c9crit par\" \/>\n\t<meta name=\"twitter:data1\" content=\"cfeditorfr\" \/>\n\t<meta name=\"twitter:label2\" content=\"Dur\u00e9e de lecture estim\u00e9e\" \/>\n\t<meta name=\"twitter:data2\" content=\"8 minutes\" \/>\n<script type=\"application\/ld+json\" class=\"yoast-schema-graph\">{\"@context\":\"https:\/\/schema.org\",\"@graph\":[{\"@type\":\"Article\",\"@id\":\"https:\/\/www.africa-press.net\/centrafricaine\/politique\/tueries-de-boyo-tagbara-aingbodo-et-goya-dans-la-ouaka-il-est-temps-dintenter-des-actions-en-justice-contre-mankeur-ndiaye-et-la-minusca#article\",\"isPartOf\":{\"@id\":\"https:\/\/www.africa-press.net\/centrafricaine\/politique\/tueries-de-boyo-tagbara-aingbodo-et-goya-dans-la-ouaka-il-est-temps-dintenter-des-actions-en-justice-contre-mankeur-ndiaye-et-la-minusca\"},\"author\":{\"name\":\"cfeditorfr\",\"@id\":\"https:\/\/www.africa-press.net\/centrafricaine\/#\/schema\/person\/2b1cf3cd81a31e3cd26889ca66d677f1\"},\"headline\":\"\u00bbTueries de Boyo, Tagbara, A\u00efngbodo et Goya dans la Ouaka \u00bb : il est temps d\u2019intenter des actions en justice contre Mankeur Ndiaye et la Minusca\",\"datePublished\":\"2021-12-23T18:24:37+00:00\",\"dateModified\":\"2021-12-23T18:57:15+00:00\",\"mainEntityOfPage\":{\"@id\":\"https:\/\/www.africa-press.net\/centrafricaine\/politique\/tueries-de-boyo-tagbara-aingbodo-et-goya-dans-la-ouaka-il-est-temps-dintenter-des-actions-en-justice-contre-mankeur-ndiaye-et-la-minusca\"},\"wordCount\":1650,\"commentCount\":0,\"image\":{\"@id\":\"https:\/\/www.africa-press.net\/centrafricaine\/politique\/tueries-de-boyo-tagbara-aingbodo-et-goya-dans-la-ouaka-il-est-temps-dintenter-des-actions-en-justice-contre-mankeur-ndiaye-et-la-minusca#primaryimage\"},\"thumbnailUrl\":\"https:\/\/static.africa-press.net\/centrafricaine\/sites\/45\/2021\/12\/img-61c4c662dc0c2.jpg\",\"keywords\":[\"Africa Press\",\"Africa Press-CentrAfricaine\",\"CentrAfricaine\",\"Minusca\"],\"articleSection\":[\"homepage-french\",\"Politique\",\"Top Nouvelles\",\"Toutes les actualit\u00e9s\"],\"inLanguage\":\"fr-FR\",\"potentialAction\":[{\"@type\":\"CommentAction\",\"name\":\"Comment\",\"target\":[\"https:\/\/www.africa-press.net\/centrafricaine\/politique\/tueries-de-boyo-tagbara-aingbodo-et-goya-dans-la-ouaka-il-est-temps-dintenter-des-actions-en-justice-contre-mankeur-ndiaye-et-la-minusca#respond\"]}]},{\"@type\":\"WebPage\",\"@id\":\"https:\/\/www.africa-press.net\/centrafricaine\/politique\/tueries-de-boyo-tagbara-aingbodo-et-goya-dans-la-ouaka-il-est-temps-dintenter-des-actions-en-justice-contre-mankeur-ndiaye-et-la-minusca\",\"url\":\"https:\/\/www.africa-press.net\/centrafricaine\/politique\/tueries-de-boyo-tagbara-aingbodo-et-goya-dans-la-ouaka-il-est-temps-dintenter-des-actions-en-justice-contre-mankeur-ndiaye-et-la-minusca\",\"name\":\"\u00bbTueries de Boyo, Tagbara, A\u00efngbodo et Goya dans la Ouaka \u00bb : il est temps d\u2019intenter des actions en justice contre Mankeur Ndiaye et la Minusca - centrafricaine\",\"isPartOf\":{\"@id\":\"https:\/\/www.africa-press.net\/centrafricaine\/#website\"},\"primaryImageOfPage\":{\"@id\":\"https:\/\/www.africa-press.net\/centrafricaine\/politique\/tueries-de-boyo-tagbara-aingbodo-et-goya-dans-la-ouaka-il-est-temps-dintenter-des-actions-en-justice-contre-mankeur-ndiaye-et-la-minusca#primaryimage\"},\"image\":{\"@id\":\"https:\/\/www.africa-press.net\/centrafricaine\/politique\/tueries-de-boyo-tagbara-aingbodo-et-goya-dans-la-ouaka-il-est-temps-dintenter-des-actions-en-justice-contre-mankeur-ndiaye-et-la-minusca#primaryimage\"},\"thumbnailUrl\":\"https:\/\/static.africa-press.net\/centrafricaine\/sites\/45\/2021\/12\/img-61c4c662dc0c2.jpg\",\"datePublished\":\"2021-12-23T18:24:37+00:00\",\"dateModified\":\"2021-12-23T18:57:15+00:00\",\"author\":{\"@id\":\"https:\/\/www.africa-press.net\/centrafricaine\/#\/schema\/person\/2b1cf3cd81a31e3cd26889ca66d677f1\"},\"description\":\"Peu avant et quelques jours apr\u00e8s l\u2019exfiltration du ministre Hassan Bouba, ancien haut cadre du groupe arm\u00e9 UPC, arr\u00eat\u00e9 ...\",\"breadcrumb\":{\"@id\":\"https:\/\/www.africa-press.net\/centrafricaine\/politique\/tueries-de-boyo-tagbara-aingbodo-et-goya-dans-la-ouaka-il-est-temps-dintenter-des-actions-en-justice-contre-mankeur-ndiaye-et-la-minusca#breadcrumb\"},\"inLanguage\":\"fr-FR\",\"potentialAction\":[{\"@type\":\"ReadAction\",\"target\":[\"https:\/\/www.africa-press.net\/centrafricaine\/politique\/tueries-de-boyo-tagbara-aingbodo-et-goya-dans-la-ouaka-il-est-temps-dintenter-des-actions-en-justice-contre-mankeur-ndiaye-et-la-minusca\"]}]},{\"@type\":\"ImageObject\",\"inLanguage\":\"fr-FR\",\"@id\":\"https:\/\/www.africa-press.net\/centrafricaine\/politique\/tueries-de-boyo-tagbara-aingbodo-et-goya-dans-la-ouaka-il-est-temps-dintenter-des-actions-en-justice-contre-mankeur-ndiaye-et-la-minusca#primaryimage\",\"url\":\"https:\/\/static.africa-press.net\/centrafricaine\/sites\/45\/2021\/12\/img-61c4c662dc0c2.jpg\",\"contentUrl\":\"https:\/\/static.africa-press.net\/centrafricaine\/sites\/45\/2021\/12\/img-61c4c662dc0c2.jpg\",\"width\":720,\"height\":480,\"caption\":\"\u00bbTueries de Boyo, Tagbara, A\u00efngbodo et Goya dans la Ouaka \u00bb : il est temps d\u2019intenter des actions en justice contre Mankeur Ndiaye et la Minusca\"},{\"@type\":\"BreadcrumbList\",\"@id\":\"https:\/\/www.africa-press.net\/centrafricaine\/politique\/tueries-de-boyo-tagbara-aingbodo-et-goya-dans-la-ouaka-il-est-temps-dintenter-des-actions-en-justice-contre-mankeur-ndiaye-et-la-minusca#breadcrumb\",\"itemListElement\":[{\"@type\":\"ListItem\",\"position\":1,\"name\":\"Accueil\",\"item\":\"https:\/\/www.africa-press.net\/centrafricaine\/\"},{\"@type\":\"ListItem\",\"position\":2,\"name\":\"\u00bbTueries de Boyo, Tagbara, A\u00efngbodo et Goya dans la Ouaka \u00bb : il est temps d\u2019intenter des actions en justice contre Mankeur Ndiaye et la Minusca\"}]},{\"@type\":\"WebSite\",\"@id\":\"https:\/\/www.africa-press.net\/centrafricaine\/#website\",\"url\":\"https:\/\/www.africa-press.net\/centrafricaine\/\",\"name\":\"centrafricaine\",\"description\":\"Just another Africa News Agency Sites site\",\"potentialAction\":[{\"@type\":\"SearchAction\",\"target\":{\"@type\":\"EntryPoint\",\"urlTemplate\":\"https:\/\/www.africa-press.net\/centrafricaine\/?s={search_term_string}\"},\"query-input\":{\"@type\":\"PropertyValueSpecification\",\"valueRequired\":true,\"valueName\":\"search_term_string\"}}],\"inLanguage\":\"fr-FR\"},{\"@type\":\"Person\",\"@id\":\"https:\/\/www.africa-press.net\/centrafricaine\/#\/schema\/person\/2b1cf3cd81a31e3cd26889ca66d677f1\",\"name\":\"cfeditorfr\"}]}<\/script>\n<!-- \/ Yoast SEO Premium plugin. -->","yoast_head_json":{"title":"\u00bbTueries de Boyo, Tagbara, A\u00efngbodo et Goya dans la Ouaka \u00bb : il est temps d\u2019intenter des actions en justice contre Mankeur Ndiaye et la Minusca - centrafricaine","description":"Peu avant et quelques jours apr\u00e8s l\u2019exfiltration du ministre Hassan Bouba, ancien haut cadre du groupe arm\u00e9 UPC, arr\u00eat\u00e9 ...","robots":{"index":"index","follow":"follow","max-snippet":"max-snippet:-1","max-image-preview":"max-image-preview:large","max-video-preview":"max-video-preview:-1"},"canonical":"https:\/\/www.africa-press.net\/centrafricaine\/politique\/tueries-de-boyo-tagbara-aingbodo-et-goya-dans-la-ouaka-il-est-temps-dintenter-des-actions-en-justice-contre-mankeur-ndiaye-et-la-minusca","og_locale":"fr_FR","og_type":"article","og_title":"\u00bbTueries de Boyo, Tagbara, A\u00efngbodo et Goya dans la Ouaka \u00bb : il est temps d\u2019intenter des actions en justice contre Mankeur Ndiaye et la Minusca","og_description":"Peu avant et quelques jours apr\u00e8s l\u2019exfiltration du ministre Hassan Bouba, ancien haut cadre du groupe arm\u00e9 UPC, arr\u00eat\u00e9 ...","og_url":"https:\/\/www.africa-press.net\/centrafricaine\/politique\/tueries-de-boyo-tagbara-aingbodo-et-goya-dans-la-ouaka-il-est-temps-dintenter-des-actions-en-justice-contre-mankeur-ndiaye-et-la-minusca","og_site_name":"centrafricaine","article_published_time":"2021-12-23T18:24:37+00:00","article_modified_time":"2021-12-23T18:57:15+00:00","og_image":[{"width":720,"height":480,"url":"https:\/\/static.africa-press.net\/centrafricaine\/sites\/45\/2021\/12\/img-61c4c662dc0c2.jpg","type":"image\/jpeg"}],"author":"cfeditorfr","twitter_card":"summary_large_image","twitter_misc":{"\u00c9crit par":"cfeditorfr","Dur\u00e9e de lecture estim\u00e9e":"8 minutes"},"schema":{"@context":"https:\/\/schema.org","@graph":[{"@type":"Article","@id":"https:\/\/www.africa-press.net\/centrafricaine\/politique\/tueries-de-boyo-tagbara-aingbodo-et-goya-dans-la-ouaka-il-est-temps-dintenter-des-actions-en-justice-contre-mankeur-ndiaye-et-la-minusca#article","isPartOf":{"@id":"https:\/\/www.africa-press.net\/centrafricaine\/politique\/tueries-de-boyo-tagbara-aingbodo-et-goya-dans-la-ouaka-il-est-temps-dintenter-des-actions-en-justice-contre-mankeur-ndiaye-et-la-minusca"},"author":{"name":"cfeditorfr","@id":"https:\/\/www.africa-press.net\/centrafricaine\/#\/schema\/person\/2b1cf3cd81a31e3cd26889ca66d677f1"},"headline":"\u00bbTueries de Boyo, Tagbara, A\u00efngbodo et Goya dans la Ouaka \u00bb : il est temps d\u2019intenter des actions en justice contre Mankeur Ndiaye et la Minusca","datePublished":"2021-12-23T18:24:37+00:00","dateModified":"2021-12-23T18:57:15+00:00","mainEntityOfPage":{"@id":"https:\/\/www.africa-press.net\/centrafricaine\/politique\/tueries-de-boyo-tagbara-aingbodo-et-goya-dans-la-ouaka-il-est-temps-dintenter-des-actions-en-justice-contre-mankeur-ndiaye-et-la-minusca"},"wordCount":1650,"commentCount":0,"image":{"@id":"https:\/\/www.africa-press.net\/centrafricaine\/politique\/tueries-de-boyo-tagbara-aingbodo-et-goya-dans-la-ouaka-il-est-temps-dintenter-des-actions-en-justice-contre-mankeur-ndiaye-et-la-minusca#primaryimage"},"thumbnailUrl":"https:\/\/static.africa-press.net\/centrafricaine\/sites\/45\/2021\/12\/img-61c4c662dc0c2.jpg","keywords":["Africa Press","Africa Press-CentrAfricaine","CentrAfricaine","Minusca"],"articleSection":["homepage-french","Politique","Top Nouvelles","Toutes les actualit\u00e9s"],"inLanguage":"fr-FR","potentialAction":[{"@type":"CommentAction","name":"Comment","target":["https:\/\/www.africa-press.net\/centrafricaine\/politique\/tueries-de-boyo-tagbara-aingbodo-et-goya-dans-la-ouaka-il-est-temps-dintenter-des-actions-en-justice-contre-mankeur-ndiaye-et-la-minusca#respond"]}]},{"@type":"WebPage","@id":"https:\/\/www.africa-press.net\/centrafricaine\/politique\/tueries-de-boyo-tagbara-aingbodo-et-goya-dans-la-ouaka-il-est-temps-dintenter-des-actions-en-justice-contre-mankeur-ndiaye-et-la-minusca","url":"https:\/\/www.africa-press.net\/centrafricaine\/politique\/tueries-de-boyo-tagbara-aingbodo-et-goya-dans-la-ouaka-il-est-temps-dintenter-des-actions-en-justice-contre-mankeur-ndiaye-et-la-minusca","name":"\u00bbTueries de Boyo, Tagbara, A\u00efngbodo et Goya dans la Ouaka \u00bb : il est temps d\u2019intenter des actions en justice contre Mankeur Ndiaye et la Minusca - centrafricaine","isPartOf":{"@id":"https:\/\/www.africa-press.net\/centrafricaine\/#website"},"primaryImageOfPage":{"@id":"https:\/\/www.africa-press.net\/centrafricaine\/politique\/tueries-de-boyo-tagbara-aingbodo-et-goya-dans-la-ouaka-il-est-temps-dintenter-des-actions-en-justice-contre-mankeur-ndiaye-et-la-minusca#primaryimage"},"image":{"@id":"https:\/\/www.africa-press.net\/centrafricaine\/politique\/tueries-de-boyo-tagbara-aingbodo-et-goya-dans-la-ouaka-il-est-temps-dintenter-des-actions-en-justice-contre-mankeur-ndiaye-et-la-minusca#primaryimage"},"thumbnailUrl":"https:\/\/static.africa-press.net\/centrafricaine\/sites\/45\/2021\/12\/img-61c4c662dc0c2.jpg","datePublished":"2021-12-23T18:24:37+00:00","dateModified":"2021-12-23T18:57:15+00:00","author":{"@id":"https:\/\/www.africa-press.net\/centrafricaine\/#\/schema\/person\/2b1cf3cd81a31e3cd26889ca66d677f1"},"description":"Peu avant et quelques jours apr\u00e8s l\u2019exfiltration du ministre Hassan Bouba, ancien haut cadre du groupe arm\u00e9 UPC, arr\u00eat\u00e9 ...","breadcrumb":{"@id":"https:\/\/www.africa-press.net\/centrafricaine\/politique\/tueries-de-boyo-tagbara-aingbodo-et-goya-dans-la-ouaka-il-est-temps-dintenter-des-actions-en-justice-contre-mankeur-ndiaye-et-la-minusca#breadcrumb"},"inLanguage":"fr-FR","potentialAction":[{"@type":"ReadAction","target":["https:\/\/www.africa-press.net\/centrafricaine\/politique\/tueries-de-boyo-tagbara-aingbodo-et-goya-dans-la-ouaka-il-est-temps-dintenter-des-actions-en-justice-contre-mankeur-ndiaye-et-la-minusca"]}]},{"@type":"ImageObject","inLanguage":"fr-FR","@id":"https:\/\/www.africa-press.net\/centrafricaine\/politique\/tueries-de-boyo-tagbara-aingbodo-et-goya-dans-la-ouaka-il-est-temps-dintenter-des-actions-en-justice-contre-mankeur-ndiaye-et-la-minusca#primaryimage","url":"https:\/\/static.africa-press.net\/centrafricaine\/sites\/45\/2021\/12\/img-61c4c662dc0c2.jpg","contentUrl":"https:\/\/static.africa-press.net\/centrafricaine\/sites\/45\/2021\/12\/img-61c4c662dc0c2.jpg","width":720,"height":480,"caption":"\u00bbTueries de Boyo, Tagbara, A\u00efngbodo et Goya dans la Ouaka \u00bb : il est temps d\u2019intenter des actions en justice contre Mankeur Ndiaye et la Minusca"},{"@type":"BreadcrumbList","@id":"https:\/\/www.africa-press.net\/centrafricaine\/politique\/tueries-de-boyo-tagbara-aingbodo-et-goya-dans-la-ouaka-il-est-temps-dintenter-des-actions-en-justice-contre-mankeur-ndiaye-et-la-minusca#breadcrumb","itemListElement":[{"@type":"ListItem","position":1,"name":"Accueil","item":"https:\/\/www.africa-press.net\/centrafricaine\/"},{"@type":"ListItem","position":2,"name":"\u00bbTueries de Boyo, Tagbara, A\u00efngbodo et Goya dans la Ouaka \u00bb : il est temps d\u2019intenter des actions en justice contre Mankeur Ndiaye et la Minusca"}]},{"@type":"WebSite","@id":"https:\/\/www.africa-press.net\/centrafricaine\/#website","url":"https:\/\/www.africa-press.net\/centrafricaine\/","name":"centrafricaine","description":"Just another Africa News Agency Sites site","potentialAction":[{"@type":"SearchAction","target":{"@type":"EntryPoint","urlTemplate":"https:\/\/www.africa-press.net\/centrafricaine\/?s={search_term_string}"},"query-input":{"@type":"PropertyValueSpecification","valueRequired":true,"valueName":"search_term_string"}}],"inLanguage":"fr-FR"},{"@type":"Person","@id":"https:\/\/www.africa-press.net\/centrafricaine\/#\/schema\/person\/2b1cf3cd81a31e3cd26889ca66d677f1","name":"cfeditorfr"}]}},"_links":{"self":[{"href":"https:\/\/www.africa-press.net\/centrafricaine\/wp-json\/wp\/v2\/posts\/15012","targetHints":{"allow":["GET"]}}],"collection":[{"href":"https:\/\/www.africa-press.net\/centrafricaine\/wp-json\/wp\/v2\/posts"}],"about":[{"href":"https:\/\/www.africa-press.net\/centrafricaine\/wp-json\/wp\/v2\/types\/post"}],"author":[{"embeddable":true,"href":"https:\/\/www.africa-press.net\/centrafricaine\/wp-json\/wp\/v2\/users\/82"}],"replies":[{"embeddable":true,"href":"https:\/\/www.africa-press.net\/centrafricaine\/wp-json\/wp\/v2\/comments?post=15012"}],"version-history":[{"count":0,"href":"https:\/\/www.africa-press.net\/centrafricaine\/wp-json\/wp\/v2\/posts\/15012\/revisions"}],"wp:featuredmedia":[{"embeddable":true,"href":"https:\/\/www.africa-press.net\/centrafricaine\/wp-json\/wp\/v2\/media\/15011"}],"wp:attachment":[{"href":"https:\/\/www.africa-press.net\/centrafricaine\/wp-json\/wp\/v2\/media?parent=15012"}],"wp:term":[{"taxonomy":"category","embeddable":true,"href":"https:\/\/www.africa-press.net\/centrafricaine\/wp-json\/wp\/v2\/categories?post=15012"},{"taxonomy":"post_tag","embeddable":true,"href":"https:\/\/www.africa-press.net\/centrafricaine\/wp-json\/wp\/v2\/tags?post=15012"}],"curies":[{"name":"wp","href":"https:\/\/api.w.org\/{rel}","templated":true}]}}