{"id":17251,"date":"2022-02-01T17:09:43","date_gmt":"2022-02-01T17:09:43","guid":{"rendered":"https:\/\/www.africa-press.net\/centrafricaine\/politique\/rca-des-utilisateurs-actifs-du-reseau-social-turaco-recompenses-par-des-smartphones"},"modified":"2022-02-01T18:10:17","modified_gmt":"2022-02-01T18:10:17","slug":"rca-des-utilisateurs-actifs-du-reseau-social-turaco-recompenses-par-des-smartphones","status":"publish","type":"post","link":"https:\/\/www.africa-press.net\/centrafricaine\/toutes-les-actualites\/rca-des-utilisateurs-actifs-du-reseau-social-turaco-recompenses-par-des-smartphones","title":{"rendered":"RCA: des utilisateurs actifs du r\u00e9seau social \u00ab\u00a0Turaco\u00a0\u00bb r\u00e9compens\u00e9s par des smartphones"},"content":{"rendered":"<p><span style=\"color: #ff6600\"><strong>Africa-Press &#8211; CentrAfricaine. <\/strong><\/span>Les promoteurs du tout premier r\u00e9seau social centrafricain appel\u00e9 \u00ab Turaco \u00bb se veulent reconnaissants envers les utilisateurs actifs de cette application. Cette marque de reconnaissance \u00e0 travers la remise des t\u00e9l\u00e9phones andro\u00efdes aux utilisateurs actifs vise \u00e0 encourager et \u00e0 motiver les Centrafricains \u00e0 se connecter massivement sur ce r\u00e9seau social con\u00e7u par les Centrafricains et pour les Centrafricains.<\/p>\n<p>Ce sont des smartphones de marque Spark pro 7 qui ont \u00e9t\u00e9 offerts aux heureux b\u00e9n\u00e9ficiaires, ce lundi au restaurant Jihane Events. L\u2019apparition de Turaco vient hisser le domaine du Start up peu r\u00e9volutionn\u00e9 en R\u00e9publique centrafricain.<\/p>\n<p>Le Directeur de l\u2019application \u00ab Turaco \u00bb qui a remis ces kits aux utilisateurs actifs, Marius Rom\u00e9o Gamando, appelle les Centrafricains \u00e0 s\u2019en servir pour valoriser, dit-il, leur langue nationale le \u00ab Sango \u00bb comme langue d\u2019utilisation de l\u2019application.<\/p>\n<p>\u00ab Turaco est un nouveau r\u00e9seau \u00e0 connexion internet. C\u2019est d\u00e9velopp\u00e9 par les Centrafricains et pour les Centrafricains. Cette innovation est un grand pas en avant pour la R\u00e9publique centrafricaine en termes de technologie qui a trop souffert des affaires de violences souvent manipul\u00e9es par des m\u00e9dias interpos\u00e9s. Je demande tout simplement aux Centrafricains de beaucoup se connecter avec cette nouvelle application, vous verrez \u00bb, a lanc\u00e9 le Directeur de l\u2019entreprise Turaco.<\/p>\n<p>Le r\u00e9seau social centrafricain a \u00e9t\u00e9 officiellement lanc\u00e9 en d\u00e9cembre 2020. Selon son promoteur, le r\u00e9seau compte aujourd\u2019hui plus de 5000 utilisateurs. En guise de reconnaissance et de motivation, l\u2019entreprise a d\u00e9cid\u00e9 de r\u00e9compenser neuf (9) utilisateurs actifs de Turaco selon trois cat\u00e9gories \u00e0 savoir publications, commentaires et likes.<\/p>\n<p><strong>Pour plus d&rsquo;informations et d&rsquo;analyses sur la <a href=\"https:\/\/www.africa-press.net\/centrafricaine\">CentrAfricaine<\/a>, suivez <a href=\"https:\/\/www.africa-press.net\/\">Africa-Press<\/a><\/strong><\/p>\n","protected":false},"excerpt":{"rendered":"<p>Africa-Press &#8211; CentrAfricaine. Les promoteurs du tout premier r\u00e9seau social centrafricain appel\u00e9 \u00ab Turaco \u00bb se veulent reconnaissants envers les utilisateurs actifs de cette application. Cette marque de reconnaissance \u00e0 travers la remise des t\u00e9l\u00e9phones andro\u00efdes aux utilisateurs actifs vise \u00e0 encourager et \u00e0 motiver les Centrafricains \u00e0 se connecter massivement sur ce r\u00e9seau social [&hellip;]<\/p>\n","protected":false},"author":82,"featured_media":17250,"comment_status":"open","ping_status":"closed","sticky":false,"template":"","format":"standard","meta":{"footnotes":""},"categories":[21,11,10],"tags":[36,58,1565,30,41,1566,1564,1563],"class_list":["post-17251","post","type-post","status-publish","format-standard","has-post-thumbnail","hentry","category-communaute","category-homepage-french","category-toutes-les-actualites","tag-africa-press","tag-africa-press-centrafricaine","tag-application","tag-centrafricaine","tag-centrafrique","tag-marius-romeo-gamando","tag-reseau-social","tag-turaco"],"yoast_head":"<!-- This site is optimized with the Yoast SEO Premium plugin v26.1 (Yoast SEO v27.0) - https:\/\/yoast.com\/product\/yoast-seo-premium-wordpress\/ -->\n<title>RCA: des utilisateurs actifs du r\u00e9seau social \u00ab\u00a0Turaco\u00a0\u00bb r\u00e9compens\u00e9s par des smartphones - centrafricaine<\/title>\n<meta name=\"description\" content=\"Les promoteurs du tout premier r\u00e9seau social centrafricain appel\u00e9 \u00ab Turaco \u00bb se veulent reconnaissants envers les utilis ...\" \/>\n<meta name=\"robots\" content=\"index, follow, max-snippet:-1, max-image-preview:large, max-video-preview:-1\" \/>\n<link rel=\"canonical\" href=\"https:\/\/www.africa-press.net\/centrafricaine\/toutes-les-actualites\/rca-des-utilisateurs-actifs-du-reseau-social-turaco-recompenses-par-des-smartphones\" \/>\n<meta property=\"og:locale\" content=\"fr_FR\" \/>\n<meta property=\"og:type\" content=\"article\" \/>\n<meta property=\"og:title\" content=\"RCA: des utilisateurs actifs du r\u00e9seau social \u00ab\u00a0Turaco\u00a0\u00bb r\u00e9compens\u00e9s par des smartphones\" \/>\n<meta property=\"og:description\" content=\"Les promoteurs du tout premier r\u00e9seau social centrafricain appel\u00e9 \u00ab Turaco \u00bb se veulent reconnaissants envers les utilis ...\" \/>\n<meta property=\"og:url\" content=\"https:\/\/www.africa-press.net\/centrafricaine\/toutes-les-actualites\/rca-des-utilisateurs-actifs-du-reseau-social-turaco-recompenses-par-des-smartphones\" \/>\n<meta property=\"og:site_name\" content=\"centrafricaine\" \/>\n<meta property=\"article:published_time\" content=\"2022-02-01T17:09:43+00:00\" \/>\n<meta property=\"article:modified_time\" content=\"2022-02-01T18:10:17+00:00\" \/>\n<meta property=\"og:image\" content=\"https:\/\/static.africa-press.net\/centrafricaine\/sites\/45\/2022\/02\/img-61f97759c6b29.jpg\" \/>\n\t<meta property=\"og:image:width\" content=\"720\" \/>\n\t<meta property=\"og:image:height\" content=\"340\" \/>\n\t<meta property=\"og:image:type\" content=\"image\/jpeg\" \/>\n<meta name=\"author\" content=\"cfeditorfr\" \/>\n<meta name=\"twitter:card\" content=\"summary_large_image\" \/>\n<meta name=\"twitter:label1\" content=\"\u00c9crit par\" \/>\n\t<meta name=\"twitter:data1\" content=\"cfeditorfr\" \/>\n\t<meta name=\"twitter:label2\" content=\"Dur\u00e9e de lecture estim\u00e9e\" \/>\n\t<meta name=\"twitter:data2\" content=\"1 minute\" \/>\n<script type=\"application\/ld+json\" class=\"yoast-schema-graph\">{\"@context\":\"https:\/\/schema.org\",\"@graph\":[{\"@type\":\"Article\",\"@id\":\"https:\/\/www.africa-press.net\/centrafricaine\/toutes-les-actualites\/rca-des-utilisateurs-actifs-du-reseau-social-turaco-recompenses-par-des-smartphones#article\",\"isPartOf\":{\"@id\":\"https:\/\/www.africa-press.net\/centrafricaine\/toutes-les-actualites\/rca-des-utilisateurs-actifs-du-reseau-social-turaco-recompenses-par-des-smartphones\"},\"author\":{\"name\":\"cfeditorfr\",\"@id\":\"https:\/\/www.africa-press.net\/centrafricaine\/#\/schema\/person\/2b1cf3cd81a31e3cd26889ca66d677f1\"},\"headline\":\"RCA: des utilisateurs actifs du r\u00e9seau social \u00ab\u00a0Turaco\u00a0\u00bb r\u00e9compens\u00e9s par des smartphones\",\"datePublished\":\"2022-02-01T17:09:43+00:00\",\"dateModified\":\"2022-02-01T18:10:17+00:00\",\"mainEntityOfPage\":{\"@id\":\"https:\/\/www.africa-press.net\/centrafricaine\/toutes-les-actualites\/rca-des-utilisateurs-actifs-du-reseau-social-turaco-recompenses-par-des-smartphones\"},\"wordCount\":300,\"commentCount\":0,\"image\":{\"@id\":\"https:\/\/www.africa-press.net\/centrafricaine\/toutes-les-actualites\/rca-des-utilisateurs-actifs-du-reseau-social-turaco-recompenses-par-des-smartphones#primaryimage\"},\"thumbnailUrl\":\"https:\/\/static.africa-press.net\/centrafricaine\/sites\/45\/2022\/02\/img-61f97759c6b29.jpg\",\"keywords\":[\"Africa Press\",\"Africa Press-CentrAfricaine\",\"application\",\"CentrAfricaine\",\"Centrafrique\",\"Marius Rom\u00e9o Gamando\",\"r\u00e9seau social\",\"TURACO\"],\"articleSection\":[\"Communaut\u00e9\",\"homepage-french\",\"Toutes les actualit\u00e9s\"],\"inLanguage\":\"fr-FR\",\"potentialAction\":[{\"@type\":\"CommentAction\",\"name\":\"Comment\",\"target\":[\"https:\/\/www.africa-press.net\/centrafricaine\/toutes-les-actualites\/rca-des-utilisateurs-actifs-du-reseau-social-turaco-recompenses-par-des-smartphones#respond\"]}]},{\"@type\":\"WebPage\",\"@id\":\"https:\/\/www.africa-press.net\/centrafricaine\/toutes-les-actualites\/rca-des-utilisateurs-actifs-du-reseau-social-turaco-recompenses-par-des-smartphones\",\"url\":\"https:\/\/www.africa-press.net\/centrafricaine\/toutes-les-actualites\/rca-des-utilisateurs-actifs-du-reseau-social-turaco-recompenses-par-des-smartphones\",\"name\":\"RCA: des utilisateurs actifs du r\u00e9seau social \u00ab\u00a0Turaco\u00a0\u00bb r\u00e9compens\u00e9s par des smartphones - centrafricaine\",\"isPartOf\":{\"@id\":\"https:\/\/www.africa-press.net\/centrafricaine\/#website\"},\"primaryImageOfPage\":{\"@id\":\"https:\/\/www.africa-press.net\/centrafricaine\/toutes-les-actualites\/rca-des-utilisateurs-actifs-du-reseau-social-turaco-recompenses-par-des-smartphones#primaryimage\"},\"image\":{\"@id\":\"https:\/\/www.africa-press.net\/centrafricaine\/toutes-les-actualites\/rca-des-utilisateurs-actifs-du-reseau-social-turaco-recompenses-par-des-smartphones#primaryimage\"},\"thumbnailUrl\":\"https:\/\/static.africa-press.net\/centrafricaine\/sites\/45\/2022\/02\/img-61f97759c6b29.jpg\",\"datePublished\":\"2022-02-01T17:09:43+00:00\",\"dateModified\":\"2022-02-01T18:10:17+00:00\",\"author\":{\"@id\":\"https:\/\/www.africa-press.net\/centrafricaine\/#\/schema\/person\/2b1cf3cd81a31e3cd26889ca66d677f1\"},\"description\":\"Les promoteurs du tout premier r\u00e9seau social centrafricain appel\u00e9 \u00ab Turaco \u00bb se veulent reconnaissants envers les utilis ...\",\"breadcrumb\":{\"@id\":\"https:\/\/www.africa-press.net\/centrafricaine\/toutes-les-actualites\/rca-des-utilisateurs-actifs-du-reseau-social-turaco-recompenses-par-des-smartphones#breadcrumb\"},\"inLanguage\":\"fr-FR\",\"potentialAction\":[{\"@type\":\"ReadAction\",\"target\":[\"https:\/\/www.africa-press.net\/centrafricaine\/toutes-les-actualites\/rca-des-utilisateurs-actifs-du-reseau-social-turaco-recompenses-par-des-smartphones\"]}]},{\"@type\":\"ImageObject\",\"inLanguage\":\"fr-FR\",\"@id\":\"https:\/\/www.africa-press.net\/centrafricaine\/toutes-les-actualites\/rca-des-utilisateurs-actifs-du-reseau-social-turaco-recompenses-par-des-smartphones#primaryimage\",\"url\":\"https:\/\/static.africa-press.net\/centrafricaine\/sites\/45\/2022\/02\/img-61f97759c6b29.jpg\",\"contentUrl\":\"https:\/\/static.africa-press.net\/centrafricaine\/sites\/45\/2022\/02\/img-61f97759c6b29.jpg\",\"width\":720,\"height\":340,\"caption\":\"RCA: des utilisateurs actifs du r\u00e9seau social \u00ab\u00a0Turaco\u00a0\u00bb r\u00e9compens\u00e9s par des smartphones\"},{\"@type\":\"BreadcrumbList\",\"@id\":\"https:\/\/www.africa-press.net\/centrafricaine\/toutes-les-actualites\/rca-des-utilisateurs-actifs-du-reseau-social-turaco-recompenses-par-des-smartphones#breadcrumb\",\"itemListElement\":[{\"@type\":\"ListItem\",\"position\":1,\"name\":\"Accueil\",\"item\":\"https:\/\/www.africa-press.net\/centrafricaine\/\"},{\"@type\":\"ListItem\",\"position\":2,\"name\":\"RCA: des utilisateurs actifs du r\u00e9seau social \u00ab\u00a0Turaco\u00a0\u00bb r\u00e9compens\u00e9s par des smartphones\"}]},{\"@type\":\"WebSite\",\"@id\":\"https:\/\/www.africa-press.net\/centrafricaine\/#website\",\"url\":\"https:\/\/www.africa-press.net\/centrafricaine\/\",\"name\":\"centrafricaine\",\"description\":\"Just another Africa News Agency Sites site\",\"potentialAction\":[{\"@type\":\"SearchAction\",\"target\":{\"@type\":\"EntryPoint\",\"urlTemplate\":\"https:\/\/www.africa-press.net\/centrafricaine\/?s={search_term_string}\"},\"query-input\":{\"@type\":\"PropertyValueSpecification\",\"valueRequired\":true,\"valueName\":\"search_term_string\"}}],\"inLanguage\":\"fr-FR\"},{\"@type\":\"Person\",\"@id\":\"https:\/\/www.africa-press.net\/centrafricaine\/#\/schema\/person\/2b1cf3cd81a31e3cd26889ca66d677f1\",\"name\":\"cfeditorfr\"}]}<\/script>\n<!-- \/ Yoast SEO Premium plugin. -->","yoast_head_json":{"title":"RCA: des utilisateurs actifs du r\u00e9seau social \u00ab\u00a0Turaco\u00a0\u00bb r\u00e9compens\u00e9s par des smartphones - centrafricaine","description":"Les promoteurs du tout premier r\u00e9seau social centrafricain appel\u00e9 \u00ab Turaco \u00bb se veulent reconnaissants envers les utilis ...","robots":{"index":"index","follow":"follow","max-snippet":"max-snippet:-1","max-image-preview":"max-image-preview:large","max-video-preview":"max-video-preview:-1"},"canonical":"https:\/\/www.africa-press.net\/centrafricaine\/toutes-les-actualites\/rca-des-utilisateurs-actifs-du-reseau-social-turaco-recompenses-par-des-smartphones","og_locale":"fr_FR","og_type":"article","og_title":"RCA: des utilisateurs actifs du r\u00e9seau social \u00ab\u00a0Turaco\u00a0\u00bb r\u00e9compens\u00e9s par des smartphones","og_description":"Les promoteurs du tout premier r\u00e9seau social centrafricain appel\u00e9 \u00ab Turaco \u00bb se veulent reconnaissants envers les utilis ...","og_url":"https:\/\/www.africa-press.net\/centrafricaine\/toutes-les-actualites\/rca-des-utilisateurs-actifs-du-reseau-social-turaco-recompenses-par-des-smartphones","og_site_name":"centrafricaine","article_published_time":"2022-02-01T17:09:43+00:00","article_modified_time":"2022-02-01T18:10:17+00:00","og_image":[{"width":720,"height":340,"url":"https:\/\/static.africa-press.net\/centrafricaine\/sites\/45\/2022\/02\/img-61f97759c6b29.jpg","type":"image\/jpeg"}],"author":"cfeditorfr","twitter_card":"summary_large_image","twitter_misc":{"\u00c9crit par":"cfeditorfr","Dur\u00e9e de lecture estim\u00e9e":"1 minute"},"schema":{"@context":"https:\/\/schema.org","@graph":[{"@type":"Article","@id":"https:\/\/www.africa-press.net\/centrafricaine\/toutes-les-actualites\/rca-des-utilisateurs-actifs-du-reseau-social-turaco-recompenses-par-des-smartphones#article","isPartOf":{"@id":"https:\/\/www.africa-press.net\/centrafricaine\/toutes-les-actualites\/rca-des-utilisateurs-actifs-du-reseau-social-turaco-recompenses-par-des-smartphones"},"author":{"name":"cfeditorfr","@id":"https:\/\/www.africa-press.net\/centrafricaine\/#\/schema\/person\/2b1cf3cd81a31e3cd26889ca66d677f1"},"headline":"RCA: des utilisateurs actifs du r\u00e9seau social \u00ab\u00a0Turaco\u00a0\u00bb r\u00e9compens\u00e9s par des smartphones","datePublished":"2022-02-01T17:09:43+00:00","dateModified":"2022-02-01T18:10:17+00:00","mainEntityOfPage":{"@id":"https:\/\/www.africa-press.net\/centrafricaine\/toutes-les-actualites\/rca-des-utilisateurs-actifs-du-reseau-social-turaco-recompenses-par-des-smartphones"},"wordCount":300,"commentCount":0,"image":{"@id":"https:\/\/www.africa-press.net\/centrafricaine\/toutes-les-actualites\/rca-des-utilisateurs-actifs-du-reseau-social-turaco-recompenses-par-des-smartphones#primaryimage"},"thumbnailUrl":"https:\/\/static.africa-press.net\/centrafricaine\/sites\/45\/2022\/02\/img-61f97759c6b29.jpg","keywords":["Africa Press","Africa Press-CentrAfricaine","application","CentrAfricaine","Centrafrique","Marius Rom\u00e9o Gamando","r\u00e9seau social","TURACO"],"articleSection":["Communaut\u00e9","homepage-french","Toutes les actualit\u00e9s"],"inLanguage":"fr-FR","potentialAction":[{"@type":"CommentAction","name":"Comment","target":["https:\/\/www.africa-press.net\/centrafricaine\/toutes-les-actualites\/rca-des-utilisateurs-actifs-du-reseau-social-turaco-recompenses-par-des-smartphones#respond"]}]},{"@type":"WebPage","@id":"https:\/\/www.africa-press.net\/centrafricaine\/toutes-les-actualites\/rca-des-utilisateurs-actifs-du-reseau-social-turaco-recompenses-par-des-smartphones","url":"https:\/\/www.africa-press.net\/centrafricaine\/toutes-les-actualites\/rca-des-utilisateurs-actifs-du-reseau-social-turaco-recompenses-par-des-smartphones","name":"RCA: des utilisateurs actifs du r\u00e9seau social \u00ab\u00a0Turaco\u00a0\u00bb r\u00e9compens\u00e9s par des smartphones - centrafricaine","isPartOf":{"@id":"https:\/\/www.africa-press.net\/centrafricaine\/#website"},"primaryImageOfPage":{"@id":"https:\/\/www.africa-press.net\/centrafricaine\/toutes-les-actualites\/rca-des-utilisateurs-actifs-du-reseau-social-turaco-recompenses-par-des-smartphones#primaryimage"},"image":{"@id":"https:\/\/www.africa-press.net\/centrafricaine\/toutes-les-actualites\/rca-des-utilisateurs-actifs-du-reseau-social-turaco-recompenses-par-des-smartphones#primaryimage"},"thumbnailUrl":"https:\/\/static.africa-press.net\/centrafricaine\/sites\/45\/2022\/02\/img-61f97759c6b29.jpg","datePublished":"2022-02-01T17:09:43+00:00","dateModified":"2022-02-01T18:10:17+00:00","author":{"@id":"https:\/\/www.africa-press.net\/centrafricaine\/#\/schema\/person\/2b1cf3cd81a31e3cd26889ca66d677f1"},"description":"Les promoteurs du tout premier r\u00e9seau social centrafricain appel\u00e9 \u00ab Turaco \u00bb se veulent reconnaissants envers les utilis ...","breadcrumb":{"@id":"https:\/\/www.africa-press.net\/centrafricaine\/toutes-les-actualites\/rca-des-utilisateurs-actifs-du-reseau-social-turaco-recompenses-par-des-smartphones#breadcrumb"},"inLanguage":"fr-FR","potentialAction":[{"@type":"ReadAction","target":["https:\/\/www.africa-press.net\/centrafricaine\/toutes-les-actualites\/rca-des-utilisateurs-actifs-du-reseau-social-turaco-recompenses-par-des-smartphones"]}]},{"@type":"ImageObject","inLanguage":"fr-FR","@id":"https:\/\/www.africa-press.net\/centrafricaine\/toutes-les-actualites\/rca-des-utilisateurs-actifs-du-reseau-social-turaco-recompenses-par-des-smartphones#primaryimage","url":"https:\/\/static.africa-press.net\/centrafricaine\/sites\/45\/2022\/02\/img-61f97759c6b29.jpg","contentUrl":"https:\/\/static.africa-press.net\/centrafricaine\/sites\/45\/2022\/02\/img-61f97759c6b29.jpg","width":720,"height":340,"caption":"RCA: des utilisateurs actifs du r\u00e9seau social \u00ab\u00a0Turaco\u00a0\u00bb r\u00e9compens\u00e9s par des smartphones"},{"@type":"BreadcrumbList","@id":"https:\/\/www.africa-press.net\/centrafricaine\/toutes-les-actualites\/rca-des-utilisateurs-actifs-du-reseau-social-turaco-recompenses-par-des-smartphones#breadcrumb","itemListElement":[{"@type":"ListItem","position":1,"name":"Accueil","item":"https:\/\/www.africa-press.net\/centrafricaine\/"},{"@type":"ListItem","position":2,"name":"RCA: des utilisateurs actifs du r\u00e9seau social \u00ab\u00a0Turaco\u00a0\u00bb r\u00e9compens\u00e9s par des smartphones"}]},{"@type":"WebSite","@id":"https:\/\/www.africa-press.net\/centrafricaine\/#website","url":"https:\/\/www.africa-press.net\/centrafricaine\/","name":"centrafricaine","description":"Just another Africa News Agency Sites site","potentialAction":[{"@type":"SearchAction","target":{"@type":"EntryPoint","urlTemplate":"https:\/\/www.africa-press.net\/centrafricaine\/?s={search_term_string}"},"query-input":{"@type":"PropertyValueSpecification","valueRequired":true,"valueName":"search_term_string"}}],"inLanguage":"fr-FR"},{"@type":"Person","@id":"https:\/\/www.africa-press.net\/centrafricaine\/#\/schema\/person\/2b1cf3cd81a31e3cd26889ca66d677f1","name":"cfeditorfr"}]}},"_links":{"self":[{"href":"https:\/\/www.africa-press.net\/centrafricaine\/wp-json\/wp\/v2\/posts\/17251","targetHints":{"allow":["GET"]}}],"collection":[{"href":"https:\/\/www.africa-press.net\/centrafricaine\/wp-json\/wp\/v2\/posts"}],"about":[{"href":"https:\/\/www.africa-press.net\/centrafricaine\/wp-json\/wp\/v2\/types\/post"}],"author":[{"embeddable":true,"href":"https:\/\/www.africa-press.net\/centrafricaine\/wp-json\/wp\/v2\/users\/82"}],"replies":[{"embeddable":true,"href":"https:\/\/www.africa-press.net\/centrafricaine\/wp-json\/wp\/v2\/comments?post=17251"}],"version-history":[{"count":0,"href":"https:\/\/www.africa-press.net\/centrafricaine\/wp-json\/wp\/v2\/posts\/17251\/revisions"}],"wp:featuredmedia":[{"embeddable":true,"href":"https:\/\/www.africa-press.net\/centrafricaine\/wp-json\/wp\/v2\/media\/17250"}],"wp:attachment":[{"href":"https:\/\/www.africa-press.net\/centrafricaine\/wp-json\/wp\/v2\/media?parent=17251"}],"wp:term":[{"taxonomy":"category","embeddable":true,"href":"https:\/\/www.africa-press.net\/centrafricaine\/wp-json\/wp\/v2\/categories?post=17251"},{"taxonomy":"post_tag","embeddable":true,"href":"https:\/\/www.africa-press.net\/centrafricaine\/wp-json\/wp\/v2\/tags?post=17251"}],"curies":[{"name":"wp","href":"https:\/\/api.w.org\/{rel}","templated":true}]}}