{"id":17732,"date":"2022-02-09T18:28:16","date_gmt":"2022-02-09T18:28:16","guid":{"rendered":"https:\/\/www.africa-press.net\/centrafricaine\/politique\/rca-12eme-edition-de-la-foire-agricole-a-bouar"},"modified":"2022-02-09T18:43:29","modified_gmt":"2022-02-09T18:43:29","slug":"rca-12eme-edition-de-la-foire-agricole-a-bouar","status":"publish","type":"post","link":"https:\/\/www.africa-press.net\/centrafricaine\/economie\/rca-12eme-edition-de-la-foire-agricole-a-bouar","title":{"rendered":"RCA: 12\u00e8me \u00e9dition de la foire agricole \u00e0 Bouar"},"content":{"rendered":"<p><span style=\"color: #ff6600\"><strong>Africa-Press &#8211; CentrAfricaine. <\/strong><\/span>Ouverture le vendredi 4 f\u00e9vrier \u00e0 Bouar de la 12\u00e8me \u00e9dition de la foire agricole 2022. Un \u00e9v\u00e9nement organis\u00e9 \u00e0 l\u2019initiative de l\u2019organisation nationale des femmes rurale (ONFR) de la localit\u00e9 avec l\u2019appui des partenaires.<\/p>\n<p>Cette foire agricole est une manifestation organis\u00e9e pour mettre en valeur et en vente les produits agricoles r\u00e9colt\u00e9s pendant la saison agricole 2021-2022 dans la ville de Bouar. Les produits sont expos\u00e9s et vendus lors de ce rendez vous annuel organis\u00e9 par l\u2019organisation nationale des femmes rurale de la ville de Bouar ensemble avec l\u2019association des femmes chr\u00e9tiennes catholiques.<\/p>\n<p>La 12\u00e8me \u00e9dition 2022 de la foire agricole de Bouar, a \u00e9t\u00e9 lanc\u00e9e par le Ministre de l\u2019agriculture et du d\u00e9veloppement rural Eric KAMOT qui a effectu\u00e9 le d\u00e9placement pour la circonstance. Pour le membre du gouvernement qui a salu\u00e9 cette initiative, cette foire est une occasion pour les femmes rurales de promouvoir les produits agricoles localement sem\u00e9s et r\u00e9colt\u00e9s.<\/p>\n<p>Plac\u00e9e sous le th\u00e8me la protection de l\u2019environnement gage de la s\u00e9curit\u00e9 alimentaire, les femmes de la ville de Bouar attends \u00e9galement lutter contre la destruction de l\u2019environnement pour une bonne culture dans leurs ville a mentionn\u00e9 dans son discours Sylvie YAKAMANDJI pr\u00e9sident de ONFR.<\/p>\n<p>Contrairement aux \u00e9ditions des ann\u00e9es pr\u00e9c\u00e9dentes la 12\u00e8me foire agricole a mobilis\u00e9e cette ann\u00e9e plus de 165 groupements des cultivateurs sous les stands install\u00e9s sur la place de la municipalit\u00e9 locale. On n\u2019y trouve des produits agricoles bios expos\u00e9 et mise en vente par les diff\u00e9rentes association et groupements qui rassemblent les cultivateurs locaux.<\/p>\n<p>La foire agricole de Bouar est une occasion pour ces cultivateurs d\u2019exposer et vendre leurs produits agricoles, mais aussi un temps d\u2019\u00e9change entre les groupements des agriculteurs. Ouvert le vendredi 04 F\u00e9vrier elle prendra fin le dimanche 06 F\u00e9vrier 2022 par la c\u00e9r\u00e9monie de remise au meilleur groupement ou agriculteur de l\u2019ann\u00e9e sous les crit\u00e8res d\u00e9finis par le comit\u00e9 d\u2019organisation.<\/p>\n<p><strong>Pour plus d&rsquo;informations et d&rsquo;analyses sur la <a href=\"https:\/\/www.africa-press.net\/centrafricaine\">CentrAfricaine<\/a>, suivez <a href=\"https:\/\/www.africa-press.net\/\">Africa-Press<\/a><\/strong><\/p>\n","protected":false},"excerpt":{"rendered":"<p>Africa-Press &#8211; CentrAfricaine. Ouverture le vendredi 4 f\u00e9vrier \u00e0 Bouar de la 12\u00e8me \u00e9dition de la foire agricole 2022. Un \u00e9v\u00e9nement organis\u00e9 \u00e0 l\u2019initiative de l\u2019organisation nationale des femmes rurale (ONFR) de la localit\u00e9 avec l\u2019appui des partenaires. Cette foire agricole est une manifestation organis\u00e9e pour mettre en valeur et en vente les produits agricoles [&hellip;]<\/p>\n","protected":false},"author":82,"featured_media":17730,"comment_status":"open","ping_status":"closed","sticky":false,"template":"","format":"standard","meta":{"footnotes":""},"categories":[3,11,10],"tags":[36,58,1011,30,41,1630],"class_list":["post-17732","post","type-post","status-publish","format-standard","has-post-thumbnail","hentry","category-economie","category-homepage-french","category-toutes-les-actualites","tag-africa-press","tag-africa-press-centrafricaine","tag-bouar","tag-centrafricaine","tag-centrafrique","tag-foire-agricole"],"yoast_head":"<!-- This site is optimized with the Yoast SEO Premium plugin v26.1 (Yoast SEO v27.0) - https:\/\/yoast.com\/product\/yoast-seo-premium-wordpress\/ -->\n<title>RCA: 12\u00e8me \u00e9dition de la foire agricole \u00e0 Bouar - centrafricaine<\/title>\n<meta name=\"description\" content=\"Ouverture le vendredi 4 f\u00e9vrier \u00e0 Bouar de la 12\u00e8me \u00e9dition de la foire agricole 2022. Un \u00e9v\u00e9nement organis\u00e9 \u00e0 l\u2019initiat ...\" \/>\n<meta name=\"robots\" content=\"index, follow, max-snippet:-1, max-image-preview:large, max-video-preview:-1\" \/>\n<link rel=\"canonical\" href=\"https:\/\/www.africa-press.net\/centrafricaine\/economie\/rca-12eme-edition-de-la-foire-agricole-a-bouar\" \/>\n<meta property=\"og:locale\" content=\"fr_FR\" \/>\n<meta property=\"og:type\" content=\"article\" \/>\n<meta property=\"og:title\" content=\"RCA: 12\u00e8me \u00e9dition de la foire agricole \u00e0 Bouar\" \/>\n<meta property=\"og:description\" content=\"Ouverture le vendredi 4 f\u00e9vrier \u00e0 Bouar de la 12\u00e8me \u00e9dition de la foire agricole 2022. Un \u00e9v\u00e9nement organis\u00e9 \u00e0 l\u2019initiat ...\" \/>\n<meta property=\"og:url\" content=\"https:\/\/www.africa-press.net\/centrafricaine\/economie\/rca-12eme-edition-de-la-foire-agricole-a-bouar\" \/>\n<meta property=\"og:site_name\" content=\"centrafricaine\" \/>\n<meta property=\"article:published_time\" content=\"2022-02-09T18:28:16+00:00\" \/>\n<meta property=\"article:modified_time\" content=\"2022-02-09T18:43:29+00:00\" \/>\n<meta property=\"og:image\" content=\"https:\/\/static.africa-press.net\/centrafricaine\/sites\/45\/2022\/02\/img-62040b288a2fb.jpg\" \/>\n\t<meta property=\"og:image:width\" content=\"720\" \/>\n\t<meta property=\"og:image:height\" content=\"406\" \/>\n\t<meta property=\"og:image:type\" content=\"image\/jpeg\" \/>\n<meta name=\"author\" content=\"cfeditorfr\" \/>\n<meta name=\"twitter:card\" content=\"summary_large_image\" \/>\n<meta name=\"twitter:label1\" content=\"\u00c9crit par\" \/>\n\t<meta name=\"twitter:data1\" content=\"cfeditorfr\" \/>\n\t<meta name=\"twitter:label2\" content=\"Dur\u00e9e de lecture estim\u00e9e\" \/>\n\t<meta name=\"twitter:data2\" content=\"2 minutes\" \/>\n<script type=\"application\/ld+json\" class=\"yoast-schema-graph\">{\"@context\":\"https:\/\/schema.org\",\"@graph\":[{\"@type\":\"Article\",\"@id\":\"https:\/\/www.africa-press.net\/centrafricaine\/economie\/rca-12eme-edition-de-la-foire-agricole-a-bouar#article\",\"isPartOf\":{\"@id\":\"https:\/\/www.africa-press.net\/centrafricaine\/economie\/rca-12eme-edition-de-la-foire-agricole-a-bouar\"},\"author\":{\"name\":\"cfeditorfr\",\"@id\":\"https:\/\/www.africa-press.net\/centrafricaine\/#\/schema\/person\/2b1cf3cd81a31e3cd26889ca66d677f1\"},\"headline\":\"RCA: 12\u00e8me \u00e9dition de la foire agricole \u00e0 Bouar\",\"datePublished\":\"2022-02-09T18:28:16+00:00\",\"dateModified\":\"2022-02-09T18:43:29+00:00\",\"mainEntityOfPage\":{\"@id\":\"https:\/\/www.africa-press.net\/centrafricaine\/economie\/rca-12eme-edition-de-la-foire-agricole-a-bouar\"},\"wordCount\":371,\"commentCount\":0,\"image\":{\"@id\":\"https:\/\/www.africa-press.net\/centrafricaine\/economie\/rca-12eme-edition-de-la-foire-agricole-a-bouar#primaryimage\"},\"thumbnailUrl\":\"https:\/\/static.africa-press.net\/centrafricaine\/sites\/45\/2022\/02\/img-62040b288a2fb.jpg\",\"keywords\":[\"Africa Press\",\"Africa Press-CentrAfricaine\",\"Bouar\",\"CentrAfricaine\",\"Centrafrique\",\"foire agricole\"],\"articleSection\":[\"\u00c9conomie\",\"homepage-french\",\"Toutes les actualit\u00e9s\"],\"inLanguage\":\"fr-FR\",\"potentialAction\":[{\"@type\":\"CommentAction\",\"name\":\"Comment\",\"target\":[\"https:\/\/www.africa-press.net\/centrafricaine\/economie\/rca-12eme-edition-de-la-foire-agricole-a-bouar#respond\"]}]},{\"@type\":\"WebPage\",\"@id\":\"https:\/\/www.africa-press.net\/centrafricaine\/economie\/rca-12eme-edition-de-la-foire-agricole-a-bouar\",\"url\":\"https:\/\/www.africa-press.net\/centrafricaine\/economie\/rca-12eme-edition-de-la-foire-agricole-a-bouar\",\"name\":\"RCA: 12\u00e8me \u00e9dition de la foire agricole \u00e0 Bouar - centrafricaine\",\"isPartOf\":{\"@id\":\"https:\/\/www.africa-press.net\/centrafricaine\/#website\"},\"primaryImageOfPage\":{\"@id\":\"https:\/\/www.africa-press.net\/centrafricaine\/economie\/rca-12eme-edition-de-la-foire-agricole-a-bouar#primaryimage\"},\"image\":{\"@id\":\"https:\/\/www.africa-press.net\/centrafricaine\/economie\/rca-12eme-edition-de-la-foire-agricole-a-bouar#primaryimage\"},\"thumbnailUrl\":\"https:\/\/static.africa-press.net\/centrafricaine\/sites\/45\/2022\/02\/img-62040b288a2fb.jpg\",\"datePublished\":\"2022-02-09T18:28:16+00:00\",\"dateModified\":\"2022-02-09T18:43:29+00:00\",\"author\":{\"@id\":\"https:\/\/www.africa-press.net\/centrafricaine\/#\/schema\/person\/2b1cf3cd81a31e3cd26889ca66d677f1\"},\"description\":\"Ouverture le vendredi 4 f\u00e9vrier \u00e0 Bouar de la 12\u00e8me \u00e9dition de la foire agricole 2022. Un \u00e9v\u00e9nement organis\u00e9 \u00e0 l\u2019initiat ...\",\"breadcrumb\":{\"@id\":\"https:\/\/www.africa-press.net\/centrafricaine\/economie\/rca-12eme-edition-de-la-foire-agricole-a-bouar#breadcrumb\"},\"inLanguage\":\"fr-FR\",\"potentialAction\":[{\"@type\":\"ReadAction\",\"target\":[\"https:\/\/www.africa-press.net\/centrafricaine\/economie\/rca-12eme-edition-de-la-foire-agricole-a-bouar\"]}]},{\"@type\":\"ImageObject\",\"inLanguage\":\"fr-FR\",\"@id\":\"https:\/\/www.africa-press.net\/centrafricaine\/economie\/rca-12eme-edition-de-la-foire-agricole-a-bouar#primaryimage\",\"url\":\"https:\/\/static.africa-press.net\/centrafricaine\/sites\/45\/2022\/02\/img-62040b288a2fb.jpg\",\"contentUrl\":\"https:\/\/static.africa-press.net\/centrafricaine\/sites\/45\/2022\/02\/img-62040b288a2fb.jpg\",\"width\":720,\"height\":406,\"caption\":\"RCA: 12\u00e8me \u00e9dition de la foire agricole \u00e0 Bouar\"},{\"@type\":\"BreadcrumbList\",\"@id\":\"https:\/\/www.africa-press.net\/centrafricaine\/economie\/rca-12eme-edition-de-la-foire-agricole-a-bouar#breadcrumb\",\"itemListElement\":[{\"@type\":\"ListItem\",\"position\":1,\"name\":\"Accueil\",\"item\":\"https:\/\/www.africa-press.net\/centrafricaine\/\"},{\"@type\":\"ListItem\",\"position\":2,\"name\":\"RCA: 12\u00e8me \u00e9dition de la foire agricole \u00e0 Bouar\"}]},{\"@type\":\"WebSite\",\"@id\":\"https:\/\/www.africa-press.net\/centrafricaine\/#website\",\"url\":\"https:\/\/www.africa-press.net\/centrafricaine\/\",\"name\":\"centrafricaine\",\"description\":\"Just another Africa News Agency Sites site\",\"potentialAction\":[{\"@type\":\"SearchAction\",\"target\":{\"@type\":\"EntryPoint\",\"urlTemplate\":\"https:\/\/www.africa-press.net\/centrafricaine\/?s={search_term_string}\"},\"query-input\":{\"@type\":\"PropertyValueSpecification\",\"valueRequired\":true,\"valueName\":\"search_term_string\"}}],\"inLanguage\":\"fr-FR\"},{\"@type\":\"Person\",\"@id\":\"https:\/\/www.africa-press.net\/centrafricaine\/#\/schema\/person\/2b1cf3cd81a31e3cd26889ca66d677f1\",\"name\":\"cfeditorfr\"}]}<\/script>\n<!-- \/ Yoast SEO Premium plugin. -->","yoast_head_json":{"title":"RCA: 12\u00e8me \u00e9dition de la foire agricole \u00e0 Bouar - centrafricaine","description":"Ouverture le vendredi 4 f\u00e9vrier \u00e0 Bouar de la 12\u00e8me \u00e9dition de la foire agricole 2022. Un \u00e9v\u00e9nement organis\u00e9 \u00e0 l\u2019initiat ...","robots":{"index":"index","follow":"follow","max-snippet":"max-snippet:-1","max-image-preview":"max-image-preview:large","max-video-preview":"max-video-preview:-1"},"canonical":"https:\/\/www.africa-press.net\/centrafricaine\/economie\/rca-12eme-edition-de-la-foire-agricole-a-bouar","og_locale":"fr_FR","og_type":"article","og_title":"RCA: 12\u00e8me \u00e9dition de la foire agricole \u00e0 Bouar","og_description":"Ouverture le vendredi 4 f\u00e9vrier \u00e0 Bouar de la 12\u00e8me \u00e9dition de la foire agricole 2022. Un \u00e9v\u00e9nement organis\u00e9 \u00e0 l\u2019initiat ...","og_url":"https:\/\/www.africa-press.net\/centrafricaine\/economie\/rca-12eme-edition-de-la-foire-agricole-a-bouar","og_site_name":"centrafricaine","article_published_time":"2022-02-09T18:28:16+00:00","article_modified_time":"2022-02-09T18:43:29+00:00","og_image":[{"width":720,"height":406,"url":"https:\/\/static.africa-press.net\/centrafricaine\/sites\/45\/2022\/02\/img-62040b288a2fb.jpg","type":"image\/jpeg"}],"author":"cfeditorfr","twitter_card":"summary_large_image","twitter_misc":{"\u00c9crit par":"cfeditorfr","Dur\u00e9e de lecture estim\u00e9e":"2 minutes"},"schema":{"@context":"https:\/\/schema.org","@graph":[{"@type":"Article","@id":"https:\/\/www.africa-press.net\/centrafricaine\/economie\/rca-12eme-edition-de-la-foire-agricole-a-bouar#article","isPartOf":{"@id":"https:\/\/www.africa-press.net\/centrafricaine\/economie\/rca-12eme-edition-de-la-foire-agricole-a-bouar"},"author":{"name":"cfeditorfr","@id":"https:\/\/www.africa-press.net\/centrafricaine\/#\/schema\/person\/2b1cf3cd81a31e3cd26889ca66d677f1"},"headline":"RCA: 12\u00e8me \u00e9dition de la foire agricole \u00e0 Bouar","datePublished":"2022-02-09T18:28:16+00:00","dateModified":"2022-02-09T18:43:29+00:00","mainEntityOfPage":{"@id":"https:\/\/www.africa-press.net\/centrafricaine\/economie\/rca-12eme-edition-de-la-foire-agricole-a-bouar"},"wordCount":371,"commentCount":0,"image":{"@id":"https:\/\/www.africa-press.net\/centrafricaine\/economie\/rca-12eme-edition-de-la-foire-agricole-a-bouar#primaryimage"},"thumbnailUrl":"https:\/\/static.africa-press.net\/centrafricaine\/sites\/45\/2022\/02\/img-62040b288a2fb.jpg","keywords":["Africa Press","Africa Press-CentrAfricaine","Bouar","CentrAfricaine","Centrafrique","foire agricole"],"articleSection":["\u00c9conomie","homepage-french","Toutes les actualit\u00e9s"],"inLanguage":"fr-FR","potentialAction":[{"@type":"CommentAction","name":"Comment","target":["https:\/\/www.africa-press.net\/centrafricaine\/economie\/rca-12eme-edition-de-la-foire-agricole-a-bouar#respond"]}]},{"@type":"WebPage","@id":"https:\/\/www.africa-press.net\/centrafricaine\/economie\/rca-12eme-edition-de-la-foire-agricole-a-bouar","url":"https:\/\/www.africa-press.net\/centrafricaine\/economie\/rca-12eme-edition-de-la-foire-agricole-a-bouar","name":"RCA: 12\u00e8me \u00e9dition de la foire agricole \u00e0 Bouar - centrafricaine","isPartOf":{"@id":"https:\/\/www.africa-press.net\/centrafricaine\/#website"},"primaryImageOfPage":{"@id":"https:\/\/www.africa-press.net\/centrafricaine\/economie\/rca-12eme-edition-de-la-foire-agricole-a-bouar#primaryimage"},"image":{"@id":"https:\/\/www.africa-press.net\/centrafricaine\/economie\/rca-12eme-edition-de-la-foire-agricole-a-bouar#primaryimage"},"thumbnailUrl":"https:\/\/static.africa-press.net\/centrafricaine\/sites\/45\/2022\/02\/img-62040b288a2fb.jpg","datePublished":"2022-02-09T18:28:16+00:00","dateModified":"2022-02-09T18:43:29+00:00","author":{"@id":"https:\/\/www.africa-press.net\/centrafricaine\/#\/schema\/person\/2b1cf3cd81a31e3cd26889ca66d677f1"},"description":"Ouverture le vendredi 4 f\u00e9vrier \u00e0 Bouar de la 12\u00e8me \u00e9dition de la foire agricole 2022. Un \u00e9v\u00e9nement organis\u00e9 \u00e0 l\u2019initiat ...","breadcrumb":{"@id":"https:\/\/www.africa-press.net\/centrafricaine\/economie\/rca-12eme-edition-de-la-foire-agricole-a-bouar#breadcrumb"},"inLanguage":"fr-FR","potentialAction":[{"@type":"ReadAction","target":["https:\/\/www.africa-press.net\/centrafricaine\/economie\/rca-12eme-edition-de-la-foire-agricole-a-bouar"]}]},{"@type":"ImageObject","inLanguage":"fr-FR","@id":"https:\/\/www.africa-press.net\/centrafricaine\/economie\/rca-12eme-edition-de-la-foire-agricole-a-bouar#primaryimage","url":"https:\/\/static.africa-press.net\/centrafricaine\/sites\/45\/2022\/02\/img-62040b288a2fb.jpg","contentUrl":"https:\/\/static.africa-press.net\/centrafricaine\/sites\/45\/2022\/02\/img-62040b288a2fb.jpg","width":720,"height":406,"caption":"RCA: 12\u00e8me \u00e9dition de la foire agricole \u00e0 Bouar"},{"@type":"BreadcrumbList","@id":"https:\/\/www.africa-press.net\/centrafricaine\/economie\/rca-12eme-edition-de-la-foire-agricole-a-bouar#breadcrumb","itemListElement":[{"@type":"ListItem","position":1,"name":"Accueil","item":"https:\/\/www.africa-press.net\/centrafricaine\/"},{"@type":"ListItem","position":2,"name":"RCA: 12\u00e8me \u00e9dition de la foire agricole \u00e0 Bouar"}]},{"@type":"WebSite","@id":"https:\/\/www.africa-press.net\/centrafricaine\/#website","url":"https:\/\/www.africa-press.net\/centrafricaine\/","name":"centrafricaine","description":"Just another Africa News Agency Sites site","potentialAction":[{"@type":"SearchAction","target":{"@type":"EntryPoint","urlTemplate":"https:\/\/www.africa-press.net\/centrafricaine\/?s={search_term_string}"},"query-input":{"@type":"PropertyValueSpecification","valueRequired":true,"valueName":"search_term_string"}}],"inLanguage":"fr-FR"},{"@type":"Person","@id":"https:\/\/www.africa-press.net\/centrafricaine\/#\/schema\/person\/2b1cf3cd81a31e3cd26889ca66d677f1","name":"cfeditorfr"}]}},"_links":{"self":[{"href":"https:\/\/www.africa-press.net\/centrafricaine\/wp-json\/wp\/v2\/posts\/17732","targetHints":{"allow":["GET"]}}],"collection":[{"href":"https:\/\/www.africa-press.net\/centrafricaine\/wp-json\/wp\/v2\/posts"}],"about":[{"href":"https:\/\/www.africa-press.net\/centrafricaine\/wp-json\/wp\/v2\/types\/post"}],"author":[{"embeddable":true,"href":"https:\/\/www.africa-press.net\/centrafricaine\/wp-json\/wp\/v2\/users\/82"}],"replies":[{"embeddable":true,"href":"https:\/\/www.africa-press.net\/centrafricaine\/wp-json\/wp\/v2\/comments?post=17732"}],"version-history":[{"count":0,"href":"https:\/\/www.africa-press.net\/centrafricaine\/wp-json\/wp\/v2\/posts\/17732\/revisions"}],"wp:featuredmedia":[{"embeddable":true,"href":"https:\/\/www.africa-press.net\/centrafricaine\/wp-json\/wp\/v2\/media\/17730"}],"wp:attachment":[{"href":"https:\/\/www.africa-press.net\/centrafricaine\/wp-json\/wp\/v2\/media?parent=17732"}],"wp:term":[{"taxonomy":"category","embeddable":true,"href":"https:\/\/www.africa-press.net\/centrafricaine\/wp-json\/wp\/v2\/categories?post=17732"},{"taxonomy":"post_tag","embeddable":true,"href":"https:\/\/www.africa-press.net\/centrafricaine\/wp-json\/wp\/v2\/tags?post=17732"}],"curies":[{"name":"wp","href":"https:\/\/api.w.org\/{rel}","templated":true}]}}