{"id":18776,"date":"2022-02-28T17:25:24","date_gmt":"2022-02-28T17:25:24","guid":{"rendered":"https:\/\/www.africa-press.net\/centrafricaine\/politique\/le-reseau-social-turaco-prevoit-recompenser-ses-meilleures-utilisations-ce-lundi"},"modified":"2022-02-28T18:23:01","modified_gmt":"2022-02-28T18:23:01","slug":"le-reseau-social-turaco-prevoit-recompenser-ses-meilleures-utilisations-ce-lundi","status":"publish","type":"post","link":"https:\/\/www.africa-press.net\/centrafricaine\/toutes-les-actualites\/le-reseau-social-turaco-prevoit-recompenser-ses-meilleures-utilisations-ce-lundi","title":{"rendered":"le r\u00e9seau social \u00ab Turaco \u00bb pr\u00e9voit r\u00e9compenser ses meilleures utilisations ce lundi"},"content":{"rendered":"<p><span style=\"color: #ff6600\"><strong>Africa-Press &#8211; CentrAfricaine. <\/strong><\/span>Le r\u00e9seau social exclusivement centrafricain Turaco, lanc\u00e9 en d\u00e9cembre 2021 \u00e0 Bangui, se veut reconnaissant envers ses utilisateurs actifs. Ce lundi dans les apr\u00e8s-midi au centre basketball Omnisport, le Direction g\u00e9n\u00e9rale de cette plateforme sociale, Mirius Rom\u00e9o Gamando, va devoir r\u00e9compenser 10 meilleurs utilisateurs actifs de Turaco avec des t\u00e9l\u00e9phones andro\u00efdes pour les encourager et inciter le public centrafricain \u00e0 s\u2019y connecter massivement.<\/p>\n<p>Le r\u00e9seau social centrafricain continue de faire son petit bonheur de chemin. Turaco commence a enregistr\u00e9 beaucoup d\u2019utilisateurs. Aujourd\u2019hui, la plateforme compte environ 15 milles utilisateurs \u00e0 seulement 3 mois de sa cr\u00e9ation, \u00e0 en croire son promoteur Mirius Rom\u00e9o Gamando. Pour ce faire, les meilleurs utilisateurs, ceux sont actifs sur la plateforme.<\/p>\n<p>\u00ab Il y aura une remise aux membres actifs de Turaco. Il y aura 10 t\u00e9l\u00e9phones \u00e0 remettre aux gagnants selon les cat\u00e9gories. Donc, 4 cat\u00e9gories \u00e0 savoir les J\u2019aime, commentaires, publication, et cat\u00e9gorie images. L\u2019\u00e9v\u00e8nement va se passer \u00e0 14h \u00e0 l\u2019omnisport de Bangui \u00bb, a expliqu\u00e9 Mirius Rom\u00e9o Gamando, qui invite le public de Bangui \u00e0 avenir massivement y participer.<\/p>\n<p>La langue nationale centrafricain le Sango comme langue d\u2019utilisation, Turaco est un nouveau r\u00e9seau \u00e0 connexion internet, d\u00e9velopp\u00e9 par les Centrafricains et pour les Centrafricains. Cette innovation est un grand pas en avant pour la R\u00e9publique centrafricaine en termes de technologie.<\/p>\n<p>En janvier dernier, l\u2019entreprise Turaco a r\u00e9compens\u00e9 neuf (9) utilisateurs actifs de sa plateforme selon les cat\u00e9gories publications, commentaires et likes.<\/p>\n<p><strong>Pour plus d&rsquo;informations et d&rsquo;analyses sur la <a href=\"https:\/\/www.africa-press.net\/centrafricaine\">CentrAfricaine<\/a>, suivez <a href=\"https:\/\/www.africa-press.net\/\">Africa-Press<\/a><\/strong><\/p>\n","protected":false},"excerpt":{"rendered":"<p>Africa-Press &#8211; CentrAfricaine. Le r\u00e9seau social exclusivement centrafricain Turaco, lanc\u00e9 en d\u00e9cembre 2021 \u00e0 Bangui, se veut reconnaissant envers ses utilisateurs actifs. Ce lundi dans les apr\u00e8s-midi au centre basketball Omnisport, le Direction g\u00e9n\u00e9rale de cette plateforme sociale, Mirius Rom\u00e9o Gamando, va devoir r\u00e9compenser 10 meilleurs utilisateurs actifs de Turaco avec des t\u00e9l\u00e9phones andro\u00efdes pour [&hellip;]<\/p>\n","protected":false},"author":82,"featured_media":18774,"comment_status":"open","ping_status":"closed","sticky":false,"template":"","format":"standard","meta":{"footnotes":""},"categories":[21,11,10],"tags":[36,58,30,41,1798,1564,1563],"class_list":["post-18776","post","type-post","status-publish","format-standard","has-post-thumbnail","hentry","category-communaute","category-homepage-french","category-toutes-les-actualites","tag-africa-press","tag-africa-press-centrafricaine","tag-centrafricaine","tag-centrafrique","tag-recompense","tag-reseau-social","tag-turaco"],"yoast_head":"<!-- This site is optimized with the Yoast SEO Premium plugin v26.1 (Yoast SEO v27.0) - https:\/\/yoast.com\/product\/yoast-seo-premium-wordpress\/ -->\n<title>le r\u00e9seau social \u00ab Turaco \u00bb pr\u00e9voit r\u00e9compenser ses meilleures utilisations ce lundi - centrafricaine<\/title>\n<meta name=\"description\" content=\"Le r\u00e9seau social exclusivement centrafricain Turaco, lanc\u00e9 en d\u00e9cembre 2021 \u00e0 Bangui, se veut reconnaissant envers ses u ...\" \/>\n<meta name=\"robots\" content=\"index, follow, max-snippet:-1, max-image-preview:large, max-video-preview:-1\" \/>\n<link rel=\"canonical\" href=\"https:\/\/www.africa-press.net\/centrafricaine\/toutes-les-actualites\/le-reseau-social-turaco-prevoit-recompenser-ses-meilleures-utilisations-ce-lundi\" \/>\n<meta property=\"og:locale\" content=\"fr_FR\" \/>\n<meta property=\"og:type\" content=\"article\" \/>\n<meta property=\"og:title\" content=\"le r\u00e9seau social \u00ab Turaco \u00bb pr\u00e9voit r\u00e9compenser ses meilleures utilisations ce lundi\" \/>\n<meta property=\"og:description\" content=\"Le r\u00e9seau social exclusivement centrafricain Turaco, lanc\u00e9 en d\u00e9cembre 2021 \u00e0 Bangui, se veut reconnaissant envers ses u ...\" \/>\n<meta property=\"og:url\" content=\"https:\/\/www.africa-press.net\/centrafricaine\/toutes-les-actualites\/le-reseau-social-turaco-prevoit-recompenser-ses-meilleures-utilisations-ce-lundi\" \/>\n<meta property=\"og:site_name\" content=\"centrafricaine\" \/>\n<meta property=\"article:published_time\" content=\"2022-02-28T17:25:24+00:00\" \/>\n<meta property=\"article:modified_time\" content=\"2022-02-28T18:23:01+00:00\" \/>\n<meta property=\"og:image\" content=\"https:\/\/static.africa-press.net\/centrafricaine\/sites\/45\/2022\/02\/img-621d12e0714fe.jpg\" \/>\n\t<meta property=\"og:image:width\" content=\"720\" \/>\n\t<meta property=\"og:image:height\" content=\"534\" \/>\n\t<meta property=\"og:image:type\" content=\"image\/jpeg\" \/>\n<meta name=\"author\" content=\"cfeditorfr\" \/>\n<meta name=\"twitter:card\" content=\"summary_large_image\" \/>\n<meta name=\"twitter:label1\" content=\"\u00c9crit par\" \/>\n\t<meta name=\"twitter:data1\" content=\"cfeditorfr\" \/>\n\t<meta name=\"twitter:label2\" content=\"Dur\u00e9e de lecture estim\u00e9e\" \/>\n\t<meta name=\"twitter:data2\" content=\"1 minute\" \/>\n<script type=\"application\/ld+json\" class=\"yoast-schema-graph\">{\"@context\":\"https:\/\/schema.org\",\"@graph\":[{\"@type\":\"Article\",\"@id\":\"https:\/\/www.africa-press.net\/centrafricaine\/toutes-les-actualites\/le-reseau-social-turaco-prevoit-recompenser-ses-meilleures-utilisations-ce-lundi#article\",\"isPartOf\":{\"@id\":\"https:\/\/www.africa-press.net\/centrafricaine\/toutes-les-actualites\/le-reseau-social-turaco-prevoit-recompenser-ses-meilleures-utilisations-ce-lundi\"},\"author\":{\"name\":\"cfeditorfr\",\"@id\":\"https:\/\/www.africa-press.net\/centrafricaine\/#\/schema\/person\/2b1cf3cd81a31e3cd26889ca66d677f1\"},\"headline\":\"le r\u00e9seau social \u00ab Turaco \u00bb pr\u00e9voit r\u00e9compenser ses meilleures utilisations ce lundi\",\"datePublished\":\"2022-02-28T17:25:24+00:00\",\"dateModified\":\"2022-02-28T18:23:01+00:00\",\"mainEntityOfPage\":{\"@id\":\"https:\/\/www.africa-press.net\/centrafricaine\/toutes-les-actualites\/le-reseau-social-turaco-prevoit-recompenser-ses-meilleures-utilisations-ce-lundi\"},\"wordCount\":283,\"commentCount\":0,\"image\":{\"@id\":\"https:\/\/www.africa-press.net\/centrafricaine\/toutes-les-actualites\/le-reseau-social-turaco-prevoit-recompenser-ses-meilleures-utilisations-ce-lundi#primaryimage\"},\"thumbnailUrl\":\"https:\/\/static.africa-press.net\/centrafricaine\/sites\/45\/2022\/02\/img-621d12e0714fe.jpg\",\"keywords\":[\"Africa Press\",\"Africa Press-CentrAfricaine\",\"CentrAfricaine\",\"Centrafrique\",\"r\u00e9compense\",\"r\u00e9seau social\",\"TURACO\"],\"articleSection\":[\"Communaut\u00e9\",\"homepage-french\",\"Toutes les actualit\u00e9s\"],\"inLanguage\":\"fr-FR\",\"potentialAction\":[{\"@type\":\"CommentAction\",\"name\":\"Comment\",\"target\":[\"https:\/\/www.africa-press.net\/centrafricaine\/toutes-les-actualites\/le-reseau-social-turaco-prevoit-recompenser-ses-meilleures-utilisations-ce-lundi#respond\"]}]},{\"@type\":\"WebPage\",\"@id\":\"https:\/\/www.africa-press.net\/centrafricaine\/toutes-les-actualites\/le-reseau-social-turaco-prevoit-recompenser-ses-meilleures-utilisations-ce-lundi\",\"url\":\"https:\/\/www.africa-press.net\/centrafricaine\/toutes-les-actualites\/le-reseau-social-turaco-prevoit-recompenser-ses-meilleures-utilisations-ce-lundi\",\"name\":\"le r\u00e9seau social \u00ab Turaco \u00bb pr\u00e9voit r\u00e9compenser ses meilleures utilisations ce lundi - centrafricaine\",\"isPartOf\":{\"@id\":\"https:\/\/www.africa-press.net\/centrafricaine\/#website\"},\"primaryImageOfPage\":{\"@id\":\"https:\/\/www.africa-press.net\/centrafricaine\/toutes-les-actualites\/le-reseau-social-turaco-prevoit-recompenser-ses-meilleures-utilisations-ce-lundi#primaryimage\"},\"image\":{\"@id\":\"https:\/\/www.africa-press.net\/centrafricaine\/toutes-les-actualites\/le-reseau-social-turaco-prevoit-recompenser-ses-meilleures-utilisations-ce-lundi#primaryimage\"},\"thumbnailUrl\":\"https:\/\/static.africa-press.net\/centrafricaine\/sites\/45\/2022\/02\/img-621d12e0714fe.jpg\",\"datePublished\":\"2022-02-28T17:25:24+00:00\",\"dateModified\":\"2022-02-28T18:23:01+00:00\",\"author\":{\"@id\":\"https:\/\/www.africa-press.net\/centrafricaine\/#\/schema\/person\/2b1cf3cd81a31e3cd26889ca66d677f1\"},\"description\":\"Le r\u00e9seau social exclusivement centrafricain Turaco, lanc\u00e9 en d\u00e9cembre 2021 \u00e0 Bangui, se veut reconnaissant envers ses u ...\",\"breadcrumb\":{\"@id\":\"https:\/\/www.africa-press.net\/centrafricaine\/toutes-les-actualites\/le-reseau-social-turaco-prevoit-recompenser-ses-meilleures-utilisations-ce-lundi#breadcrumb\"},\"inLanguage\":\"fr-FR\",\"potentialAction\":[{\"@type\":\"ReadAction\",\"target\":[\"https:\/\/www.africa-press.net\/centrafricaine\/toutes-les-actualites\/le-reseau-social-turaco-prevoit-recompenser-ses-meilleures-utilisations-ce-lundi\"]}]},{\"@type\":\"ImageObject\",\"inLanguage\":\"fr-FR\",\"@id\":\"https:\/\/www.africa-press.net\/centrafricaine\/toutes-les-actualites\/le-reseau-social-turaco-prevoit-recompenser-ses-meilleures-utilisations-ce-lundi#primaryimage\",\"url\":\"https:\/\/static.africa-press.net\/centrafricaine\/sites\/45\/2022\/02\/img-621d12e0714fe.jpg\",\"contentUrl\":\"https:\/\/static.africa-press.net\/centrafricaine\/sites\/45\/2022\/02\/img-621d12e0714fe.jpg\",\"width\":720,\"height\":534,\"caption\":\"le r\u00e9seau social \u00ab Turaco \u00bb pr\u00e9voit r\u00e9compenser ses meilleures utilisations ce lundi\"},{\"@type\":\"BreadcrumbList\",\"@id\":\"https:\/\/www.africa-press.net\/centrafricaine\/toutes-les-actualites\/le-reseau-social-turaco-prevoit-recompenser-ses-meilleures-utilisations-ce-lundi#breadcrumb\",\"itemListElement\":[{\"@type\":\"ListItem\",\"position\":1,\"name\":\"Accueil\",\"item\":\"https:\/\/www.africa-press.net\/centrafricaine\/\"},{\"@type\":\"ListItem\",\"position\":2,\"name\":\"le r\u00e9seau social \u00ab Turaco \u00bb pr\u00e9voit r\u00e9compenser ses meilleures utilisations ce lundi\"}]},{\"@type\":\"WebSite\",\"@id\":\"https:\/\/www.africa-press.net\/centrafricaine\/#website\",\"url\":\"https:\/\/www.africa-press.net\/centrafricaine\/\",\"name\":\"centrafricaine\",\"description\":\"Just another Africa News Agency Sites site\",\"potentialAction\":[{\"@type\":\"SearchAction\",\"target\":{\"@type\":\"EntryPoint\",\"urlTemplate\":\"https:\/\/www.africa-press.net\/centrafricaine\/?s={search_term_string}\"},\"query-input\":{\"@type\":\"PropertyValueSpecification\",\"valueRequired\":true,\"valueName\":\"search_term_string\"}}],\"inLanguage\":\"fr-FR\"},{\"@type\":\"Person\",\"@id\":\"https:\/\/www.africa-press.net\/centrafricaine\/#\/schema\/person\/2b1cf3cd81a31e3cd26889ca66d677f1\",\"name\":\"cfeditorfr\"}]}<\/script>\n<!-- \/ Yoast SEO Premium plugin. -->","yoast_head_json":{"title":"le r\u00e9seau social \u00ab Turaco \u00bb pr\u00e9voit r\u00e9compenser ses meilleures utilisations ce lundi - centrafricaine","description":"Le r\u00e9seau social exclusivement centrafricain Turaco, lanc\u00e9 en d\u00e9cembre 2021 \u00e0 Bangui, se veut reconnaissant envers ses u ...","robots":{"index":"index","follow":"follow","max-snippet":"max-snippet:-1","max-image-preview":"max-image-preview:large","max-video-preview":"max-video-preview:-1"},"canonical":"https:\/\/www.africa-press.net\/centrafricaine\/toutes-les-actualites\/le-reseau-social-turaco-prevoit-recompenser-ses-meilleures-utilisations-ce-lundi","og_locale":"fr_FR","og_type":"article","og_title":"le r\u00e9seau social \u00ab Turaco \u00bb pr\u00e9voit r\u00e9compenser ses meilleures utilisations ce lundi","og_description":"Le r\u00e9seau social exclusivement centrafricain Turaco, lanc\u00e9 en d\u00e9cembre 2021 \u00e0 Bangui, se veut reconnaissant envers ses u ...","og_url":"https:\/\/www.africa-press.net\/centrafricaine\/toutes-les-actualites\/le-reseau-social-turaco-prevoit-recompenser-ses-meilleures-utilisations-ce-lundi","og_site_name":"centrafricaine","article_published_time":"2022-02-28T17:25:24+00:00","article_modified_time":"2022-02-28T18:23:01+00:00","og_image":[{"width":720,"height":534,"url":"https:\/\/static.africa-press.net\/centrafricaine\/sites\/45\/2022\/02\/img-621d12e0714fe.jpg","type":"image\/jpeg"}],"author":"cfeditorfr","twitter_card":"summary_large_image","twitter_misc":{"\u00c9crit par":"cfeditorfr","Dur\u00e9e de lecture estim\u00e9e":"1 minute"},"schema":{"@context":"https:\/\/schema.org","@graph":[{"@type":"Article","@id":"https:\/\/www.africa-press.net\/centrafricaine\/toutes-les-actualites\/le-reseau-social-turaco-prevoit-recompenser-ses-meilleures-utilisations-ce-lundi#article","isPartOf":{"@id":"https:\/\/www.africa-press.net\/centrafricaine\/toutes-les-actualites\/le-reseau-social-turaco-prevoit-recompenser-ses-meilleures-utilisations-ce-lundi"},"author":{"name":"cfeditorfr","@id":"https:\/\/www.africa-press.net\/centrafricaine\/#\/schema\/person\/2b1cf3cd81a31e3cd26889ca66d677f1"},"headline":"le r\u00e9seau social \u00ab Turaco \u00bb pr\u00e9voit r\u00e9compenser ses meilleures utilisations ce lundi","datePublished":"2022-02-28T17:25:24+00:00","dateModified":"2022-02-28T18:23:01+00:00","mainEntityOfPage":{"@id":"https:\/\/www.africa-press.net\/centrafricaine\/toutes-les-actualites\/le-reseau-social-turaco-prevoit-recompenser-ses-meilleures-utilisations-ce-lundi"},"wordCount":283,"commentCount":0,"image":{"@id":"https:\/\/www.africa-press.net\/centrafricaine\/toutes-les-actualites\/le-reseau-social-turaco-prevoit-recompenser-ses-meilleures-utilisations-ce-lundi#primaryimage"},"thumbnailUrl":"https:\/\/static.africa-press.net\/centrafricaine\/sites\/45\/2022\/02\/img-621d12e0714fe.jpg","keywords":["Africa Press","Africa Press-CentrAfricaine","CentrAfricaine","Centrafrique","r\u00e9compense","r\u00e9seau social","TURACO"],"articleSection":["Communaut\u00e9","homepage-french","Toutes les actualit\u00e9s"],"inLanguage":"fr-FR","potentialAction":[{"@type":"CommentAction","name":"Comment","target":["https:\/\/www.africa-press.net\/centrafricaine\/toutes-les-actualites\/le-reseau-social-turaco-prevoit-recompenser-ses-meilleures-utilisations-ce-lundi#respond"]}]},{"@type":"WebPage","@id":"https:\/\/www.africa-press.net\/centrafricaine\/toutes-les-actualites\/le-reseau-social-turaco-prevoit-recompenser-ses-meilleures-utilisations-ce-lundi","url":"https:\/\/www.africa-press.net\/centrafricaine\/toutes-les-actualites\/le-reseau-social-turaco-prevoit-recompenser-ses-meilleures-utilisations-ce-lundi","name":"le r\u00e9seau social \u00ab Turaco \u00bb pr\u00e9voit r\u00e9compenser ses meilleures utilisations ce lundi - centrafricaine","isPartOf":{"@id":"https:\/\/www.africa-press.net\/centrafricaine\/#website"},"primaryImageOfPage":{"@id":"https:\/\/www.africa-press.net\/centrafricaine\/toutes-les-actualites\/le-reseau-social-turaco-prevoit-recompenser-ses-meilleures-utilisations-ce-lundi#primaryimage"},"image":{"@id":"https:\/\/www.africa-press.net\/centrafricaine\/toutes-les-actualites\/le-reseau-social-turaco-prevoit-recompenser-ses-meilleures-utilisations-ce-lundi#primaryimage"},"thumbnailUrl":"https:\/\/static.africa-press.net\/centrafricaine\/sites\/45\/2022\/02\/img-621d12e0714fe.jpg","datePublished":"2022-02-28T17:25:24+00:00","dateModified":"2022-02-28T18:23:01+00:00","author":{"@id":"https:\/\/www.africa-press.net\/centrafricaine\/#\/schema\/person\/2b1cf3cd81a31e3cd26889ca66d677f1"},"description":"Le r\u00e9seau social exclusivement centrafricain Turaco, lanc\u00e9 en d\u00e9cembre 2021 \u00e0 Bangui, se veut reconnaissant envers ses u ...","breadcrumb":{"@id":"https:\/\/www.africa-press.net\/centrafricaine\/toutes-les-actualites\/le-reseau-social-turaco-prevoit-recompenser-ses-meilleures-utilisations-ce-lundi#breadcrumb"},"inLanguage":"fr-FR","potentialAction":[{"@type":"ReadAction","target":["https:\/\/www.africa-press.net\/centrafricaine\/toutes-les-actualites\/le-reseau-social-turaco-prevoit-recompenser-ses-meilleures-utilisations-ce-lundi"]}]},{"@type":"ImageObject","inLanguage":"fr-FR","@id":"https:\/\/www.africa-press.net\/centrafricaine\/toutes-les-actualites\/le-reseau-social-turaco-prevoit-recompenser-ses-meilleures-utilisations-ce-lundi#primaryimage","url":"https:\/\/static.africa-press.net\/centrafricaine\/sites\/45\/2022\/02\/img-621d12e0714fe.jpg","contentUrl":"https:\/\/static.africa-press.net\/centrafricaine\/sites\/45\/2022\/02\/img-621d12e0714fe.jpg","width":720,"height":534,"caption":"le r\u00e9seau social \u00ab Turaco \u00bb pr\u00e9voit r\u00e9compenser ses meilleures utilisations ce lundi"},{"@type":"BreadcrumbList","@id":"https:\/\/www.africa-press.net\/centrafricaine\/toutes-les-actualites\/le-reseau-social-turaco-prevoit-recompenser-ses-meilleures-utilisations-ce-lundi#breadcrumb","itemListElement":[{"@type":"ListItem","position":1,"name":"Accueil","item":"https:\/\/www.africa-press.net\/centrafricaine\/"},{"@type":"ListItem","position":2,"name":"le r\u00e9seau social \u00ab Turaco \u00bb pr\u00e9voit r\u00e9compenser ses meilleures utilisations ce lundi"}]},{"@type":"WebSite","@id":"https:\/\/www.africa-press.net\/centrafricaine\/#website","url":"https:\/\/www.africa-press.net\/centrafricaine\/","name":"centrafricaine","description":"Just another Africa News Agency Sites site","potentialAction":[{"@type":"SearchAction","target":{"@type":"EntryPoint","urlTemplate":"https:\/\/www.africa-press.net\/centrafricaine\/?s={search_term_string}"},"query-input":{"@type":"PropertyValueSpecification","valueRequired":true,"valueName":"search_term_string"}}],"inLanguage":"fr-FR"},{"@type":"Person","@id":"https:\/\/www.africa-press.net\/centrafricaine\/#\/schema\/person\/2b1cf3cd81a31e3cd26889ca66d677f1","name":"cfeditorfr"}]}},"_links":{"self":[{"href":"https:\/\/www.africa-press.net\/centrafricaine\/wp-json\/wp\/v2\/posts\/18776","targetHints":{"allow":["GET"]}}],"collection":[{"href":"https:\/\/www.africa-press.net\/centrafricaine\/wp-json\/wp\/v2\/posts"}],"about":[{"href":"https:\/\/www.africa-press.net\/centrafricaine\/wp-json\/wp\/v2\/types\/post"}],"author":[{"embeddable":true,"href":"https:\/\/www.africa-press.net\/centrafricaine\/wp-json\/wp\/v2\/users\/82"}],"replies":[{"embeddable":true,"href":"https:\/\/www.africa-press.net\/centrafricaine\/wp-json\/wp\/v2\/comments?post=18776"}],"version-history":[{"count":0,"href":"https:\/\/www.africa-press.net\/centrafricaine\/wp-json\/wp\/v2\/posts\/18776\/revisions"}],"wp:featuredmedia":[{"embeddable":true,"href":"https:\/\/www.africa-press.net\/centrafricaine\/wp-json\/wp\/v2\/media\/18774"}],"wp:attachment":[{"href":"https:\/\/www.africa-press.net\/centrafricaine\/wp-json\/wp\/v2\/media?parent=18776"}],"wp:term":[{"taxonomy":"category","embeddable":true,"href":"https:\/\/www.africa-press.net\/centrafricaine\/wp-json\/wp\/v2\/categories?post=18776"},{"taxonomy":"post_tag","embeddable":true,"href":"https:\/\/www.africa-press.net\/centrafricaine\/wp-json\/wp\/v2\/tags?post=18776"}],"curies":[{"name":"wp","href":"https:\/\/api.w.org\/{rel}","templated":true}]}}