{"id":2033,"date":"2021-01-11T17:07:23","date_gmt":"2021-01-11T17:07:23","guid":{"rendered":"https:\/\/www.africa-press.com\/centrafricaine\/politique\/des-avions-de-chasse-francais-ont-effectue-un-deuxieme-survol-de-la-centrafrique"},"modified":"2021-01-11T17:21:22","modified_gmt":"2021-01-11T17:21:22","slug":"des-avions-de-chasse-francais-ont-effectue-un-deuxieme-survol-de-la-centrafrique","status":"publish","type":"post","link":"https:\/\/www.africa-press.net\/centrafricaine\/homepage-french\/des-avions-de-chasse-francais-ont-effectue-un-deuxieme-survol-de-la-centrafrique","title":{"rendered":"Des avions de chasse fran\u00e7ais ont effectu\u00e9 un deuxi\u00e8me survol de la Centrafrique"},"content":{"rendered":"<p><span style=\"color: #ff6600\"><strong><a href=\"https:\/\/www.africa-press.com\">Africa-Press<\/a> &#8211; <a href=\"https:\/\/www.africa-press.com\/centrafricaine\">CentrAfricaine<\/a>. <\/strong><\/span><b>Une seconde mission de survol de la R\u00e9publique centrafricaine a \u00e9t\u00e9 effectu\u00e9e, samedi, par l&rsquo;arm\u00e9e fran\u00e7aise, selon un communiqu\u00e9 de l&rsquo;\u00c9lys\u00e9e, alors que le pays traverse de nouvelles turbulences politiques.<\/b><\/p>\n<p>Une mission \u00e0 la demande de Faustin Archange Touadera. Des avions de chasse fran\u00e7ais ont effectu\u00e9, samedi 9 janvier, une seconde mission de survol de la R\u00e9publique centrafricaine qui traverse de nouvelles turbulences politiques, annonce un communiqu\u00e9 de l&rsquo;\u00c9lys\u00e9e.<\/p>\n<p>Cette seconde mission survient alors que des insurg\u00e9s ont lanc\u00e9 des attaques dans deux villes du pays. L&rsquo;une a eu lieu \u00e0 Bouar, \u00e0 440 km au nord-ouest de la capitale Bangui, et l&rsquo;autre \u00e0 Grimari, \u00e0 300 km au nord-est de la capitale.<\/p>\n<p><b>\u00ab\u00a0La solidarit\u00e9 de la France avec le peuple centrafricain\u00a0\u00bb<\/b><\/p>\n<p>Les assaillants ont attaqu\u00e9 un bourg de Bouar t\u00f4t dans la journ\u00e9e et de violents combats ont \u00e9t\u00e9 signal\u00e9s dans une base militaire. \u00ab\u00a0\u00c0 la demande du pr\u00e9sident Touadera, et en accord avec la Minusca (Mission multidimensionnelle int\u00e9gr\u00e9e des Nations unies pour la stabilisation en R\u00e9publique centrafricaine, NDLR), le pr\u00e9sident de la R\u00e9publique a ordonn\u00e9 la r\u00e9alisation d\u2019une seconde mission de survol du territoire centrafricain par des avions de chasse, apr\u00e8s celle effectu\u00e9e le 23 d\u00e9cembre\u00a0\u00bb, dit ce communiqu\u00e9.<\/p>\n<p>\u00ab\u00a0Elle marque la solidarit\u00e9 de la France avec le peuple centrafricain et sa condamnation de la poursuite des tentatives de d\u00e9stabiliser le pays men\u00e9es par des groupes arm\u00e9s.\u00a0\u00bb<\/p>\n<p>Selon des r\u00e9sultats provisoires diffus\u00e9s, lundi, par la commission \u00e9lectorale centrafricaine, Faustin-Archange Touadera a \u00e9t\u00e9 r\u00e9\u00e9lu avec pr\u00e8s de 54 % des voix d\u00e8s le premier tour de la pr\u00e9sidentielle du 27 d\u00e9cembre.<\/p>\n<p>L&rsquo;\u00e9lection a \u00e9t\u00e9 marqu\u00e9e par des offensives de groupes rebelles essayant de perturber le scrutin, apr\u00e8s le rejet de la candidature de l&rsquo;ancien pr\u00e9sident Fran\u00e7ois Boziz\u00e9. Le vote avait \u00e9t\u00e9 emp\u00each\u00e9 dans certaines villes apr\u00e8s des attaques et la destruction de mat\u00e9riel n\u00e9cessaire au vote.<\/p>\n<p><b>Condamnation de l\u2019\u00c9lys\u00e9e<\/b><\/p>\n<p>Fran\u00e7ois Boziz\u00e9 et certains de ses alli\u00e9s font l&rsquo;objet d&rsquo;une enqu\u00eate pour notamment r\u00e9bellion, assassinat et vol. Son parti a pr\u00e9c\u00e9demment rejet\u00e9 les accusations du gouvernement, selon lesquelles l&rsquo;ancien pr\u00e9sident pr\u00e9parait un coup d&rsquo;\u00c9tat, mais certains membres de sa formation ont laiss\u00e9 entendre qu&rsquo;ils collaboraient avec les rebelles.<\/p>\n<p>Emmanuel Macron \u00ab\u00a0a r\u00e9it\u00e9r\u00e9 sa ferme condamnation des tentatives des groupes arm\u00e9s et de certains leaders politiques, dont Fran\u00e7ois Boziz\u00e9, de saper les accords de paix et le processus \u00e9lectoral constitutionnel soutenus par la communaut\u00e9 internationale\u00a0\u00bb, dit le communiqu\u00e9 transmis samedi par l&rsquo;\u00c9lys\u00e9e.<\/p>\n<p>Riche en diamants, bois et or, l&rsquo;ancienne colonie fran\u00e7aise a \u00e9t\u00e9 secou\u00e9e par cinq coups d&rsquo;\u00c9tat et de nombreuses r\u00e9bellions depuis son ind\u00e9pendance en 1960.<\/p>\n<p>Les vagues successives de violences depuis le renversement de Fran\u00e7ois Boziz\u00e9 en 2013 ont fait des milliers de morts et contraint plus d&rsquo;un million de personnes \u00e0 fuir.<\/p>\n<p><b>Avec AFP<\/b><\/p>\n<p><span style=\"color: #ff6600\"><b>vid\u00e9o: <\/b><\/span><\/p>\n<p><iframe loading=\"lazy\" title=\"Des avions de chasse fran\u00e7ais ont effectu\u00e9 un deuxi\u00e8me survol de la Centrafrique\" width=\"696\" height=\"392\" src=\"https:\/\/www.youtube.com\/embed\/B4sn4dne7Ag?feature=oembed\" frameborder=\"0\" allow=\"accelerometer; autoplay; clipboard-write; encrypted-media; gyroscope; picture-in-picture\" allowfullscreen><\/iframe><\/p>\n","protected":false},"excerpt":{"rendered":"<p>Africa-Press &#8211; CentrAfricaine. Une seconde mission de survol de la R\u00e9publique centrafricaine a \u00e9t\u00e9 effectu\u00e9e, samedi, par l&rsquo;arm\u00e9e fran\u00e7aise, selon un communiqu\u00e9 de l&rsquo;\u00c9lys\u00e9e, alors que le pays traverse de nouvelles turbulences politiques. Une mission \u00e0 la demande de Faustin Archange Touadera. Des avions de chasse fran\u00e7ais ont effectu\u00e9, samedi 9 janvier, une seconde mission [&hellip;]<\/p>\n","protected":false},"author":82,"featured_media":2032,"comment_status":"open","ping_status":"closed","sticky":false,"template":"","format":"standard","meta":{"footnotes":""},"categories":[7,11,20,10,9],"tags":[36,58,30,41,66,48],"class_list":["post-2033","post","type-post","status-publish","format-standard","has-post-thumbnail","hentry","category-dossiers","category-homepage-french","category-top-nouvelles","category-toutes-les-actualites","category-video","tag-africa-press","tag-africa-press-centrafricaine","tag-centrafricaine","tag-centrafrique","tag-france","tag-minusca"],"yoast_head":"<!-- This site is optimized with the Yoast SEO Premium plugin v26.1 (Yoast SEO v27.0) - https:\/\/yoast.com\/product\/yoast-seo-premium-wordpress\/ -->\n<title>Des avions de chasse fran\u00e7ais ont effectu\u00e9 un deuxi\u00e8me survol de la Centrafrique - centrafricaine<\/title>\n<meta name=\"description\" content=\"Une seconde mission de survol de la R\u00e9publique centrafricaine a \u00e9t\u00e9 effectu\u00e9e, samedi, par l&#039;arm\u00e9e fran\u00e7aise, selon u ...\" \/>\n<meta name=\"robots\" content=\"index, follow, max-snippet:-1, max-image-preview:large, max-video-preview:-1\" \/>\n<link rel=\"canonical\" href=\"https:\/\/www.africa-press.net\/centrafricaine\/homepage-french\/des-avions-de-chasse-francais-ont-effectue-un-deuxieme-survol-de-la-centrafrique\" \/>\n<meta property=\"og:locale\" content=\"fr_FR\" \/>\n<meta property=\"og:type\" content=\"article\" \/>\n<meta property=\"og:title\" content=\"Des avions de chasse fran\u00e7ais ont effectu\u00e9 un deuxi\u00e8me survol de la Centrafrique\" \/>\n<meta property=\"og:description\" content=\"Une seconde mission de survol de la R\u00e9publique centrafricaine a \u00e9t\u00e9 effectu\u00e9e, samedi, par l&#039;arm\u00e9e fran\u00e7aise, selon u ...\" \/>\n<meta property=\"og:url\" content=\"https:\/\/www.africa-press.net\/centrafricaine\/homepage-french\/des-avions-de-chasse-francais-ont-effectue-un-deuxieme-survol-de-la-centrafrique\" \/>\n<meta property=\"og:site_name\" content=\"centrafricaine\" \/>\n<meta property=\"article:published_time\" content=\"2021-01-11T17:07:23+00:00\" \/>\n<meta property=\"article:modified_time\" content=\"2021-01-11T17:21:22+00:00\" \/>\n<meta property=\"og:image\" content=\"https:\/\/static.africa-press.net\/centrafricaine\/sites\/45\/2021\/01\/img-5ffc857b04945.jpg\" \/>\n\t<meta property=\"og:image:width\" content=\"1280\" \/>\n\t<meta property=\"og:image:height\" content=\"719\" \/>\n\t<meta property=\"og:image:type\" content=\"image\/jpeg\" \/>\n<meta name=\"author\" content=\"cfeditorfr\" \/>\n<meta name=\"twitter:card\" content=\"summary_large_image\" \/>\n<meta name=\"twitter:label1\" content=\"\u00c9crit par\" \/>\n\t<meta name=\"twitter:data1\" content=\"cfeditorfr\" \/>\n\t<meta name=\"twitter:label2\" content=\"Dur\u00e9e de lecture estim\u00e9e\" \/>\n\t<meta name=\"twitter:data2\" content=\"3 minutes\" \/>\n<script type=\"application\/ld+json\" class=\"yoast-schema-graph\">{\"@context\":\"https:\/\/schema.org\",\"@graph\":[{\"@type\":\"Article\",\"@id\":\"https:\/\/www.africa-press.net\/centrafricaine\/homepage-french\/des-avions-de-chasse-francais-ont-effectue-un-deuxieme-survol-de-la-centrafrique#article\",\"isPartOf\":{\"@id\":\"https:\/\/www.africa-press.net\/centrafricaine\/homepage-french\/des-avions-de-chasse-francais-ont-effectue-un-deuxieme-survol-de-la-centrafrique\"},\"author\":{\"name\":\"cfeditorfr\",\"@id\":\"https:\/\/www.africa-press.net\/centrafricaine\/#\/schema\/person\/2b1cf3cd81a31e3cd26889ca66d677f1\"},\"headline\":\"Des avions de chasse fran\u00e7ais ont effectu\u00e9 un deuxi\u00e8me survol de la Centrafrique\",\"datePublished\":\"2021-01-11T17:07:23+00:00\",\"dateModified\":\"2021-01-11T17:21:22+00:00\",\"mainEntityOfPage\":{\"@id\":\"https:\/\/www.africa-press.net\/centrafricaine\/homepage-french\/des-avions-de-chasse-francais-ont-effectue-un-deuxieme-survol-de-la-centrafrique\"},\"wordCount\":547,\"commentCount\":0,\"image\":{\"@id\":\"https:\/\/www.africa-press.net\/centrafricaine\/homepage-french\/des-avions-de-chasse-francais-ont-effectue-un-deuxieme-survol-de-la-centrafrique#primaryimage\"},\"thumbnailUrl\":\"https:\/\/static.africa-press.net\/centrafricaine\/sites\/45\/2021\/01\/img-5ffc857b04945.jpg\",\"keywords\":[\"Africa Press\",\"Africa Press-CentrAfricaine\",\"CentrAfricaine\",\"Centrafrique\",\"France\",\"Minusca\"],\"articleSection\":[\"Dossiers\",\"homepage-french\",\"Top Nouvelles\",\"Toutes les actualit\u00e9s\",\"vid\u00e9o\"],\"inLanguage\":\"fr-FR\",\"potentialAction\":[{\"@type\":\"CommentAction\",\"name\":\"Comment\",\"target\":[\"https:\/\/www.africa-press.net\/centrafricaine\/homepage-french\/des-avions-de-chasse-francais-ont-effectue-un-deuxieme-survol-de-la-centrafrique#respond\"]}]},{\"@type\":\"WebPage\",\"@id\":\"https:\/\/www.africa-press.net\/centrafricaine\/homepage-french\/des-avions-de-chasse-francais-ont-effectue-un-deuxieme-survol-de-la-centrafrique\",\"url\":\"https:\/\/www.africa-press.net\/centrafricaine\/homepage-french\/des-avions-de-chasse-francais-ont-effectue-un-deuxieme-survol-de-la-centrafrique\",\"name\":\"Des avions de chasse fran\u00e7ais ont effectu\u00e9 un deuxi\u00e8me survol de la Centrafrique - centrafricaine\",\"isPartOf\":{\"@id\":\"https:\/\/www.africa-press.net\/centrafricaine\/#website\"},\"primaryImageOfPage\":{\"@id\":\"https:\/\/www.africa-press.net\/centrafricaine\/homepage-french\/des-avions-de-chasse-francais-ont-effectue-un-deuxieme-survol-de-la-centrafrique#primaryimage\"},\"image\":{\"@id\":\"https:\/\/www.africa-press.net\/centrafricaine\/homepage-french\/des-avions-de-chasse-francais-ont-effectue-un-deuxieme-survol-de-la-centrafrique#primaryimage\"},\"thumbnailUrl\":\"https:\/\/static.africa-press.net\/centrafricaine\/sites\/45\/2021\/01\/img-5ffc857b04945.jpg\",\"datePublished\":\"2021-01-11T17:07:23+00:00\",\"dateModified\":\"2021-01-11T17:21:22+00:00\",\"author\":{\"@id\":\"https:\/\/www.africa-press.net\/centrafricaine\/#\/schema\/person\/2b1cf3cd81a31e3cd26889ca66d677f1\"},\"description\":\"Une seconde mission de survol de la R\u00e9publique centrafricaine a \u00e9t\u00e9 effectu\u00e9e, samedi, par l'arm\u00e9e fran\u00e7aise, selon u ...\",\"breadcrumb\":{\"@id\":\"https:\/\/www.africa-press.net\/centrafricaine\/homepage-french\/des-avions-de-chasse-francais-ont-effectue-un-deuxieme-survol-de-la-centrafrique#breadcrumb\"},\"inLanguage\":\"fr-FR\",\"potentialAction\":[{\"@type\":\"ReadAction\",\"target\":[\"https:\/\/www.africa-press.net\/centrafricaine\/homepage-french\/des-avions-de-chasse-francais-ont-effectue-un-deuxieme-survol-de-la-centrafrique\"]}]},{\"@type\":\"ImageObject\",\"inLanguage\":\"fr-FR\",\"@id\":\"https:\/\/www.africa-press.net\/centrafricaine\/homepage-french\/des-avions-de-chasse-francais-ont-effectue-un-deuxieme-survol-de-la-centrafrique#primaryimage\",\"url\":\"https:\/\/static.africa-press.net\/centrafricaine\/sites\/45\/2021\/01\/img-5ffc857b04945.jpg\",\"contentUrl\":\"https:\/\/static.africa-press.net\/centrafricaine\/sites\/45\/2021\/01\/img-5ffc857b04945.jpg\",\"width\":1280,\"height\":719,\"caption\":\"Des avions de chasse fran\u00e7ais ont effectu\u00e9 un deuxi\u00e8me survol de la Centrafrique\"},{\"@type\":\"BreadcrumbList\",\"@id\":\"https:\/\/www.africa-press.net\/centrafricaine\/homepage-french\/des-avions-de-chasse-francais-ont-effectue-un-deuxieme-survol-de-la-centrafrique#breadcrumb\",\"itemListElement\":[{\"@type\":\"ListItem\",\"position\":1,\"name\":\"Accueil\",\"item\":\"https:\/\/www.africa-press.net\/centrafricaine\/\"},{\"@type\":\"ListItem\",\"position\":2,\"name\":\"Des avions de chasse fran\u00e7ais ont effectu\u00e9 un deuxi\u00e8me survol de la Centrafrique\"}]},{\"@type\":\"WebSite\",\"@id\":\"https:\/\/www.africa-press.net\/centrafricaine\/#website\",\"url\":\"https:\/\/www.africa-press.net\/centrafricaine\/\",\"name\":\"centrafricaine\",\"description\":\"Just another Africa News Agency Sites site\",\"potentialAction\":[{\"@type\":\"SearchAction\",\"target\":{\"@type\":\"EntryPoint\",\"urlTemplate\":\"https:\/\/www.africa-press.net\/centrafricaine\/?s={search_term_string}\"},\"query-input\":{\"@type\":\"PropertyValueSpecification\",\"valueRequired\":true,\"valueName\":\"search_term_string\"}}],\"inLanguage\":\"fr-FR\"},{\"@type\":\"Person\",\"@id\":\"https:\/\/www.africa-press.net\/centrafricaine\/#\/schema\/person\/2b1cf3cd81a31e3cd26889ca66d677f1\",\"name\":\"cfeditorfr\"}]}<\/script>\n<!-- \/ Yoast SEO Premium plugin. -->","yoast_head_json":{"title":"Des avions de chasse fran\u00e7ais ont effectu\u00e9 un deuxi\u00e8me survol de la Centrafrique - centrafricaine","description":"Une seconde mission de survol de la R\u00e9publique centrafricaine a \u00e9t\u00e9 effectu\u00e9e, samedi, par l'arm\u00e9e fran\u00e7aise, selon u ...","robots":{"index":"index","follow":"follow","max-snippet":"max-snippet:-1","max-image-preview":"max-image-preview:large","max-video-preview":"max-video-preview:-1"},"canonical":"https:\/\/www.africa-press.net\/centrafricaine\/homepage-french\/des-avions-de-chasse-francais-ont-effectue-un-deuxieme-survol-de-la-centrafrique","og_locale":"fr_FR","og_type":"article","og_title":"Des avions de chasse fran\u00e7ais ont effectu\u00e9 un deuxi\u00e8me survol de la Centrafrique","og_description":"Une seconde mission de survol de la R\u00e9publique centrafricaine a \u00e9t\u00e9 effectu\u00e9e, samedi, par l'arm\u00e9e fran\u00e7aise, selon u ...","og_url":"https:\/\/www.africa-press.net\/centrafricaine\/homepage-french\/des-avions-de-chasse-francais-ont-effectue-un-deuxieme-survol-de-la-centrafrique","og_site_name":"centrafricaine","article_published_time":"2021-01-11T17:07:23+00:00","article_modified_time":"2021-01-11T17:21:22+00:00","og_image":[{"width":1280,"height":719,"url":"https:\/\/static.africa-press.net\/centrafricaine\/sites\/45\/2021\/01\/img-5ffc857b04945.jpg","type":"image\/jpeg"}],"author":"cfeditorfr","twitter_card":"summary_large_image","twitter_misc":{"\u00c9crit par":"cfeditorfr","Dur\u00e9e de lecture estim\u00e9e":"3 minutes"},"schema":{"@context":"https:\/\/schema.org","@graph":[{"@type":"Article","@id":"https:\/\/www.africa-press.net\/centrafricaine\/homepage-french\/des-avions-de-chasse-francais-ont-effectue-un-deuxieme-survol-de-la-centrafrique#article","isPartOf":{"@id":"https:\/\/www.africa-press.net\/centrafricaine\/homepage-french\/des-avions-de-chasse-francais-ont-effectue-un-deuxieme-survol-de-la-centrafrique"},"author":{"name":"cfeditorfr","@id":"https:\/\/www.africa-press.net\/centrafricaine\/#\/schema\/person\/2b1cf3cd81a31e3cd26889ca66d677f1"},"headline":"Des avions de chasse fran\u00e7ais ont effectu\u00e9 un deuxi\u00e8me survol de la Centrafrique","datePublished":"2021-01-11T17:07:23+00:00","dateModified":"2021-01-11T17:21:22+00:00","mainEntityOfPage":{"@id":"https:\/\/www.africa-press.net\/centrafricaine\/homepage-french\/des-avions-de-chasse-francais-ont-effectue-un-deuxieme-survol-de-la-centrafrique"},"wordCount":547,"commentCount":0,"image":{"@id":"https:\/\/www.africa-press.net\/centrafricaine\/homepage-french\/des-avions-de-chasse-francais-ont-effectue-un-deuxieme-survol-de-la-centrafrique#primaryimage"},"thumbnailUrl":"https:\/\/static.africa-press.net\/centrafricaine\/sites\/45\/2021\/01\/img-5ffc857b04945.jpg","keywords":["Africa Press","Africa Press-CentrAfricaine","CentrAfricaine","Centrafrique","France","Minusca"],"articleSection":["Dossiers","homepage-french","Top Nouvelles","Toutes les actualit\u00e9s","vid\u00e9o"],"inLanguage":"fr-FR","potentialAction":[{"@type":"CommentAction","name":"Comment","target":["https:\/\/www.africa-press.net\/centrafricaine\/homepage-french\/des-avions-de-chasse-francais-ont-effectue-un-deuxieme-survol-de-la-centrafrique#respond"]}]},{"@type":"WebPage","@id":"https:\/\/www.africa-press.net\/centrafricaine\/homepage-french\/des-avions-de-chasse-francais-ont-effectue-un-deuxieme-survol-de-la-centrafrique","url":"https:\/\/www.africa-press.net\/centrafricaine\/homepage-french\/des-avions-de-chasse-francais-ont-effectue-un-deuxieme-survol-de-la-centrafrique","name":"Des avions de chasse fran\u00e7ais ont effectu\u00e9 un deuxi\u00e8me survol de la Centrafrique - centrafricaine","isPartOf":{"@id":"https:\/\/www.africa-press.net\/centrafricaine\/#website"},"primaryImageOfPage":{"@id":"https:\/\/www.africa-press.net\/centrafricaine\/homepage-french\/des-avions-de-chasse-francais-ont-effectue-un-deuxieme-survol-de-la-centrafrique#primaryimage"},"image":{"@id":"https:\/\/www.africa-press.net\/centrafricaine\/homepage-french\/des-avions-de-chasse-francais-ont-effectue-un-deuxieme-survol-de-la-centrafrique#primaryimage"},"thumbnailUrl":"https:\/\/static.africa-press.net\/centrafricaine\/sites\/45\/2021\/01\/img-5ffc857b04945.jpg","datePublished":"2021-01-11T17:07:23+00:00","dateModified":"2021-01-11T17:21:22+00:00","author":{"@id":"https:\/\/www.africa-press.net\/centrafricaine\/#\/schema\/person\/2b1cf3cd81a31e3cd26889ca66d677f1"},"description":"Une seconde mission de survol de la R\u00e9publique centrafricaine a \u00e9t\u00e9 effectu\u00e9e, samedi, par l'arm\u00e9e fran\u00e7aise, selon u ...","breadcrumb":{"@id":"https:\/\/www.africa-press.net\/centrafricaine\/homepage-french\/des-avions-de-chasse-francais-ont-effectue-un-deuxieme-survol-de-la-centrafrique#breadcrumb"},"inLanguage":"fr-FR","potentialAction":[{"@type":"ReadAction","target":["https:\/\/www.africa-press.net\/centrafricaine\/homepage-french\/des-avions-de-chasse-francais-ont-effectue-un-deuxieme-survol-de-la-centrafrique"]}]},{"@type":"ImageObject","inLanguage":"fr-FR","@id":"https:\/\/www.africa-press.net\/centrafricaine\/homepage-french\/des-avions-de-chasse-francais-ont-effectue-un-deuxieme-survol-de-la-centrafrique#primaryimage","url":"https:\/\/static.africa-press.net\/centrafricaine\/sites\/45\/2021\/01\/img-5ffc857b04945.jpg","contentUrl":"https:\/\/static.africa-press.net\/centrafricaine\/sites\/45\/2021\/01\/img-5ffc857b04945.jpg","width":1280,"height":719,"caption":"Des avions de chasse fran\u00e7ais ont effectu\u00e9 un deuxi\u00e8me survol de la Centrafrique"},{"@type":"BreadcrumbList","@id":"https:\/\/www.africa-press.net\/centrafricaine\/homepage-french\/des-avions-de-chasse-francais-ont-effectue-un-deuxieme-survol-de-la-centrafrique#breadcrumb","itemListElement":[{"@type":"ListItem","position":1,"name":"Accueil","item":"https:\/\/www.africa-press.net\/centrafricaine\/"},{"@type":"ListItem","position":2,"name":"Des avions de chasse fran\u00e7ais ont effectu\u00e9 un deuxi\u00e8me survol de la Centrafrique"}]},{"@type":"WebSite","@id":"https:\/\/www.africa-press.net\/centrafricaine\/#website","url":"https:\/\/www.africa-press.net\/centrafricaine\/","name":"centrafricaine","description":"Just another Africa News Agency Sites site","potentialAction":[{"@type":"SearchAction","target":{"@type":"EntryPoint","urlTemplate":"https:\/\/www.africa-press.net\/centrafricaine\/?s={search_term_string}"},"query-input":{"@type":"PropertyValueSpecification","valueRequired":true,"valueName":"search_term_string"}}],"inLanguage":"fr-FR"},{"@type":"Person","@id":"https:\/\/www.africa-press.net\/centrafricaine\/#\/schema\/person\/2b1cf3cd81a31e3cd26889ca66d677f1","name":"cfeditorfr"}]}},"_links":{"self":[{"href":"https:\/\/www.africa-press.net\/centrafricaine\/wp-json\/wp\/v2\/posts\/2033","targetHints":{"allow":["GET"]}}],"collection":[{"href":"https:\/\/www.africa-press.net\/centrafricaine\/wp-json\/wp\/v2\/posts"}],"about":[{"href":"https:\/\/www.africa-press.net\/centrafricaine\/wp-json\/wp\/v2\/types\/post"}],"author":[{"embeddable":true,"href":"https:\/\/www.africa-press.net\/centrafricaine\/wp-json\/wp\/v2\/users\/82"}],"replies":[{"embeddable":true,"href":"https:\/\/www.africa-press.net\/centrafricaine\/wp-json\/wp\/v2\/comments?post=2033"}],"version-history":[{"count":0,"href":"https:\/\/www.africa-press.net\/centrafricaine\/wp-json\/wp\/v2\/posts\/2033\/revisions"}],"wp:featuredmedia":[{"embeddable":true,"href":"https:\/\/www.africa-press.net\/centrafricaine\/wp-json\/wp\/v2\/media\/2032"}],"wp:attachment":[{"href":"https:\/\/www.africa-press.net\/centrafricaine\/wp-json\/wp\/v2\/media?parent=2033"}],"wp:term":[{"taxonomy":"category","embeddable":true,"href":"https:\/\/www.africa-press.net\/centrafricaine\/wp-json\/wp\/v2\/categories?post=2033"},{"taxonomy":"post_tag","embeddable":true,"href":"https:\/\/www.africa-press.net\/centrafricaine\/wp-json\/wp\/v2\/tags?post=2033"}],"curies":[{"name":"wp","href":"https:\/\/api.w.org\/{rel}","templated":true}]}}