{"id":20593,"date":"2022-04-01T14:21:02","date_gmt":"2022-04-01T14:21:02","guid":{"rendered":"https:\/\/www.africa-press.net\/centrafricaine\/politique\/le-ministere-des-finances-entend-redynamiser-son-systeme-de-communication"},"modified":"2022-04-01T14:41:54","modified_gmt":"2022-04-01T14:41:54","slug":"le-ministere-des-finances-entend-redynamiser-son-systeme-de-communication","status":"publish","type":"post","link":"https:\/\/www.africa-press.net\/centrafricaine\/economie\/le-ministere-des-finances-entend-redynamiser-son-systeme-de-communication","title":{"rendered":"le minist\u00e8re des finances entend redynamiser son syst\u00e8me de communication"},"content":{"rendered":"<p><span style=\"color: #ff6600\"><strong>Africa-Press &#8211; CentrAfricaine. <\/strong><\/span>Dans un \u00e9lan de rendre plus performante l\u2019image du d\u00e9partement, le minist\u00e8re des finances et du budget entend redynamiser son service de communication. Avec une nouvelle charte graphique, le minist\u00e8re des finances et du budget veut changer les choses pour mettre \u00e0 la disposition du public les actions de l\u2019Etat en termes de finances.<\/p>\n<p>Avec la nouvelle charte graphique pr\u00e9sent\u00e9e lors d\u2019une r\u00e9union le mardi 29 mars, le ministre des finances et du budget pr\u00e9sid\u00e9e, Herv\u00e9 Ndoba, veut provoquer le remodelage du site internet et la remise \u00e0 niveau de l\u2019image de son minist\u00e8re sur les r\u00e9seaux sociaux.<\/p>\n<p>L\u2019objectif est de pr\u00e9senter aux cadres de son d\u00e9partement, la nouvelle charte graphique pendant cette r\u00e9union qui a regroup\u00e9 les cadres et une \u00e9quipe d\u2019expert en la mati\u00e8re du groupe AG-Partners venue du TOGO.<\/p>\n<p>Selon le membre du gouvernement, dans un contexte \u00e9conomique et financier aussi difficile o\u00f9 il est cruciale d\u2019atteindre les objectif fix\u00e9s dans le cadre des reformes des finances publiques, la communication s\u2019impose comme une fonction strat\u00e9gique \u00e0 plusieurs angles comme mode d\u2019accompagnement permanent de l\u2019action publique d\u2019un Etat :<\/p>\n<p>\u00ab La communication publique est pour l\u2019Etat, une fonction strat\u00e9gie \u00e0 plusieurs titres. C\u2019est avec elle qu\u2019il r\u00e9pond \u00e0 ses obligations d\u2019information du citoyen sur les donn\u00e9es et actions publiques. C\u2019est gr\u00e2ce \u00e0 elle qu\u2019il peut sensibiliser le citoyen \u00e0 certaines causes d\u2019int\u00e9r\u00eats publics. Et enfin, elle est au c\u0153ur de sa politique d\u2019image \u00bb, a avanc\u00e9 l\u2019argentier centrafricain.<\/p>\n<p>Apr\u00e8s la pr\u00e9sentation et amendement de la nouvelle charte graphique, le groupe AG-Partners, venu pour la circonstance, a donn\u00e9 des orientations visant \u00e0 renforcer la communication dudit minist\u00e8re. Pr\u00e9cisant par ailleurs que le groupe AG-Partners qui regroupe plus de 63 agences est un r\u00e9seau d\u2019agence conseil en communication pr\u00e9sente dans 36 pays du continent africain.<\/p>\n<p><strong>Pour plus d&rsquo;informations et d&rsquo;analyses sur la <a href=\"https:\/\/www.africa-press.net\/centrafricaine\">CentrAfricaine<\/a>, suivez <a href=\"https:\/\/www.africa-press.net\/\">Africa-Press<\/a><\/strong><\/p>\n","protected":false},"excerpt":{"rendered":"<p>Africa-Press &#8211; CentrAfricaine. Dans un \u00e9lan de rendre plus performante l\u2019image du d\u00e9partement, le minist\u00e8re des finances et du budget entend redynamiser son service de communication. Avec une nouvelle charte graphique, le minist\u00e8re des finances et du budget veut changer les choses pour mettre \u00e0 la disposition du public les actions de l\u2019Etat en termes [&hellip;]<\/p>\n","protected":false},"author":82,"featured_media":20592,"comment_status":"open","ping_status":"closed","sticky":false,"template":"","format":"standard","meta":{"footnotes":""},"categories":[3,11,10],"tags":[36,58,2080,30,41,2079,2078,2081],"class_list":["post-20593","post","type-post","status-publish","format-standard","has-post-thumbnail","hentry","category-economie","category-homepage-french","category-toutes-les-actualites","tag-africa-press","tag-africa-press-centrafricaine","tag-ag-partners","tag-centrafricaine","tag-centrafrique","tag-communication","tag-ministere-des-finances","tag-redynamisation"],"yoast_head":"<!-- This site is optimized with the Yoast SEO Premium plugin v26.1 (Yoast SEO v27.0) - https:\/\/yoast.com\/product\/yoast-seo-premium-wordpress\/ -->\n<title>le minist\u00e8re des finances entend redynamiser son syst\u00e8me de communication - centrafricaine<\/title>\n<meta name=\"description\" content=\"Dans un \u00e9lan de rendre plus performante l\u2019image du d\u00e9partement, le minist\u00e8re des finances et du budget entend redynamise ...\" \/>\n<meta name=\"robots\" content=\"index, follow, max-snippet:-1, max-image-preview:large, max-video-preview:-1\" \/>\n<link rel=\"canonical\" href=\"https:\/\/www.africa-press.net\/centrafricaine\/economie\/le-ministere-des-finances-entend-redynamiser-son-systeme-de-communication\" \/>\n<meta property=\"og:locale\" content=\"fr_FR\" \/>\n<meta property=\"og:type\" content=\"article\" \/>\n<meta property=\"og:title\" content=\"le minist\u00e8re des finances entend redynamiser son syst\u00e8me de communication\" \/>\n<meta property=\"og:description\" content=\"Dans un \u00e9lan de rendre plus performante l\u2019image du d\u00e9partement, le minist\u00e8re des finances et du budget entend redynamise ...\" \/>\n<meta property=\"og:url\" content=\"https:\/\/www.africa-press.net\/centrafricaine\/economie\/le-ministere-des-finances-entend-redynamiser-son-systeme-de-communication\" \/>\n<meta property=\"og:site_name\" content=\"centrafricaine\" \/>\n<meta property=\"article:published_time\" content=\"2022-04-01T14:21:02+00:00\" \/>\n<meta property=\"article:modified_time\" content=\"2022-04-01T14:41:54+00:00\" \/>\n<meta property=\"og:image\" content=\"https:\/\/static.africa-press.net\/centrafricaine\/sites\/45\/2022\/04\/img-62470f146b8c1.jpg\" \/>\n\t<meta property=\"og:image:width\" content=\"720\" \/>\n\t<meta property=\"og:image:height\" content=\"480\" \/>\n\t<meta property=\"og:image:type\" content=\"image\/jpeg\" \/>\n<meta name=\"author\" content=\"cfeditorfr\" \/>\n<meta name=\"twitter:card\" content=\"summary_large_image\" \/>\n<meta name=\"twitter:label1\" content=\"\u00c9crit par\" \/>\n\t<meta name=\"twitter:data1\" content=\"cfeditorfr\" \/>\n\t<meta name=\"twitter:label2\" content=\"Dur\u00e9e de lecture estim\u00e9e\" \/>\n\t<meta name=\"twitter:data2\" content=\"2 minutes\" \/>\n<script type=\"application\/ld+json\" class=\"yoast-schema-graph\">{\"@context\":\"https:\/\/schema.org\",\"@graph\":[{\"@type\":\"Article\",\"@id\":\"https:\/\/www.africa-press.net\/centrafricaine\/economie\/le-ministere-des-finances-entend-redynamiser-son-systeme-de-communication#article\",\"isPartOf\":{\"@id\":\"https:\/\/www.africa-press.net\/centrafricaine\/economie\/le-ministere-des-finances-entend-redynamiser-son-systeme-de-communication\"},\"author\":{\"name\":\"cfeditorfr\",\"@id\":\"https:\/\/www.africa-press.net\/centrafricaine\/#\/schema\/person\/2b1cf3cd81a31e3cd26889ca66d677f1\"},\"headline\":\"le minist\u00e8re des finances entend redynamiser son syst\u00e8me de communication\",\"datePublished\":\"2022-04-01T14:21:02+00:00\",\"dateModified\":\"2022-04-01T14:41:54+00:00\",\"mainEntityOfPage\":{\"@id\":\"https:\/\/www.africa-press.net\/centrafricaine\/economie\/le-ministere-des-finances-entend-redynamiser-son-systeme-de-communication\"},\"wordCount\":358,\"commentCount\":0,\"image\":{\"@id\":\"https:\/\/www.africa-press.net\/centrafricaine\/economie\/le-ministere-des-finances-entend-redynamiser-son-systeme-de-communication#primaryimage\"},\"thumbnailUrl\":\"https:\/\/static.africa-press.net\/centrafricaine\/sites\/45\/2022\/04\/img-62470f146b8c1.jpg\",\"keywords\":[\"Africa Press\",\"Africa Press-CentrAfricaine\",\"AG-Partners\",\"CentrAfricaine\",\"Centrafrique\",\"communication\",\"Minist\u00e8re des finances\",\"redynamisation\"],\"articleSection\":[\"\u00c9conomie\",\"homepage-french\",\"Toutes les actualit\u00e9s\"],\"inLanguage\":\"fr-FR\",\"potentialAction\":[{\"@type\":\"CommentAction\",\"name\":\"Comment\",\"target\":[\"https:\/\/www.africa-press.net\/centrafricaine\/economie\/le-ministere-des-finances-entend-redynamiser-son-systeme-de-communication#respond\"]}]},{\"@type\":\"WebPage\",\"@id\":\"https:\/\/www.africa-press.net\/centrafricaine\/economie\/le-ministere-des-finances-entend-redynamiser-son-systeme-de-communication\",\"url\":\"https:\/\/www.africa-press.net\/centrafricaine\/economie\/le-ministere-des-finances-entend-redynamiser-son-systeme-de-communication\",\"name\":\"le minist\u00e8re des finances entend redynamiser son syst\u00e8me de communication - centrafricaine\",\"isPartOf\":{\"@id\":\"https:\/\/www.africa-press.net\/centrafricaine\/#website\"},\"primaryImageOfPage\":{\"@id\":\"https:\/\/www.africa-press.net\/centrafricaine\/economie\/le-ministere-des-finances-entend-redynamiser-son-systeme-de-communication#primaryimage\"},\"image\":{\"@id\":\"https:\/\/www.africa-press.net\/centrafricaine\/economie\/le-ministere-des-finances-entend-redynamiser-son-systeme-de-communication#primaryimage\"},\"thumbnailUrl\":\"https:\/\/static.africa-press.net\/centrafricaine\/sites\/45\/2022\/04\/img-62470f146b8c1.jpg\",\"datePublished\":\"2022-04-01T14:21:02+00:00\",\"dateModified\":\"2022-04-01T14:41:54+00:00\",\"author\":{\"@id\":\"https:\/\/www.africa-press.net\/centrafricaine\/#\/schema\/person\/2b1cf3cd81a31e3cd26889ca66d677f1\"},\"description\":\"Dans un \u00e9lan de rendre plus performante l\u2019image du d\u00e9partement, le minist\u00e8re des finances et du budget entend redynamise ...\",\"breadcrumb\":{\"@id\":\"https:\/\/www.africa-press.net\/centrafricaine\/economie\/le-ministere-des-finances-entend-redynamiser-son-systeme-de-communication#breadcrumb\"},\"inLanguage\":\"fr-FR\",\"potentialAction\":[{\"@type\":\"ReadAction\",\"target\":[\"https:\/\/www.africa-press.net\/centrafricaine\/economie\/le-ministere-des-finances-entend-redynamiser-son-systeme-de-communication\"]}]},{\"@type\":\"ImageObject\",\"inLanguage\":\"fr-FR\",\"@id\":\"https:\/\/www.africa-press.net\/centrafricaine\/economie\/le-ministere-des-finances-entend-redynamiser-son-systeme-de-communication#primaryimage\",\"url\":\"https:\/\/static.africa-press.net\/centrafricaine\/sites\/45\/2022\/04\/img-62470f146b8c1.jpg\",\"contentUrl\":\"https:\/\/static.africa-press.net\/centrafricaine\/sites\/45\/2022\/04\/img-62470f146b8c1.jpg\",\"width\":720,\"height\":480,\"caption\":\"le minist\u00e8re des finances entend redynamiser son syst\u00e8me de communication\"},{\"@type\":\"BreadcrumbList\",\"@id\":\"https:\/\/www.africa-press.net\/centrafricaine\/economie\/le-ministere-des-finances-entend-redynamiser-son-systeme-de-communication#breadcrumb\",\"itemListElement\":[{\"@type\":\"ListItem\",\"position\":1,\"name\":\"Accueil\",\"item\":\"https:\/\/www.africa-press.net\/centrafricaine\/\"},{\"@type\":\"ListItem\",\"position\":2,\"name\":\"le minist\u00e8re des finances entend redynamiser son syst\u00e8me de communication\"}]},{\"@type\":\"WebSite\",\"@id\":\"https:\/\/www.africa-press.net\/centrafricaine\/#website\",\"url\":\"https:\/\/www.africa-press.net\/centrafricaine\/\",\"name\":\"centrafricaine\",\"description\":\"Just another Africa News Agency Sites site\",\"potentialAction\":[{\"@type\":\"SearchAction\",\"target\":{\"@type\":\"EntryPoint\",\"urlTemplate\":\"https:\/\/www.africa-press.net\/centrafricaine\/?s={search_term_string}\"},\"query-input\":{\"@type\":\"PropertyValueSpecification\",\"valueRequired\":true,\"valueName\":\"search_term_string\"}}],\"inLanguage\":\"fr-FR\"},{\"@type\":\"Person\",\"@id\":\"https:\/\/www.africa-press.net\/centrafricaine\/#\/schema\/person\/2b1cf3cd81a31e3cd26889ca66d677f1\",\"name\":\"cfeditorfr\"}]}<\/script>\n<!-- \/ Yoast SEO Premium plugin. -->","yoast_head_json":{"title":"le minist\u00e8re des finances entend redynamiser son syst\u00e8me de communication - centrafricaine","description":"Dans un \u00e9lan de rendre plus performante l\u2019image du d\u00e9partement, le minist\u00e8re des finances et du budget entend redynamise ...","robots":{"index":"index","follow":"follow","max-snippet":"max-snippet:-1","max-image-preview":"max-image-preview:large","max-video-preview":"max-video-preview:-1"},"canonical":"https:\/\/www.africa-press.net\/centrafricaine\/economie\/le-ministere-des-finances-entend-redynamiser-son-systeme-de-communication","og_locale":"fr_FR","og_type":"article","og_title":"le minist\u00e8re des finances entend redynamiser son syst\u00e8me de communication","og_description":"Dans un \u00e9lan de rendre plus performante l\u2019image du d\u00e9partement, le minist\u00e8re des finances et du budget entend redynamise ...","og_url":"https:\/\/www.africa-press.net\/centrafricaine\/economie\/le-ministere-des-finances-entend-redynamiser-son-systeme-de-communication","og_site_name":"centrafricaine","article_published_time":"2022-04-01T14:21:02+00:00","article_modified_time":"2022-04-01T14:41:54+00:00","og_image":[{"width":720,"height":480,"url":"https:\/\/static.africa-press.net\/centrafricaine\/sites\/45\/2022\/04\/img-62470f146b8c1.jpg","type":"image\/jpeg"}],"author":"cfeditorfr","twitter_card":"summary_large_image","twitter_misc":{"\u00c9crit par":"cfeditorfr","Dur\u00e9e de lecture estim\u00e9e":"2 minutes"},"schema":{"@context":"https:\/\/schema.org","@graph":[{"@type":"Article","@id":"https:\/\/www.africa-press.net\/centrafricaine\/economie\/le-ministere-des-finances-entend-redynamiser-son-systeme-de-communication#article","isPartOf":{"@id":"https:\/\/www.africa-press.net\/centrafricaine\/economie\/le-ministere-des-finances-entend-redynamiser-son-systeme-de-communication"},"author":{"name":"cfeditorfr","@id":"https:\/\/www.africa-press.net\/centrafricaine\/#\/schema\/person\/2b1cf3cd81a31e3cd26889ca66d677f1"},"headline":"le minist\u00e8re des finances entend redynamiser son syst\u00e8me de communication","datePublished":"2022-04-01T14:21:02+00:00","dateModified":"2022-04-01T14:41:54+00:00","mainEntityOfPage":{"@id":"https:\/\/www.africa-press.net\/centrafricaine\/economie\/le-ministere-des-finances-entend-redynamiser-son-systeme-de-communication"},"wordCount":358,"commentCount":0,"image":{"@id":"https:\/\/www.africa-press.net\/centrafricaine\/economie\/le-ministere-des-finances-entend-redynamiser-son-systeme-de-communication#primaryimage"},"thumbnailUrl":"https:\/\/static.africa-press.net\/centrafricaine\/sites\/45\/2022\/04\/img-62470f146b8c1.jpg","keywords":["Africa Press","Africa Press-CentrAfricaine","AG-Partners","CentrAfricaine","Centrafrique","communication","Minist\u00e8re des finances","redynamisation"],"articleSection":["\u00c9conomie","homepage-french","Toutes les actualit\u00e9s"],"inLanguage":"fr-FR","potentialAction":[{"@type":"CommentAction","name":"Comment","target":["https:\/\/www.africa-press.net\/centrafricaine\/economie\/le-ministere-des-finances-entend-redynamiser-son-systeme-de-communication#respond"]}]},{"@type":"WebPage","@id":"https:\/\/www.africa-press.net\/centrafricaine\/economie\/le-ministere-des-finances-entend-redynamiser-son-systeme-de-communication","url":"https:\/\/www.africa-press.net\/centrafricaine\/economie\/le-ministere-des-finances-entend-redynamiser-son-systeme-de-communication","name":"le minist\u00e8re des finances entend redynamiser son syst\u00e8me de communication - centrafricaine","isPartOf":{"@id":"https:\/\/www.africa-press.net\/centrafricaine\/#website"},"primaryImageOfPage":{"@id":"https:\/\/www.africa-press.net\/centrafricaine\/economie\/le-ministere-des-finances-entend-redynamiser-son-systeme-de-communication#primaryimage"},"image":{"@id":"https:\/\/www.africa-press.net\/centrafricaine\/economie\/le-ministere-des-finances-entend-redynamiser-son-systeme-de-communication#primaryimage"},"thumbnailUrl":"https:\/\/static.africa-press.net\/centrafricaine\/sites\/45\/2022\/04\/img-62470f146b8c1.jpg","datePublished":"2022-04-01T14:21:02+00:00","dateModified":"2022-04-01T14:41:54+00:00","author":{"@id":"https:\/\/www.africa-press.net\/centrafricaine\/#\/schema\/person\/2b1cf3cd81a31e3cd26889ca66d677f1"},"description":"Dans un \u00e9lan de rendre plus performante l\u2019image du d\u00e9partement, le minist\u00e8re des finances et du budget entend redynamise ...","breadcrumb":{"@id":"https:\/\/www.africa-press.net\/centrafricaine\/economie\/le-ministere-des-finances-entend-redynamiser-son-systeme-de-communication#breadcrumb"},"inLanguage":"fr-FR","potentialAction":[{"@type":"ReadAction","target":["https:\/\/www.africa-press.net\/centrafricaine\/economie\/le-ministere-des-finances-entend-redynamiser-son-systeme-de-communication"]}]},{"@type":"ImageObject","inLanguage":"fr-FR","@id":"https:\/\/www.africa-press.net\/centrafricaine\/economie\/le-ministere-des-finances-entend-redynamiser-son-systeme-de-communication#primaryimage","url":"https:\/\/static.africa-press.net\/centrafricaine\/sites\/45\/2022\/04\/img-62470f146b8c1.jpg","contentUrl":"https:\/\/static.africa-press.net\/centrafricaine\/sites\/45\/2022\/04\/img-62470f146b8c1.jpg","width":720,"height":480,"caption":"le minist\u00e8re des finances entend redynamiser son syst\u00e8me de communication"},{"@type":"BreadcrumbList","@id":"https:\/\/www.africa-press.net\/centrafricaine\/economie\/le-ministere-des-finances-entend-redynamiser-son-systeme-de-communication#breadcrumb","itemListElement":[{"@type":"ListItem","position":1,"name":"Accueil","item":"https:\/\/www.africa-press.net\/centrafricaine\/"},{"@type":"ListItem","position":2,"name":"le minist\u00e8re des finances entend redynamiser son syst\u00e8me de communication"}]},{"@type":"WebSite","@id":"https:\/\/www.africa-press.net\/centrafricaine\/#website","url":"https:\/\/www.africa-press.net\/centrafricaine\/","name":"centrafricaine","description":"Just another Africa News Agency Sites site","potentialAction":[{"@type":"SearchAction","target":{"@type":"EntryPoint","urlTemplate":"https:\/\/www.africa-press.net\/centrafricaine\/?s={search_term_string}"},"query-input":{"@type":"PropertyValueSpecification","valueRequired":true,"valueName":"search_term_string"}}],"inLanguage":"fr-FR"},{"@type":"Person","@id":"https:\/\/www.africa-press.net\/centrafricaine\/#\/schema\/person\/2b1cf3cd81a31e3cd26889ca66d677f1","name":"cfeditorfr"}]}},"_links":{"self":[{"href":"https:\/\/www.africa-press.net\/centrafricaine\/wp-json\/wp\/v2\/posts\/20593","targetHints":{"allow":["GET"]}}],"collection":[{"href":"https:\/\/www.africa-press.net\/centrafricaine\/wp-json\/wp\/v2\/posts"}],"about":[{"href":"https:\/\/www.africa-press.net\/centrafricaine\/wp-json\/wp\/v2\/types\/post"}],"author":[{"embeddable":true,"href":"https:\/\/www.africa-press.net\/centrafricaine\/wp-json\/wp\/v2\/users\/82"}],"replies":[{"embeddable":true,"href":"https:\/\/www.africa-press.net\/centrafricaine\/wp-json\/wp\/v2\/comments?post=20593"}],"version-history":[{"count":0,"href":"https:\/\/www.africa-press.net\/centrafricaine\/wp-json\/wp\/v2\/posts\/20593\/revisions"}],"wp:featuredmedia":[{"embeddable":true,"href":"https:\/\/www.africa-press.net\/centrafricaine\/wp-json\/wp\/v2\/media\/20592"}],"wp:attachment":[{"href":"https:\/\/www.africa-press.net\/centrafricaine\/wp-json\/wp\/v2\/media?parent=20593"}],"wp:term":[{"taxonomy":"category","embeddable":true,"href":"https:\/\/www.africa-press.net\/centrafricaine\/wp-json\/wp\/v2\/categories?post=20593"},{"taxonomy":"post_tag","embeddable":true,"href":"https:\/\/www.africa-press.net\/centrafricaine\/wp-json\/wp\/v2\/tags?post=20593"}],"curies":[{"name":"wp","href":"https:\/\/api.w.org\/{rel}","templated":true}]}}