{"id":20965,"date":"2022-04-08T17:17:54","date_gmt":"2022-04-08T17:17:54","guid":{"rendered":"https:\/\/www.africa-press.net\/centrafricaine\/politique\/les-douaniers-renforcent-leurs-capacites-sur-le-systeme-devaluation-en-douane"},"modified":"2022-04-08T17:17:54","modified_gmt":"2022-04-08T17:17:54","slug":"les-douaniers-renforcent-leurs-capacites-sur-le-systeme-devaluation-en-douane","status":"publish","type":"post","link":"https:\/\/www.africa-press.net\/centrafricaine\/economie\/les-douaniers-renforcent-leurs-capacites-sur-le-systeme-devaluation-en-douane","title":{"rendered":"les douaniers renforcent leurs capacit\u00e9s sur le syst\u00e8me d\u2019\u00e9valuation en douane"},"content":{"rendered":"<p><span style=\"color: #ff6600\"><strong>Africa-Press &#8211; CentrAfricaine. <\/strong><\/span>Dans le souci de renforcer le syst\u00e8me d\u2019\u00e9valuation en douane avec l\u2019appui de la mission d\u2019assistance technique AFRITAC CENTRE-FMI, les douaniers centrafricains ont entam\u00e9 depuis lundi 4 Avril \u00e0 Bangui la formation sur l\u2019\u00e9valuation du syst\u00e8me d\u2019\u00e9valuation en douane.<\/b><\/p>\n<p>Durant ce rendez-vous du donner et de recevoir, il est question de proc\u00e9der au renforcement et au suivi de la mise en \u0153uvre de l\u2019\u00e9valuation du syst\u00e8me d\u2019\u00e9valuation en douane.<\/p>\n<p>Un programme plac\u00e9 sous l\u2019\u00e9gide de la mission d\u2019assistance technique du Centre R\u00e9gional de D\u00e9veloppement pour l\u2019Afrique Centrale du Fond Mon\u00e9taire International (AFRITAC CENTRE-FMI) pilot\u00e9 par Berbard Zbinden, chef de mission de AFRITAC.<\/p>\n<p>L\u2019ex\u00e9cution de ce programme fait partie des besoins du gouvernement centrafricain, exprim\u00e9s par le ministre des finances et du budget national, Herv\u00e9 Ndoba. En convenance avec le programme de travail 2021-2022 de l\u2019AFRITAC CENTRE-FMI, ce programme est en train d\u2019\u00eatre concr\u00e9tis\u00e9 pour renforcer la capacit\u00e9 des douaniers centrafricains sur le suivi du syst\u00e8me d\u2019\u00e9valuation en Douane.<\/p>\n<p>Une autre \u00e9tape pour la douane d\u2019acqu\u00e9rir des connaissances pouvant faciliter l\u2019accroissement des recettes douani\u00e8res dans la caisse de l\u2019Etat. Dans un pass\u00e9 r\u00e9cent, les douaniers centrafricains avaient b\u00e9n\u00e9fici\u00e9 de l\u2019expertise russe qui a facilit\u00e9 des rentabilit\u00e9s en chiffre dans la caisse de l\u2019Etat dans un d\u00e9lai de 3 mois.<\/p>\n<p>Cette uni\u00e8me d\u00e9marche vient \u00e0 point nomm\u00e9 faciliter la connaissance des douaniers \u00e0 exceller dans le syst\u00e8me d\u2019\u00e9valuation dans leur domaine.<\/p>\n<p>Dans cette nouvelle d\u00e9marche, l\u2019objectif vis\u00e9 est de s\u2019assurer que la nouvelle proc\u00e9dure automatis\u00e9e d\u2019\u00e9valuation des importations est con\u00e7ue et adapt\u00e9e en r\u00e9sonnance avec les recommandations impuls\u00e9es par la FAD (Fond Africain de D\u00e9veloppement). D\u00e9marr\u00e9e le lundi 4 Avril, cette formation va prendre fin le mercredi 13 avril prochain.<\/p>\n<p><strong>Pour plus d&rsquo;informations et d&rsquo;analyses sur la <a href=\"https:\/\/www.africa-press.net\/centrafricaine\">CentrAfricaine<\/a>, suivez <a href=\"https:\/\/www.africa-press.net\/\">Africa-Press<\/a><\/strong><\/p>\n","protected":false},"excerpt":{"rendered":"<p>Africa-Press &#8211; CentrAfricaine. Dans le souci de renforcer le syst\u00e8me d\u2019\u00e9valuation en douane avec l\u2019appui de la mission d\u2019assistance technique AFRITAC CENTRE-FMI, les douaniers centrafricains ont entam\u00e9 depuis lundi 4 Avril \u00e0 Bangui la formation sur l\u2019\u00e9valuation du syst\u00e8me d\u2019\u00e9valuation en douane. Durant ce rendez-vous du donner et de recevoir, il est question de proc\u00e9der [&hellip;]<\/p>\n","protected":false},"author":82,"featured_media":20964,"comment_status":"open","ping_status":"closed","sticky":false,"template":"","format":"standard","meta":{"footnotes":""},"categories":[3,11,10],"tags":[36,58,30,41,1512,426],"class_list":["post-20965","post","type-post","status-publish","format-standard","has-post-thumbnail","hentry","category-economie","category-homepage-french","category-toutes-les-actualites","tag-africa-press","tag-africa-press-centrafricaine","tag-centrafricaine","tag-centrafrique","tag-douanes","tag-formation"],"yoast_head":"<!-- This site is optimized with the Yoast SEO Premium plugin v26.1 (Yoast SEO v27.0) - https:\/\/yoast.com\/product\/yoast-seo-premium-wordpress\/ -->\n<title>les douaniers renforcent leurs capacit\u00e9s sur le syst\u00e8me d\u2019\u00e9valuation en douane - centrafricaine<\/title>\n<meta name=\"robots\" content=\"index, follow, max-snippet:-1, max-image-preview:large, max-video-preview:-1\" \/>\n<link rel=\"canonical\" href=\"https:\/\/www.africa-press.net\/centrafricaine\/politique\/les-douaniers-renforcent-leurs-capacites-sur-le-systeme-devaluation-en-douane\" \/>\n<meta property=\"og:locale\" content=\"fr_FR\" \/>\n<meta property=\"og:type\" content=\"article\" \/>\n<meta property=\"og:title\" content=\"les douaniers renforcent leurs capacit\u00e9s sur le syst\u00e8me d\u2019\u00e9valuation en douane\" \/>\n<meta property=\"og:description\" content=\"Africa-Press &#8211; CentrAfricaine. Dans le souci de renforcer le syst\u00e8me d\u2019\u00e9valuation en douane avec l\u2019appui de la mission d\u2019assistance technique AFRITAC CENTRE-FMI, les douaniers centrafricains ont entam\u00e9 depuis lundi 4 Avril \u00e0 Bangui la formation sur l\u2019\u00e9valuation du syst\u00e8me d\u2019\u00e9valuation en douane. Durant ce rendez-vous du donner et de recevoir, il est question de proc\u00e9der [&hellip;]\" \/>\n<meta property=\"og:url\" content=\"https:\/\/www.africa-press.net\/centrafricaine\/politique\/les-douaniers-renforcent-leurs-capacites-sur-le-systeme-devaluation-en-douane\" \/>\n<meta property=\"og:site_name\" content=\"centrafricaine\" \/>\n<meta property=\"article:published_time\" content=\"2022-04-08T17:17:54+00:00\" \/>\n<meta name=\"author\" content=\"cfeditorfr\" \/>\n<meta name=\"twitter:card\" content=\"summary_large_image\" \/>\n<meta name=\"twitter:label1\" content=\"\u00c9crit par\" \/>\n\t<meta name=\"twitter:data1\" content=\"cfeditorfr\" \/>\n\t<meta name=\"twitter:label2\" content=\"Dur\u00e9e de lecture estim\u00e9e\" \/>\n\t<meta name=\"twitter:data2\" content=\"2 minutes\" \/>\n<script type=\"application\/ld+json\" class=\"yoast-schema-graph\">{\"@context\":\"https:\/\/schema.org\",\"@graph\":[{\"@type\":\"Article\",\"@id\":\"https:\/\/www.africa-press.net\/centrafricaine\/politique\/les-douaniers-renforcent-leurs-capacites-sur-le-systeme-devaluation-en-douane#article\",\"isPartOf\":{\"@id\":\"https:\/\/www.africa-press.net\/centrafricaine\/politique\/les-douaniers-renforcent-leurs-capacites-sur-le-systeme-devaluation-en-douane\"},\"author\":{\"name\":\"cfeditorfr\",\"@id\":\"https:\/\/www.africa-press.net\/centrafricaine\/#\/schema\/person\/2b1cf3cd81a31e3cd26889ca66d677f1\"},\"headline\":\"les douaniers renforcent leurs capacit\u00e9s sur le syst\u00e8me d\u2019\u00e9valuation en douane\",\"datePublished\":\"2022-04-08T17:17:54+00:00\",\"mainEntityOfPage\":{\"@id\":\"https:\/\/www.africa-press.net\/centrafricaine\/politique\/les-douaniers-renforcent-leurs-capacites-sur-le-systeme-devaluation-en-douane\"},\"wordCount\":354,\"commentCount\":0,\"image\":{\"@id\":\"https:\/\/www.africa-press.net\/centrafricaine\/politique\/les-douaniers-renforcent-leurs-capacites-sur-le-systeme-devaluation-en-douane#primaryimage\"},\"thumbnailUrl\":\"https:\/\/static.africa-press.net\/centrafricaine\/sites\/45\/2022\/04\/img-625071b471353.jpg\",\"keywords\":[\"Africa Press\",\"Africa Press-CentrAfricaine\",\"CentrAfricaine\",\"Centrafrique\",\"Douanes\",\"FORMATION\"],\"articleSection\":[\"\u00c9conomie\",\"homepage-french\",\"Toutes les actualit\u00e9s\"],\"inLanguage\":\"fr-FR\",\"potentialAction\":[{\"@type\":\"CommentAction\",\"name\":\"Comment\",\"target\":[\"https:\/\/www.africa-press.net\/centrafricaine\/politique\/les-douaniers-renforcent-leurs-capacites-sur-le-systeme-devaluation-en-douane#respond\"]}]},{\"@type\":\"WebPage\",\"@id\":\"https:\/\/www.africa-press.net\/centrafricaine\/politique\/les-douaniers-renforcent-leurs-capacites-sur-le-systeme-devaluation-en-douane\",\"url\":\"https:\/\/www.africa-press.net\/centrafricaine\/politique\/les-douaniers-renforcent-leurs-capacites-sur-le-systeme-devaluation-en-douane\",\"name\":\"les douaniers renforcent leurs capacit\u00e9s sur le syst\u00e8me d\u2019\u00e9valuation en douane - centrafricaine\",\"isPartOf\":{\"@id\":\"https:\/\/www.africa-press.net\/centrafricaine\/#website\"},\"primaryImageOfPage\":{\"@id\":\"https:\/\/www.africa-press.net\/centrafricaine\/politique\/les-douaniers-renforcent-leurs-capacites-sur-le-systeme-devaluation-en-douane#primaryimage\"},\"image\":{\"@id\":\"https:\/\/www.africa-press.net\/centrafricaine\/politique\/les-douaniers-renforcent-leurs-capacites-sur-le-systeme-devaluation-en-douane#primaryimage\"},\"thumbnailUrl\":\"https:\/\/static.africa-press.net\/centrafricaine\/sites\/45\/2022\/04\/img-625071b471353.jpg\",\"datePublished\":\"2022-04-08T17:17:54+00:00\",\"author\":{\"@id\":\"https:\/\/www.africa-press.net\/centrafricaine\/#\/schema\/person\/2b1cf3cd81a31e3cd26889ca66d677f1\"},\"breadcrumb\":{\"@id\":\"https:\/\/www.africa-press.net\/centrafricaine\/politique\/les-douaniers-renforcent-leurs-capacites-sur-le-systeme-devaluation-en-douane#breadcrumb\"},\"inLanguage\":\"fr-FR\",\"potentialAction\":[{\"@type\":\"ReadAction\",\"target\":[\"https:\/\/www.africa-press.net\/centrafricaine\/politique\/les-douaniers-renforcent-leurs-capacites-sur-le-systeme-devaluation-en-douane\"]}]},{\"@type\":\"ImageObject\",\"inLanguage\":\"fr-FR\",\"@id\":\"https:\/\/www.africa-press.net\/centrafricaine\/politique\/les-douaniers-renforcent-leurs-capacites-sur-le-systeme-devaluation-en-douane#primaryimage\",\"url\":\"https:\/\/static.africa-press.net\/centrafricaine\/sites\/45\/2022\/04\/img-625071b471353.jpg\",\"contentUrl\":\"https:\/\/static.africa-press.net\/centrafricaine\/sites\/45\/2022\/04\/img-625071b471353.jpg\",\"width\":720,\"height\":446,\"caption\":\"les douaniers renforcent leurs capacit\u00e9s sur le syst\u00e8me d\u2019\u00e9valuation en douane\"},{\"@type\":\"BreadcrumbList\",\"@id\":\"https:\/\/www.africa-press.net\/centrafricaine\/politique\/les-douaniers-renforcent-leurs-capacites-sur-le-systeme-devaluation-en-douane#breadcrumb\",\"itemListElement\":[{\"@type\":\"ListItem\",\"position\":1,\"name\":\"Accueil\",\"item\":\"https:\/\/www.africa-press.net\/centrafricaine\/\"},{\"@type\":\"ListItem\",\"position\":2,\"name\":\"les douaniers renforcent leurs capacit\u00e9s sur le syst\u00e8me d\u2019\u00e9valuation en douane\"}]},{\"@type\":\"WebSite\",\"@id\":\"https:\/\/www.africa-press.net\/centrafricaine\/#website\",\"url\":\"https:\/\/www.africa-press.net\/centrafricaine\/\",\"name\":\"centrafricaine\",\"description\":\"Just another Africa News Agency Sites site\",\"potentialAction\":[{\"@type\":\"SearchAction\",\"target\":{\"@type\":\"EntryPoint\",\"urlTemplate\":\"https:\/\/www.africa-press.net\/centrafricaine\/?s={search_term_string}\"},\"query-input\":{\"@type\":\"PropertyValueSpecification\",\"valueRequired\":true,\"valueName\":\"search_term_string\"}}],\"inLanguage\":\"fr-FR\"},{\"@type\":\"Person\",\"@id\":\"https:\/\/www.africa-press.net\/centrafricaine\/#\/schema\/person\/2b1cf3cd81a31e3cd26889ca66d677f1\",\"name\":\"cfeditorfr\"}]}<\/script>\n<!-- \/ Yoast SEO Premium plugin. -->","yoast_head_json":{"title":"les douaniers renforcent leurs capacit\u00e9s sur le syst\u00e8me d\u2019\u00e9valuation en douane - centrafricaine","robots":{"index":"index","follow":"follow","max-snippet":"max-snippet:-1","max-image-preview":"max-image-preview:large","max-video-preview":"max-video-preview:-1"},"canonical":"https:\/\/www.africa-press.net\/centrafricaine\/politique\/les-douaniers-renforcent-leurs-capacites-sur-le-systeme-devaluation-en-douane","og_locale":"fr_FR","og_type":"article","og_title":"les douaniers renforcent leurs capacit\u00e9s sur le syst\u00e8me d\u2019\u00e9valuation en douane","og_description":"Africa-Press &#8211; CentrAfricaine. Dans le souci de renforcer le syst\u00e8me d\u2019\u00e9valuation en douane avec l\u2019appui de la mission d\u2019assistance technique AFRITAC CENTRE-FMI, les douaniers centrafricains ont entam\u00e9 depuis lundi 4 Avril \u00e0 Bangui la formation sur l\u2019\u00e9valuation du syst\u00e8me d\u2019\u00e9valuation en douane. Durant ce rendez-vous du donner et de recevoir, il est question de proc\u00e9der [&hellip;]","og_url":"https:\/\/www.africa-press.net\/centrafricaine\/politique\/les-douaniers-renforcent-leurs-capacites-sur-le-systeme-devaluation-en-douane","og_site_name":"centrafricaine","article_published_time":"2022-04-08T17:17:54+00:00","author":"cfeditorfr","twitter_card":"summary_large_image","twitter_misc":{"\u00c9crit par":"cfeditorfr","Dur\u00e9e de lecture estim\u00e9e":"2 minutes"},"schema":{"@context":"https:\/\/schema.org","@graph":[{"@type":"Article","@id":"https:\/\/www.africa-press.net\/centrafricaine\/politique\/les-douaniers-renforcent-leurs-capacites-sur-le-systeme-devaluation-en-douane#article","isPartOf":{"@id":"https:\/\/www.africa-press.net\/centrafricaine\/politique\/les-douaniers-renforcent-leurs-capacites-sur-le-systeme-devaluation-en-douane"},"author":{"name":"cfeditorfr","@id":"https:\/\/www.africa-press.net\/centrafricaine\/#\/schema\/person\/2b1cf3cd81a31e3cd26889ca66d677f1"},"headline":"les douaniers renforcent leurs capacit\u00e9s sur le syst\u00e8me d\u2019\u00e9valuation en douane","datePublished":"2022-04-08T17:17:54+00:00","mainEntityOfPage":{"@id":"https:\/\/www.africa-press.net\/centrafricaine\/politique\/les-douaniers-renforcent-leurs-capacites-sur-le-systeme-devaluation-en-douane"},"wordCount":354,"commentCount":0,"image":{"@id":"https:\/\/www.africa-press.net\/centrafricaine\/politique\/les-douaniers-renforcent-leurs-capacites-sur-le-systeme-devaluation-en-douane#primaryimage"},"thumbnailUrl":"https:\/\/static.africa-press.net\/centrafricaine\/sites\/45\/2022\/04\/img-625071b471353.jpg","keywords":["Africa Press","Africa Press-CentrAfricaine","CentrAfricaine","Centrafrique","Douanes","FORMATION"],"articleSection":["\u00c9conomie","homepage-french","Toutes les actualit\u00e9s"],"inLanguage":"fr-FR","potentialAction":[{"@type":"CommentAction","name":"Comment","target":["https:\/\/www.africa-press.net\/centrafricaine\/politique\/les-douaniers-renforcent-leurs-capacites-sur-le-systeme-devaluation-en-douane#respond"]}]},{"@type":"WebPage","@id":"https:\/\/www.africa-press.net\/centrafricaine\/politique\/les-douaniers-renforcent-leurs-capacites-sur-le-systeme-devaluation-en-douane","url":"https:\/\/www.africa-press.net\/centrafricaine\/politique\/les-douaniers-renforcent-leurs-capacites-sur-le-systeme-devaluation-en-douane","name":"les douaniers renforcent leurs capacit\u00e9s sur le syst\u00e8me d\u2019\u00e9valuation en douane - centrafricaine","isPartOf":{"@id":"https:\/\/www.africa-press.net\/centrafricaine\/#website"},"primaryImageOfPage":{"@id":"https:\/\/www.africa-press.net\/centrafricaine\/politique\/les-douaniers-renforcent-leurs-capacites-sur-le-systeme-devaluation-en-douane#primaryimage"},"image":{"@id":"https:\/\/www.africa-press.net\/centrafricaine\/politique\/les-douaniers-renforcent-leurs-capacites-sur-le-systeme-devaluation-en-douane#primaryimage"},"thumbnailUrl":"https:\/\/static.africa-press.net\/centrafricaine\/sites\/45\/2022\/04\/img-625071b471353.jpg","datePublished":"2022-04-08T17:17:54+00:00","author":{"@id":"https:\/\/www.africa-press.net\/centrafricaine\/#\/schema\/person\/2b1cf3cd81a31e3cd26889ca66d677f1"},"breadcrumb":{"@id":"https:\/\/www.africa-press.net\/centrafricaine\/politique\/les-douaniers-renforcent-leurs-capacites-sur-le-systeme-devaluation-en-douane#breadcrumb"},"inLanguage":"fr-FR","potentialAction":[{"@type":"ReadAction","target":["https:\/\/www.africa-press.net\/centrafricaine\/politique\/les-douaniers-renforcent-leurs-capacites-sur-le-systeme-devaluation-en-douane"]}]},{"@type":"ImageObject","inLanguage":"fr-FR","@id":"https:\/\/www.africa-press.net\/centrafricaine\/politique\/les-douaniers-renforcent-leurs-capacites-sur-le-systeme-devaluation-en-douane#primaryimage","url":"https:\/\/static.africa-press.net\/centrafricaine\/sites\/45\/2022\/04\/img-625071b471353.jpg","contentUrl":"https:\/\/static.africa-press.net\/centrafricaine\/sites\/45\/2022\/04\/img-625071b471353.jpg","width":720,"height":446,"caption":"les douaniers renforcent leurs capacit\u00e9s sur le syst\u00e8me d\u2019\u00e9valuation en douane"},{"@type":"BreadcrumbList","@id":"https:\/\/www.africa-press.net\/centrafricaine\/politique\/les-douaniers-renforcent-leurs-capacites-sur-le-systeme-devaluation-en-douane#breadcrumb","itemListElement":[{"@type":"ListItem","position":1,"name":"Accueil","item":"https:\/\/www.africa-press.net\/centrafricaine\/"},{"@type":"ListItem","position":2,"name":"les douaniers renforcent leurs capacit\u00e9s sur le syst\u00e8me d\u2019\u00e9valuation en douane"}]},{"@type":"WebSite","@id":"https:\/\/www.africa-press.net\/centrafricaine\/#website","url":"https:\/\/www.africa-press.net\/centrafricaine\/","name":"centrafricaine","description":"Just another Africa News Agency Sites site","potentialAction":[{"@type":"SearchAction","target":{"@type":"EntryPoint","urlTemplate":"https:\/\/www.africa-press.net\/centrafricaine\/?s={search_term_string}"},"query-input":{"@type":"PropertyValueSpecification","valueRequired":true,"valueName":"search_term_string"}}],"inLanguage":"fr-FR"},{"@type":"Person","@id":"https:\/\/www.africa-press.net\/centrafricaine\/#\/schema\/person\/2b1cf3cd81a31e3cd26889ca66d677f1","name":"cfeditorfr"}]}},"_links":{"self":[{"href":"https:\/\/www.africa-press.net\/centrafricaine\/wp-json\/wp\/v2\/posts\/20965","targetHints":{"allow":["GET"]}}],"collection":[{"href":"https:\/\/www.africa-press.net\/centrafricaine\/wp-json\/wp\/v2\/posts"}],"about":[{"href":"https:\/\/www.africa-press.net\/centrafricaine\/wp-json\/wp\/v2\/types\/post"}],"author":[{"embeddable":true,"href":"https:\/\/www.africa-press.net\/centrafricaine\/wp-json\/wp\/v2\/users\/82"}],"replies":[{"embeddable":true,"href":"https:\/\/www.africa-press.net\/centrafricaine\/wp-json\/wp\/v2\/comments?post=20965"}],"version-history":[{"count":0,"href":"https:\/\/www.africa-press.net\/centrafricaine\/wp-json\/wp\/v2\/posts\/20965\/revisions"}],"wp:featuredmedia":[{"embeddable":true,"href":"https:\/\/www.africa-press.net\/centrafricaine\/wp-json\/wp\/v2\/media\/20964"}],"wp:attachment":[{"href":"https:\/\/www.africa-press.net\/centrafricaine\/wp-json\/wp\/v2\/media?parent=20965"}],"wp:term":[{"taxonomy":"category","embeddable":true,"href":"https:\/\/www.africa-press.net\/centrafricaine\/wp-json\/wp\/v2\/categories?post=20965"},{"taxonomy":"post_tag","embeddable":true,"href":"https:\/\/www.africa-press.net\/centrafricaine\/wp-json\/wp\/v2\/tags?post=20965"}],"curies":[{"name":"wp","href":"https:\/\/api.w.org\/{rel}","templated":true}]}}