{"id":21171,"date":"2022-04-13T16:41:04","date_gmt":"2022-04-13T16:41:04","guid":{"rendered":"https:\/\/www.africa-press.net\/centrafricaine\/politique\/le-president-du-parlement-visite-le-site-du-port-sec-du-pk26-route-de-boali"},"modified":"2022-04-13T17:08:45","modified_gmt":"2022-04-13T17:08:45","slug":"le-president-du-parlement-visite-le-site-du-port-sec-du-pk26-route-de-boali","status":"publish","type":"post","link":"https:\/\/www.africa-press.net\/centrafricaine\/economie\/le-president-du-parlement-visite-le-site-du-port-sec-du-pk26-route-de-boali","title":{"rendered":"le pr\u00e9sident du parlement visite le site du port sec du PK26, route de Boali"},"content":{"rendered":"<p><span style=\"color: #ff6600\"><strong>Africa-Press &#8211; CentrAfricaine. <\/strong><\/span>Le Pr\u00e9sident de l\u2019Assembl\u00e9e nationale, Simplice Mathieu Sarandji, a effectu\u00e9 ce samedi dernier une visite de travail au site de construction du port sec, situ\u00e9 au PK26, sur la route nationale n\u00b01. Cette visite vise \u00e0 constater de visu l\u2019\u00e9volution des travaux de construction du port sec.<\/p>\n<p>Accompagn\u00e9 par les membres de son cabinet et ceux de la commission \u00e9conomie, plan et finances, le pr\u00e9sident du parlement centrafricain s\u2019est rendu sur ce site pour contr\u00f4ler les actions de l\u2019ex\u00e9cutif, mais plut\u00f4t, de l\u2019accompagner par tous les moyens dans sa qu\u00eate de mobilisation accrue des recettes internes pour le d\u00e9veloppement inclusif de la nation centrafricaine, a appris sur la page officielle de minist\u00e8re des finances et du budget.<\/p>\n<p>Le site qui a \u00e9t\u00e9 visite par le parlement, couvre une superficie de 14 hectares, ce qui n\u2019est pas n\u00e9gligeable. Avec cette taille, \u00ab il peut contenir six cents camions de marchandises et autres v\u00e9hicules, ce qui est d\u2019ailleurs \u00e9normes \u00bb, a d\u00e9clar\u00e9 le ministre des finances.<\/p>\n<p>A l\u2019occasion de ce d\u00e9placement, le Pr\u00e9sident du parlement a appr\u00e9ci\u00e9 l\u2019initiative gouvernementale, consistant \u00e0 s\u2019ing\u00e9nier d\u2019apr\u00e8s lui, \u00e0 trouver des voies et moyens en vue de g\u00e9n\u00e9rer les recettes domestiques, suffisantes pour r\u00e9pondre aux besoins \u00e9normes du chantier de d\u00e9veloppement de la RCA.<\/p>\n<p><b>\u00ab Cette infrastructure d\u00e9ment les cassandres, elle honore le peuple centrafricain, qui a \u00e9t\u00e9 tant m\u00e9pris\u00e9. Je ne trahis pas de secret, mais, j\u2019ai appris qu\u2019une fois op\u00e9rationnel, les recettes fiscalo-douani\u00e8res qui seront mobilis\u00e9es par ce port vont se multiplier. je mets en garde, contre tout mauvais usage de ce bijou architectural, pour l\u2019int\u00e9r\u00eat de tous les Centrafricains et des ressortissants des pays amis, vivant sur le territoire national \u00bb<\/b><\/p>\n<p>, a-t-il l\u00e2ch\u00e9 \u00e0 la fin de cette visite.<\/p>\n<p>Il est \u00e0 rappeler que ce port sec en chantier est le premier du genre en Afrique Centrale. Son op\u00e9rationnalisation partielle est pr\u00e9vue pour le mois de juin prochain selon les ing\u00e9nieurs de Mercure Logistique, entreprise en charge d\u2019ex\u00e9cuter les travaux.<\/p>\n<p><strong>Pour plus d&rsquo;informations et d&rsquo;analyses sur la <a href=\"https:\/\/www.africa-press.net\/centrafricaine\">CentrAfricaine<\/a>, suivez <a href=\"https:\/\/www.africa-press.net\/\">Africa-Press<\/a><\/strong><\/p>\n","protected":false},"excerpt":{"rendered":"<p>Africa-Press &#8211; CentrAfricaine. Le Pr\u00e9sident de l\u2019Assembl\u00e9e nationale, Simplice Mathieu Sarandji, a effectu\u00e9 ce samedi dernier une visite de travail au site de construction du port sec, situ\u00e9 au PK26, sur la route nationale n\u00b01. Cette visite vise \u00e0 constater de visu l\u2019\u00e9volution des travaux de construction du port sec. Accompagn\u00e9 par les membres de [&hellip;]<\/p>\n","protected":false},"author":82,"featured_media":21170,"comment_status":"open","ping_status":"closed","sticky":false,"template":"","format":"standard","meta":{"footnotes":""},"categories":[3,11,10],"tags":[36,58,30,41,2160,2161],"class_list":["post-21171","post","type-post","status-publish","format-standard","has-post-thumbnail","hentry","category-economie","category-homepage-french","category-toutes-les-actualites","tag-africa-press","tag-africa-press-centrafricaine","tag-centrafricaine","tag-centrafrique","tag-pk26","tag-port-sec"],"yoast_head":"<!-- This site is optimized with the Yoast SEO Premium plugin v26.1 (Yoast SEO v27.0) - https:\/\/yoast.com\/product\/yoast-seo-premium-wordpress\/ -->\n<title>le pr\u00e9sident du parlement visite le site du port sec du PK26, route de Boali - centrafricaine<\/title>\n<meta name=\"description\" content=\"Le Pr\u00e9sident de l\u2019Assembl\u00e9e nationale, Simplice Mathieu Sarandji, a effectu\u00e9 ce samedi dernier une visite de travail au ...\" \/>\n<meta name=\"robots\" content=\"index, follow, max-snippet:-1, max-image-preview:large, max-video-preview:-1\" \/>\n<link rel=\"canonical\" href=\"https:\/\/www.africa-press.net\/centrafricaine\/economie\/le-president-du-parlement-visite-le-site-du-port-sec-du-pk26-route-de-boali\" \/>\n<meta property=\"og:locale\" content=\"fr_FR\" \/>\n<meta property=\"og:type\" content=\"article\" \/>\n<meta property=\"og:title\" content=\"le pr\u00e9sident du parlement visite le site du port sec du PK26, route de Boali\" \/>\n<meta property=\"og:description\" content=\"Le Pr\u00e9sident de l\u2019Assembl\u00e9e nationale, Simplice Mathieu Sarandji, a effectu\u00e9 ce samedi dernier une visite de travail au ...\" \/>\n<meta property=\"og:url\" content=\"https:\/\/www.africa-press.net\/centrafricaine\/economie\/le-president-du-parlement-visite-le-site-du-port-sec-du-pk26-route-de-boali\" \/>\n<meta property=\"og:site_name\" content=\"centrafricaine\" \/>\n<meta property=\"article:published_time\" content=\"2022-04-13T16:41:04+00:00\" \/>\n<meta property=\"article:modified_time\" content=\"2022-04-13T17:08:45+00:00\" \/>\n<meta property=\"og:image\" content=\"https:\/\/static.africa-press.net\/centrafricaine\/sites\/45\/2022\/04\/postQueueImg_14-6257037acefcd.jpg\" \/>\n\t<meta property=\"og:image:width\" content=\"720\" \/>\n\t<meta property=\"og:image:height\" content=\"389\" \/>\n\t<meta property=\"og:image:type\" content=\"image\/jpeg\" \/>\n<meta name=\"author\" content=\"cfeditorfr\" \/>\n<meta name=\"twitter:card\" content=\"summary_large_image\" \/>\n<meta name=\"twitter:label1\" content=\"\u00c9crit par\" \/>\n\t<meta name=\"twitter:data1\" content=\"cfeditorfr\" \/>\n\t<meta name=\"twitter:label2\" content=\"Dur\u00e9e de lecture estim\u00e9e\" \/>\n\t<meta name=\"twitter:data2\" content=\"2 minutes\" \/>\n<script type=\"application\/ld+json\" class=\"yoast-schema-graph\">{\"@context\":\"https:\/\/schema.org\",\"@graph\":[{\"@type\":\"Article\",\"@id\":\"https:\/\/www.africa-press.net\/centrafricaine\/economie\/le-president-du-parlement-visite-le-site-du-port-sec-du-pk26-route-de-boali#article\",\"isPartOf\":{\"@id\":\"https:\/\/www.africa-press.net\/centrafricaine\/economie\/le-president-du-parlement-visite-le-site-du-port-sec-du-pk26-route-de-boali\"},\"author\":{\"name\":\"cfeditorfr\",\"@id\":\"https:\/\/www.africa-press.net\/centrafricaine\/#\/schema\/person\/2b1cf3cd81a31e3cd26889ca66d677f1\"},\"headline\":\"le pr\u00e9sident du parlement visite le site du port sec du PK26, route de Boali\",\"datePublished\":\"2022-04-13T16:41:04+00:00\",\"dateModified\":\"2022-04-13T17:08:45+00:00\",\"mainEntityOfPage\":{\"@id\":\"https:\/\/www.africa-press.net\/centrafricaine\/economie\/le-president-du-parlement-visite-le-site-du-port-sec-du-pk26-route-de-boali\"},\"wordCount\":396,\"commentCount\":0,\"image\":{\"@id\":\"https:\/\/www.africa-press.net\/centrafricaine\/economie\/le-president-du-parlement-visite-le-site-du-port-sec-du-pk26-route-de-boali#primaryimage\"},\"thumbnailUrl\":\"https:\/\/static.africa-press.net\/centrafricaine\/sites\/45\/2022\/04\/postQueueImg_14-6257037acefcd.jpg\",\"keywords\":[\"Africa Press\",\"Africa Press-CentrAfricaine\",\"CentrAfricaine\",\"Centrafrique\",\"PK26\",\"port sec\"],\"articleSection\":[\"\u00c9conomie\",\"homepage-french\",\"Toutes les actualit\u00e9s\"],\"inLanguage\":\"fr-FR\",\"potentialAction\":[{\"@type\":\"CommentAction\",\"name\":\"Comment\",\"target\":[\"https:\/\/www.africa-press.net\/centrafricaine\/economie\/le-president-du-parlement-visite-le-site-du-port-sec-du-pk26-route-de-boali#respond\"]}]},{\"@type\":\"WebPage\",\"@id\":\"https:\/\/www.africa-press.net\/centrafricaine\/economie\/le-president-du-parlement-visite-le-site-du-port-sec-du-pk26-route-de-boali\",\"url\":\"https:\/\/www.africa-press.net\/centrafricaine\/economie\/le-president-du-parlement-visite-le-site-du-port-sec-du-pk26-route-de-boali\",\"name\":\"le pr\u00e9sident du parlement visite le site du port sec du PK26, route de Boali - centrafricaine\",\"isPartOf\":{\"@id\":\"https:\/\/www.africa-press.net\/centrafricaine\/#website\"},\"primaryImageOfPage\":{\"@id\":\"https:\/\/www.africa-press.net\/centrafricaine\/economie\/le-president-du-parlement-visite-le-site-du-port-sec-du-pk26-route-de-boali#primaryimage\"},\"image\":{\"@id\":\"https:\/\/www.africa-press.net\/centrafricaine\/economie\/le-president-du-parlement-visite-le-site-du-port-sec-du-pk26-route-de-boali#primaryimage\"},\"thumbnailUrl\":\"https:\/\/static.africa-press.net\/centrafricaine\/sites\/45\/2022\/04\/postQueueImg_14-6257037acefcd.jpg\",\"datePublished\":\"2022-04-13T16:41:04+00:00\",\"dateModified\":\"2022-04-13T17:08:45+00:00\",\"author\":{\"@id\":\"https:\/\/www.africa-press.net\/centrafricaine\/#\/schema\/person\/2b1cf3cd81a31e3cd26889ca66d677f1\"},\"description\":\"Le Pr\u00e9sident de l\u2019Assembl\u00e9e nationale, Simplice Mathieu Sarandji, a effectu\u00e9 ce samedi dernier une visite de travail au ...\",\"breadcrumb\":{\"@id\":\"https:\/\/www.africa-press.net\/centrafricaine\/economie\/le-president-du-parlement-visite-le-site-du-port-sec-du-pk26-route-de-boali#breadcrumb\"},\"inLanguage\":\"fr-FR\",\"potentialAction\":[{\"@type\":\"ReadAction\",\"target\":[\"https:\/\/www.africa-press.net\/centrafricaine\/economie\/le-president-du-parlement-visite-le-site-du-port-sec-du-pk26-route-de-boali\"]}]},{\"@type\":\"ImageObject\",\"inLanguage\":\"fr-FR\",\"@id\":\"https:\/\/www.africa-press.net\/centrafricaine\/economie\/le-president-du-parlement-visite-le-site-du-port-sec-du-pk26-route-de-boali#primaryimage\",\"url\":\"https:\/\/static.africa-press.net\/centrafricaine\/sites\/45\/2022\/04\/postQueueImg_14-6257037acefcd.jpg\",\"contentUrl\":\"https:\/\/static.africa-press.net\/centrafricaine\/sites\/45\/2022\/04\/postQueueImg_14-6257037acefcd.jpg\",\"width\":720,\"height\":389,\"caption\":\"le pr\u00e9sident du parlement visite le site du port sec du PK26, route de Boali\"},{\"@type\":\"BreadcrumbList\",\"@id\":\"https:\/\/www.africa-press.net\/centrafricaine\/economie\/le-president-du-parlement-visite-le-site-du-port-sec-du-pk26-route-de-boali#breadcrumb\",\"itemListElement\":[{\"@type\":\"ListItem\",\"position\":1,\"name\":\"Accueil\",\"item\":\"https:\/\/www.africa-press.net\/centrafricaine\/\"},{\"@type\":\"ListItem\",\"position\":2,\"name\":\"le pr\u00e9sident du parlement visite le site du port sec du PK26, route de Boali\"}]},{\"@type\":\"WebSite\",\"@id\":\"https:\/\/www.africa-press.net\/centrafricaine\/#website\",\"url\":\"https:\/\/www.africa-press.net\/centrafricaine\/\",\"name\":\"centrafricaine\",\"description\":\"Just another Africa News Agency Sites site\",\"potentialAction\":[{\"@type\":\"SearchAction\",\"target\":{\"@type\":\"EntryPoint\",\"urlTemplate\":\"https:\/\/www.africa-press.net\/centrafricaine\/?s={search_term_string}\"},\"query-input\":{\"@type\":\"PropertyValueSpecification\",\"valueRequired\":true,\"valueName\":\"search_term_string\"}}],\"inLanguage\":\"fr-FR\"},{\"@type\":\"Person\",\"@id\":\"https:\/\/www.africa-press.net\/centrafricaine\/#\/schema\/person\/2b1cf3cd81a31e3cd26889ca66d677f1\",\"name\":\"cfeditorfr\"}]}<\/script>\n<!-- \/ Yoast SEO Premium plugin. -->","yoast_head_json":{"title":"le pr\u00e9sident du parlement visite le site du port sec du PK26, route de Boali - centrafricaine","description":"Le Pr\u00e9sident de l\u2019Assembl\u00e9e nationale, Simplice Mathieu Sarandji, a effectu\u00e9 ce samedi dernier une visite de travail au ...","robots":{"index":"index","follow":"follow","max-snippet":"max-snippet:-1","max-image-preview":"max-image-preview:large","max-video-preview":"max-video-preview:-1"},"canonical":"https:\/\/www.africa-press.net\/centrafricaine\/economie\/le-president-du-parlement-visite-le-site-du-port-sec-du-pk26-route-de-boali","og_locale":"fr_FR","og_type":"article","og_title":"le pr\u00e9sident du parlement visite le site du port sec du PK26, route de Boali","og_description":"Le Pr\u00e9sident de l\u2019Assembl\u00e9e nationale, Simplice Mathieu Sarandji, a effectu\u00e9 ce samedi dernier une visite de travail au ...","og_url":"https:\/\/www.africa-press.net\/centrafricaine\/economie\/le-president-du-parlement-visite-le-site-du-port-sec-du-pk26-route-de-boali","og_site_name":"centrafricaine","article_published_time":"2022-04-13T16:41:04+00:00","article_modified_time":"2022-04-13T17:08:45+00:00","og_image":[{"width":720,"height":389,"url":"https:\/\/static.africa-press.net\/centrafricaine\/sites\/45\/2022\/04\/postQueueImg_14-6257037acefcd.jpg","type":"image\/jpeg"}],"author":"cfeditorfr","twitter_card":"summary_large_image","twitter_misc":{"\u00c9crit par":"cfeditorfr","Dur\u00e9e de lecture estim\u00e9e":"2 minutes"},"schema":{"@context":"https:\/\/schema.org","@graph":[{"@type":"Article","@id":"https:\/\/www.africa-press.net\/centrafricaine\/economie\/le-president-du-parlement-visite-le-site-du-port-sec-du-pk26-route-de-boali#article","isPartOf":{"@id":"https:\/\/www.africa-press.net\/centrafricaine\/economie\/le-president-du-parlement-visite-le-site-du-port-sec-du-pk26-route-de-boali"},"author":{"name":"cfeditorfr","@id":"https:\/\/www.africa-press.net\/centrafricaine\/#\/schema\/person\/2b1cf3cd81a31e3cd26889ca66d677f1"},"headline":"le pr\u00e9sident du parlement visite le site du port sec du PK26, route de Boali","datePublished":"2022-04-13T16:41:04+00:00","dateModified":"2022-04-13T17:08:45+00:00","mainEntityOfPage":{"@id":"https:\/\/www.africa-press.net\/centrafricaine\/economie\/le-president-du-parlement-visite-le-site-du-port-sec-du-pk26-route-de-boali"},"wordCount":396,"commentCount":0,"image":{"@id":"https:\/\/www.africa-press.net\/centrafricaine\/economie\/le-president-du-parlement-visite-le-site-du-port-sec-du-pk26-route-de-boali#primaryimage"},"thumbnailUrl":"https:\/\/static.africa-press.net\/centrafricaine\/sites\/45\/2022\/04\/postQueueImg_14-6257037acefcd.jpg","keywords":["Africa Press","Africa Press-CentrAfricaine","CentrAfricaine","Centrafrique","PK26","port sec"],"articleSection":["\u00c9conomie","homepage-french","Toutes les actualit\u00e9s"],"inLanguage":"fr-FR","potentialAction":[{"@type":"CommentAction","name":"Comment","target":["https:\/\/www.africa-press.net\/centrafricaine\/economie\/le-president-du-parlement-visite-le-site-du-port-sec-du-pk26-route-de-boali#respond"]}]},{"@type":"WebPage","@id":"https:\/\/www.africa-press.net\/centrafricaine\/economie\/le-president-du-parlement-visite-le-site-du-port-sec-du-pk26-route-de-boali","url":"https:\/\/www.africa-press.net\/centrafricaine\/economie\/le-president-du-parlement-visite-le-site-du-port-sec-du-pk26-route-de-boali","name":"le pr\u00e9sident du parlement visite le site du port sec du PK26, route de Boali - centrafricaine","isPartOf":{"@id":"https:\/\/www.africa-press.net\/centrafricaine\/#website"},"primaryImageOfPage":{"@id":"https:\/\/www.africa-press.net\/centrafricaine\/economie\/le-president-du-parlement-visite-le-site-du-port-sec-du-pk26-route-de-boali#primaryimage"},"image":{"@id":"https:\/\/www.africa-press.net\/centrafricaine\/economie\/le-president-du-parlement-visite-le-site-du-port-sec-du-pk26-route-de-boali#primaryimage"},"thumbnailUrl":"https:\/\/static.africa-press.net\/centrafricaine\/sites\/45\/2022\/04\/postQueueImg_14-6257037acefcd.jpg","datePublished":"2022-04-13T16:41:04+00:00","dateModified":"2022-04-13T17:08:45+00:00","author":{"@id":"https:\/\/www.africa-press.net\/centrafricaine\/#\/schema\/person\/2b1cf3cd81a31e3cd26889ca66d677f1"},"description":"Le Pr\u00e9sident de l\u2019Assembl\u00e9e nationale, Simplice Mathieu Sarandji, a effectu\u00e9 ce samedi dernier une visite de travail au ...","breadcrumb":{"@id":"https:\/\/www.africa-press.net\/centrafricaine\/economie\/le-president-du-parlement-visite-le-site-du-port-sec-du-pk26-route-de-boali#breadcrumb"},"inLanguage":"fr-FR","potentialAction":[{"@type":"ReadAction","target":["https:\/\/www.africa-press.net\/centrafricaine\/economie\/le-president-du-parlement-visite-le-site-du-port-sec-du-pk26-route-de-boali"]}]},{"@type":"ImageObject","inLanguage":"fr-FR","@id":"https:\/\/www.africa-press.net\/centrafricaine\/economie\/le-president-du-parlement-visite-le-site-du-port-sec-du-pk26-route-de-boali#primaryimage","url":"https:\/\/static.africa-press.net\/centrafricaine\/sites\/45\/2022\/04\/postQueueImg_14-6257037acefcd.jpg","contentUrl":"https:\/\/static.africa-press.net\/centrafricaine\/sites\/45\/2022\/04\/postQueueImg_14-6257037acefcd.jpg","width":720,"height":389,"caption":"le pr\u00e9sident du parlement visite le site du port sec du PK26, route de Boali"},{"@type":"BreadcrumbList","@id":"https:\/\/www.africa-press.net\/centrafricaine\/economie\/le-president-du-parlement-visite-le-site-du-port-sec-du-pk26-route-de-boali#breadcrumb","itemListElement":[{"@type":"ListItem","position":1,"name":"Accueil","item":"https:\/\/www.africa-press.net\/centrafricaine\/"},{"@type":"ListItem","position":2,"name":"le pr\u00e9sident du parlement visite le site du port sec du PK26, route de Boali"}]},{"@type":"WebSite","@id":"https:\/\/www.africa-press.net\/centrafricaine\/#website","url":"https:\/\/www.africa-press.net\/centrafricaine\/","name":"centrafricaine","description":"Just another Africa News Agency Sites site","potentialAction":[{"@type":"SearchAction","target":{"@type":"EntryPoint","urlTemplate":"https:\/\/www.africa-press.net\/centrafricaine\/?s={search_term_string}"},"query-input":{"@type":"PropertyValueSpecification","valueRequired":true,"valueName":"search_term_string"}}],"inLanguage":"fr-FR"},{"@type":"Person","@id":"https:\/\/www.africa-press.net\/centrafricaine\/#\/schema\/person\/2b1cf3cd81a31e3cd26889ca66d677f1","name":"cfeditorfr"}]}},"_links":{"self":[{"href":"https:\/\/www.africa-press.net\/centrafricaine\/wp-json\/wp\/v2\/posts\/21171","targetHints":{"allow":["GET"]}}],"collection":[{"href":"https:\/\/www.africa-press.net\/centrafricaine\/wp-json\/wp\/v2\/posts"}],"about":[{"href":"https:\/\/www.africa-press.net\/centrafricaine\/wp-json\/wp\/v2\/types\/post"}],"author":[{"embeddable":true,"href":"https:\/\/www.africa-press.net\/centrafricaine\/wp-json\/wp\/v2\/users\/82"}],"replies":[{"embeddable":true,"href":"https:\/\/www.africa-press.net\/centrafricaine\/wp-json\/wp\/v2\/comments?post=21171"}],"version-history":[{"count":0,"href":"https:\/\/www.africa-press.net\/centrafricaine\/wp-json\/wp\/v2\/posts\/21171\/revisions"}],"wp:featuredmedia":[{"embeddable":true,"href":"https:\/\/www.africa-press.net\/centrafricaine\/wp-json\/wp\/v2\/media\/21170"}],"wp:attachment":[{"href":"https:\/\/www.africa-press.net\/centrafricaine\/wp-json\/wp\/v2\/media?parent=21171"}],"wp:term":[{"taxonomy":"category","embeddable":true,"href":"https:\/\/www.africa-press.net\/centrafricaine\/wp-json\/wp\/v2\/categories?post=21171"},{"taxonomy":"post_tag","embeddable":true,"href":"https:\/\/www.africa-press.net\/centrafricaine\/wp-json\/wp\/v2\/tags?post=21171"}],"curies":[{"name":"wp","href":"https:\/\/api.w.org\/{rel}","templated":true}]}}