{"id":2152,"date":"2021-01-15T16:10:06","date_gmt":"2021-01-15T16:10:06","guid":{"rendered":"https:\/\/www.africa-press.com\/centrafricaine\/?p=2152"},"modified":"2021-01-15T16:08:48","modified_gmt":"2021-01-15T16:08:48","slug":"requiem-pour-le-pouvoir-de-touadera","status":"publish","type":"post","link":"https:\/\/www.africa-press.net\/centrafricaine\/politique\/requiem-pour-le-pouvoir-de-touadera","title":{"rendered":"requiem pour le pouvoir de Touad\u00e9ra"},"content":{"rendered":"<p><span style=\"color: #ff6600\"><strong><a href=\"https:\/\/www.africa-press.com\/\">Africa-Press<\/a> &#8211; <a href=\"https:\/\/www.africa-press.com\/centrafricaine\">CentrAfricaine<\/a>. <\/strong><\/span><b><\/b>La Centrafrique est en \u00e9bullition. Les villes tombent les unes apr\u00e8s les autres. Bouar au Nord-Ouest, Grimari au Nord-Est. La capitale, Bangui, \u00e0 port\u00e9e de fusil, est asphyxi\u00e9e par un blocus qui la coupe du corridor Garoua-Boula\u00ef-Bangui, son principal point d\u2019approvisionnement. Dans cette fronti\u00e8re camerounaise, plus de 900 camions et v\u00e9hicules attendentun hypoth\u00e9tique feu vert. Le canon et le fusil ont remplac\u00e9 les urnes.<\/p>\n<p>R\u00e9\u00e9lu avec 54% au terme d\u2019un scrutin du 27 d\u00e9cembre, copieusement contest\u00e9, le pr\u00e9sident Faustin-Archange Touad\u00e9ra voit son pouvoir se r\u00e9duire comme peau de chagrin alors que le FMI vient de lui accorder un bol d\u2019oxyg\u00e8ne sous forme de 38 millions de dollars dans le cadre de la facilit\u00e9 de cr\u00e9dit rapide. Alli\u00e9 de Moscou, Touad\u00e9ra le sait, sa marge de manoeuvre est r\u00e9duite. Les chefs d\u2019Etat voisin l\u2019encouragent \u00e0 n\u00e9gocier. Pendant ce temps, le mur de la contestation, \u00e0 la fois civil et militaire, se rapproche \u00e0 grands pas, for\u00e7ant l\u2019arm\u00e9e centrafricaine (les FACA) au repli et ses partenaires russes et rwandais \u00e0 la r\u00e9\u00e9valuation de la situation. L\u2019attaque de mercredi a \u00e9t\u00e9 repouss\u00e9e gr\u00e2ce \u00e0 l\u2019ONU.<\/p>\n<p>Quant aux casques bleus de la Minusca, ils comptent les morts mais pas avec le pacifisme d\u2019un cur\u00e9. Le lieutenant Colonel Abdoul Aziz Fall, porte-parole de la force de la Mission des Nations unies, ne verse pas dans le triomphalisme.\u201dla situation est calme d\u00e9sormais. L\u2019initiative des groupes arm\u00e9s, qui se sont infiltr\u00e9s \u00e0 Bangui, a \u00e9t\u00e9 contrecarr\u00e9e\u201d. Une accalmie r\u00e8gne mais pour combien de temps ?<\/p>\n<p>Tels des vautours, les h\u00e9licopt\u00e8res russes tournoient \u00e0 basse altitude sous un ciel rageusement bleu, o\u00f9 un beau soleil \u00e9claire la horde des civils, femmes et enfants, qui a repris la route\u2026pour une destination incertaine. Le couvre-feu a \u00e9t\u00e9 avanc\u00e9 \u00e0 18 heures et non plus 20 heures, clame un d\u00e9cret fumant de la pr\u00e9sidence. Mais c\u2019est connu, le ballet des kalachnikov se poursuivra cette nuit et demain encore dans ce pays riche en diamants, bois et or.<\/p>\n<p>D\u2019ici l\u00e0, le prix de l\u2019oignon aura encore flamb\u00e9 au PK5 de Bangui. Et le pr\u00e9sident Touad\u00e9ra, \u00e0 quitte ou double, parviendra, peut-\u00eatre, \u00e0 sauver un pouvoir qui ne s\u2019exerce aujourd\u2019hui que dans la capitale, le reste \u00e9tant aux mains de la coalition des groupes arm\u00e9s, la CPC, sponsoris\u00e9e, dit-on, par un certain Fran\u00e7ois Boziz\u00e9, un ancien pr\u00e9sident qui est entrain de revivre, \u00e0 l\u2019envers, le film de son renversement, en 2013, envers et contre le vain accord de Libreville. Aussi vain que l\u2019est aujourd\u2019hui l\u2019accord de Khartoum.<\/p>\n<p>Par Financial Afrique<\/p>\n","protected":false},"excerpt":{"rendered":"<p>Africa-Press &#8211; CentrAfricaine. La Centrafrique est en \u00e9bullition. Les villes tombent les unes apr\u00e8s les autres. Bouar au Nord-Ouest, Grimari au Nord-Est. La capitale, Bangui, \u00e0 port\u00e9e de fusil, est asphyxi\u00e9e par un blocus qui la coupe du corridor Garoua-Boula\u00ef-Bangui, son principal point d\u2019approvisionnement. Dans cette fronti\u00e8re camerounaise, plus de 900 camions et v\u00e9hicules attendentun [&hellip;]<\/p>\n","protected":false},"author":82,"featured_media":2151,"comment_status":"open","ping_status":"closed","sticky":false,"template":"","format":"standard","meta":{"footnotes":""},"categories":[11,2,20,10],"tags":[36,58,30],"class_list":["post-2152","post","type-post","status-publish","format-standard","has-post-thumbnail","hentry","category-homepage-french","category-politique","category-top-nouvelles","category-toutes-les-actualites","tag-africa-press","tag-africa-press-centrafricaine","tag-centrafricaine"],"yoast_head":"<!-- This site is optimized with the Yoast SEO Premium plugin v26.1 (Yoast SEO v27.0) - https:\/\/yoast.com\/product\/yoast-seo-premium-wordpress\/ -->\n<title>requiem pour le pouvoir de Touad\u00e9ra - centrafricaine<\/title>\n<meta name=\"robots\" content=\"index, follow, max-snippet:-1, max-image-preview:large, max-video-preview:-1\" \/>\n<link rel=\"canonical\" href=\"https:\/\/www.africa-press.net\/centrafricaine\/politique\/requiem-pour-le-pouvoir-de-touadera\" \/>\n<meta property=\"og:locale\" content=\"fr_FR\" \/>\n<meta property=\"og:type\" content=\"article\" \/>\n<meta property=\"og:title\" content=\"requiem pour le pouvoir de Touad\u00e9ra\" \/>\n<meta property=\"og:description\" content=\"Africa-Press &#8211; CentrAfricaine. La Centrafrique est en \u00e9bullition. Les villes tombent les unes apr\u00e8s les autres. Bouar au Nord-Ouest, Grimari au Nord-Est. La capitale, Bangui, \u00e0 port\u00e9e de fusil, est asphyxi\u00e9e par un blocus qui la coupe du corridor Garoua-Boula\u00ef-Bangui, son principal point d\u2019approvisionnement. Dans cette fronti\u00e8re camerounaise, plus de 900 camions et v\u00e9hicules attendentun [&hellip;]\" \/>\n<meta property=\"og:url\" content=\"https:\/\/www.africa-press.net\/centrafricaine\/politique\/requiem-pour-le-pouvoir-de-touadera\" \/>\n<meta property=\"og:site_name\" content=\"centrafricaine\" \/>\n<meta property=\"article:published_time\" content=\"2021-01-15T16:10:06+00:00\" \/>\n<meta property=\"og:image\" content=\"https:\/\/static.africa-press.net\/centrafricaine\/sites\/45\/2021\/01\/img-6001b21a20881.jpg\" \/>\n\t<meta property=\"og:image:width\" content=\"720\" \/>\n\t<meta property=\"og:image:height\" content=\"358\" \/>\n\t<meta property=\"og:image:type\" content=\"image\/jpeg\" \/>\n<meta name=\"author\" content=\"cfeditorfr\" \/>\n<meta name=\"twitter:card\" content=\"summary_large_image\" \/>\n<meta name=\"twitter:label1\" content=\"\u00c9crit par\" \/>\n\t<meta name=\"twitter:data1\" content=\"cfeditorfr\" \/>\n\t<meta name=\"twitter:label2\" content=\"Dur\u00e9e de lecture estim\u00e9e\" \/>\n\t<meta name=\"twitter:data2\" content=\"2 minutes\" \/>\n<script type=\"application\/ld+json\" class=\"yoast-schema-graph\">{\"@context\":\"https:\/\/schema.org\",\"@graph\":[{\"@type\":\"Article\",\"@id\":\"https:\/\/www.africa-press.net\/centrafricaine\/politique\/requiem-pour-le-pouvoir-de-touadera#article\",\"isPartOf\":{\"@id\":\"https:\/\/www.africa-press.net\/centrafricaine\/politique\/requiem-pour-le-pouvoir-de-touadera\"},\"author\":{\"name\":\"cfeditorfr\",\"@id\":\"https:\/\/www.africa-press.net\/centrafricaine\/#\/schema\/person\/2b1cf3cd81a31e3cd26889ca66d677f1\"},\"headline\":\"requiem pour le pouvoir de Touad\u00e9ra\",\"datePublished\":\"2021-01-15T16:10:06+00:00\",\"mainEntityOfPage\":{\"@id\":\"https:\/\/www.africa-press.net\/centrafricaine\/politique\/requiem-pour-le-pouvoir-de-touadera\"},\"wordCount\":466,\"commentCount\":0,\"image\":{\"@id\":\"https:\/\/www.africa-press.net\/centrafricaine\/politique\/requiem-pour-le-pouvoir-de-touadera#primaryimage\"},\"thumbnailUrl\":\"https:\/\/static.africa-press.net\/centrafricaine\/sites\/45\/2021\/01\/img-6001b21a20881.jpg\",\"keywords\":[\"Africa Press\",\"Africa Press-CentrAfricaine\",\"CentrAfricaine\"],\"articleSection\":[\"homepage-french\",\"Politique\",\"Top Nouvelles\",\"Toutes les actualit\u00e9s\"],\"inLanguage\":\"fr-FR\",\"potentialAction\":[{\"@type\":\"CommentAction\",\"name\":\"Comment\",\"target\":[\"https:\/\/www.africa-press.net\/centrafricaine\/politique\/requiem-pour-le-pouvoir-de-touadera#respond\"]}]},{\"@type\":\"WebPage\",\"@id\":\"https:\/\/www.africa-press.net\/centrafricaine\/politique\/requiem-pour-le-pouvoir-de-touadera\",\"url\":\"https:\/\/www.africa-press.net\/centrafricaine\/politique\/requiem-pour-le-pouvoir-de-touadera\",\"name\":\"requiem pour le pouvoir de Touad\u00e9ra - centrafricaine\",\"isPartOf\":{\"@id\":\"https:\/\/www.africa-press.net\/centrafricaine\/#website\"},\"primaryImageOfPage\":{\"@id\":\"https:\/\/www.africa-press.net\/centrafricaine\/politique\/requiem-pour-le-pouvoir-de-touadera#primaryimage\"},\"image\":{\"@id\":\"https:\/\/www.africa-press.net\/centrafricaine\/politique\/requiem-pour-le-pouvoir-de-touadera#primaryimage\"},\"thumbnailUrl\":\"https:\/\/static.africa-press.net\/centrafricaine\/sites\/45\/2021\/01\/img-6001b21a20881.jpg\",\"datePublished\":\"2021-01-15T16:10:06+00:00\",\"author\":{\"@id\":\"https:\/\/www.africa-press.net\/centrafricaine\/#\/schema\/person\/2b1cf3cd81a31e3cd26889ca66d677f1\"},\"breadcrumb\":{\"@id\":\"https:\/\/www.africa-press.net\/centrafricaine\/politique\/requiem-pour-le-pouvoir-de-touadera#breadcrumb\"},\"inLanguage\":\"fr-FR\",\"potentialAction\":[{\"@type\":\"ReadAction\",\"target\":[\"https:\/\/www.africa-press.net\/centrafricaine\/politique\/requiem-pour-le-pouvoir-de-touadera\"]}]},{\"@type\":\"ImageObject\",\"inLanguage\":\"fr-FR\",\"@id\":\"https:\/\/www.africa-press.net\/centrafricaine\/politique\/requiem-pour-le-pouvoir-de-touadera#primaryimage\",\"url\":\"https:\/\/static.africa-press.net\/centrafricaine\/sites\/45\/2021\/01\/img-6001b21a20881.jpg\",\"contentUrl\":\"https:\/\/static.africa-press.net\/centrafricaine\/sites\/45\/2021\/01\/img-6001b21a20881.jpg\",\"width\":720,\"height\":358,\"caption\":\"requiem pour le pouvoir de Touad\u00e9ra\"},{\"@type\":\"BreadcrumbList\",\"@id\":\"https:\/\/www.africa-press.net\/centrafricaine\/politique\/requiem-pour-le-pouvoir-de-touadera#breadcrumb\",\"itemListElement\":[{\"@type\":\"ListItem\",\"position\":1,\"name\":\"Accueil\",\"item\":\"https:\/\/www.africa-press.net\/centrafricaine\/\"},{\"@type\":\"ListItem\",\"position\":2,\"name\":\"requiem pour le pouvoir de Touad\u00e9ra\"}]},{\"@type\":\"WebSite\",\"@id\":\"https:\/\/www.africa-press.net\/centrafricaine\/#website\",\"url\":\"https:\/\/www.africa-press.net\/centrafricaine\/\",\"name\":\"centrafricaine\",\"description\":\"Just another Africa News Agency Sites site\",\"potentialAction\":[{\"@type\":\"SearchAction\",\"target\":{\"@type\":\"EntryPoint\",\"urlTemplate\":\"https:\/\/www.africa-press.net\/centrafricaine\/?s={search_term_string}\"},\"query-input\":{\"@type\":\"PropertyValueSpecification\",\"valueRequired\":true,\"valueName\":\"search_term_string\"}}],\"inLanguage\":\"fr-FR\"},{\"@type\":\"Person\",\"@id\":\"https:\/\/www.africa-press.net\/centrafricaine\/#\/schema\/person\/2b1cf3cd81a31e3cd26889ca66d677f1\",\"name\":\"cfeditorfr\"}]}<\/script>\n<!-- \/ Yoast SEO Premium plugin. -->","yoast_head_json":{"title":"requiem pour le pouvoir de Touad\u00e9ra - centrafricaine","robots":{"index":"index","follow":"follow","max-snippet":"max-snippet:-1","max-image-preview":"max-image-preview:large","max-video-preview":"max-video-preview:-1"},"canonical":"https:\/\/www.africa-press.net\/centrafricaine\/politique\/requiem-pour-le-pouvoir-de-touadera","og_locale":"fr_FR","og_type":"article","og_title":"requiem pour le pouvoir de Touad\u00e9ra","og_description":"Africa-Press &#8211; CentrAfricaine. La Centrafrique est en \u00e9bullition. Les villes tombent les unes apr\u00e8s les autres. Bouar au Nord-Ouest, Grimari au Nord-Est. La capitale, Bangui, \u00e0 port\u00e9e de fusil, est asphyxi\u00e9e par un blocus qui la coupe du corridor Garoua-Boula\u00ef-Bangui, son principal point d\u2019approvisionnement. Dans cette fronti\u00e8re camerounaise, plus de 900 camions et v\u00e9hicules attendentun [&hellip;]","og_url":"https:\/\/www.africa-press.net\/centrafricaine\/politique\/requiem-pour-le-pouvoir-de-touadera","og_site_name":"centrafricaine","article_published_time":"2021-01-15T16:10:06+00:00","og_image":[{"width":720,"height":358,"url":"https:\/\/static.africa-press.net\/centrafricaine\/sites\/45\/2021\/01\/img-6001b21a20881.jpg","type":"image\/jpeg"}],"author":"cfeditorfr","twitter_card":"summary_large_image","twitter_misc":{"\u00c9crit par":"cfeditorfr","Dur\u00e9e de lecture estim\u00e9e":"2 minutes"},"schema":{"@context":"https:\/\/schema.org","@graph":[{"@type":"Article","@id":"https:\/\/www.africa-press.net\/centrafricaine\/politique\/requiem-pour-le-pouvoir-de-touadera#article","isPartOf":{"@id":"https:\/\/www.africa-press.net\/centrafricaine\/politique\/requiem-pour-le-pouvoir-de-touadera"},"author":{"name":"cfeditorfr","@id":"https:\/\/www.africa-press.net\/centrafricaine\/#\/schema\/person\/2b1cf3cd81a31e3cd26889ca66d677f1"},"headline":"requiem pour le pouvoir de Touad\u00e9ra","datePublished":"2021-01-15T16:10:06+00:00","mainEntityOfPage":{"@id":"https:\/\/www.africa-press.net\/centrafricaine\/politique\/requiem-pour-le-pouvoir-de-touadera"},"wordCount":466,"commentCount":0,"image":{"@id":"https:\/\/www.africa-press.net\/centrafricaine\/politique\/requiem-pour-le-pouvoir-de-touadera#primaryimage"},"thumbnailUrl":"https:\/\/static.africa-press.net\/centrafricaine\/sites\/45\/2021\/01\/img-6001b21a20881.jpg","keywords":["Africa Press","Africa Press-CentrAfricaine","CentrAfricaine"],"articleSection":["homepage-french","Politique","Top Nouvelles","Toutes les actualit\u00e9s"],"inLanguage":"fr-FR","potentialAction":[{"@type":"CommentAction","name":"Comment","target":["https:\/\/www.africa-press.net\/centrafricaine\/politique\/requiem-pour-le-pouvoir-de-touadera#respond"]}]},{"@type":"WebPage","@id":"https:\/\/www.africa-press.net\/centrafricaine\/politique\/requiem-pour-le-pouvoir-de-touadera","url":"https:\/\/www.africa-press.net\/centrafricaine\/politique\/requiem-pour-le-pouvoir-de-touadera","name":"requiem pour le pouvoir de Touad\u00e9ra - centrafricaine","isPartOf":{"@id":"https:\/\/www.africa-press.net\/centrafricaine\/#website"},"primaryImageOfPage":{"@id":"https:\/\/www.africa-press.net\/centrafricaine\/politique\/requiem-pour-le-pouvoir-de-touadera#primaryimage"},"image":{"@id":"https:\/\/www.africa-press.net\/centrafricaine\/politique\/requiem-pour-le-pouvoir-de-touadera#primaryimage"},"thumbnailUrl":"https:\/\/static.africa-press.net\/centrafricaine\/sites\/45\/2021\/01\/img-6001b21a20881.jpg","datePublished":"2021-01-15T16:10:06+00:00","author":{"@id":"https:\/\/www.africa-press.net\/centrafricaine\/#\/schema\/person\/2b1cf3cd81a31e3cd26889ca66d677f1"},"breadcrumb":{"@id":"https:\/\/www.africa-press.net\/centrafricaine\/politique\/requiem-pour-le-pouvoir-de-touadera#breadcrumb"},"inLanguage":"fr-FR","potentialAction":[{"@type":"ReadAction","target":["https:\/\/www.africa-press.net\/centrafricaine\/politique\/requiem-pour-le-pouvoir-de-touadera"]}]},{"@type":"ImageObject","inLanguage":"fr-FR","@id":"https:\/\/www.africa-press.net\/centrafricaine\/politique\/requiem-pour-le-pouvoir-de-touadera#primaryimage","url":"https:\/\/static.africa-press.net\/centrafricaine\/sites\/45\/2021\/01\/img-6001b21a20881.jpg","contentUrl":"https:\/\/static.africa-press.net\/centrafricaine\/sites\/45\/2021\/01\/img-6001b21a20881.jpg","width":720,"height":358,"caption":"requiem pour le pouvoir de Touad\u00e9ra"},{"@type":"BreadcrumbList","@id":"https:\/\/www.africa-press.net\/centrafricaine\/politique\/requiem-pour-le-pouvoir-de-touadera#breadcrumb","itemListElement":[{"@type":"ListItem","position":1,"name":"Accueil","item":"https:\/\/www.africa-press.net\/centrafricaine\/"},{"@type":"ListItem","position":2,"name":"requiem pour le pouvoir de Touad\u00e9ra"}]},{"@type":"WebSite","@id":"https:\/\/www.africa-press.net\/centrafricaine\/#website","url":"https:\/\/www.africa-press.net\/centrafricaine\/","name":"centrafricaine","description":"Just another Africa News Agency Sites site","potentialAction":[{"@type":"SearchAction","target":{"@type":"EntryPoint","urlTemplate":"https:\/\/www.africa-press.net\/centrafricaine\/?s={search_term_string}"},"query-input":{"@type":"PropertyValueSpecification","valueRequired":true,"valueName":"search_term_string"}}],"inLanguage":"fr-FR"},{"@type":"Person","@id":"https:\/\/www.africa-press.net\/centrafricaine\/#\/schema\/person\/2b1cf3cd81a31e3cd26889ca66d677f1","name":"cfeditorfr"}]}},"_links":{"self":[{"href":"https:\/\/www.africa-press.net\/centrafricaine\/wp-json\/wp\/v2\/posts\/2152","targetHints":{"allow":["GET"]}}],"collection":[{"href":"https:\/\/www.africa-press.net\/centrafricaine\/wp-json\/wp\/v2\/posts"}],"about":[{"href":"https:\/\/www.africa-press.net\/centrafricaine\/wp-json\/wp\/v2\/types\/post"}],"author":[{"embeddable":true,"href":"https:\/\/www.africa-press.net\/centrafricaine\/wp-json\/wp\/v2\/users\/82"}],"replies":[{"embeddable":true,"href":"https:\/\/www.africa-press.net\/centrafricaine\/wp-json\/wp\/v2\/comments?post=2152"}],"version-history":[{"count":0,"href":"https:\/\/www.africa-press.net\/centrafricaine\/wp-json\/wp\/v2\/posts\/2152\/revisions"}],"wp:featuredmedia":[{"embeddable":true,"href":"https:\/\/www.africa-press.net\/centrafricaine\/wp-json\/wp\/v2\/media\/2151"}],"wp:attachment":[{"href":"https:\/\/www.africa-press.net\/centrafricaine\/wp-json\/wp\/v2\/media?parent=2152"}],"wp:term":[{"taxonomy":"category","embeddable":true,"href":"https:\/\/www.africa-press.net\/centrafricaine\/wp-json\/wp\/v2\/categories?post=2152"},{"taxonomy":"post_tag","embeddable":true,"href":"https:\/\/www.africa-press.net\/centrafricaine\/wp-json\/wp\/v2\/tags?post=2152"}],"curies":[{"name":"wp","href":"https:\/\/api.w.org\/{rel}","templated":true}]}}