{"id":21837,"date":"2022-04-26T15:21:01","date_gmt":"2022-04-26T15:21:01","guid":{"rendered":"https:\/\/www.africa-press.net\/centrafricaine\/politique\/lenerca-lance-les-travaux-de-renovation-des-alternateurs-de-lusine-de-boali-1"},"modified":"2022-04-26T15:34:25","modified_gmt":"2022-04-26T15:34:25","slug":"lenerca-lance-les-travaux-de-renovation-des-alternateurs-de-lusine-de-boali-1","status":"publish","type":"post","link":"https:\/\/www.africa-press.net\/centrafricaine\/economie\/lenerca-lance-les-travaux-de-renovation-des-alternateurs-de-lusine-de-boali-1","title":{"rendered":"l\u2019ENERCA lance les travaux de r\u00e9novation des alternateurs de l\u2019usine de Boali 1"},"content":{"rendered":"<p><span style=\"color: #ff6600\"><strong>Africa-Press &#8211; CentrAfricaine. <\/strong><\/span>En vue de r\u00e9nover les appareils pour fournir d\u2019\u00e9lectricit\u00e9, r\u00e9pondant aux besoins des Centrafricains, la Direction g\u00e9n\u00e9rale l\u2019Energie Centrafricaine (ENERCA) a annonc\u00e9 dans un communiqu\u00e9 les travaux de r\u00e9novation des 4 alternateurs de l\u2019usine de Boali 1, ceci \u00e0 compter du 15 avril au 15 juillet 2022. A cet effet, la production sera r\u00e9duite, perturbant ainsi, le planning habituel de la fourniture d\u2019\u00e9lectricit\u00e9.<\/p>\n<p>L\u2019Energie Centrafricaine compte r\u00e9pondre aux besoins \u00e9nerg\u00e9tiques des populations centrafricaines qui attendent la r\u00e9gularit\u00e9 de l\u2019\u00e9lectricit\u00e9 dans les m\u00e9nages. Car, le pays fait face \u00e0 de s\u00e9rieux probl\u00e8mes d\u2019\u00e9lectricit\u00e9, dus \u00e0 la vieillerie et au sabotage des infrastructures.<\/p>\n<p>A cet effet, l\u2019ENERCA, l\u2019unique soci\u00e9t\u00e9 de fourniture d\u2019\u00e9lectricit\u00e9 dans le pays, lance des m\u00e9canismes de r\u00e9novation de ces appareils. C\u2019est pourquoi, la direction g\u00e9n\u00e9rale de l\u2019ENERCA a annonc\u00e9 les travaux de r\u00e9novation des alternateurs de l\u2019usine de Boali 1.<\/p>\n<p>Selon un communiqu\u00e9 publi\u00e9 le jeudi 21 avril par la direction g\u00e9n\u00e9rale, \u00ab ces travaux de r\u00e9novation vont n\u00e9cessiter l\u2019arr\u00eat altern\u00e9 des 4 groupes de l\u2019usine de Boali 1 entre le 15 avril et 15 juillet 2022, suivant le calendrier pr\u00e9visionnel, vont perturber le planning habituel de fourniture d\u2019\u00e9lectricit\u00e9 en raison du fait que la production sera r\u00e9duite de 1750 kilo watts (arr\u00eat d\u2019un groupe) \u00e0 3500 kilo watts (arr\u00eat de deux groupe). Au regard de ce qui pr\u00e9c\u00e8de, un planning sp\u00e9cial de fourniture d\u2019\u00e9lectricit\u00e9 durant cette p\u00e9riode de travaux sera communiqu\u00e9 dans les prochains jours. A cet effet, la direction g\u00e9n\u00e9rale pr\u00e9sente ses sinc\u00e8res excuses pour tous les d\u00e9sagr\u00e9ments qui seront caus\u00e9s par ces perturbations et rappelle, malgr\u00e9 tout que ces travaux sont indispensables \u00e0 la poursuite de sa mission de service public \u00bb.<\/p>\n<p>Ce communiqu\u00e9 intervient, alors que le probl\u00e8me d\u2019\u00e9lectricit\u00e9 devient grandissant et que beaucoup de centrafricains attendent des r\u00e9novations dans ce secteur. Ces travaux dans l\u2019usine de Boali 1 sont indispensables pour la r\u00e9gularit\u00e9 et la fourniture de d\u2019\u00e9lectricit\u00e9 dans les localit\u00e9s de la R\u00e9publique centrafricaine.<\/p>\n<p>Il faut noter que depuis 2021, l\u2019ENERCA \u00e0 travers sa Direction G\u00e9n\u00e9rale \u00e0 la t\u00eate de laquelle Patient Bendima, est dans la dynamique de r\u00e9novation et la construction des infrastructures \u00e9nergiques dans le pays, gr\u00e2ce l\u2019appui des bailleurs \u00e0 la sollicitation du Pr\u00e9sident de la R\u00e9publique, Faustin Archange Touadera, qui ne m\u00e9nage aucun effort pour r\u00e9pondre aux attente de la population dans le domaine de l\u2019\u00e9nergie. Ces travaux permettront non seulement l\u2019am\u00e9lioration de fourniture en \u00e9lectricit\u00e9 mais aussi la relance des activit\u00e9s \u00e9conomiques dans le pays.<\/p>\n<p><strong>Pour plus d&rsquo;informations et d&rsquo;analyses sur la <a href=\"https:\/\/www.africa-press.net\/centrafricaine\">CentrAfricaine<\/a>, suivez <a href=\"https:\/\/www.africa-press.net\/\">Africa-Press<\/a><\/strong><\/p>\n","protected":false},"excerpt":{"rendered":"<p>Africa-Press &#8211; CentrAfricaine. En vue de r\u00e9nover les appareils pour fournir d\u2019\u00e9lectricit\u00e9, r\u00e9pondant aux besoins des Centrafricains, la Direction g\u00e9n\u00e9rale l\u2019Energie Centrafricaine (ENERCA) a annonc\u00e9 dans un communiqu\u00e9 les travaux de r\u00e9novation des 4 alternateurs de l\u2019usine de Boali 1, ceci \u00e0 compter du 15 avril au 15 juillet 2022. A cet effet, la production [&hellip;]<\/p>\n","protected":false},"author":82,"featured_media":21836,"comment_status":"open","ping_status":"closed","sticky":false,"template":"","format":"standard","meta":{"footnotes":""},"categories":[3,11,10],"tags":[36,58,30,41,140,1847,2270,1754,1144],"class_list":["post-21837","post","type-post","status-publish","format-standard","has-post-thumbnail","hentry","category-economie","category-homepage-french","category-toutes-les-actualites","tag-africa-press","tag-africa-press-centrafricaine","tag-centrafricaine","tag-centrafrique","tag-electricite","tag-enerca","tag-fourniture","tag-lancement","tag-travaux"],"yoast_head":"<!-- This site is optimized with the Yoast SEO Premium plugin v26.1 (Yoast SEO v27.0) - https:\/\/yoast.com\/product\/yoast-seo-premium-wordpress\/ -->\n<title>l\u2019ENERCA lance les travaux de r\u00e9novation des alternateurs de l\u2019usine de Boali 1 - centrafricaine<\/title>\n<meta name=\"description\" content=\"En vue de r\u00e9nover les appareils pour fournir d\u2019\u00e9lectricit\u00e9, r\u00e9pondant aux besoins des Centrafricains, la Direction g\u00e9n\u00e9r ...\" \/>\n<meta name=\"robots\" content=\"index, follow, max-snippet:-1, max-image-preview:large, max-video-preview:-1\" \/>\n<link rel=\"canonical\" href=\"https:\/\/www.africa-press.net\/centrafricaine\/economie\/lenerca-lance-les-travaux-de-renovation-des-alternateurs-de-lusine-de-boali-1\" \/>\n<meta property=\"og:locale\" content=\"fr_FR\" \/>\n<meta property=\"og:type\" content=\"article\" \/>\n<meta property=\"og:title\" content=\"l\u2019ENERCA lance les travaux de r\u00e9novation des alternateurs de l\u2019usine de Boali 1\" \/>\n<meta property=\"og:description\" content=\"En vue de r\u00e9nover les appareils pour fournir d\u2019\u00e9lectricit\u00e9, r\u00e9pondant aux besoins des Centrafricains, la Direction g\u00e9n\u00e9r ...\" \/>\n<meta property=\"og:url\" content=\"https:\/\/www.africa-press.net\/centrafricaine\/economie\/lenerca-lance-les-travaux-de-renovation-des-alternateurs-de-lusine-de-boali-1\" \/>\n<meta property=\"og:site_name\" content=\"centrafricaine\" \/>\n<meta property=\"article:published_time\" content=\"2022-04-26T15:21:01+00:00\" \/>\n<meta property=\"article:modified_time\" content=\"2022-04-26T15:34:25+00:00\" \/>\n<meta property=\"og:image\" content=\"https:\/\/static.africa-press.net\/centrafricaine\/sites\/45\/2022\/04\/postQueueImg_18-626810ea104ab.jpg\" \/>\n\t<meta property=\"og:image:width\" content=\"718\" \/>\n\t<meta property=\"og:image:height\" content=\"400\" \/>\n\t<meta property=\"og:image:type\" content=\"image\/jpeg\" \/>\n<meta name=\"author\" content=\"cfeditorfr\" \/>\n<meta name=\"twitter:card\" content=\"summary_large_image\" \/>\n<meta name=\"twitter:label1\" content=\"\u00c9crit par\" \/>\n\t<meta name=\"twitter:data1\" content=\"cfeditorfr\" \/>\n\t<meta name=\"twitter:label2\" content=\"Dur\u00e9e de lecture estim\u00e9e\" \/>\n\t<meta name=\"twitter:data2\" content=\"2 minutes\" \/>\n<script type=\"application\/ld+json\" class=\"yoast-schema-graph\">{\"@context\":\"https:\/\/schema.org\",\"@graph\":[{\"@type\":\"Article\",\"@id\":\"https:\/\/www.africa-press.net\/centrafricaine\/economie\/lenerca-lance-les-travaux-de-renovation-des-alternateurs-de-lusine-de-boali-1#article\",\"isPartOf\":{\"@id\":\"https:\/\/www.africa-press.net\/centrafricaine\/economie\/lenerca-lance-les-travaux-de-renovation-des-alternateurs-de-lusine-de-boali-1\"},\"author\":{\"name\":\"cfeditorfr\",\"@id\":\"https:\/\/www.africa-press.net\/centrafricaine\/#\/schema\/person\/2b1cf3cd81a31e3cd26889ca66d677f1\"},\"headline\":\"l\u2019ENERCA lance les travaux de r\u00e9novation des alternateurs de l\u2019usine de Boali 1\",\"datePublished\":\"2022-04-26T15:21:01+00:00\",\"dateModified\":\"2022-04-26T15:34:25+00:00\",\"mainEntityOfPage\":{\"@id\":\"https:\/\/www.africa-press.net\/centrafricaine\/economie\/lenerca-lance-les-travaux-de-renovation-des-alternateurs-de-lusine-de-boali-1\"},\"wordCount\":490,\"commentCount\":0,\"image\":{\"@id\":\"https:\/\/www.africa-press.net\/centrafricaine\/economie\/lenerca-lance-les-travaux-de-renovation-des-alternateurs-de-lusine-de-boali-1#primaryimage\"},\"thumbnailUrl\":\"https:\/\/static.africa-press.net\/centrafricaine\/sites\/45\/2022\/04\/postQueueImg_18-626810ea104ab.jpg\",\"keywords\":[\"Africa Press\",\"Africa Press-CentrAfricaine\",\"CentrAfricaine\",\"Centrafrique\",\"\u00c9lectricit\u00e9\",\"ENERCA\",\"fourniture\",\"lancement\",\"travaux\"],\"articleSection\":[\"\u00c9conomie\",\"homepage-french\",\"Toutes les actualit\u00e9s\"],\"inLanguage\":\"fr-FR\",\"potentialAction\":[{\"@type\":\"CommentAction\",\"name\":\"Comment\",\"target\":[\"https:\/\/www.africa-press.net\/centrafricaine\/economie\/lenerca-lance-les-travaux-de-renovation-des-alternateurs-de-lusine-de-boali-1#respond\"]}]},{\"@type\":\"WebPage\",\"@id\":\"https:\/\/www.africa-press.net\/centrafricaine\/economie\/lenerca-lance-les-travaux-de-renovation-des-alternateurs-de-lusine-de-boali-1\",\"url\":\"https:\/\/www.africa-press.net\/centrafricaine\/economie\/lenerca-lance-les-travaux-de-renovation-des-alternateurs-de-lusine-de-boali-1\",\"name\":\"l\u2019ENERCA lance les travaux de r\u00e9novation des alternateurs de l\u2019usine de Boali 1 - centrafricaine\",\"isPartOf\":{\"@id\":\"https:\/\/www.africa-press.net\/centrafricaine\/#website\"},\"primaryImageOfPage\":{\"@id\":\"https:\/\/www.africa-press.net\/centrafricaine\/economie\/lenerca-lance-les-travaux-de-renovation-des-alternateurs-de-lusine-de-boali-1#primaryimage\"},\"image\":{\"@id\":\"https:\/\/www.africa-press.net\/centrafricaine\/economie\/lenerca-lance-les-travaux-de-renovation-des-alternateurs-de-lusine-de-boali-1#primaryimage\"},\"thumbnailUrl\":\"https:\/\/static.africa-press.net\/centrafricaine\/sites\/45\/2022\/04\/postQueueImg_18-626810ea104ab.jpg\",\"datePublished\":\"2022-04-26T15:21:01+00:00\",\"dateModified\":\"2022-04-26T15:34:25+00:00\",\"author\":{\"@id\":\"https:\/\/www.africa-press.net\/centrafricaine\/#\/schema\/person\/2b1cf3cd81a31e3cd26889ca66d677f1\"},\"description\":\"En vue de r\u00e9nover les appareils pour fournir d\u2019\u00e9lectricit\u00e9, r\u00e9pondant aux besoins des Centrafricains, la Direction g\u00e9n\u00e9r ...\",\"breadcrumb\":{\"@id\":\"https:\/\/www.africa-press.net\/centrafricaine\/economie\/lenerca-lance-les-travaux-de-renovation-des-alternateurs-de-lusine-de-boali-1#breadcrumb\"},\"inLanguage\":\"fr-FR\",\"potentialAction\":[{\"@type\":\"ReadAction\",\"target\":[\"https:\/\/www.africa-press.net\/centrafricaine\/economie\/lenerca-lance-les-travaux-de-renovation-des-alternateurs-de-lusine-de-boali-1\"]}]},{\"@type\":\"ImageObject\",\"inLanguage\":\"fr-FR\",\"@id\":\"https:\/\/www.africa-press.net\/centrafricaine\/economie\/lenerca-lance-les-travaux-de-renovation-des-alternateurs-de-lusine-de-boali-1#primaryimage\",\"url\":\"https:\/\/static.africa-press.net\/centrafricaine\/sites\/45\/2022\/04\/postQueueImg_18-626810ea104ab.jpg\",\"contentUrl\":\"https:\/\/static.africa-press.net\/centrafricaine\/sites\/45\/2022\/04\/postQueueImg_18-626810ea104ab.jpg\",\"width\":718,\"height\":400,\"caption\":\"l\u2019ENERCA lance les travaux de r\u00e9novation des alternateurs de l\u2019usine de Boali 1\"},{\"@type\":\"BreadcrumbList\",\"@id\":\"https:\/\/www.africa-press.net\/centrafricaine\/economie\/lenerca-lance-les-travaux-de-renovation-des-alternateurs-de-lusine-de-boali-1#breadcrumb\",\"itemListElement\":[{\"@type\":\"ListItem\",\"position\":1,\"name\":\"Accueil\",\"item\":\"https:\/\/www.africa-press.net\/centrafricaine\/\"},{\"@type\":\"ListItem\",\"position\":2,\"name\":\"l\u2019ENERCA lance les travaux de r\u00e9novation des alternateurs de l\u2019usine de Boali 1\"}]},{\"@type\":\"WebSite\",\"@id\":\"https:\/\/www.africa-press.net\/centrafricaine\/#website\",\"url\":\"https:\/\/www.africa-press.net\/centrafricaine\/\",\"name\":\"centrafricaine\",\"description\":\"Just another Africa News Agency Sites site\",\"potentialAction\":[{\"@type\":\"SearchAction\",\"target\":{\"@type\":\"EntryPoint\",\"urlTemplate\":\"https:\/\/www.africa-press.net\/centrafricaine\/?s={search_term_string}\"},\"query-input\":{\"@type\":\"PropertyValueSpecification\",\"valueRequired\":true,\"valueName\":\"search_term_string\"}}],\"inLanguage\":\"fr-FR\"},{\"@type\":\"Person\",\"@id\":\"https:\/\/www.africa-press.net\/centrafricaine\/#\/schema\/person\/2b1cf3cd81a31e3cd26889ca66d677f1\",\"name\":\"cfeditorfr\"}]}<\/script>\n<!-- \/ Yoast SEO Premium plugin. -->","yoast_head_json":{"title":"l\u2019ENERCA lance les travaux de r\u00e9novation des alternateurs de l\u2019usine de Boali 1 - centrafricaine","description":"En vue de r\u00e9nover les appareils pour fournir d\u2019\u00e9lectricit\u00e9, r\u00e9pondant aux besoins des Centrafricains, la Direction g\u00e9n\u00e9r ...","robots":{"index":"index","follow":"follow","max-snippet":"max-snippet:-1","max-image-preview":"max-image-preview:large","max-video-preview":"max-video-preview:-1"},"canonical":"https:\/\/www.africa-press.net\/centrafricaine\/economie\/lenerca-lance-les-travaux-de-renovation-des-alternateurs-de-lusine-de-boali-1","og_locale":"fr_FR","og_type":"article","og_title":"l\u2019ENERCA lance les travaux de r\u00e9novation des alternateurs de l\u2019usine de Boali 1","og_description":"En vue de r\u00e9nover les appareils pour fournir d\u2019\u00e9lectricit\u00e9, r\u00e9pondant aux besoins des Centrafricains, la Direction g\u00e9n\u00e9r ...","og_url":"https:\/\/www.africa-press.net\/centrafricaine\/economie\/lenerca-lance-les-travaux-de-renovation-des-alternateurs-de-lusine-de-boali-1","og_site_name":"centrafricaine","article_published_time":"2022-04-26T15:21:01+00:00","article_modified_time":"2022-04-26T15:34:25+00:00","og_image":[{"width":718,"height":400,"url":"https:\/\/static.africa-press.net\/centrafricaine\/sites\/45\/2022\/04\/postQueueImg_18-626810ea104ab.jpg","type":"image\/jpeg"}],"author":"cfeditorfr","twitter_card":"summary_large_image","twitter_misc":{"\u00c9crit par":"cfeditorfr","Dur\u00e9e de lecture estim\u00e9e":"2 minutes"},"schema":{"@context":"https:\/\/schema.org","@graph":[{"@type":"Article","@id":"https:\/\/www.africa-press.net\/centrafricaine\/economie\/lenerca-lance-les-travaux-de-renovation-des-alternateurs-de-lusine-de-boali-1#article","isPartOf":{"@id":"https:\/\/www.africa-press.net\/centrafricaine\/economie\/lenerca-lance-les-travaux-de-renovation-des-alternateurs-de-lusine-de-boali-1"},"author":{"name":"cfeditorfr","@id":"https:\/\/www.africa-press.net\/centrafricaine\/#\/schema\/person\/2b1cf3cd81a31e3cd26889ca66d677f1"},"headline":"l\u2019ENERCA lance les travaux de r\u00e9novation des alternateurs de l\u2019usine de Boali 1","datePublished":"2022-04-26T15:21:01+00:00","dateModified":"2022-04-26T15:34:25+00:00","mainEntityOfPage":{"@id":"https:\/\/www.africa-press.net\/centrafricaine\/economie\/lenerca-lance-les-travaux-de-renovation-des-alternateurs-de-lusine-de-boali-1"},"wordCount":490,"commentCount":0,"image":{"@id":"https:\/\/www.africa-press.net\/centrafricaine\/economie\/lenerca-lance-les-travaux-de-renovation-des-alternateurs-de-lusine-de-boali-1#primaryimage"},"thumbnailUrl":"https:\/\/static.africa-press.net\/centrafricaine\/sites\/45\/2022\/04\/postQueueImg_18-626810ea104ab.jpg","keywords":["Africa Press","Africa Press-CentrAfricaine","CentrAfricaine","Centrafrique","\u00c9lectricit\u00e9","ENERCA","fourniture","lancement","travaux"],"articleSection":["\u00c9conomie","homepage-french","Toutes les actualit\u00e9s"],"inLanguage":"fr-FR","potentialAction":[{"@type":"CommentAction","name":"Comment","target":["https:\/\/www.africa-press.net\/centrafricaine\/economie\/lenerca-lance-les-travaux-de-renovation-des-alternateurs-de-lusine-de-boali-1#respond"]}]},{"@type":"WebPage","@id":"https:\/\/www.africa-press.net\/centrafricaine\/economie\/lenerca-lance-les-travaux-de-renovation-des-alternateurs-de-lusine-de-boali-1","url":"https:\/\/www.africa-press.net\/centrafricaine\/economie\/lenerca-lance-les-travaux-de-renovation-des-alternateurs-de-lusine-de-boali-1","name":"l\u2019ENERCA lance les travaux de r\u00e9novation des alternateurs de l\u2019usine de Boali 1 - centrafricaine","isPartOf":{"@id":"https:\/\/www.africa-press.net\/centrafricaine\/#website"},"primaryImageOfPage":{"@id":"https:\/\/www.africa-press.net\/centrafricaine\/economie\/lenerca-lance-les-travaux-de-renovation-des-alternateurs-de-lusine-de-boali-1#primaryimage"},"image":{"@id":"https:\/\/www.africa-press.net\/centrafricaine\/economie\/lenerca-lance-les-travaux-de-renovation-des-alternateurs-de-lusine-de-boali-1#primaryimage"},"thumbnailUrl":"https:\/\/static.africa-press.net\/centrafricaine\/sites\/45\/2022\/04\/postQueueImg_18-626810ea104ab.jpg","datePublished":"2022-04-26T15:21:01+00:00","dateModified":"2022-04-26T15:34:25+00:00","author":{"@id":"https:\/\/www.africa-press.net\/centrafricaine\/#\/schema\/person\/2b1cf3cd81a31e3cd26889ca66d677f1"},"description":"En vue de r\u00e9nover les appareils pour fournir d\u2019\u00e9lectricit\u00e9, r\u00e9pondant aux besoins des Centrafricains, la Direction g\u00e9n\u00e9r ...","breadcrumb":{"@id":"https:\/\/www.africa-press.net\/centrafricaine\/economie\/lenerca-lance-les-travaux-de-renovation-des-alternateurs-de-lusine-de-boali-1#breadcrumb"},"inLanguage":"fr-FR","potentialAction":[{"@type":"ReadAction","target":["https:\/\/www.africa-press.net\/centrafricaine\/economie\/lenerca-lance-les-travaux-de-renovation-des-alternateurs-de-lusine-de-boali-1"]}]},{"@type":"ImageObject","inLanguage":"fr-FR","@id":"https:\/\/www.africa-press.net\/centrafricaine\/economie\/lenerca-lance-les-travaux-de-renovation-des-alternateurs-de-lusine-de-boali-1#primaryimage","url":"https:\/\/static.africa-press.net\/centrafricaine\/sites\/45\/2022\/04\/postQueueImg_18-626810ea104ab.jpg","contentUrl":"https:\/\/static.africa-press.net\/centrafricaine\/sites\/45\/2022\/04\/postQueueImg_18-626810ea104ab.jpg","width":718,"height":400,"caption":"l\u2019ENERCA lance les travaux de r\u00e9novation des alternateurs de l\u2019usine de Boali 1"},{"@type":"BreadcrumbList","@id":"https:\/\/www.africa-press.net\/centrafricaine\/economie\/lenerca-lance-les-travaux-de-renovation-des-alternateurs-de-lusine-de-boali-1#breadcrumb","itemListElement":[{"@type":"ListItem","position":1,"name":"Accueil","item":"https:\/\/www.africa-press.net\/centrafricaine\/"},{"@type":"ListItem","position":2,"name":"l\u2019ENERCA lance les travaux de r\u00e9novation des alternateurs de l\u2019usine de Boali 1"}]},{"@type":"WebSite","@id":"https:\/\/www.africa-press.net\/centrafricaine\/#website","url":"https:\/\/www.africa-press.net\/centrafricaine\/","name":"centrafricaine","description":"Just another Africa News Agency Sites site","potentialAction":[{"@type":"SearchAction","target":{"@type":"EntryPoint","urlTemplate":"https:\/\/www.africa-press.net\/centrafricaine\/?s={search_term_string}"},"query-input":{"@type":"PropertyValueSpecification","valueRequired":true,"valueName":"search_term_string"}}],"inLanguage":"fr-FR"},{"@type":"Person","@id":"https:\/\/www.africa-press.net\/centrafricaine\/#\/schema\/person\/2b1cf3cd81a31e3cd26889ca66d677f1","name":"cfeditorfr"}]}},"_links":{"self":[{"href":"https:\/\/www.africa-press.net\/centrafricaine\/wp-json\/wp\/v2\/posts\/21837","targetHints":{"allow":["GET"]}}],"collection":[{"href":"https:\/\/www.africa-press.net\/centrafricaine\/wp-json\/wp\/v2\/posts"}],"about":[{"href":"https:\/\/www.africa-press.net\/centrafricaine\/wp-json\/wp\/v2\/types\/post"}],"author":[{"embeddable":true,"href":"https:\/\/www.africa-press.net\/centrafricaine\/wp-json\/wp\/v2\/users\/82"}],"replies":[{"embeddable":true,"href":"https:\/\/www.africa-press.net\/centrafricaine\/wp-json\/wp\/v2\/comments?post=21837"}],"version-history":[{"count":0,"href":"https:\/\/www.africa-press.net\/centrafricaine\/wp-json\/wp\/v2\/posts\/21837\/revisions"}],"wp:featuredmedia":[{"embeddable":true,"href":"https:\/\/www.africa-press.net\/centrafricaine\/wp-json\/wp\/v2\/media\/21836"}],"wp:attachment":[{"href":"https:\/\/www.africa-press.net\/centrafricaine\/wp-json\/wp\/v2\/media?parent=21837"}],"wp:term":[{"taxonomy":"category","embeddable":true,"href":"https:\/\/www.africa-press.net\/centrafricaine\/wp-json\/wp\/v2\/categories?post=21837"},{"taxonomy":"post_tag","embeddable":true,"href":"https:\/\/www.africa-press.net\/centrafricaine\/wp-json\/wp\/v2\/tags?post=21837"}],"curies":[{"name":"wp","href":"https:\/\/api.w.org\/{rel}","templated":true}]}}