{"id":22397,"date":"2022-05-05T17:09:02","date_gmt":"2022-05-05T17:09:02","guid":{"rendered":"https:\/\/www.africa-press.net\/centrafricaine\/politique\/le-reseau-social-turaco-honore-les-heureux-gagnants-du-prix-fier-detre-centrafricain"},"modified":"2022-05-05T18:11:46","modified_gmt":"2022-05-05T18:11:46","slug":"le-reseau-social-turaco-honore-les-heureux-gagnants-du-prix-fier-detre-centrafricain","status":"publish","type":"post","link":"https:\/\/www.africa-press.net\/centrafricaine\/toutes-les-actualites\/le-reseau-social-turaco-honore-les-heureux-gagnants-du-prix-fier-detre-centrafricain","title":{"rendered":"le r\u00e9seau social Turaco honore les heureux gagnants du prix \u00abFier d\u2019\u00eatre Centrafricain\u00bb"},"content":{"rendered":"<p><span style=\"color: #ff6600\"><strong>Africa-Press &#8211; CentrAfricaine. <\/strong><\/span>Le r\u00e9seau social Turaco continue de faire ses preuves. Ce mercredi 4 mai, est marqu\u00e9 par la remise des prix aux deux laur\u00e9ats du jeu concours d\u00e9nomm\u00e9 \u00ab Fier d\u2019\u00eatre Centrafricain \u00bb. Cette remise officielle a eu lieu dans les locaux de l\u2019Ecole Nationale des Arts \u00e0 Bangui.<\/p>\n<p>\u00ab Qui s\u00e8me bien r\u00e9colte bien \u00bb, d\u2019apr\u00e8s un dicton. Tel est le cas d\u2019un jeu concours lanc\u00e9 du 8 au 30 avril 2022, par le r\u00e9seau national Centrafricain Turaco, qui a profit\u00e9 de cette occasion pour r\u00e9compenser ses deux laur\u00e9ats avec des kits compos\u00e9s d\u2019un ordinateur portable de marque Lenovo, un Smartphone de marque Spark 7.<\/p>\n<p>Ce r\u00e9seau social a une caract\u00e9ristique multiforme et permet aux Centrafricains de se naviguer librement et d\u2018\u00eatre en contact virtuel.<\/p>\n<p><b>\u00ab L\u2019Ecole Nationale des Arts qui est un socle de savoir a tiss\u00e9 des relations avec le r\u00e9seau national Turaco pour \u00eatre connect\u00e9e \u00e0 l\u2019espace plan\u00e9taire. Ce qui veut dire qu\u2019il faut avoir les outils n\u00e9cessaires de communication qui permet \u00e0 tout un chacun d\u2019avoir des informations de par le monde. Et nos \u00e9tudiants qui \u00e9tudient dans le syst\u00e8me LMD doivent \u00eatre aussi en partenariat avec cette innovation pour qu\u2019ils puissent se renseigner, se documenter, \u00eatre outill\u00e9 en un mot, \u00eatre \u00e0 la port\u00e9e des informations. Telle est notre motivation \u00e0 vouloir soutenir cette belle initiative cr\u00e9\u00e9e par un compatriote \u00bb<\/b><\/p>\n<p>, a fait savoir Serge Barth\u00e9lemy Feimonazoui, Directeur de l\u2019Ecole Nationale des Arts.<\/p>\n<p><b>\u00ab Cette remise devrait \u00eatre faite le mardi 3 mai, qui est la journ\u00e9e internationale de la libert\u00e9 de la presse c\u2019est pourquoi, nous avions ramen\u00e9 cela aujourd\u2019hui. Sur notre site Turaco, nous avons cr\u00e9\u00e9 un groupe qu\u2019on appelle Fier d\u2019\u00eatre Centrafricain et les conditions \u00e9taient que chaque candidat doit envoyer un symbole, une photo, l\u2019environnement et autres qui d\u00e9montrent la fiert\u00e9 d\u2019\u00eatre Centrafricain. C\u2019est \u00e0 l\u2019issu de ce crit\u00e8re qu\u2019un comit\u00e9 de vote a pu choisir ces heureux gagnants qui viennent de remporter ce prix \u00bb,<\/b><\/p>\n<p>a pr\u00e9cis\u00e9 Marius Rom\u00e9o Gamando, Directeur g\u00e9n\u00e9ral de Turaco.<\/p>\n<p>L\u2019entreprise Turaco a vu le jour il y\u2019a de cela 6 mois, plus pr\u00e9cis\u00e9ment au mois de d\u00e9cembre 2021 et dispose aujourd\u2019hui de plus de 30.000 abonn\u00e9s sur sa page. Les deux gagnants du prix Fier d\u2019\u00eatre Centrafricain sont : Al Habib Ndjikamara et Mexan Moundjou Dayo.<\/p>\n<p>La r\u00e9cente activit\u00e9 de l\u2019entreprise Turaco remonte \u00e0 la date du 8 mars qui est la journ\u00e9e internationale des droits des femmes durant laquelle des prix ont \u00e9t\u00e9 remis aux 11 femmes qui ont eu \u00e0 participer au jeu concours d\u00e9nomm\u00e9 \u00ab Mandako ti pend\u00e8re na Turaco \u00bb.<\/p>\n<p><strong>Pour plus d&rsquo;informations et d&rsquo;analyses sur la <a href=\"https:\/\/www.africa-press.net\/centrafricaine\">CentrAfricaine<\/a>, suivez <a href=\"https:\/\/www.africa-press.net\/\">Africa-Press<\/a><\/strong><\/p>\n","protected":false},"excerpt":{"rendered":"<p>Africa-Press &#8211; CentrAfricaine. Le r\u00e9seau social Turaco continue de faire ses preuves. Ce mercredi 4 mai, est marqu\u00e9 par la remise des prix aux deux laur\u00e9ats du jeu concours d\u00e9nomm\u00e9 \u00ab Fier d\u2019\u00eatre Centrafricain \u00bb. Cette remise officielle a eu lieu dans les locaux de l\u2019Ecole Nationale des Arts \u00e0 Bangui. \u00ab Qui s\u00e8me bien [&hellip;]<\/p>\n","protected":false},"author":82,"featured_media":22396,"comment_status":"open","ping_status":"closed","sticky":false,"template":"","format":"standard","meta":{"footnotes":""},"categories":[21,11,10],"tags":[36,58,30,41,2340,2339,1563],"class_list":["post-22397","post","type-post","status-publish","format-standard","has-post-thumbnail","hentry","category-communaute","category-homepage-french","category-toutes-les-actualites","tag-africa-press","tag-africa-press-centrafricaine","tag-centrafricaine","tag-centrafrique","tag-jeu-concours","tag-mandako-ti-pendere-na-turaco","tag-turaco"],"yoast_head":"<!-- This site is optimized with the Yoast SEO Premium plugin v26.1 (Yoast SEO v27.0) - https:\/\/yoast.com\/product\/yoast-seo-premium-wordpress\/ -->\n<title>le r\u00e9seau social Turaco honore les heureux gagnants du prix \u00abFier d\u2019\u00eatre Centrafricain\u00bb - centrafricaine<\/title>\n<meta name=\"description\" content=\"Le r\u00e9seau social Turaco continue de faire ses preuves. Ce mercredi 4 mai, est marqu\u00e9 par la remise des prix aux deux lau ...\" \/>\n<meta name=\"robots\" content=\"index, follow, max-snippet:-1, max-image-preview:large, max-video-preview:-1\" \/>\n<link rel=\"canonical\" href=\"https:\/\/www.africa-press.net\/centrafricaine\/toutes-les-actualites\/le-reseau-social-turaco-honore-les-heureux-gagnants-du-prix-fier-detre-centrafricain\" \/>\n<meta property=\"og:locale\" content=\"fr_FR\" \/>\n<meta property=\"og:type\" content=\"article\" \/>\n<meta property=\"og:title\" content=\"le r\u00e9seau social Turaco honore les heureux gagnants du prix \u00abFier d\u2019\u00eatre Centrafricain\u00bb\" \/>\n<meta property=\"og:description\" content=\"Le r\u00e9seau social Turaco continue de faire ses preuves. Ce mercredi 4 mai, est marqu\u00e9 par la remise des prix aux deux lau ...\" \/>\n<meta property=\"og:url\" content=\"https:\/\/www.africa-press.net\/centrafricaine\/toutes-les-actualites\/le-reseau-social-turaco-honore-les-heureux-gagnants-du-prix-fier-detre-centrafricain\" \/>\n<meta property=\"og:site_name\" content=\"centrafricaine\" \/>\n<meta property=\"article:published_time\" content=\"2022-05-05T17:09:02+00:00\" \/>\n<meta property=\"article:modified_time\" content=\"2022-05-05T18:11:46+00:00\" \/>\n<meta property=\"og:image\" content=\"https:\/\/static.africa-press.net\/centrafricaine\/sites\/45\/2022\/05\/postQueueImg_50.jpg\" \/>\n\t<meta property=\"og:image:width\" content=\"720\" \/>\n\t<meta property=\"og:image:height\" content=\"369\" \/>\n\t<meta property=\"og:image:type\" content=\"image\/jpeg\" \/>\n<meta name=\"author\" content=\"cfeditorfr\" \/>\n<meta name=\"twitter:card\" content=\"summary_large_image\" \/>\n<meta name=\"twitter:label1\" content=\"\u00c9crit par\" \/>\n\t<meta name=\"twitter:data1\" content=\"cfeditorfr\" \/>\n\t<meta name=\"twitter:label2\" content=\"Dur\u00e9e de lecture estim\u00e9e\" \/>\n\t<meta name=\"twitter:data2\" content=\"2 minutes\" \/>\n<script type=\"application\/ld+json\" class=\"yoast-schema-graph\">{\"@context\":\"https:\/\/schema.org\",\"@graph\":[{\"@type\":\"Article\",\"@id\":\"https:\/\/www.africa-press.net\/centrafricaine\/toutes-les-actualites\/le-reseau-social-turaco-honore-les-heureux-gagnants-du-prix-fier-detre-centrafricain#article\",\"isPartOf\":{\"@id\":\"https:\/\/www.africa-press.net\/centrafricaine\/toutes-les-actualites\/le-reseau-social-turaco-honore-les-heureux-gagnants-du-prix-fier-detre-centrafricain\"},\"author\":{\"name\":\"cfeditorfr\",\"@id\":\"https:\/\/www.africa-press.net\/centrafricaine\/#\/schema\/person\/2b1cf3cd81a31e3cd26889ca66d677f1\"},\"headline\":\"le r\u00e9seau social Turaco honore les heureux gagnants du prix \u00abFier d\u2019\u00eatre Centrafricain\u00bb\",\"datePublished\":\"2022-05-05T17:09:02+00:00\",\"dateModified\":\"2022-05-05T18:11:46+00:00\",\"mainEntityOfPage\":{\"@id\":\"https:\/\/www.africa-press.net\/centrafricaine\/toutes-les-actualites\/le-reseau-social-turaco-honore-les-heureux-gagnants-du-prix-fier-detre-centrafricain\"},\"wordCount\":490,\"commentCount\":0,\"image\":{\"@id\":\"https:\/\/www.africa-press.net\/centrafricaine\/toutes-les-actualites\/le-reseau-social-turaco-honore-les-heureux-gagnants-du-prix-fier-detre-centrafricain#primaryimage\"},\"thumbnailUrl\":\"https:\/\/static.africa-press.net\/centrafricaine\/sites\/45\/2022\/05\/postQueueImg_50.jpg\",\"keywords\":[\"Africa Press\",\"Africa Press-CentrAfricaine\",\"CentrAfricaine\",\"Centrafrique\",\"jeu concours\",\"Mandako ti pend\u00e8re na Turaco\",\"TURACO\"],\"articleSection\":[\"Communaut\u00e9\",\"homepage-french\",\"Toutes les actualit\u00e9s\"],\"inLanguage\":\"fr-FR\",\"potentialAction\":[{\"@type\":\"CommentAction\",\"name\":\"Comment\",\"target\":[\"https:\/\/www.africa-press.net\/centrafricaine\/toutes-les-actualites\/le-reseau-social-turaco-honore-les-heureux-gagnants-du-prix-fier-detre-centrafricain#respond\"]}]},{\"@type\":\"WebPage\",\"@id\":\"https:\/\/www.africa-press.net\/centrafricaine\/toutes-les-actualites\/le-reseau-social-turaco-honore-les-heureux-gagnants-du-prix-fier-detre-centrafricain\",\"url\":\"https:\/\/www.africa-press.net\/centrafricaine\/toutes-les-actualites\/le-reseau-social-turaco-honore-les-heureux-gagnants-du-prix-fier-detre-centrafricain\",\"name\":\"le r\u00e9seau social Turaco honore les heureux gagnants du prix \u00abFier d\u2019\u00eatre Centrafricain\u00bb - centrafricaine\",\"isPartOf\":{\"@id\":\"https:\/\/www.africa-press.net\/centrafricaine\/#website\"},\"primaryImageOfPage\":{\"@id\":\"https:\/\/www.africa-press.net\/centrafricaine\/toutes-les-actualites\/le-reseau-social-turaco-honore-les-heureux-gagnants-du-prix-fier-detre-centrafricain#primaryimage\"},\"image\":{\"@id\":\"https:\/\/www.africa-press.net\/centrafricaine\/toutes-les-actualites\/le-reseau-social-turaco-honore-les-heureux-gagnants-du-prix-fier-detre-centrafricain#primaryimage\"},\"thumbnailUrl\":\"https:\/\/static.africa-press.net\/centrafricaine\/sites\/45\/2022\/05\/postQueueImg_50.jpg\",\"datePublished\":\"2022-05-05T17:09:02+00:00\",\"dateModified\":\"2022-05-05T18:11:46+00:00\",\"author\":{\"@id\":\"https:\/\/www.africa-press.net\/centrafricaine\/#\/schema\/person\/2b1cf3cd81a31e3cd26889ca66d677f1\"},\"description\":\"Le r\u00e9seau social Turaco continue de faire ses preuves. Ce mercredi 4 mai, est marqu\u00e9 par la remise des prix aux deux lau ...\",\"breadcrumb\":{\"@id\":\"https:\/\/www.africa-press.net\/centrafricaine\/toutes-les-actualites\/le-reseau-social-turaco-honore-les-heureux-gagnants-du-prix-fier-detre-centrafricain#breadcrumb\"},\"inLanguage\":\"fr-FR\",\"potentialAction\":[{\"@type\":\"ReadAction\",\"target\":[\"https:\/\/www.africa-press.net\/centrafricaine\/toutes-les-actualites\/le-reseau-social-turaco-honore-les-heureux-gagnants-du-prix-fier-detre-centrafricain\"]}]},{\"@type\":\"ImageObject\",\"inLanguage\":\"fr-FR\",\"@id\":\"https:\/\/www.africa-press.net\/centrafricaine\/toutes-les-actualites\/le-reseau-social-turaco-honore-les-heureux-gagnants-du-prix-fier-detre-centrafricain#primaryimage\",\"url\":\"https:\/\/static.africa-press.net\/centrafricaine\/sites\/45\/2022\/05\/postQueueImg_50.jpg\",\"contentUrl\":\"https:\/\/static.africa-press.net\/centrafricaine\/sites\/45\/2022\/05\/postQueueImg_50.jpg\",\"width\":720,\"height\":369,\"caption\":\"le r\u00e9seau social Turaco honore les heureux gagnants du prix \u00abFier d\u2019\u00eatre Centrafricain\u00bb\"},{\"@type\":\"BreadcrumbList\",\"@id\":\"https:\/\/www.africa-press.net\/centrafricaine\/toutes-les-actualites\/le-reseau-social-turaco-honore-les-heureux-gagnants-du-prix-fier-detre-centrafricain#breadcrumb\",\"itemListElement\":[{\"@type\":\"ListItem\",\"position\":1,\"name\":\"Accueil\",\"item\":\"https:\/\/www.africa-press.net\/centrafricaine\/\"},{\"@type\":\"ListItem\",\"position\":2,\"name\":\"le r\u00e9seau social Turaco honore les heureux gagnants du prix \u00abFier d\u2019\u00eatre Centrafricain\u00bb\"}]},{\"@type\":\"WebSite\",\"@id\":\"https:\/\/www.africa-press.net\/centrafricaine\/#website\",\"url\":\"https:\/\/www.africa-press.net\/centrafricaine\/\",\"name\":\"centrafricaine\",\"description\":\"Just another Africa News Agency Sites site\",\"potentialAction\":[{\"@type\":\"SearchAction\",\"target\":{\"@type\":\"EntryPoint\",\"urlTemplate\":\"https:\/\/www.africa-press.net\/centrafricaine\/?s={search_term_string}\"},\"query-input\":{\"@type\":\"PropertyValueSpecification\",\"valueRequired\":true,\"valueName\":\"search_term_string\"}}],\"inLanguage\":\"fr-FR\"},{\"@type\":\"Person\",\"@id\":\"https:\/\/www.africa-press.net\/centrafricaine\/#\/schema\/person\/2b1cf3cd81a31e3cd26889ca66d677f1\",\"name\":\"cfeditorfr\"}]}<\/script>\n<!-- \/ Yoast SEO Premium plugin. -->","yoast_head_json":{"title":"le r\u00e9seau social Turaco honore les heureux gagnants du prix \u00abFier d\u2019\u00eatre Centrafricain\u00bb - centrafricaine","description":"Le r\u00e9seau social Turaco continue de faire ses preuves. Ce mercredi 4 mai, est marqu\u00e9 par la remise des prix aux deux lau ...","robots":{"index":"index","follow":"follow","max-snippet":"max-snippet:-1","max-image-preview":"max-image-preview:large","max-video-preview":"max-video-preview:-1"},"canonical":"https:\/\/www.africa-press.net\/centrafricaine\/toutes-les-actualites\/le-reseau-social-turaco-honore-les-heureux-gagnants-du-prix-fier-detre-centrafricain","og_locale":"fr_FR","og_type":"article","og_title":"le r\u00e9seau social Turaco honore les heureux gagnants du prix \u00abFier d\u2019\u00eatre Centrafricain\u00bb","og_description":"Le r\u00e9seau social Turaco continue de faire ses preuves. Ce mercredi 4 mai, est marqu\u00e9 par la remise des prix aux deux lau ...","og_url":"https:\/\/www.africa-press.net\/centrafricaine\/toutes-les-actualites\/le-reseau-social-turaco-honore-les-heureux-gagnants-du-prix-fier-detre-centrafricain","og_site_name":"centrafricaine","article_published_time":"2022-05-05T17:09:02+00:00","article_modified_time":"2022-05-05T18:11:46+00:00","og_image":[{"width":720,"height":369,"url":"https:\/\/static.africa-press.net\/centrafricaine\/sites\/45\/2022\/05\/postQueueImg_50.jpg","type":"image\/jpeg"}],"author":"cfeditorfr","twitter_card":"summary_large_image","twitter_misc":{"\u00c9crit par":"cfeditorfr","Dur\u00e9e de lecture estim\u00e9e":"2 minutes"},"schema":{"@context":"https:\/\/schema.org","@graph":[{"@type":"Article","@id":"https:\/\/www.africa-press.net\/centrafricaine\/toutes-les-actualites\/le-reseau-social-turaco-honore-les-heureux-gagnants-du-prix-fier-detre-centrafricain#article","isPartOf":{"@id":"https:\/\/www.africa-press.net\/centrafricaine\/toutes-les-actualites\/le-reseau-social-turaco-honore-les-heureux-gagnants-du-prix-fier-detre-centrafricain"},"author":{"name":"cfeditorfr","@id":"https:\/\/www.africa-press.net\/centrafricaine\/#\/schema\/person\/2b1cf3cd81a31e3cd26889ca66d677f1"},"headline":"le r\u00e9seau social Turaco honore les heureux gagnants du prix \u00abFier d\u2019\u00eatre Centrafricain\u00bb","datePublished":"2022-05-05T17:09:02+00:00","dateModified":"2022-05-05T18:11:46+00:00","mainEntityOfPage":{"@id":"https:\/\/www.africa-press.net\/centrafricaine\/toutes-les-actualites\/le-reseau-social-turaco-honore-les-heureux-gagnants-du-prix-fier-detre-centrafricain"},"wordCount":490,"commentCount":0,"image":{"@id":"https:\/\/www.africa-press.net\/centrafricaine\/toutes-les-actualites\/le-reseau-social-turaco-honore-les-heureux-gagnants-du-prix-fier-detre-centrafricain#primaryimage"},"thumbnailUrl":"https:\/\/static.africa-press.net\/centrafricaine\/sites\/45\/2022\/05\/postQueueImg_50.jpg","keywords":["Africa Press","Africa Press-CentrAfricaine","CentrAfricaine","Centrafrique","jeu concours","Mandako ti pend\u00e8re na Turaco","TURACO"],"articleSection":["Communaut\u00e9","homepage-french","Toutes les actualit\u00e9s"],"inLanguage":"fr-FR","potentialAction":[{"@type":"CommentAction","name":"Comment","target":["https:\/\/www.africa-press.net\/centrafricaine\/toutes-les-actualites\/le-reseau-social-turaco-honore-les-heureux-gagnants-du-prix-fier-detre-centrafricain#respond"]}]},{"@type":"WebPage","@id":"https:\/\/www.africa-press.net\/centrafricaine\/toutes-les-actualites\/le-reseau-social-turaco-honore-les-heureux-gagnants-du-prix-fier-detre-centrafricain","url":"https:\/\/www.africa-press.net\/centrafricaine\/toutes-les-actualites\/le-reseau-social-turaco-honore-les-heureux-gagnants-du-prix-fier-detre-centrafricain","name":"le r\u00e9seau social Turaco honore les heureux gagnants du prix \u00abFier d\u2019\u00eatre Centrafricain\u00bb - centrafricaine","isPartOf":{"@id":"https:\/\/www.africa-press.net\/centrafricaine\/#website"},"primaryImageOfPage":{"@id":"https:\/\/www.africa-press.net\/centrafricaine\/toutes-les-actualites\/le-reseau-social-turaco-honore-les-heureux-gagnants-du-prix-fier-detre-centrafricain#primaryimage"},"image":{"@id":"https:\/\/www.africa-press.net\/centrafricaine\/toutes-les-actualites\/le-reseau-social-turaco-honore-les-heureux-gagnants-du-prix-fier-detre-centrafricain#primaryimage"},"thumbnailUrl":"https:\/\/static.africa-press.net\/centrafricaine\/sites\/45\/2022\/05\/postQueueImg_50.jpg","datePublished":"2022-05-05T17:09:02+00:00","dateModified":"2022-05-05T18:11:46+00:00","author":{"@id":"https:\/\/www.africa-press.net\/centrafricaine\/#\/schema\/person\/2b1cf3cd81a31e3cd26889ca66d677f1"},"description":"Le r\u00e9seau social Turaco continue de faire ses preuves. Ce mercredi 4 mai, est marqu\u00e9 par la remise des prix aux deux lau ...","breadcrumb":{"@id":"https:\/\/www.africa-press.net\/centrafricaine\/toutes-les-actualites\/le-reseau-social-turaco-honore-les-heureux-gagnants-du-prix-fier-detre-centrafricain#breadcrumb"},"inLanguage":"fr-FR","potentialAction":[{"@type":"ReadAction","target":["https:\/\/www.africa-press.net\/centrafricaine\/toutes-les-actualites\/le-reseau-social-turaco-honore-les-heureux-gagnants-du-prix-fier-detre-centrafricain"]}]},{"@type":"ImageObject","inLanguage":"fr-FR","@id":"https:\/\/www.africa-press.net\/centrafricaine\/toutes-les-actualites\/le-reseau-social-turaco-honore-les-heureux-gagnants-du-prix-fier-detre-centrafricain#primaryimage","url":"https:\/\/static.africa-press.net\/centrafricaine\/sites\/45\/2022\/05\/postQueueImg_50.jpg","contentUrl":"https:\/\/static.africa-press.net\/centrafricaine\/sites\/45\/2022\/05\/postQueueImg_50.jpg","width":720,"height":369,"caption":"le r\u00e9seau social Turaco honore les heureux gagnants du prix \u00abFier d\u2019\u00eatre Centrafricain\u00bb"},{"@type":"BreadcrumbList","@id":"https:\/\/www.africa-press.net\/centrafricaine\/toutes-les-actualites\/le-reseau-social-turaco-honore-les-heureux-gagnants-du-prix-fier-detre-centrafricain#breadcrumb","itemListElement":[{"@type":"ListItem","position":1,"name":"Accueil","item":"https:\/\/www.africa-press.net\/centrafricaine\/"},{"@type":"ListItem","position":2,"name":"le r\u00e9seau social Turaco honore les heureux gagnants du prix \u00abFier d\u2019\u00eatre Centrafricain\u00bb"}]},{"@type":"WebSite","@id":"https:\/\/www.africa-press.net\/centrafricaine\/#website","url":"https:\/\/www.africa-press.net\/centrafricaine\/","name":"centrafricaine","description":"Just another Africa News Agency Sites site","potentialAction":[{"@type":"SearchAction","target":{"@type":"EntryPoint","urlTemplate":"https:\/\/www.africa-press.net\/centrafricaine\/?s={search_term_string}"},"query-input":{"@type":"PropertyValueSpecification","valueRequired":true,"valueName":"search_term_string"}}],"inLanguage":"fr-FR"},{"@type":"Person","@id":"https:\/\/www.africa-press.net\/centrafricaine\/#\/schema\/person\/2b1cf3cd81a31e3cd26889ca66d677f1","name":"cfeditorfr"}]}},"_links":{"self":[{"href":"https:\/\/www.africa-press.net\/centrafricaine\/wp-json\/wp\/v2\/posts\/22397","targetHints":{"allow":["GET"]}}],"collection":[{"href":"https:\/\/www.africa-press.net\/centrafricaine\/wp-json\/wp\/v2\/posts"}],"about":[{"href":"https:\/\/www.africa-press.net\/centrafricaine\/wp-json\/wp\/v2\/types\/post"}],"author":[{"embeddable":true,"href":"https:\/\/www.africa-press.net\/centrafricaine\/wp-json\/wp\/v2\/users\/82"}],"replies":[{"embeddable":true,"href":"https:\/\/www.africa-press.net\/centrafricaine\/wp-json\/wp\/v2\/comments?post=22397"}],"version-history":[{"count":0,"href":"https:\/\/www.africa-press.net\/centrafricaine\/wp-json\/wp\/v2\/posts\/22397\/revisions"}],"wp:featuredmedia":[{"embeddable":true,"href":"https:\/\/www.africa-press.net\/centrafricaine\/wp-json\/wp\/v2\/media\/22396"}],"wp:attachment":[{"href":"https:\/\/www.africa-press.net\/centrafricaine\/wp-json\/wp\/v2\/media?parent=22397"}],"wp:term":[{"taxonomy":"category","embeddable":true,"href":"https:\/\/www.africa-press.net\/centrafricaine\/wp-json\/wp\/v2\/categories?post=22397"},{"taxonomy":"post_tag","embeddable":true,"href":"https:\/\/www.africa-press.net\/centrafricaine\/wp-json\/wp\/v2\/tags?post=22397"}],"curies":[{"name":"wp","href":"https:\/\/api.w.org\/{rel}","templated":true}]}}