{"id":22400,"date":"2022-05-05T17:09:18","date_gmt":"2022-05-05T17:09:18","guid":{"rendered":"https:\/\/www.africa-press.net\/centrafricaine\/politique\/bientot-le-lancement-de-campagne-de-la-culture-mecanisee-de-mais"},"modified":"2022-05-05T18:12:36","modified_gmt":"2022-05-05T18:12:36","slug":"bientot-le-lancement-de-campagne-de-la-culture-mecanisee-de-mais","status":"publish","type":"post","link":"https:\/\/www.africa-press.net\/centrafricaine\/politique\/bientot-le-lancement-de-campagne-de-la-culture-mecanisee-de-mais","title":{"rendered":"bient\u00f4t le lancement de campagne de la culture m\u00e9canis\u00e9e de ma\u00efs"},"content":{"rendered":"<p><span style=\"color: #ff6600\"><strong>Africa-Press &#8211; CentrAfricaine. <\/strong><\/span>Le gouvernement de F\u00e9lix Moloua entend faire l\u2019agriculture m\u00e9canis\u00e9e l\u2019une des priorit\u00e9s pour d\u00e9velopper la R\u00e9publique centrafricaine \u00e0 travers. A travers une r\u00e9union tenue le mardi 3 mai, le chef du gouvernement a souhait\u00e9 le lancement prochain de la campagne de la culture m\u00e9canis\u00e9e.<\/p>\n<p>Apr\u00e8s avoir accueilli le don en mat\u00e9riels agricoles le mois dernier, le premier ministre centrafricain entend concr\u00e9tiser l\u2019acte \u00e0 la parole. Cet ainsi qu\u2019au cours de la r\u00e9union de cabinet de ce mardi 3 mai, il a souhait\u00e9 le lancement de la campagne de la culture m\u00e9canis\u00e9e de ma\u00efs \u00e9dition 2022.<\/p>\n<p>A l\u2019issue de cette rencontre, des points ont \u00e9t\u00e9 faits sur le projet dont le Coordonateur du projet a montr\u00e9 les dispositions pratiques. A en croire Thierry Martial Ouand\u00e9, Coordonnateur du Projet d\u2019appui \u00e0 la Reconstruction des Communaut\u00e9s de Base phase 1 (PARCB1), les mat\u00e9riels agricoles dont les tracteurs du projet PRECAN sont d\u00e9j\u00e0 mobilis\u00e9s et se trouvent en place et lieu des activit\u00e9s, notamment les sites. Les semences y compris sont \u00e9galement mobilis\u00e9s attendant seulement la confirmation de la date du lancement pour rentrer en action.<\/p>\n<p>Ainsi donc sur l\u2019instruction du premier ministre, ministre d\u2019Etat en charge de l\u2019\u00e9conomie et du plan, la campagne de la culture m\u00e9canis\u00e9e de ma\u00efs sera lanc\u00e9e tr\u00e8s prochainement. Tout en souhaitant plein succ\u00e8s \u00e0 cette uni\u00e8me \u00e9dition, le premier ministre a aussi souhait\u00e9 une am\u00e9lioration dans cette compagne contrairement \u00e0 celle de l\u2019ann\u00e9e derni\u00e8re.<\/p>\n<p>Il faut par ailleurs noter que la RCA est un pays riche en ressource naturelle dont la terre fertile avec des atouts pour d\u00e9velopper l\u2019agriculture. H\u00e9las, son grand probl\u00e8me est que l\u2019agriculture est encore \u00e0 une phase embryonnaire qui ne favorise pas vraiment son \u00e9closion.<\/p>\n<p>Les agriculteurs pratiquent encore la culture analogique, la vieille m\u00e9thode qui ne favorise pas vraiment la culture de rente. Le lancement prochain de cette campagne est un pas de plus vers la culture moderne.<\/p>\n<p><strong>Pour plus d&rsquo;informations et d&rsquo;analyses sur la <a href=\"https:\/\/www.africa-press.net\/centrafricaine\">CentrAfricaine<\/a>, suivez <a href=\"https:\/\/www.africa-press.net\/\">Africa-Press<\/a><\/strong><\/p>\n","protected":false},"excerpt":{"rendered":"<p>Africa-Press &#8211; CentrAfricaine. Le gouvernement de F\u00e9lix Moloua entend faire l\u2019agriculture m\u00e9canis\u00e9e l\u2019une des priorit\u00e9s pour d\u00e9velopper la R\u00e9publique centrafricaine \u00e0 travers. A travers une r\u00e9union tenue le mardi 3 mai, le chef du gouvernement a souhait\u00e9 le lancement prochain de la campagne de la culture m\u00e9canis\u00e9e. Apr\u00e8s avoir accueilli le don en mat\u00e9riels agricoles [&hellip;]<\/p>\n","protected":false},"author":82,"featured_media":22399,"comment_status":"open","ping_status":"closed","sticky":false,"template":"","format":"standard","meta":{"footnotes":""},"categories":[11,2,10],"tags":[36,58,1601,1534,30,41,2341,1754,2342],"class_list":["post-22400","post","type-post","status-publish","format-standard","has-post-thumbnail","hentry","category-homepage-french","category-politique","category-toutes-les-actualites","tag-africa-press","tag-africa-press-centrafricaine","tag-agriculture","tag-campagne","tag-centrafricaine","tag-centrafrique","tag-culture-mecanisee","tag-lancement","tag-mais"],"yoast_head":"<!-- This site is optimized with the Yoast SEO Premium plugin v26.1 (Yoast SEO v27.0) - https:\/\/yoast.com\/product\/yoast-seo-premium-wordpress\/ -->\n<title>bient\u00f4t le lancement de campagne de la culture m\u00e9canis\u00e9e de ma\u00efs - centrafricaine<\/title>\n<meta name=\"description\" content=\"Le gouvernement de F\u00e9lix Moloua entend faire l\u2019agriculture m\u00e9canis\u00e9e l\u2019une des priorit\u00e9s pour d\u00e9velopper la R\u00e9publique c ...\" \/>\n<meta name=\"robots\" content=\"index, follow, max-snippet:-1, max-image-preview:large, max-video-preview:-1\" \/>\n<link rel=\"canonical\" href=\"https:\/\/www.africa-press.net\/centrafricaine\/politique\/bientot-le-lancement-de-campagne-de-la-culture-mecanisee-de-mais\" \/>\n<meta property=\"og:locale\" content=\"fr_FR\" \/>\n<meta property=\"og:type\" content=\"article\" \/>\n<meta property=\"og:title\" content=\"bient\u00f4t le lancement de campagne de la culture m\u00e9canis\u00e9e de ma\u00efs\" \/>\n<meta property=\"og:description\" content=\"Le gouvernement de F\u00e9lix Moloua entend faire l\u2019agriculture m\u00e9canis\u00e9e l\u2019une des priorit\u00e9s pour d\u00e9velopper la R\u00e9publique c ...\" \/>\n<meta property=\"og:url\" content=\"https:\/\/www.africa-press.net\/centrafricaine\/politique\/bientot-le-lancement-de-campagne-de-la-culture-mecanisee-de-mais\" \/>\n<meta property=\"og:site_name\" content=\"centrafricaine\" \/>\n<meta property=\"article:published_time\" content=\"2022-05-05T17:09:18+00:00\" \/>\n<meta property=\"article:modified_time\" content=\"2022-05-05T18:12:36+00:00\" \/>\n<meta property=\"og:image\" content=\"https:\/\/static.africa-press.net\/centrafricaine\/sites\/45\/2022\/05\/postQueueImg_51.jpg\" \/>\n\t<meta property=\"og:image:width\" content=\"720\" \/>\n\t<meta property=\"og:image:height\" content=\"318\" \/>\n\t<meta property=\"og:image:type\" content=\"image\/jpeg\" \/>\n<meta name=\"author\" content=\"cfeditorfr\" \/>\n<meta name=\"twitter:card\" content=\"summary_large_image\" \/>\n<meta name=\"twitter:label1\" content=\"\u00c9crit par\" \/>\n\t<meta name=\"twitter:data1\" content=\"cfeditorfr\" \/>\n\t<meta name=\"twitter:label2\" content=\"Dur\u00e9e de lecture estim\u00e9e\" \/>\n\t<meta name=\"twitter:data2\" content=\"2 minutes\" \/>\n<script type=\"application\/ld+json\" class=\"yoast-schema-graph\">{\"@context\":\"https:\/\/schema.org\",\"@graph\":[{\"@type\":\"Article\",\"@id\":\"https:\/\/www.africa-press.net\/centrafricaine\/politique\/bientot-le-lancement-de-campagne-de-la-culture-mecanisee-de-mais#article\",\"isPartOf\":{\"@id\":\"https:\/\/www.africa-press.net\/centrafricaine\/politique\/bientot-le-lancement-de-campagne-de-la-culture-mecanisee-de-mais\"},\"author\":{\"name\":\"cfeditorfr\",\"@id\":\"https:\/\/www.africa-press.net\/centrafricaine\/#\/schema\/person\/2b1cf3cd81a31e3cd26889ca66d677f1\"},\"headline\":\"bient\u00f4t le lancement de campagne de la culture m\u00e9canis\u00e9e de ma\u00efs\",\"datePublished\":\"2022-05-05T17:09:18+00:00\",\"dateModified\":\"2022-05-05T18:12:36+00:00\",\"mainEntityOfPage\":{\"@id\":\"https:\/\/www.africa-press.net\/centrafricaine\/politique\/bientot-le-lancement-de-campagne-de-la-culture-mecanisee-de-mais\"},\"wordCount\":383,\"commentCount\":0,\"image\":{\"@id\":\"https:\/\/www.africa-press.net\/centrafricaine\/politique\/bientot-le-lancement-de-campagne-de-la-culture-mecanisee-de-mais#primaryimage\"},\"thumbnailUrl\":\"https:\/\/static.africa-press.net\/centrafricaine\/sites\/45\/2022\/05\/postQueueImg_51.jpg\",\"keywords\":[\"Africa Press\",\"Africa Press-CentrAfricaine\",\"Agriculture\",\"campagne\",\"CentrAfricaine\",\"Centrafrique\",\"culture m\u00e9canis\u00e9e\",\"lancement\",\"ma\u00efs\"],\"articleSection\":[\"homepage-french\",\"Politique\",\"Toutes les actualit\u00e9s\"],\"inLanguage\":\"fr-FR\",\"potentialAction\":[{\"@type\":\"CommentAction\",\"name\":\"Comment\",\"target\":[\"https:\/\/www.africa-press.net\/centrafricaine\/politique\/bientot-le-lancement-de-campagne-de-la-culture-mecanisee-de-mais#respond\"]}]},{\"@type\":\"WebPage\",\"@id\":\"https:\/\/www.africa-press.net\/centrafricaine\/politique\/bientot-le-lancement-de-campagne-de-la-culture-mecanisee-de-mais\",\"url\":\"https:\/\/www.africa-press.net\/centrafricaine\/politique\/bientot-le-lancement-de-campagne-de-la-culture-mecanisee-de-mais\",\"name\":\"bient\u00f4t le lancement de campagne de la culture m\u00e9canis\u00e9e de ma\u00efs - centrafricaine\",\"isPartOf\":{\"@id\":\"https:\/\/www.africa-press.net\/centrafricaine\/#website\"},\"primaryImageOfPage\":{\"@id\":\"https:\/\/www.africa-press.net\/centrafricaine\/politique\/bientot-le-lancement-de-campagne-de-la-culture-mecanisee-de-mais#primaryimage\"},\"image\":{\"@id\":\"https:\/\/www.africa-press.net\/centrafricaine\/politique\/bientot-le-lancement-de-campagne-de-la-culture-mecanisee-de-mais#primaryimage\"},\"thumbnailUrl\":\"https:\/\/static.africa-press.net\/centrafricaine\/sites\/45\/2022\/05\/postQueueImg_51.jpg\",\"datePublished\":\"2022-05-05T17:09:18+00:00\",\"dateModified\":\"2022-05-05T18:12:36+00:00\",\"author\":{\"@id\":\"https:\/\/www.africa-press.net\/centrafricaine\/#\/schema\/person\/2b1cf3cd81a31e3cd26889ca66d677f1\"},\"description\":\"Le gouvernement de F\u00e9lix Moloua entend faire l\u2019agriculture m\u00e9canis\u00e9e l\u2019une des priorit\u00e9s pour d\u00e9velopper la R\u00e9publique c ...\",\"breadcrumb\":{\"@id\":\"https:\/\/www.africa-press.net\/centrafricaine\/politique\/bientot-le-lancement-de-campagne-de-la-culture-mecanisee-de-mais#breadcrumb\"},\"inLanguage\":\"fr-FR\",\"potentialAction\":[{\"@type\":\"ReadAction\",\"target\":[\"https:\/\/www.africa-press.net\/centrafricaine\/politique\/bientot-le-lancement-de-campagne-de-la-culture-mecanisee-de-mais\"]}]},{\"@type\":\"ImageObject\",\"inLanguage\":\"fr-FR\",\"@id\":\"https:\/\/www.africa-press.net\/centrafricaine\/politique\/bientot-le-lancement-de-campagne-de-la-culture-mecanisee-de-mais#primaryimage\",\"url\":\"https:\/\/static.africa-press.net\/centrafricaine\/sites\/45\/2022\/05\/postQueueImg_51.jpg\",\"contentUrl\":\"https:\/\/static.africa-press.net\/centrafricaine\/sites\/45\/2022\/05\/postQueueImg_51.jpg\",\"width\":720,\"height\":318,\"caption\":\"bient\u00f4t le lancement de campagne de la culture m\u00e9canis\u00e9e de ma\u00efs\"},{\"@type\":\"BreadcrumbList\",\"@id\":\"https:\/\/www.africa-press.net\/centrafricaine\/politique\/bientot-le-lancement-de-campagne-de-la-culture-mecanisee-de-mais#breadcrumb\",\"itemListElement\":[{\"@type\":\"ListItem\",\"position\":1,\"name\":\"Accueil\",\"item\":\"https:\/\/www.africa-press.net\/centrafricaine\/\"},{\"@type\":\"ListItem\",\"position\":2,\"name\":\"bient\u00f4t le lancement de campagne de la culture m\u00e9canis\u00e9e de ma\u00efs\"}]},{\"@type\":\"WebSite\",\"@id\":\"https:\/\/www.africa-press.net\/centrafricaine\/#website\",\"url\":\"https:\/\/www.africa-press.net\/centrafricaine\/\",\"name\":\"centrafricaine\",\"description\":\"Just another Africa News Agency Sites site\",\"potentialAction\":[{\"@type\":\"SearchAction\",\"target\":{\"@type\":\"EntryPoint\",\"urlTemplate\":\"https:\/\/www.africa-press.net\/centrafricaine\/?s={search_term_string}\"},\"query-input\":{\"@type\":\"PropertyValueSpecification\",\"valueRequired\":true,\"valueName\":\"search_term_string\"}}],\"inLanguage\":\"fr-FR\"},{\"@type\":\"Person\",\"@id\":\"https:\/\/www.africa-press.net\/centrafricaine\/#\/schema\/person\/2b1cf3cd81a31e3cd26889ca66d677f1\",\"name\":\"cfeditorfr\"}]}<\/script>\n<!-- \/ Yoast SEO Premium plugin. -->","yoast_head_json":{"title":"bient\u00f4t le lancement de campagne de la culture m\u00e9canis\u00e9e de ma\u00efs - centrafricaine","description":"Le gouvernement de F\u00e9lix Moloua entend faire l\u2019agriculture m\u00e9canis\u00e9e l\u2019une des priorit\u00e9s pour d\u00e9velopper la R\u00e9publique c ...","robots":{"index":"index","follow":"follow","max-snippet":"max-snippet:-1","max-image-preview":"max-image-preview:large","max-video-preview":"max-video-preview:-1"},"canonical":"https:\/\/www.africa-press.net\/centrafricaine\/politique\/bientot-le-lancement-de-campagne-de-la-culture-mecanisee-de-mais","og_locale":"fr_FR","og_type":"article","og_title":"bient\u00f4t le lancement de campagne de la culture m\u00e9canis\u00e9e de ma\u00efs","og_description":"Le gouvernement de F\u00e9lix Moloua entend faire l\u2019agriculture m\u00e9canis\u00e9e l\u2019une des priorit\u00e9s pour d\u00e9velopper la R\u00e9publique c ...","og_url":"https:\/\/www.africa-press.net\/centrafricaine\/politique\/bientot-le-lancement-de-campagne-de-la-culture-mecanisee-de-mais","og_site_name":"centrafricaine","article_published_time":"2022-05-05T17:09:18+00:00","article_modified_time":"2022-05-05T18:12:36+00:00","og_image":[{"width":720,"height":318,"url":"https:\/\/static.africa-press.net\/centrafricaine\/sites\/45\/2022\/05\/postQueueImg_51.jpg","type":"image\/jpeg"}],"author":"cfeditorfr","twitter_card":"summary_large_image","twitter_misc":{"\u00c9crit par":"cfeditorfr","Dur\u00e9e de lecture estim\u00e9e":"2 minutes"},"schema":{"@context":"https:\/\/schema.org","@graph":[{"@type":"Article","@id":"https:\/\/www.africa-press.net\/centrafricaine\/politique\/bientot-le-lancement-de-campagne-de-la-culture-mecanisee-de-mais#article","isPartOf":{"@id":"https:\/\/www.africa-press.net\/centrafricaine\/politique\/bientot-le-lancement-de-campagne-de-la-culture-mecanisee-de-mais"},"author":{"name":"cfeditorfr","@id":"https:\/\/www.africa-press.net\/centrafricaine\/#\/schema\/person\/2b1cf3cd81a31e3cd26889ca66d677f1"},"headline":"bient\u00f4t le lancement de campagne de la culture m\u00e9canis\u00e9e de ma\u00efs","datePublished":"2022-05-05T17:09:18+00:00","dateModified":"2022-05-05T18:12:36+00:00","mainEntityOfPage":{"@id":"https:\/\/www.africa-press.net\/centrafricaine\/politique\/bientot-le-lancement-de-campagne-de-la-culture-mecanisee-de-mais"},"wordCount":383,"commentCount":0,"image":{"@id":"https:\/\/www.africa-press.net\/centrafricaine\/politique\/bientot-le-lancement-de-campagne-de-la-culture-mecanisee-de-mais#primaryimage"},"thumbnailUrl":"https:\/\/static.africa-press.net\/centrafricaine\/sites\/45\/2022\/05\/postQueueImg_51.jpg","keywords":["Africa Press","Africa Press-CentrAfricaine","Agriculture","campagne","CentrAfricaine","Centrafrique","culture m\u00e9canis\u00e9e","lancement","ma\u00efs"],"articleSection":["homepage-french","Politique","Toutes les actualit\u00e9s"],"inLanguage":"fr-FR","potentialAction":[{"@type":"CommentAction","name":"Comment","target":["https:\/\/www.africa-press.net\/centrafricaine\/politique\/bientot-le-lancement-de-campagne-de-la-culture-mecanisee-de-mais#respond"]}]},{"@type":"WebPage","@id":"https:\/\/www.africa-press.net\/centrafricaine\/politique\/bientot-le-lancement-de-campagne-de-la-culture-mecanisee-de-mais","url":"https:\/\/www.africa-press.net\/centrafricaine\/politique\/bientot-le-lancement-de-campagne-de-la-culture-mecanisee-de-mais","name":"bient\u00f4t le lancement de campagne de la culture m\u00e9canis\u00e9e de ma\u00efs - centrafricaine","isPartOf":{"@id":"https:\/\/www.africa-press.net\/centrafricaine\/#website"},"primaryImageOfPage":{"@id":"https:\/\/www.africa-press.net\/centrafricaine\/politique\/bientot-le-lancement-de-campagne-de-la-culture-mecanisee-de-mais#primaryimage"},"image":{"@id":"https:\/\/www.africa-press.net\/centrafricaine\/politique\/bientot-le-lancement-de-campagne-de-la-culture-mecanisee-de-mais#primaryimage"},"thumbnailUrl":"https:\/\/static.africa-press.net\/centrafricaine\/sites\/45\/2022\/05\/postQueueImg_51.jpg","datePublished":"2022-05-05T17:09:18+00:00","dateModified":"2022-05-05T18:12:36+00:00","author":{"@id":"https:\/\/www.africa-press.net\/centrafricaine\/#\/schema\/person\/2b1cf3cd81a31e3cd26889ca66d677f1"},"description":"Le gouvernement de F\u00e9lix Moloua entend faire l\u2019agriculture m\u00e9canis\u00e9e l\u2019une des priorit\u00e9s pour d\u00e9velopper la R\u00e9publique c ...","breadcrumb":{"@id":"https:\/\/www.africa-press.net\/centrafricaine\/politique\/bientot-le-lancement-de-campagne-de-la-culture-mecanisee-de-mais#breadcrumb"},"inLanguage":"fr-FR","potentialAction":[{"@type":"ReadAction","target":["https:\/\/www.africa-press.net\/centrafricaine\/politique\/bientot-le-lancement-de-campagne-de-la-culture-mecanisee-de-mais"]}]},{"@type":"ImageObject","inLanguage":"fr-FR","@id":"https:\/\/www.africa-press.net\/centrafricaine\/politique\/bientot-le-lancement-de-campagne-de-la-culture-mecanisee-de-mais#primaryimage","url":"https:\/\/static.africa-press.net\/centrafricaine\/sites\/45\/2022\/05\/postQueueImg_51.jpg","contentUrl":"https:\/\/static.africa-press.net\/centrafricaine\/sites\/45\/2022\/05\/postQueueImg_51.jpg","width":720,"height":318,"caption":"bient\u00f4t le lancement de campagne de la culture m\u00e9canis\u00e9e de ma\u00efs"},{"@type":"BreadcrumbList","@id":"https:\/\/www.africa-press.net\/centrafricaine\/politique\/bientot-le-lancement-de-campagne-de-la-culture-mecanisee-de-mais#breadcrumb","itemListElement":[{"@type":"ListItem","position":1,"name":"Accueil","item":"https:\/\/www.africa-press.net\/centrafricaine\/"},{"@type":"ListItem","position":2,"name":"bient\u00f4t le lancement de campagne de la culture m\u00e9canis\u00e9e de ma\u00efs"}]},{"@type":"WebSite","@id":"https:\/\/www.africa-press.net\/centrafricaine\/#website","url":"https:\/\/www.africa-press.net\/centrafricaine\/","name":"centrafricaine","description":"Just another Africa News Agency Sites site","potentialAction":[{"@type":"SearchAction","target":{"@type":"EntryPoint","urlTemplate":"https:\/\/www.africa-press.net\/centrafricaine\/?s={search_term_string}"},"query-input":{"@type":"PropertyValueSpecification","valueRequired":true,"valueName":"search_term_string"}}],"inLanguage":"fr-FR"},{"@type":"Person","@id":"https:\/\/www.africa-press.net\/centrafricaine\/#\/schema\/person\/2b1cf3cd81a31e3cd26889ca66d677f1","name":"cfeditorfr"}]}},"_links":{"self":[{"href":"https:\/\/www.africa-press.net\/centrafricaine\/wp-json\/wp\/v2\/posts\/22400","targetHints":{"allow":["GET"]}}],"collection":[{"href":"https:\/\/www.africa-press.net\/centrafricaine\/wp-json\/wp\/v2\/posts"}],"about":[{"href":"https:\/\/www.africa-press.net\/centrafricaine\/wp-json\/wp\/v2\/types\/post"}],"author":[{"embeddable":true,"href":"https:\/\/www.africa-press.net\/centrafricaine\/wp-json\/wp\/v2\/users\/82"}],"replies":[{"embeddable":true,"href":"https:\/\/www.africa-press.net\/centrafricaine\/wp-json\/wp\/v2\/comments?post=22400"}],"version-history":[{"count":0,"href":"https:\/\/www.africa-press.net\/centrafricaine\/wp-json\/wp\/v2\/posts\/22400\/revisions"}],"wp:featuredmedia":[{"embeddable":true,"href":"https:\/\/www.africa-press.net\/centrafricaine\/wp-json\/wp\/v2\/media\/22399"}],"wp:attachment":[{"href":"https:\/\/www.africa-press.net\/centrafricaine\/wp-json\/wp\/v2\/media?parent=22400"}],"wp:term":[{"taxonomy":"category","embeddable":true,"href":"https:\/\/www.africa-press.net\/centrafricaine\/wp-json\/wp\/v2\/categories?post=22400"},{"taxonomy":"post_tag","embeddable":true,"href":"https:\/\/www.africa-press.net\/centrafricaine\/wp-json\/wp\/v2\/tags?post=22400"}],"curies":[{"name":"wp","href":"https:\/\/api.w.org\/{rel}","templated":true}]}}