{"id":24294,"date":"2022-06-11T11:49:31","date_gmt":"2022-06-11T11:49:31","guid":{"rendered":"https:\/\/www.africa-press.net\/centrafricaine\/politique\/le-gouvernement-lance-un-projet-de-modernisation-des-douanes"},"modified":"2022-06-11T12:29:55","modified_gmt":"2022-06-11T12:29:55","slug":"le-gouvernement-lance-un-projet-de-modernisation-des-douanes","status":"publish","type":"post","link":"https:\/\/www.africa-press.net\/centrafricaine\/economie\/le-gouvernement-lance-un-projet-de-modernisation-des-douanes","title":{"rendered":"le gouvernement lance un projet de modernisation des douanes"},"content":{"rendered":"<p><span style=\"color: #ff6600\"><strong>Africa-Press &#8211; CentrAfricaine. <\/strong><\/span>Le gouvernement centrafricain, via le ministre des finances et du budget, Herv\u00e9 Ndoba a lanc\u00e9 officiellement ce jeudi 10 juin 2022 le projet de modernisation des douanes centrafricaines. Cette c\u00e9r\u00e9monie a \u00e9t\u00e9 conjointement pr\u00e9sid\u00e9e par le ministre en charge des finances et le repr\u00e9sentant du chef de la d\u00e9l\u00e9gation de l\u2019Union europ\u00e9enne en Centrafrique.<\/p>\n<p>L\u2019objectif du lancement de ce syst\u00e8me est la migration de Sydonia ++ vers Sydonia world qui, \u00e0 tr\u00e8s vite montr\u00e9 ses limites au regard des nouveaux besoins et du d\u00e9veloppement technologique de l\u2019heure. Selon le gouvernement, Sydonia ++, par l\u2019usure du temps, est devenu obsol\u00e8te et ne favorise plus la mobilisation optimale des recettes douani\u00e8res, n\u00e9cessaires au renflouement des caisses de l\u2019Etat en cette p\u00e9riode extr\u00eamement difficile que le pays traverse.<\/p>\n<p>Selon le gouvernement, Sydonia world a \u00e9t\u00e9 choisi pour ses exp\u00e9riences \u00e9prouv\u00e9es dans nombre de pays sur la plan\u00e8te terre. Dimensionn\u00e9 \u00e0 1 030 966 euros, soit 674 813 705 cfa, sur financement de l\u2019Union europ\u00e9enne, le projet lanc\u00e9 pour avantage d\u2019apr\u00e8s eux, la d\u00e9mat\u00e9rialisation et simplification des proc\u00e9dures, l\u2019am\u00e9lioration des contr\u00f4les, la s\u00e9curisation des recettes, le transfert de comp\u00e9tence entre autres. Le projet \u00e0 une maturit\u00e9 de dix-huit mois et pr\u00e9vu pour \u00eatre ex\u00e9cut\u00e9 en trois phases \u00e0 savoir la formation, l\u2019op\u00e9rationnalisation, l\u2019appropriation qui aboutira sur la p\u00e9rennisation du projet.<\/p>\n<p>Pour Serge PANAGET, repr\u00e9sentant du chef de la d\u00e9l\u00e9gation de l\u2019Union europ\u00e9enne en Centrafrique, le projet va permettre la transparence dans le fonctionnement des services de la douane et am\u00e9liorer les recettes publiques. Il est persuad\u00e9 que l\u2019Union europ\u00e9enne restera aux c\u00f4t\u00e9s du minist\u00e8re des finances en vue de l\u2019accompagner dans le processus.<\/p>\n<p>Quant \u00e0 Herv\u00e9 Ndoba, ministre des finances et du budget, il a pris la d\u00e9cision de s\u2019impliquer pleinement dans l\u2019impl\u00e9mentation de ce projet pour en garantir son franc succ\u00e8s. Pour ce faire, le ministre a d\u00e9clar\u00e9 qu\u2019il va mettre sur pieds toutes les instances impliqu\u00e9es dans la mise en \u0153uvre du projet par arr\u00eat\u00e9s minist\u00e9riels.<\/p>\n<p><b>\u00ab Je saisis cette opportunit\u00e9 pour exprimer la gratitude du gouvernement que conduit le premier ministre Felix Moloua, et le pr\u00e9sident de la R\u00e9publique, la CNUCED et autres partenaires au d\u00e9veloppement du pays pour leurs expertises et accompagnent \u00bb<\/b><\/p>\n<p>, a-t-il conclu.<\/p>\n<p>Il est \u00e0 souligner que Sydonia++ avait \u00e9t\u00e9 mis au point depuis plus de quarante ans. Sydonia est un syst\u00e8me douanier automatis\u00e9, d\u00e9velopp\u00e9 par CNUCED dans l\u2019optique de favoriser les \u00e9changes commerciaux internationaux. En RCA, ce syst\u00e8me \u00e9tait impl\u00e9ment\u00e9 pour la premi\u00e8re fois en 2006, a fait ce qu\u2019il a pu faire, et pour faciliter une administration douani\u00e8re plus efficace et transparente, le gouvernement a d\u00e9cid\u00e9 d\u2019utiliser d\u00e9sormais Sydonia World.<\/p>\n<p><strong>Pour plus d&rsquo;informations et d&rsquo;analyses sur la <a href=\"https:\/\/www.africa-press.net\/centrafricaine\">CentrAfricaine<\/a>, suivez <a href=\"https:\/\/www.africa-press.net\/\">Africa-Press<\/a><\/strong><\/p>\n","protected":false},"excerpt":{"rendered":"<p>Africa-Press &#8211; CentrAfricaine. Le gouvernement centrafricain, via le ministre des finances et du budget, Herv\u00e9 Ndoba a lanc\u00e9 officiellement ce jeudi 10 juin 2022 le projet de modernisation des douanes centrafricaines. Cette c\u00e9r\u00e9monie a \u00e9t\u00e9 conjointement pr\u00e9sid\u00e9e par le ministre en charge des finances et le repr\u00e9sentant du chef de la d\u00e9l\u00e9gation de l\u2019Union europ\u00e9enne [&hellip;]<\/p>\n","protected":false},"author":82,"featured_media":24293,"comment_status":"open","ping_status":"closed","sticky":false,"template":"","format":"standard","meta":{"footnotes":""},"categories":[3,11,10],"tags":[36,58,30,41,1512,617,1754,1696,1490],"class_list":["post-24294","post","type-post","status-publish","format-standard","has-post-thumbnail","hentry","category-economie","category-homepage-french","category-toutes-les-actualites","tag-africa-press","tag-africa-press-centrafricaine","tag-centrafricaine","tag-centrafrique","tag-douanes","tag-gouvernement","tag-lancement","tag-modernisation","tag-projet"],"yoast_head":"<!-- This site is optimized with the Yoast SEO Premium plugin v26.1 (Yoast SEO v27.0) - https:\/\/yoast.com\/product\/yoast-seo-premium-wordpress\/ -->\n<title>le gouvernement lance un projet de modernisation des douanes - centrafricaine<\/title>\n<meta name=\"description\" content=\"Le gouvernement centrafricain, via le ministre des finances et du budget, Herv\u00e9 Ndoba a lanc\u00e9 officiellement ce jeudi 10 ...\" \/>\n<meta name=\"robots\" content=\"index, follow, max-snippet:-1, max-image-preview:large, max-video-preview:-1\" \/>\n<link rel=\"canonical\" href=\"https:\/\/www.africa-press.net\/centrafricaine\/economie\/le-gouvernement-lance-un-projet-de-modernisation-des-douanes\" \/>\n<meta property=\"og:locale\" content=\"fr_FR\" \/>\n<meta property=\"og:type\" content=\"article\" \/>\n<meta property=\"og:title\" content=\"le gouvernement lance un projet de modernisation des douanes\" \/>\n<meta property=\"og:description\" content=\"Le gouvernement centrafricain, via le ministre des finances et du budget, Herv\u00e9 Ndoba a lanc\u00e9 officiellement ce jeudi 10 ...\" \/>\n<meta property=\"og:url\" content=\"https:\/\/www.africa-press.net\/centrafricaine\/economie\/le-gouvernement-lance-un-projet-de-modernisation-des-douanes\" \/>\n<meta property=\"og:site_name\" content=\"centrafricaine\" \/>\n<meta property=\"article:published_time\" content=\"2022-06-11T11:49:31+00:00\" \/>\n<meta property=\"article:modified_time\" content=\"2022-06-11T12:29:55+00:00\" \/>\n<meta property=\"og:image\" content=\"https:\/\/static.africa-press.net\/centrafricaine\/sites\/45\/2022\/06\/postQueueImg_22-62a48aad41195.jpg\" \/>\n\t<meta property=\"og:image:width\" content=\"720\" \/>\n\t<meta property=\"og:image:height\" content=\"272\" \/>\n\t<meta property=\"og:image:type\" content=\"image\/jpeg\" \/>\n<meta name=\"author\" content=\"cfeditorfr\" \/>\n<meta name=\"twitter:card\" content=\"summary_large_image\" \/>\n<meta name=\"twitter:label1\" content=\"\u00c9crit par\" \/>\n\t<meta name=\"twitter:data1\" content=\"cfeditorfr\" \/>\n\t<meta name=\"twitter:label2\" content=\"Dur\u00e9e de lecture estim\u00e9e\" \/>\n\t<meta name=\"twitter:data2\" content=\"3 minutes\" \/>\n<script type=\"application\/ld+json\" class=\"yoast-schema-graph\">{\"@context\":\"https:\/\/schema.org\",\"@graph\":[{\"@type\":\"Article\",\"@id\":\"https:\/\/www.africa-press.net\/centrafricaine\/economie\/le-gouvernement-lance-un-projet-de-modernisation-des-douanes#article\",\"isPartOf\":{\"@id\":\"https:\/\/www.africa-press.net\/centrafricaine\/economie\/le-gouvernement-lance-un-projet-de-modernisation-des-douanes\"},\"author\":{\"name\":\"cfeditorfr\",\"@id\":\"https:\/\/www.africa-press.net\/centrafricaine\/#\/schema\/person\/2b1cf3cd81a31e3cd26889ca66d677f1\"},\"headline\":\"le gouvernement lance un projet de modernisation des douanes\",\"datePublished\":\"2022-06-11T11:49:31+00:00\",\"dateModified\":\"2022-06-11T12:29:55+00:00\",\"mainEntityOfPage\":{\"@id\":\"https:\/\/www.africa-press.net\/centrafricaine\/economie\/le-gouvernement-lance-un-projet-de-modernisation-des-douanes\"},\"wordCount\":519,\"commentCount\":0,\"image\":{\"@id\":\"https:\/\/www.africa-press.net\/centrafricaine\/economie\/le-gouvernement-lance-un-projet-de-modernisation-des-douanes#primaryimage\"},\"thumbnailUrl\":\"https:\/\/static.africa-press.net\/centrafricaine\/sites\/45\/2022\/06\/postQueueImg_22-62a48aad41195.jpg\",\"keywords\":[\"Africa Press\",\"Africa Press-CentrAfricaine\",\"CentrAfricaine\",\"Centrafrique\",\"Douanes\",\"gouvernement\",\"lancement\",\"modernisation\",\"Projet\"],\"articleSection\":[\"\u00c9conomie\",\"homepage-french\",\"Toutes les actualit\u00e9s\"],\"inLanguage\":\"fr-FR\",\"potentialAction\":[{\"@type\":\"CommentAction\",\"name\":\"Comment\",\"target\":[\"https:\/\/www.africa-press.net\/centrafricaine\/economie\/le-gouvernement-lance-un-projet-de-modernisation-des-douanes#respond\"]}]},{\"@type\":\"WebPage\",\"@id\":\"https:\/\/www.africa-press.net\/centrafricaine\/economie\/le-gouvernement-lance-un-projet-de-modernisation-des-douanes\",\"url\":\"https:\/\/www.africa-press.net\/centrafricaine\/economie\/le-gouvernement-lance-un-projet-de-modernisation-des-douanes\",\"name\":\"le gouvernement lance un projet de modernisation des douanes - centrafricaine\",\"isPartOf\":{\"@id\":\"https:\/\/www.africa-press.net\/centrafricaine\/#website\"},\"primaryImageOfPage\":{\"@id\":\"https:\/\/www.africa-press.net\/centrafricaine\/economie\/le-gouvernement-lance-un-projet-de-modernisation-des-douanes#primaryimage\"},\"image\":{\"@id\":\"https:\/\/www.africa-press.net\/centrafricaine\/economie\/le-gouvernement-lance-un-projet-de-modernisation-des-douanes#primaryimage\"},\"thumbnailUrl\":\"https:\/\/static.africa-press.net\/centrafricaine\/sites\/45\/2022\/06\/postQueueImg_22-62a48aad41195.jpg\",\"datePublished\":\"2022-06-11T11:49:31+00:00\",\"dateModified\":\"2022-06-11T12:29:55+00:00\",\"author\":{\"@id\":\"https:\/\/www.africa-press.net\/centrafricaine\/#\/schema\/person\/2b1cf3cd81a31e3cd26889ca66d677f1\"},\"description\":\"Le gouvernement centrafricain, via le ministre des finances et du budget, Herv\u00e9 Ndoba a lanc\u00e9 officiellement ce jeudi 10 ...\",\"breadcrumb\":{\"@id\":\"https:\/\/www.africa-press.net\/centrafricaine\/economie\/le-gouvernement-lance-un-projet-de-modernisation-des-douanes#breadcrumb\"},\"inLanguage\":\"fr-FR\",\"potentialAction\":[{\"@type\":\"ReadAction\",\"target\":[\"https:\/\/www.africa-press.net\/centrafricaine\/economie\/le-gouvernement-lance-un-projet-de-modernisation-des-douanes\"]}]},{\"@type\":\"ImageObject\",\"inLanguage\":\"fr-FR\",\"@id\":\"https:\/\/www.africa-press.net\/centrafricaine\/economie\/le-gouvernement-lance-un-projet-de-modernisation-des-douanes#primaryimage\",\"url\":\"https:\/\/static.africa-press.net\/centrafricaine\/sites\/45\/2022\/06\/postQueueImg_22-62a48aad41195.jpg\",\"contentUrl\":\"https:\/\/static.africa-press.net\/centrafricaine\/sites\/45\/2022\/06\/postQueueImg_22-62a48aad41195.jpg\",\"width\":720,\"height\":272,\"caption\":\"le gouvernement lance un projet de modernisation des douanes\"},{\"@type\":\"BreadcrumbList\",\"@id\":\"https:\/\/www.africa-press.net\/centrafricaine\/economie\/le-gouvernement-lance-un-projet-de-modernisation-des-douanes#breadcrumb\",\"itemListElement\":[{\"@type\":\"ListItem\",\"position\":1,\"name\":\"Accueil\",\"item\":\"https:\/\/www.africa-press.net\/centrafricaine\/\"},{\"@type\":\"ListItem\",\"position\":2,\"name\":\"le gouvernement lance un projet de modernisation des douanes\"}]},{\"@type\":\"WebSite\",\"@id\":\"https:\/\/www.africa-press.net\/centrafricaine\/#website\",\"url\":\"https:\/\/www.africa-press.net\/centrafricaine\/\",\"name\":\"centrafricaine\",\"description\":\"Just another Africa News Agency Sites site\",\"potentialAction\":[{\"@type\":\"SearchAction\",\"target\":{\"@type\":\"EntryPoint\",\"urlTemplate\":\"https:\/\/www.africa-press.net\/centrafricaine\/?s={search_term_string}\"},\"query-input\":{\"@type\":\"PropertyValueSpecification\",\"valueRequired\":true,\"valueName\":\"search_term_string\"}}],\"inLanguage\":\"fr-FR\"},{\"@type\":\"Person\",\"@id\":\"https:\/\/www.africa-press.net\/centrafricaine\/#\/schema\/person\/2b1cf3cd81a31e3cd26889ca66d677f1\",\"name\":\"cfeditorfr\"}]}<\/script>\n<!-- \/ Yoast SEO Premium plugin. -->","yoast_head_json":{"title":"le gouvernement lance un projet de modernisation des douanes - centrafricaine","description":"Le gouvernement centrafricain, via le ministre des finances et du budget, Herv\u00e9 Ndoba a lanc\u00e9 officiellement ce jeudi 10 ...","robots":{"index":"index","follow":"follow","max-snippet":"max-snippet:-1","max-image-preview":"max-image-preview:large","max-video-preview":"max-video-preview:-1"},"canonical":"https:\/\/www.africa-press.net\/centrafricaine\/economie\/le-gouvernement-lance-un-projet-de-modernisation-des-douanes","og_locale":"fr_FR","og_type":"article","og_title":"le gouvernement lance un projet de modernisation des douanes","og_description":"Le gouvernement centrafricain, via le ministre des finances et du budget, Herv\u00e9 Ndoba a lanc\u00e9 officiellement ce jeudi 10 ...","og_url":"https:\/\/www.africa-press.net\/centrafricaine\/economie\/le-gouvernement-lance-un-projet-de-modernisation-des-douanes","og_site_name":"centrafricaine","article_published_time":"2022-06-11T11:49:31+00:00","article_modified_time":"2022-06-11T12:29:55+00:00","og_image":[{"width":720,"height":272,"url":"https:\/\/static.africa-press.net\/centrafricaine\/sites\/45\/2022\/06\/postQueueImg_22-62a48aad41195.jpg","type":"image\/jpeg"}],"author":"cfeditorfr","twitter_card":"summary_large_image","twitter_misc":{"\u00c9crit par":"cfeditorfr","Dur\u00e9e de lecture estim\u00e9e":"3 minutes"},"schema":{"@context":"https:\/\/schema.org","@graph":[{"@type":"Article","@id":"https:\/\/www.africa-press.net\/centrafricaine\/economie\/le-gouvernement-lance-un-projet-de-modernisation-des-douanes#article","isPartOf":{"@id":"https:\/\/www.africa-press.net\/centrafricaine\/economie\/le-gouvernement-lance-un-projet-de-modernisation-des-douanes"},"author":{"name":"cfeditorfr","@id":"https:\/\/www.africa-press.net\/centrafricaine\/#\/schema\/person\/2b1cf3cd81a31e3cd26889ca66d677f1"},"headline":"le gouvernement lance un projet de modernisation des douanes","datePublished":"2022-06-11T11:49:31+00:00","dateModified":"2022-06-11T12:29:55+00:00","mainEntityOfPage":{"@id":"https:\/\/www.africa-press.net\/centrafricaine\/economie\/le-gouvernement-lance-un-projet-de-modernisation-des-douanes"},"wordCount":519,"commentCount":0,"image":{"@id":"https:\/\/www.africa-press.net\/centrafricaine\/economie\/le-gouvernement-lance-un-projet-de-modernisation-des-douanes#primaryimage"},"thumbnailUrl":"https:\/\/static.africa-press.net\/centrafricaine\/sites\/45\/2022\/06\/postQueueImg_22-62a48aad41195.jpg","keywords":["Africa Press","Africa Press-CentrAfricaine","CentrAfricaine","Centrafrique","Douanes","gouvernement","lancement","modernisation","Projet"],"articleSection":["\u00c9conomie","homepage-french","Toutes les actualit\u00e9s"],"inLanguage":"fr-FR","potentialAction":[{"@type":"CommentAction","name":"Comment","target":["https:\/\/www.africa-press.net\/centrafricaine\/economie\/le-gouvernement-lance-un-projet-de-modernisation-des-douanes#respond"]}]},{"@type":"WebPage","@id":"https:\/\/www.africa-press.net\/centrafricaine\/economie\/le-gouvernement-lance-un-projet-de-modernisation-des-douanes","url":"https:\/\/www.africa-press.net\/centrafricaine\/economie\/le-gouvernement-lance-un-projet-de-modernisation-des-douanes","name":"le gouvernement lance un projet de modernisation des douanes - centrafricaine","isPartOf":{"@id":"https:\/\/www.africa-press.net\/centrafricaine\/#website"},"primaryImageOfPage":{"@id":"https:\/\/www.africa-press.net\/centrafricaine\/economie\/le-gouvernement-lance-un-projet-de-modernisation-des-douanes#primaryimage"},"image":{"@id":"https:\/\/www.africa-press.net\/centrafricaine\/economie\/le-gouvernement-lance-un-projet-de-modernisation-des-douanes#primaryimage"},"thumbnailUrl":"https:\/\/static.africa-press.net\/centrafricaine\/sites\/45\/2022\/06\/postQueueImg_22-62a48aad41195.jpg","datePublished":"2022-06-11T11:49:31+00:00","dateModified":"2022-06-11T12:29:55+00:00","author":{"@id":"https:\/\/www.africa-press.net\/centrafricaine\/#\/schema\/person\/2b1cf3cd81a31e3cd26889ca66d677f1"},"description":"Le gouvernement centrafricain, via le ministre des finances et du budget, Herv\u00e9 Ndoba a lanc\u00e9 officiellement ce jeudi 10 ...","breadcrumb":{"@id":"https:\/\/www.africa-press.net\/centrafricaine\/economie\/le-gouvernement-lance-un-projet-de-modernisation-des-douanes#breadcrumb"},"inLanguage":"fr-FR","potentialAction":[{"@type":"ReadAction","target":["https:\/\/www.africa-press.net\/centrafricaine\/economie\/le-gouvernement-lance-un-projet-de-modernisation-des-douanes"]}]},{"@type":"ImageObject","inLanguage":"fr-FR","@id":"https:\/\/www.africa-press.net\/centrafricaine\/economie\/le-gouvernement-lance-un-projet-de-modernisation-des-douanes#primaryimage","url":"https:\/\/static.africa-press.net\/centrafricaine\/sites\/45\/2022\/06\/postQueueImg_22-62a48aad41195.jpg","contentUrl":"https:\/\/static.africa-press.net\/centrafricaine\/sites\/45\/2022\/06\/postQueueImg_22-62a48aad41195.jpg","width":720,"height":272,"caption":"le gouvernement lance un projet de modernisation des douanes"},{"@type":"BreadcrumbList","@id":"https:\/\/www.africa-press.net\/centrafricaine\/economie\/le-gouvernement-lance-un-projet-de-modernisation-des-douanes#breadcrumb","itemListElement":[{"@type":"ListItem","position":1,"name":"Accueil","item":"https:\/\/www.africa-press.net\/centrafricaine\/"},{"@type":"ListItem","position":2,"name":"le gouvernement lance un projet de modernisation des douanes"}]},{"@type":"WebSite","@id":"https:\/\/www.africa-press.net\/centrafricaine\/#website","url":"https:\/\/www.africa-press.net\/centrafricaine\/","name":"centrafricaine","description":"Just another Africa News Agency Sites site","potentialAction":[{"@type":"SearchAction","target":{"@type":"EntryPoint","urlTemplate":"https:\/\/www.africa-press.net\/centrafricaine\/?s={search_term_string}"},"query-input":{"@type":"PropertyValueSpecification","valueRequired":true,"valueName":"search_term_string"}}],"inLanguage":"fr-FR"},{"@type":"Person","@id":"https:\/\/www.africa-press.net\/centrafricaine\/#\/schema\/person\/2b1cf3cd81a31e3cd26889ca66d677f1","name":"cfeditorfr"}]}},"_links":{"self":[{"href":"https:\/\/www.africa-press.net\/centrafricaine\/wp-json\/wp\/v2\/posts\/24294","targetHints":{"allow":["GET"]}}],"collection":[{"href":"https:\/\/www.africa-press.net\/centrafricaine\/wp-json\/wp\/v2\/posts"}],"about":[{"href":"https:\/\/www.africa-press.net\/centrafricaine\/wp-json\/wp\/v2\/types\/post"}],"author":[{"embeddable":true,"href":"https:\/\/www.africa-press.net\/centrafricaine\/wp-json\/wp\/v2\/users\/82"}],"replies":[{"embeddable":true,"href":"https:\/\/www.africa-press.net\/centrafricaine\/wp-json\/wp\/v2\/comments?post=24294"}],"version-history":[{"count":0,"href":"https:\/\/www.africa-press.net\/centrafricaine\/wp-json\/wp\/v2\/posts\/24294\/revisions"}],"wp:featuredmedia":[{"embeddable":true,"href":"https:\/\/www.africa-press.net\/centrafricaine\/wp-json\/wp\/v2\/media\/24293"}],"wp:attachment":[{"href":"https:\/\/www.africa-press.net\/centrafricaine\/wp-json\/wp\/v2\/media?parent=24294"}],"wp:term":[{"taxonomy":"category","embeddable":true,"href":"https:\/\/www.africa-press.net\/centrafricaine\/wp-json\/wp\/v2\/categories?post=24294"},{"taxonomy":"post_tag","embeddable":true,"href":"https:\/\/www.africa-press.net\/centrafricaine\/wp-json\/wp\/v2\/tags?post=24294"}],"curies":[{"name":"wp","href":"https:\/\/api.w.org\/{rel}","templated":true}]}}