{"id":26377,"date":"2022-07-26T15:54:02","date_gmt":"2022-07-26T15:54:02","guid":{"rendered":"https:\/\/www.africa-press.net\/centrafricaine\/politique\/centrafrique-arrestation-de-lex-general-de-lupc-monsieur-idriss-ibrahim-khalil-alias-ben-laden"},"modified":"2022-07-26T16:34:42","modified_gmt":"2022-07-26T16:34:42","slug":"centrafrique-arrestation-de-lex-general-de-lupc-monsieur-idriss-ibrahim-khalil-alias-ben-laden","status":"publish","type":"post","link":"https:\/\/www.africa-press.net\/centrafricaine\/politique\/centrafrique-arrestation-de-lex-general-de-lupc-monsieur-idriss-ibrahim-khalil-alias-ben-laden","title":{"rendered":"Centrafrique\u00a0: arrestation de l\u2019ex-g\u00e9n\u00e9ral de l\u2019UPC, monsieur Idriss Ibrahim Khalil alias ben Laden"},"content":{"rendered":"<p><span style=\"color: #ff6600\"><strong>Africa-Press &#8211; CentrAfricaine. <\/strong><\/span>En octobre 2021, l\u2019autoproclam\u00e9 g\u00e9n\u00e9ral Idriss Ibrahim Khalil alias ben Laden, avec une dizaine de ses hommes \u00e9taient sortis du maquis et demander leur d\u00e9sarmement officiel au gouvernement. Par la suite, ils ont \u00e9t\u00e9 incorpor\u00e9s dans les forces arm\u00e9es centrafricaines (FACA). Mais deux mois plus tard, en d\u00e9cembre 2021, l\u2019association des victimes d\u2019Alindao et certaines victimes ont exprim\u00e9 publiquement leur m\u00e9contentement. Certains ont manifest\u00e9 \u00e0 Bambari pour exiger l\u2019arrestation du g\u00e9n\u00e9ral Idriss Ibrahim Khalil alias ben Laden, mais aussi du g\u00e9n\u00e9ral des Anti-Balaka Dago, tous originaires d\u2019Alindao.<\/p>\n<p><b>Au m\u00eame moment, la cour p\u00e9nale sp\u00e9ciale, qui menait des enqu\u00eates sur les diff\u00e9rents massacres de la population dans le pays, en particulier celui d\u2019Alindao perp\u00e9tr\u00e9 le 15 novembre 2018, dont une centaine des personnes avait \u00e9t\u00e9 massacr\u00e9e, avait lanc\u00e9 un mandat d\u2019arr\u00eat contre lui et ses complices, dont le ministre de l\u2019\u00c9levage et de la sant\u00e9 animale, monsieur Hassan Bouba.<\/b><br \/>\n<b>Sept mois apr\u00e8s la manifestation des victimes, le g\u00e9n\u00e9ral Idriss Ibrahim Khalil alias ben Laden vient d\u2019\u00eatre arr\u00eat\u00e9 ce samedi 23 juillet 2022. Transf\u00e9r\u00e9 \u00e0 Bangui, l\u2019homme attend d\u2019\u00eatre interrog\u00e9 sur les faits.<\/b><br \/>\n<b>Pour l\u2019association des victimes d\u2019Alindao, l\u2019arrestation du g\u00e9n\u00e9ral Idriss Ibrahim Khalil alias ben Laden est un grand pas en avant. Il reste maintenant certain de ses complices, en l\u2019occurrence le ministre de l\u2019\u00c9levage Hassan Bouba et le G\u00e9n\u00e9ral des Anti-Balaka Dago.<\/b><br \/>\n<b> <\/b><\/p>\n<p><strong>Pour plus d&rsquo;informations et d&rsquo;analyses sur la <a href=\"https:\/\/www.africa-press.net\/centrafricaine\">CentrAfricaine<\/a>, suivez <a href=\"https:\/\/www.africa-press.net\/\">Africa-Press<\/a><\/strong><\/p>\n","protected":false},"excerpt":{"rendered":"<p>Africa-Press &#8211; CentrAfricaine. En octobre 2021, l\u2019autoproclam\u00e9 g\u00e9n\u00e9ral Idriss Ibrahim Khalil alias ben Laden, avec une dizaine de ses hommes \u00e9taient sortis du maquis et demander leur d\u00e9sarmement officiel au gouvernement. Par la suite, ils ont \u00e9t\u00e9 incorpor\u00e9s dans les forces arm\u00e9es centrafricaines (FACA). Mais deux mois plus tard, en d\u00e9cembre 2021, l\u2019association des victimes [&hellip;]<\/p>\n","protected":false},"author":82,"featured_media":26376,"comment_status":"open","ping_status":"closed","sticky":false,"template":"","format":"standard","meta":{"footnotes":""},"categories":[11,2,10],"tags":[36,58,30],"class_list":["post-26377","post","type-post","status-publish","format-standard","has-post-thumbnail","hentry","category-homepage-french","category-politique","category-toutes-les-actualites","tag-africa-press","tag-africa-press-centrafricaine","tag-centrafricaine"],"yoast_head":"<!-- This site is optimized with the Yoast SEO Premium plugin v26.1 (Yoast SEO v27.0) - https:\/\/yoast.com\/product\/yoast-seo-premium-wordpress\/ -->\n<title>Centrafrique\u00a0: arrestation de l\u2019ex-g\u00e9n\u00e9ral de l\u2019UPC, monsieur Idriss Ibrahim Khalil alias ben Laden - centrafricaine<\/title>\n<meta name=\"description\" content=\"En octobre 2021, l\u2019autoproclam\u00e9 g\u00e9n\u00e9ral Idriss Ibrahim Khalil alias ben Laden, avec une dizaine de ses hommes \u00e9taient so ...\" \/>\n<meta name=\"robots\" content=\"index, follow, max-snippet:-1, max-image-preview:large, max-video-preview:-1\" \/>\n<link rel=\"canonical\" href=\"https:\/\/www.africa-press.net\/centrafricaine\/politique\/centrafrique-arrestation-de-lex-general-de-lupc-monsieur-idriss-ibrahim-khalil-alias-ben-laden\" \/>\n<meta property=\"og:locale\" content=\"fr_FR\" \/>\n<meta property=\"og:type\" content=\"article\" \/>\n<meta property=\"og:title\" content=\"Centrafrique\u00a0: arrestation de l\u2019ex-g\u00e9n\u00e9ral de l\u2019UPC, monsieur Idriss Ibrahim Khalil alias ben Laden\" \/>\n<meta property=\"og:description\" content=\"En octobre 2021, l\u2019autoproclam\u00e9 g\u00e9n\u00e9ral Idriss Ibrahim Khalil alias ben Laden, avec une dizaine de ses hommes \u00e9taient so ...\" \/>\n<meta property=\"og:url\" content=\"https:\/\/www.africa-press.net\/centrafricaine\/politique\/centrafrique-arrestation-de-lex-general-de-lupc-monsieur-idriss-ibrahim-khalil-alias-ben-laden\" \/>\n<meta property=\"og:site_name\" content=\"centrafricaine\" \/>\n<meta property=\"article:published_time\" content=\"2022-07-26T15:54:02+00:00\" \/>\n<meta property=\"article:modified_time\" content=\"2022-07-26T16:34:42+00:00\" \/>\n<meta property=\"og:image\" content=\"https:\/\/static.africa-press.net\/centrafricaine\/sites\/45\/2022\/07\/postQueueImg_31-62e017724ed44.jpg\" \/>\n\t<meta property=\"og:image:width\" content=\"1280\" \/>\n\t<meta property=\"og:image:height\" content=\"720\" \/>\n\t<meta property=\"og:image:type\" content=\"image\/jpeg\" \/>\n<meta name=\"author\" content=\"cfeditorfr\" \/>\n<meta name=\"twitter:card\" content=\"summary_large_image\" \/>\n<meta name=\"twitter:label1\" content=\"\u00c9crit par\" \/>\n\t<meta name=\"twitter:data1\" content=\"cfeditorfr\" \/>\n\t<meta name=\"twitter:label2\" content=\"Dur\u00e9e de lecture estim\u00e9e\" \/>\n\t<meta name=\"twitter:data2\" content=\"2 minutes\" \/>\n<script type=\"application\/ld+json\" class=\"yoast-schema-graph\">{\"@context\":\"https:\/\/schema.org\",\"@graph\":[{\"@type\":\"Article\",\"@id\":\"https:\/\/www.africa-press.net\/centrafricaine\/politique\/centrafrique-arrestation-de-lex-general-de-lupc-monsieur-idriss-ibrahim-khalil-alias-ben-laden#article\",\"isPartOf\":{\"@id\":\"https:\/\/www.africa-press.net\/centrafricaine\/politique\/centrafrique-arrestation-de-lex-general-de-lupc-monsieur-idriss-ibrahim-khalil-alias-ben-laden\"},\"author\":{\"name\":\"cfeditorfr\",\"@id\":\"https:\/\/www.africa-press.net\/centrafricaine\/#\/schema\/person\/2b1cf3cd81a31e3cd26889ca66d677f1\"},\"headline\":\"Centrafrique\u00a0: arrestation de l\u2019ex-g\u00e9n\u00e9ral de l\u2019UPC, monsieur Idriss Ibrahim Khalil alias ben Laden\",\"datePublished\":\"2022-07-26T15:54:02+00:00\",\"dateModified\":\"2022-07-26T16:34:42+00:00\",\"mainEntityOfPage\":{\"@id\":\"https:\/\/www.africa-press.net\/centrafricaine\/politique\/centrafrique-arrestation-de-lex-general-de-lupc-monsieur-idriss-ibrahim-khalil-alias-ben-laden\"},\"wordCount\":290,\"commentCount\":0,\"image\":{\"@id\":\"https:\/\/www.africa-press.net\/centrafricaine\/politique\/centrafrique-arrestation-de-lex-general-de-lupc-monsieur-idriss-ibrahim-khalil-alias-ben-laden#primaryimage\"},\"thumbnailUrl\":\"https:\/\/static.africa-press.net\/centrafricaine\/sites\/45\/2022\/07\/postQueueImg_31-62e017724ed44.jpg\",\"keywords\":[\"Africa Press\",\"Africa Press-CentrAfricaine\",\"CentrAfricaine\"],\"articleSection\":[\"homepage-french\",\"Politique\",\"Toutes les actualit\u00e9s\"],\"inLanguage\":\"fr-FR\",\"potentialAction\":[{\"@type\":\"CommentAction\",\"name\":\"Comment\",\"target\":[\"https:\/\/www.africa-press.net\/centrafricaine\/politique\/centrafrique-arrestation-de-lex-general-de-lupc-monsieur-idriss-ibrahim-khalil-alias-ben-laden#respond\"]}]},{\"@type\":\"WebPage\",\"@id\":\"https:\/\/www.africa-press.net\/centrafricaine\/politique\/centrafrique-arrestation-de-lex-general-de-lupc-monsieur-idriss-ibrahim-khalil-alias-ben-laden\",\"url\":\"https:\/\/www.africa-press.net\/centrafricaine\/politique\/centrafrique-arrestation-de-lex-general-de-lupc-monsieur-idriss-ibrahim-khalil-alias-ben-laden\",\"name\":\"Centrafrique\u00a0: arrestation de l\u2019ex-g\u00e9n\u00e9ral de l\u2019UPC, monsieur Idriss Ibrahim Khalil alias ben Laden - centrafricaine\",\"isPartOf\":{\"@id\":\"https:\/\/www.africa-press.net\/centrafricaine\/#website\"},\"primaryImageOfPage\":{\"@id\":\"https:\/\/www.africa-press.net\/centrafricaine\/politique\/centrafrique-arrestation-de-lex-general-de-lupc-monsieur-idriss-ibrahim-khalil-alias-ben-laden#primaryimage\"},\"image\":{\"@id\":\"https:\/\/www.africa-press.net\/centrafricaine\/politique\/centrafrique-arrestation-de-lex-general-de-lupc-monsieur-idriss-ibrahim-khalil-alias-ben-laden#primaryimage\"},\"thumbnailUrl\":\"https:\/\/static.africa-press.net\/centrafricaine\/sites\/45\/2022\/07\/postQueueImg_31-62e017724ed44.jpg\",\"datePublished\":\"2022-07-26T15:54:02+00:00\",\"dateModified\":\"2022-07-26T16:34:42+00:00\",\"author\":{\"@id\":\"https:\/\/www.africa-press.net\/centrafricaine\/#\/schema\/person\/2b1cf3cd81a31e3cd26889ca66d677f1\"},\"description\":\"En octobre 2021, l\u2019autoproclam\u00e9 g\u00e9n\u00e9ral Idriss Ibrahim Khalil alias ben Laden, avec une dizaine de ses hommes \u00e9taient so ...\",\"breadcrumb\":{\"@id\":\"https:\/\/www.africa-press.net\/centrafricaine\/politique\/centrafrique-arrestation-de-lex-general-de-lupc-monsieur-idriss-ibrahim-khalil-alias-ben-laden#breadcrumb\"},\"inLanguage\":\"fr-FR\",\"potentialAction\":[{\"@type\":\"ReadAction\",\"target\":[\"https:\/\/www.africa-press.net\/centrafricaine\/politique\/centrafrique-arrestation-de-lex-general-de-lupc-monsieur-idriss-ibrahim-khalil-alias-ben-laden\"]}]},{\"@type\":\"ImageObject\",\"inLanguage\":\"fr-FR\",\"@id\":\"https:\/\/www.africa-press.net\/centrafricaine\/politique\/centrafrique-arrestation-de-lex-general-de-lupc-monsieur-idriss-ibrahim-khalil-alias-ben-laden#primaryimage\",\"url\":\"https:\/\/static.africa-press.net\/centrafricaine\/sites\/45\/2022\/07\/postQueueImg_31-62e017724ed44.jpg\",\"contentUrl\":\"https:\/\/static.africa-press.net\/centrafricaine\/sites\/45\/2022\/07\/postQueueImg_31-62e017724ed44.jpg\",\"width\":1280,\"height\":720,\"caption\":\"Centrafrique\u00a0: arrestation de l\u2019ex-g\u00e9n\u00e9ral de l\u2019UPC, monsieur Idriss Ibrahim Khalil alias ben Laden\"},{\"@type\":\"BreadcrumbList\",\"@id\":\"https:\/\/www.africa-press.net\/centrafricaine\/politique\/centrafrique-arrestation-de-lex-general-de-lupc-monsieur-idriss-ibrahim-khalil-alias-ben-laden#breadcrumb\",\"itemListElement\":[{\"@type\":\"ListItem\",\"position\":1,\"name\":\"Accueil\",\"item\":\"https:\/\/www.africa-press.net\/centrafricaine\/\"},{\"@type\":\"ListItem\",\"position\":2,\"name\":\"Centrafrique\u00a0: arrestation de l\u2019ex-g\u00e9n\u00e9ral de l\u2019UPC, monsieur Idriss Ibrahim Khalil alias ben Laden\"}]},{\"@type\":\"WebSite\",\"@id\":\"https:\/\/www.africa-press.net\/centrafricaine\/#website\",\"url\":\"https:\/\/www.africa-press.net\/centrafricaine\/\",\"name\":\"centrafricaine\",\"description\":\"Just another Africa News Agency Sites site\",\"potentialAction\":[{\"@type\":\"SearchAction\",\"target\":{\"@type\":\"EntryPoint\",\"urlTemplate\":\"https:\/\/www.africa-press.net\/centrafricaine\/?s={search_term_string}\"},\"query-input\":{\"@type\":\"PropertyValueSpecification\",\"valueRequired\":true,\"valueName\":\"search_term_string\"}}],\"inLanguage\":\"fr-FR\"},{\"@type\":\"Person\",\"@id\":\"https:\/\/www.africa-press.net\/centrafricaine\/#\/schema\/person\/2b1cf3cd81a31e3cd26889ca66d677f1\",\"name\":\"cfeditorfr\"}]}<\/script>\n<!-- \/ Yoast SEO Premium plugin. -->","yoast_head_json":{"title":"Centrafrique\u00a0: arrestation de l\u2019ex-g\u00e9n\u00e9ral de l\u2019UPC, monsieur Idriss Ibrahim Khalil alias ben Laden - centrafricaine","description":"En octobre 2021, l\u2019autoproclam\u00e9 g\u00e9n\u00e9ral Idriss Ibrahim Khalil alias ben Laden, avec une dizaine de ses hommes \u00e9taient so ...","robots":{"index":"index","follow":"follow","max-snippet":"max-snippet:-1","max-image-preview":"max-image-preview:large","max-video-preview":"max-video-preview:-1"},"canonical":"https:\/\/www.africa-press.net\/centrafricaine\/politique\/centrafrique-arrestation-de-lex-general-de-lupc-monsieur-idriss-ibrahim-khalil-alias-ben-laden","og_locale":"fr_FR","og_type":"article","og_title":"Centrafrique\u00a0: arrestation de l\u2019ex-g\u00e9n\u00e9ral de l\u2019UPC, monsieur Idriss Ibrahim Khalil alias ben Laden","og_description":"En octobre 2021, l\u2019autoproclam\u00e9 g\u00e9n\u00e9ral Idriss Ibrahim Khalil alias ben Laden, avec une dizaine de ses hommes \u00e9taient so ...","og_url":"https:\/\/www.africa-press.net\/centrafricaine\/politique\/centrafrique-arrestation-de-lex-general-de-lupc-monsieur-idriss-ibrahim-khalil-alias-ben-laden","og_site_name":"centrafricaine","article_published_time":"2022-07-26T15:54:02+00:00","article_modified_time":"2022-07-26T16:34:42+00:00","og_image":[{"width":1280,"height":720,"url":"https:\/\/static.africa-press.net\/centrafricaine\/sites\/45\/2022\/07\/postQueueImg_31-62e017724ed44.jpg","type":"image\/jpeg"}],"author":"cfeditorfr","twitter_card":"summary_large_image","twitter_misc":{"\u00c9crit par":"cfeditorfr","Dur\u00e9e de lecture estim\u00e9e":"2 minutes"},"schema":{"@context":"https:\/\/schema.org","@graph":[{"@type":"Article","@id":"https:\/\/www.africa-press.net\/centrafricaine\/politique\/centrafrique-arrestation-de-lex-general-de-lupc-monsieur-idriss-ibrahim-khalil-alias-ben-laden#article","isPartOf":{"@id":"https:\/\/www.africa-press.net\/centrafricaine\/politique\/centrafrique-arrestation-de-lex-general-de-lupc-monsieur-idriss-ibrahim-khalil-alias-ben-laden"},"author":{"name":"cfeditorfr","@id":"https:\/\/www.africa-press.net\/centrafricaine\/#\/schema\/person\/2b1cf3cd81a31e3cd26889ca66d677f1"},"headline":"Centrafrique\u00a0: arrestation de l\u2019ex-g\u00e9n\u00e9ral de l\u2019UPC, monsieur Idriss Ibrahim Khalil alias ben Laden","datePublished":"2022-07-26T15:54:02+00:00","dateModified":"2022-07-26T16:34:42+00:00","mainEntityOfPage":{"@id":"https:\/\/www.africa-press.net\/centrafricaine\/politique\/centrafrique-arrestation-de-lex-general-de-lupc-monsieur-idriss-ibrahim-khalil-alias-ben-laden"},"wordCount":290,"commentCount":0,"image":{"@id":"https:\/\/www.africa-press.net\/centrafricaine\/politique\/centrafrique-arrestation-de-lex-general-de-lupc-monsieur-idriss-ibrahim-khalil-alias-ben-laden#primaryimage"},"thumbnailUrl":"https:\/\/static.africa-press.net\/centrafricaine\/sites\/45\/2022\/07\/postQueueImg_31-62e017724ed44.jpg","keywords":["Africa Press","Africa Press-CentrAfricaine","CentrAfricaine"],"articleSection":["homepage-french","Politique","Toutes les actualit\u00e9s"],"inLanguage":"fr-FR","potentialAction":[{"@type":"CommentAction","name":"Comment","target":["https:\/\/www.africa-press.net\/centrafricaine\/politique\/centrafrique-arrestation-de-lex-general-de-lupc-monsieur-idriss-ibrahim-khalil-alias-ben-laden#respond"]}]},{"@type":"WebPage","@id":"https:\/\/www.africa-press.net\/centrafricaine\/politique\/centrafrique-arrestation-de-lex-general-de-lupc-monsieur-idriss-ibrahim-khalil-alias-ben-laden","url":"https:\/\/www.africa-press.net\/centrafricaine\/politique\/centrafrique-arrestation-de-lex-general-de-lupc-monsieur-idriss-ibrahim-khalil-alias-ben-laden","name":"Centrafrique\u00a0: arrestation de l\u2019ex-g\u00e9n\u00e9ral de l\u2019UPC, monsieur Idriss Ibrahim Khalil alias ben Laden - centrafricaine","isPartOf":{"@id":"https:\/\/www.africa-press.net\/centrafricaine\/#website"},"primaryImageOfPage":{"@id":"https:\/\/www.africa-press.net\/centrafricaine\/politique\/centrafrique-arrestation-de-lex-general-de-lupc-monsieur-idriss-ibrahim-khalil-alias-ben-laden#primaryimage"},"image":{"@id":"https:\/\/www.africa-press.net\/centrafricaine\/politique\/centrafrique-arrestation-de-lex-general-de-lupc-monsieur-idriss-ibrahim-khalil-alias-ben-laden#primaryimage"},"thumbnailUrl":"https:\/\/static.africa-press.net\/centrafricaine\/sites\/45\/2022\/07\/postQueueImg_31-62e017724ed44.jpg","datePublished":"2022-07-26T15:54:02+00:00","dateModified":"2022-07-26T16:34:42+00:00","author":{"@id":"https:\/\/www.africa-press.net\/centrafricaine\/#\/schema\/person\/2b1cf3cd81a31e3cd26889ca66d677f1"},"description":"En octobre 2021, l\u2019autoproclam\u00e9 g\u00e9n\u00e9ral Idriss Ibrahim Khalil alias ben Laden, avec une dizaine de ses hommes \u00e9taient so ...","breadcrumb":{"@id":"https:\/\/www.africa-press.net\/centrafricaine\/politique\/centrafrique-arrestation-de-lex-general-de-lupc-monsieur-idriss-ibrahim-khalil-alias-ben-laden#breadcrumb"},"inLanguage":"fr-FR","potentialAction":[{"@type":"ReadAction","target":["https:\/\/www.africa-press.net\/centrafricaine\/politique\/centrafrique-arrestation-de-lex-general-de-lupc-monsieur-idriss-ibrahim-khalil-alias-ben-laden"]}]},{"@type":"ImageObject","inLanguage":"fr-FR","@id":"https:\/\/www.africa-press.net\/centrafricaine\/politique\/centrafrique-arrestation-de-lex-general-de-lupc-monsieur-idriss-ibrahim-khalil-alias-ben-laden#primaryimage","url":"https:\/\/static.africa-press.net\/centrafricaine\/sites\/45\/2022\/07\/postQueueImg_31-62e017724ed44.jpg","contentUrl":"https:\/\/static.africa-press.net\/centrafricaine\/sites\/45\/2022\/07\/postQueueImg_31-62e017724ed44.jpg","width":1280,"height":720,"caption":"Centrafrique\u00a0: arrestation de l\u2019ex-g\u00e9n\u00e9ral de l\u2019UPC, monsieur Idriss Ibrahim Khalil alias ben Laden"},{"@type":"BreadcrumbList","@id":"https:\/\/www.africa-press.net\/centrafricaine\/politique\/centrafrique-arrestation-de-lex-general-de-lupc-monsieur-idriss-ibrahim-khalil-alias-ben-laden#breadcrumb","itemListElement":[{"@type":"ListItem","position":1,"name":"Accueil","item":"https:\/\/www.africa-press.net\/centrafricaine\/"},{"@type":"ListItem","position":2,"name":"Centrafrique\u00a0: arrestation de l\u2019ex-g\u00e9n\u00e9ral de l\u2019UPC, monsieur Idriss Ibrahim Khalil alias ben Laden"}]},{"@type":"WebSite","@id":"https:\/\/www.africa-press.net\/centrafricaine\/#website","url":"https:\/\/www.africa-press.net\/centrafricaine\/","name":"centrafricaine","description":"Just another Africa News Agency Sites site","potentialAction":[{"@type":"SearchAction","target":{"@type":"EntryPoint","urlTemplate":"https:\/\/www.africa-press.net\/centrafricaine\/?s={search_term_string}"},"query-input":{"@type":"PropertyValueSpecification","valueRequired":true,"valueName":"search_term_string"}}],"inLanguage":"fr-FR"},{"@type":"Person","@id":"https:\/\/www.africa-press.net\/centrafricaine\/#\/schema\/person\/2b1cf3cd81a31e3cd26889ca66d677f1","name":"cfeditorfr"}]}},"_links":{"self":[{"href":"https:\/\/www.africa-press.net\/centrafricaine\/wp-json\/wp\/v2\/posts\/26377","targetHints":{"allow":["GET"]}}],"collection":[{"href":"https:\/\/www.africa-press.net\/centrafricaine\/wp-json\/wp\/v2\/posts"}],"about":[{"href":"https:\/\/www.africa-press.net\/centrafricaine\/wp-json\/wp\/v2\/types\/post"}],"author":[{"embeddable":true,"href":"https:\/\/www.africa-press.net\/centrafricaine\/wp-json\/wp\/v2\/users\/82"}],"replies":[{"embeddable":true,"href":"https:\/\/www.africa-press.net\/centrafricaine\/wp-json\/wp\/v2\/comments?post=26377"}],"version-history":[{"count":0,"href":"https:\/\/www.africa-press.net\/centrafricaine\/wp-json\/wp\/v2\/posts\/26377\/revisions"}],"wp:featuredmedia":[{"embeddable":true,"href":"https:\/\/www.africa-press.net\/centrafricaine\/wp-json\/wp\/v2\/media\/26376"}],"wp:attachment":[{"href":"https:\/\/www.africa-press.net\/centrafricaine\/wp-json\/wp\/v2\/media?parent=26377"}],"wp:term":[{"taxonomy":"category","embeddable":true,"href":"https:\/\/www.africa-press.net\/centrafricaine\/wp-json\/wp\/v2\/categories?post=26377"},{"taxonomy":"post_tag","embeddable":true,"href":"https:\/\/www.africa-press.net\/centrafricaine\/wp-json\/wp\/v2\/tags?post=26377"}],"curies":[{"name":"wp","href":"https:\/\/api.w.org\/{rel}","templated":true}]}}