{"id":28747,"date":"2022-09-13T17:33:33","date_gmt":"2022-09-13T17:33:33","guid":{"rendered":"https:\/\/www.africa-press.net\/centrafricaine\/politique\/lajemadec-edifie-les-leaders-communautaires-sur-les-discours-de-haine-et-le-processus-democratique-local"},"modified":"2022-09-13T18:57:00","modified_gmt":"2022-09-13T18:57:00","slug":"lajemadec-edifie-les-leaders-communautaires-sur-les-discours-de-haine-et-le-processus-democratique-local","status":"publish","type":"post","link":"https:\/\/www.africa-press.net\/centrafricaine\/toutes-les-actualites\/lajemadec-edifie-les-leaders-communautaires-sur-les-discours-de-haine-et-le-processus-democratique-local","title":{"rendered":"l\u2019AJEMADEC \u00e9difie les leaders communautaires sur les discours de haine et le processus d\u00e9mocratique local"},"content":{"rendered":"<p><span style=\"color: #ff6600\"><strong>Africa-Press &#8211; CentrAfricaine. <\/strong><\/span>Dans l\u2019objectif d\u2019informer les communaut\u00e9s \u00e0 \u00e9viter des propos haineux, l\u2019Association Jeunesse en Marche pour le D\u00e9veloppement en Centrafrique (AJEMADEC) renforce les capacit\u00e9s des leaders communautaires sur la lutte contre les discours de haine et le processus d\u00e9mocratique local dans un atelier de formation qui a eu lieu le lundi 12 septembre au centre Cucherousset \u00e0 Bangui.<\/p>\n<p>Les discours de haine et les d\u00e9sinformations sont des facteurs qui enveniment les violences et la discorde entre les communaut\u00e9s centrafricaines. A cela, plusieurs associations se sont mobilis\u00e9es pour combattre ce fl\u00e9au afin de favoriser la coh\u00e9sion entre les communaut\u00e9s.<\/p>\n<p>C\u2019est dans cette optique que l\u2019AJEMADEC qui est une organisation de la jeunesse s\u2019est lanc\u00e9e dans cette dynamique afin de sensibiliser les leaders communautaires \u00e0 non seulement lutter contre ce fl\u00e9au, mais aussi de renforcer leur capacit\u00e9 sur le processus d\u00e9mocratique local.<\/p>\n<p>Selon <b>Rhosyns Zalang Ngatondang<\/b>, pr\u00e9sident fondateur de l\u2019ONG AJEMADEC, cette formation vise \u00e0 accompagner ces leaders afin qu\u2019ils puissent \u00e0 leur tour faire autant dans leurs milieux respectifs : <b>\u00ab Cette formation s\u2019inscrit dans le cadre d\u2019un projet appuy\u00e9 par nos partenaires. Elle vise \u00e0 accompagner les leaders afin qu\u2019ils puissent accro\u00eetre leurs connaissances sur les valeurs citoyennes et r\u00e9publicaines pour le retour de la paix et le d\u00e9veloppement en RCA. Ces diff\u00e9rentes activit\u00e9s nous ont permises de toucher plusieurs leaders des diff\u00e9rentes localit\u00e9s du pays, par exemple, nous sommes aujourd\u2019hui avec ceux qui nous viennent de Kaga-Bandoro, Bambari, Berberati et de Bouar pour prendre part \u00e0 cette formation et de faire la restitution aupr\u00e8s de leurs milieux respectifs \u00bb<\/b>, a-t-il expliqu\u00e9.<\/p>\n<p>Cet atelier de formation se poursuivra durant une semaine et touchera les leaders communautaires, les journalistes-blogueurs et plusieurs autres associations et acteurs de la soci\u00e9t\u00e9 civile.<\/p>\n<p><strong>Pour plus d&rsquo;informations et d&rsquo;analyses sur la <a href=\"https:\/\/www.africa-press.net\/centrafricaine\">CentrAfricaine<\/a>, suivez <a href=\"https:\/\/www.africa-press.net\/\">Africa-Press<\/a><\/strong><\/p>\n","protected":false},"excerpt":{"rendered":"<p>Africa-Press &#8211; CentrAfricaine. Dans l\u2019objectif d\u2019informer les communaut\u00e9s \u00e0 \u00e9viter des propos haineux, l\u2019Association Jeunesse en Marche pour le D\u00e9veloppement en Centrafrique (AJEMADEC) renforce les capacit\u00e9s des leaders communautaires sur la lutte contre les discours de haine et le processus d\u00e9mocratique local dans un atelier de formation qui a eu lieu le lundi 12 septembre [&hellip;]<\/p>\n","protected":false},"author":82,"featured_media":28746,"comment_status":"open","ping_status":"closed","sticky":false,"template":"","format":"standard","meta":{"footnotes":""},"categories":[21,11,10],"tags":[36,58,3034,30,2959,2289,3035,3033],"class_list":["post-28747","post","type-post","status-publish","format-standard","has-post-thumbnail","hentry","category-communaute","category-homepage-french","category-toutes-les-actualites","tag-africa-press","tag-africa-press-centrafricaine","tag-ajemadec","tag-centrafricaine","tag-developpement-local","tag-discours-de-haine","tag-leaders-communautaires","tag-processus"],"yoast_head":"<!-- This site is optimized with the Yoast SEO Premium plugin v26.1 (Yoast SEO v27.0) - https:\/\/yoast.com\/product\/yoast-seo-premium-wordpress\/ -->\n<title>l\u2019AJEMADEC \u00e9difie les leaders communautaires sur les discours de haine et le processus d\u00e9mocratique local - centrafricaine<\/title>\n<meta name=\"description\" content=\"Dans l\u2019objectif d\u2019informer les communaut\u00e9s \u00e0 \u00e9viter des propos haineux, l\u2019Association Jeunesse en Marche pour le D\u00e9velop ...\" \/>\n<meta name=\"robots\" content=\"index, follow, max-snippet:-1, max-image-preview:large, max-video-preview:-1\" \/>\n<link rel=\"canonical\" href=\"https:\/\/www.africa-press.net\/centrafricaine\/toutes-les-actualites\/lajemadec-edifie-les-leaders-communautaires-sur-les-discours-de-haine-et-le-processus-democratique-local\" \/>\n<meta property=\"og:locale\" content=\"fr_FR\" \/>\n<meta property=\"og:type\" content=\"article\" \/>\n<meta property=\"og:title\" content=\"l\u2019AJEMADEC \u00e9difie les leaders communautaires sur les discours de haine et le processus d\u00e9mocratique local\" \/>\n<meta property=\"og:description\" content=\"Dans l\u2019objectif d\u2019informer les communaut\u00e9s \u00e0 \u00e9viter des propos haineux, l\u2019Association Jeunesse en Marche pour le D\u00e9velop ...\" \/>\n<meta property=\"og:url\" content=\"https:\/\/www.africa-press.net\/centrafricaine\/toutes-les-actualites\/lajemadec-edifie-les-leaders-communautaires-sur-les-discours-de-haine-et-le-processus-democratique-local\" \/>\n<meta property=\"og:site_name\" content=\"centrafricaine\" \/>\n<meta property=\"article:published_time\" content=\"2022-09-13T17:33:33+00:00\" \/>\n<meta property=\"article:modified_time\" content=\"2022-09-13T18:57:00+00:00\" \/>\n<meta property=\"og:image\" content=\"https:\/\/static.africa-press.net\/centrafricaine\/sites\/45\/2022\/09\/postQueueImg_3-6320d262f1242.jpg\" \/>\n\t<meta property=\"og:image:width\" content=\"716\" \/>\n\t<meta property=\"og:image:height\" content=\"333\" \/>\n\t<meta property=\"og:image:type\" content=\"image\/jpeg\" \/>\n<meta name=\"author\" content=\"cfeditorfr\" \/>\n<meta name=\"twitter:card\" content=\"summary_large_image\" \/>\n<meta name=\"twitter:label1\" content=\"\u00c9crit par\" \/>\n\t<meta name=\"twitter:data1\" content=\"cfeditorfr\" \/>\n\t<meta name=\"twitter:label2\" content=\"Dur\u00e9e de lecture estim\u00e9e\" \/>\n\t<meta name=\"twitter:data2\" content=\"2 minutes\" \/>\n<script type=\"application\/ld+json\" class=\"yoast-schema-graph\">{\"@context\":\"https:\/\/schema.org\",\"@graph\":[{\"@type\":\"Article\",\"@id\":\"https:\/\/www.africa-press.net\/centrafricaine\/toutes-les-actualites\/lajemadec-edifie-les-leaders-communautaires-sur-les-discours-de-haine-et-le-processus-democratique-local#article\",\"isPartOf\":{\"@id\":\"https:\/\/www.africa-press.net\/centrafricaine\/toutes-les-actualites\/lajemadec-edifie-les-leaders-communautaires-sur-les-discours-de-haine-et-le-processus-democratique-local\"},\"author\":{\"name\":\"cfeditorfr\",\"@id\":\"https:\/\/www.africa-press.net\/centrafricaine\/#\/schema\/person\/2b1cf3cd81a31e3cd26889ca66d677f1\"},\"headline\":\"l\u2019AJEMADEC \u00e9difie les leaders communautaires sur les discours de haine et le processus d\u00e9mocratique local\",\"datePublished\":\"2022-09-13T17:33:33+00:00\",\"dateModified\":\"2022-09-13T18:57:00+00:00\",\"mainEntityOfPage\":{\"@id\":\"https:\/\/www.africa-press.net\/centrafricaine\/toutes-les-actualites\/lajemadec-edifie-les-leaders-communautaires-sur-les-discours-de-haine-et-le-processus-democratique-local\"},\"wordCount\":343,\"commentCount\":0,\"image\":{\"@id\":\"https:\/\/www.africa-press.net\/centrafricaine\/toutes-les-actualites\/lajemadec-edifie-les-leaders-communautaires-sur-les-discours-de-haine-et-le-processus-democratique-local#primaryimage\"},\"thumbnailUrl\":\"https:\/\/static.africa-press.net\/centrafricaine\/sites\/45\/2022\/09\/postQueueImg_3-6320d262f1242.jpg\",\"keywords\":[\"Africa Press\",\"Africa Press-CentrAfricaine\",\"AJEMADEC\",\"CentrAfricaine\",\"d\u00e9veloppement local\",\"discours de haine\",\"leaders communautaires\",\"processus\"],\"articleSection\":[\"Communaut\u00e9\",\"homepage-french\",\"Toutes les actualit\u00e9s\"],\"inLanguage\":\"fr-FR\",\"potentialAction\":[{\"@type\":\"CommentAction\",\"name\":\"Comment\",\"target\":[\"https:\/\/www.africa-press.net\/centrafricaine\/toutes-les-actualites\/lajemadec-edifie-les-leaders-communautaires-sur-les-discours-de-haine-et-le-processus-democratique-local#respond\"]}]},{\"@type\":\"WebPage\",\"@id\":\"https:\/\/www.africa-press.net\/centrafricaine\/toutes-les-actualites\/lajemadec-edifie-les-leaders-communautaires-sur-les-discours-de-haine-et-le-processus-democratique-local\",\"url\":\"https:\/\/www.africa-press.net\/centrafricaine\/toutes-les-actualites\/lajemadec-edifie-les-leaders-communautaires-sur-les-discours-de-haine-et-le-processus-democratique-local\",\"name\":\"l\u2019AJEMADEC \u00e9difie les leaders communautaires sur les discours de haine et le processus d\u00e9mocratique local - centrafricaine\",\"isPartOf\":{\"@id\":\"https:\/\/www.africa-press.net\/centrafricaine\/#website\"},\"primaryImageOfPage\":{\"@id\":\"https:\/\/www.africa-press.net\/centrafricaine\/toutes-les-actualites\/lajemadec-edifie-les-leaders-communautaires-sur-les-discours-de-haine-et-le-processus-democratique-local#primaryimage\"},\"image\":{\"@id\":\"https:\/\/www.africa-press.net\/centrafricaine\/toutes-les-actualites\/lajemadec-edifie-les-leaders-communautaires-sur-les-discours-de-haine-et-le-processus-democratique-local#primaryimage\"},\"thumbnailUrl\":\"https:\/\/static.africa-press.net\/centrafricaine\/sites\/45\/2022\/09\/postQueueImg_3-6320d262f1242.jpg\",\"datePublished\":\"2022-09-13T17:33:33+00:00\",\"dateModified\":\"2022-09-13T18:57:00+00:00\",\"author\":{\"@id\":\"https:\/\/www.africa-press.net\/centrafricaine\/#\/schema\/person\/2b1cf3cd81a31e3cd26889ca66d677f1\"},\"description\":\"Dans l\u2019objectif d\u2019informer les communaut\u00e9s \u00e0 \u00e9viter des propos haineux, l\u2019Association Jeunesse en Marche pour le D\u00e9velop ...\",\"breadcrumb\":{\"@id\":\"https:\/\/www.africa-press.net\/centrafricaine\/toutes-les-actualites\/lajemadec-edifie-les-leaders-communautaires-sur-les-discours-de-haine-et-le-processus-democratique-local#breadcrumb\"},\"inLanguage\":\"fr-FR\",\"potentialAction\":[{\"@type\":\"ReadAction\",\"target\":[\"https:\/\/www.africa-press.net\/centrafricaine\/toutes-les-actualites\/lajemadec-edifie-les-leaders-communautaires-sur-les-discours-de-haine-et-le-processus-democratique-local\"]}]},{\"@type\":\"ImageObject\",\"inLanguage\":\"fr-FR\",\"@id\":\"https:\/\/www.africa-press.net\/centrafricaine\/toutes-les-actualites\/lajemadec-edifie-les-leaders-communautaires-sur-les-discours-de-haine-et-le-processus-democratique-local#primaryimage\",\"url\":\"https:\/\/static.africa-press.net\/centrafricaine\/sites\/45\/2022\/09\/postQueueImg_3-6320d262f1242.jpg\",\"contentUrl\":\"https:\/\/static.africa-press.net\/centrafricaine\/sites\/45\/2022\/09\/postQueueImg_3-6320d262f1242.jpg\",\"width\":716,\"height\":333,\"caption\":\"l\u2019AJEMADEC \u00e9difie les leaders communautaires sur les discours de haine et le processus d\u00e9mocratique local\"},{\"@type\":\"BreadcrumbList\",\"@id\":\"https:\/\/www.africa-press.net\/centrafricaine\/toutes-les-actualites\/lajemadec-edifie-les-leaders-communautaires-sur-les-discours-de-haine-et-le-processus-democratique-local#breadcrumb\",\"itemListElement\":[{\"@type\":\"ListItem\",\"position\":1,\"name\":\"Accueil\",\"item\":\"https:\/\/www.africa-press.net\/centrafricaine\/\"},{\"@type\":\"ListItem\",\"position\":2,\"name\":\"l\u2019AJEMADEC \u00e9difie les leaders communautaires sur les discours de haine et le processus d\u00e9mocratique local\"}]},{\"@type\":\"WebSite\",\"@id\":\"https:\/\/www.africa-press.net\/centrafricaine\/#website\",\"url\":\"https:\/\/www.africa-press.net\/centrafricaine\/\",\"name\":\"centrafricaine\",\"description\":\"Just another Africa News Agency Sites site\",\"potentialAction\":[{\"@type\":\"SearchAction\",\"target\":{\"@type\":\"EntryPoint\",\"urlTemplate\":\"https:\/\/www.africa-press.net\/centrafricaine\/?s={search_term_string}\"},\"query-input\":{\"@type\":\"PropertyValueSpecification\",\"valueRequired\":true,\"valueName\":\"search_term_string\"}}],\"inLanguage\":\"fr-FR\"},{\"@type\":\"Person\",\"@id\":\"https:\/\/www.africa-press.net\/centrafricaine\/#\/schema\/person\/2b1cf3cd81a31e3cd26889ca66d677f1\",\"name\":\"cfeditorfr\"}]}<\/script>\n<!-- \/ Yoast SEO Premium plugin. -->","yoast_head_json":{"title":"l\u2019AJEMADEC \u00e9difie les leaders communautaires sur les discours de haine et le processus d\u00e9mocratique local - centrafricaine","description":"Dans l\u2019objectif d\u2019informer les communaut\u00e9s \u00e0 \u00e9viter des propos haineux, l\u2019Association Jeunesse en Marche pour le D\u00e9velop ...","robots":{"index":"index","follow":"follow","max-snippet":"max-snippet:-1","max-image-preview":"max-image-preview:large","max-video-preview":"max-video-preview:-1"},"canonical":"https:\/\/www.africa-press.net\/centrafricaine\/toutes-les-actualites\/lajemadec-edifie-les-leaders-communautaires-sur-les-discours-de-haine-et-le-processus-democratique-local","og_locale":"fr_FR","og_type":"article","og_title":"l\u2019AJEMADEC \u00e9difie les leaders communautaires sur les discours de haine et le processus d\u00e9mocratique local","og_description":"Dans l\u2019objectif d\u2019informer les communaut\u00e9s \u00e0 \u00e9viter des propos haineux, l\u2019Association Jeunesse en Marche pour le D\u00e9velop ...","og_url":"https:\/\/www.africa-press.net\/centrafricaine\/toutes-les-actualites\/lajemadec-edifie-les-leaders-communautaires-sur-les-discours-de-haine-et-le-processus-democratique-local","og_site_name":"centrafricaine","article_published_time":"2022-09-13T17:33:33+00:00","article_modified_time":"2022-09-13T18:57:00+00:00","og_image":[{"width":716,"height":333,"url":"https:\/\/static.africa-press.net\/centrafricaine\/sites\/45\/2022\/09\/postQueueImg_3-6320d262f1242.jpg","type":"image\/jpeg"}],"author":"cfeditorfr","twitter_card":"summary_large_image","twitter_misc":{"\u00c9crit par":"cfeditorfr","Dur\u00e9e de lecture estim\u00e9e":"2 minutes"},"schema":{"@context":"https:\/\/schema.org","@graph":[{"@type":"Article","@id":"https:\/\/www.africa-press.net\/centrafricaine\/toutes-les-actualites\/lajemadec-edifie-les-leaders-communautaires-sur-les-discours-de-haine-et-le-processus-democratique-local#article","isPartOf":{"@id":"https:\/\/www.africa-press.net\/centrafricaine\/toutes-les-actualites\/lajemadec-edifie-les-leaders-communautaires-sur-les-discours-de-haine-et-le-processus-democratique-local"},"author":{"name":"cfeditorfr","@id":"https:\/\/www.africa-press.net\/centrafricaine\/#\/schema\/person\/2b1cf3cd81a31e3cd26889ca66d677f1"},"headline":"l\u2019AJEMADEC \u00e9difie les leaders communautaires sur les discours de haine et le processus d\u00e9mocratique local","datePublished":"2022-09-13T17:33:33+00:00","dateModified":"2022-09-13T18:57:00+00:00","mainEntityOfPage":{"@id":"https:\/\/www.africa-press.net\/centrafricaine\/toutes-les-actualites\/lajemadec-edifie-les-leaders-communautaires-sur-les-discours-de-haine-et-le-processus-democratique-local"},"wordCount":343,"commentCount":0,"image":{"@id":"https:\/\/www.africa-press.net\/centrafricaine\/toutes-les-actualites\/lajemadec-edifie-les-leaders-communautaires-sur-les-discours-de-haine-et-le-processus-democratique-local#primaryimage"},"thumbnailUrl":"https:\/\/static.africa-press.net\/centrafricaine\/sites\/45\/2022\/09\/postQueueImg_3-6320d262f1242.jpg","keywords":["Africa Press","Africa Press-CentrAfricaine","AJEMADEC","CentrAfricaine","d\u00e9veloppement local","discours de haine","leaders communautaires","processus"],"articleSection":["Communaut\u00e9","homepage-french","Toutes les actualit\u00e9s"],"inLanguage":"fr-FR","potentialAction":[{"@type":"CommentAction","name":"Comment","target":["https:\/\/www.africa-press.net\/centrafricaine\/toutes-les-actualites\/lajemadec-edifie-les-leaders-communautaires-sur-les-discours-de-haine-et-le-processus-democratique-local#respond"]}]},{"@type":"WebPage","@id":"https:\/\/www.africa-press.net\/centrafricaine\/toutes-les-actualites\/lajemadec-edifie-les-leaders-communautaires-sur-les-discours-de-haine-et-le-processus-democratique-local","url":"https:\/\/www.africa-press.net\/centrafricaine\/toutes-les-actualites\/lajemadec-edifie-les-leaders-communautaires-sur-les-discours-de-haine-et-le-processus-democratique-local","name":"l\u2019AJEMADEC \u00e9difie les leaders communautaires sur les discours de haine et le processus d\u00e9mocratique local - centrafricaine","isPartOf":{"@id":"https:\/\/www.africa-press.net\/centrafricaine\/#website"},"primaryImageOfPage":{"@id":"https:\/\/www.africa-press.net\/centrafricaine\/toutes-les-actualites\/lajemadec-edifie-les-leaders-communautaires-sur-les-discours-de-haine-et-le-processus-democratique-local#primaryimage"},"image":{"@id":"https:\/\/www.africa-press.net\/centrafricaine\/toutes-les-actualites\/lajemadec-edifie-les-leaders-communautaires-sur-les-discours-de-haine-et-le-processus-democratique-local#primaryimage"},"thumbnailUrl":"https:\/\/static.africa-press.net\/centrafricaine\/sites\/45\/2022\/09\/postQueueImg_3-6320d262f1242.jpg","datePublished":"2022-09-13T17:33:33+00:00","dateModified":"2022-09-13T18:57:00+00:00","author":{"@id":"https:\/\/www.africa-press.net\/centrafricaine\/#\/schema\/person\/2b1cf3cd81a31e3cd26889ca66d677f1"},"description":"Dans l\u2019objectif d\u2019informer les communaut\u00e9s \u00e0 \u00e9viter des propos haineux, l\u2019Association Jeunesse en Marche pour le D\u00e9velop ...","breadcrumb":{"@id":"https:\/\/www.africa-press.net\/centrafricaine\/toutes-les-actualites\/lajemadec-edifie-les-leaders-communautaires-sur-les-discours-de-haine-et-le-processus-democratique-local#breadcrumb"},"inLanguage":"fr-FR","potentialAction":[{"@type":"ReadAction","target":["https:\/\/www.africa-press.net\/centrafricaine\/toutes-les-actualites\/lajemadec-edifie-les-leaders-communautaires-sur-les-discours-de-haine-et-le-processus-democratique-local"]}]},{"@type":"ImageObject","inLanguage":"fr-FR","@id":"https:\/\/www.africa-press.net\/centrafricaine\/toutes-les-actualites\/lajemadec-edifie-les-leaders-communautaires-sur-les-discours-de-haine-et-le-processus-democratique-local#primaryimage","url":"https:\/\/static.africa-press.net\/centrafricaine\/sites\/45\/2022\/09\/postQueueImg_3-6320d262f1242.jpg","contentUrl":"https:\/\/static.africa-press.net\/centrafricaine\/sites\/45\/2022\/09\/postQueueImg_3-6320d262f1242.jpg","width":716,"height":333,"caption":"l\u2019AJEMADEC \u00e9difie les leaders communautaires sur les discours de haine et le processus d\u00e9mocratique local"},{"@type":"BreadcrumbList","@id":"https:\/\/www.africa-press.net\/centrafricaine\/toutes-les-actualites\/lajemadec-edifie-les-leaders-communautaires-sur-les-discours-de-haine-et-le-processus-democratique-local#breadcrumb","itemListElement":[{"@type":"ListItem","position":1,"name":"Accueil","item":"https:\/\/www.africa-press.net\/centrafricaine\/"},{"@type":"ListItem","position":2,"name":"l\u2019AJEMADEC \u00e9difie les leaders communautaires sur les discours de haine et le processus d\u00e9mocratique local"}]},{"@type":"WebSite","@id":"https:\/\/www.africa-press.net\/centrafricaine\/#website","url":"https:\/\/www.africa-press.net\/centrafricaine\/","name":"centrafricaine","description":"Just another Africa News Agency Sites site","potentialAction":[{"@type":"SearchAction","target":{"@type":"EntryPoint","urlTemplate":"https:\/\/www.africa-press.net\/centrafricaine\/?s={search_term_string}"},"query-input":{"@type":"PropertyValueSpecification","valueRequired":true,"valueName":"search_term_string"}}],"inLanguage":"fr-FR"},{"@type":"Person","@id":"https:\/\/www.africa-press.net\/centrafricaine\/#\/schema\/person\/2b1cf3cd81a31e3cd26889ca66d677f1","name":"cfeditorfr"}]}},"_links":{"self":[{"href":"https:\/\/www.africa-press.net\/centrafricaine\/wp-json\/wp\/v2\/posts\/28747","targetHints":{"allow":["GET"]}}],"collection":[{"href":"https:\/\/www.africa-press.net\/centrafricaine\/wp-json\/wp\/v2\/posts"}],"about":[{"href":"https:\/\/www.africa-press.net\/centrafricaine\/wp-json\/wp\/v2\/types\/post"}],"author":[{"embeddable":true,"href":"https:\/\/www.africa-press.net\/centrafricaine\/wp-json\/wp\/v2\/users\/82"}],"replies":[{"embeddable":true,"href":"https:\/\/www.africa-press.net\/centrafricaine\/wp-json\/wp\/v2\/comments?post=28747"}],"version-history":[{"count":0,"href":"https:\/\/www.africa-press.net\/centrafricaine\/wp-json\/wp\/v2\/posts\/28747\/revisions"}],"wp:featuredmedia":[{"embeddable":true,"href":"https:\/\/www.africa-press.net\/centrafricaine\/wp-json\/wp\/v2\/media\/28746"}],"wp:attachment":[{"href":"https:\/\/www.africa-press.net\/centrafricaine\/wp-json\/wp\/v2\/media?parent=28747"}],"wp:term":[{"taxonomy":"category","embeddable":true,"href":"https:\/\/www.africa-press.net\/centrafricaine\/wp-json\/wp\/v2\/categories?post=28747"},{"taxonomy":"post_tag","embeddable":true,"href":"https:\/\/www.africa-press.net\/centrafricaine\/wp-json\/wp\/v2\/tags?post=28747"}],"curies":[{"name":"wp","href":"https:\/\/api.w.org\/{rel}","templated":true}]}}