{"id":29661,"date":"2022-10-04T16:15:52","date_gmt":"2022-10-04T16:15:52","guid":{"rendered":"https:\/\/www.africa-press.net\/centrafricaine\/politique\/le-madr-entend-promouvoir-lentreprenariat-agricole-a-travers-la-chambre-dagriculture"},"modified":"2022-10-04T16:42:26","modified_gmt":"2022-10-04T16:42:26","slug":"le-madr-entend-promouvoir-lentreprenariat-agricole-a-travers-la-chambre-dagriculture","status":"publish","type":"post","link":"https:\/\/www.africa-press.net\/centrafricaine\/economie\/le-madr-entend-promouvoir-lentreprenariat-agricole-a-travers-la-chambre-dagriculture","title":{"rendered":"le MADR entend promouvoir l\u2019entreprenariat agricole \u00e0 travers la chambre d\u2019Agriculture"},"content":{"rendered":"<p><span style=\"color: #ff6600\"><strong>Africa-Press &#8211; CentrAfricaine. <\/strong><\/span>Le Minist\u00e8re de l\u2019Agriculture et du D\u00e9veloppement Rural a annonc\u00e9 le <b>vendredi 30 septembre 2022, <\/b>la mise en place de la feuille de route permettant \u00e0 cette institution de booster l\u2019entreprenariat agricole et aussi de combler un vide juridique chez les soci\u00e9t\u00e9s coop\u00e9ratives. Cette assise qui a r\u00e9uni plusieurs cadres et personnalit\u00e9s a eu lieu dans la salle de conf\u00e9rence dudit minist\u00e8re et pr\u00e9sid\u00e9e par le Ministre de tutelle Mathieu Eric Rokoss\u00e9-Kamot.<\/p>\n<p>Le secteur de l\u2019entreprenariat agricole reste un domaine encore fragile et qui m\u00e9rite d\u2019\u00eatre booster davantage. Apr\u00e8s les nombreux constats faits dans les milieux ruraux, les autorit\u00e9s comp\u00e9tentes sur rapport du ministre de tutelle ont jug\u00e9 mieux cr\u00e9er une Chambre d\u2019Agriculture et du Tourisme et un Registre des Soci\u00e9t\u00e9s Coop\u00e9ratives par l\u2019acte uniforme de l\u2019OHADA, permettant aux exploitants forestiers et agricoles d\u2019avoir une personnalit\u00e9 juridique.<\/p>\n<p>C\u2019est dans ce contexte que le d\u00e9partement de l\u2019Agriculture et du D\u00e9veloppement Rural, a dress\u00e9 une feuille de route pour encadrer les structures agricoles sur divers accompagnements notamment: Combler le vide juridique, cr\u00e9ation des sources de revenus \u00e0 travers des diverses prestations telles que les foires agricoles ; outiller ces soci\u00e9t\u00e9s coop\u00e9ratives, mais aussi de les aider \u00e0 dresser un plan d\u2019affaire afin de b\u00e9n\u00e9ficier des financements aupr\u00e8s des bailleurs financiers.<\/p>\n<p>La mise en place de ces deux institutions permet de booster davantage les secteurs agricole \u00e0 travers le renforcement des capacit\u00e9s de ses fili\u00e8res avicoles afin d\u2019augmenter la production nationale.<\/p>\n<p>\u00ab Le programme du gouvernement dans son 3\u00e8me pilier relatif au d\u00e9veloppement des infrastructures et des secteurs productifs en ce qui concerne le domaine agricole ambitionne d\u2019accro\u00eetre la production nationale \u00e0 travers les secteurs priv\u00e9s agricoles dynamiques et cr\u00e9ateurs d\u2019emplois au profit de la jeunesse et des femmes. Pour ce faire, l\u2019une des mesures est la cr\u00e9ation des entreprises agricoles collectives sous la forme des soci\u00e9t\u00e9s coop\u00e9ratives conforme aux dispositions de l\u2019acte uniforme des droits des soci\u00e9t\u00e9s coop\u00e9ratives \u00bb, a d\u00e9clar\u00e9 <b>Eric Rokoss\u00e9-Kamot<\/b>, ministre de l\u2019Agriculture et du D\u00e9veloppement Rural.<\/p>\n<p>La loi num\u00e9ro 2206 du 20 mai 2022, portant cr\u00e9ation de la Chambre d\u2019Agriculture et du Tourisme ainsi que le d\u00e9cret num\u00e9ro 22369 du septembre de l\u2019ann\u00e9e en cours portant cr\u00e9ation du Registre des Soci\u00e9t\u00e9s Coop\u00e9ratives en R\u00e9publique Centrafricaine, sont les deux textes qui marquent une \u00e9tape importante dans le processus de la transformation de l\u2019agriculture nationale.<\/p>\n<p><strong>Pour plus d&rsquo;informations et d&rsquo;analyses sur la <a href=\"https:\/\/www.africa-press.net\/centrafricaine\">CentrAfricaine<\/a>, suivez <a href=\"https:\/\/www.africa-press.net\/\">Africa-Press<\/a><\/strong><\/p>\n","protected":false},"excerpt":{"rendered":"<p>Africa-Press &#8211; CentrAfricaine. Le Minist\u00e8re de l\u2019Agriculture et du D\u00e9veloppement Rural a annonc\u00e9 le vendredi 30 septembre 2022, la mise en place de la feuille de route permettant \u00e0 cette institution de booster l\u2019entreprenariat agricole et aussi de combler un vide juridique chez les soci\u00e9t\u00e9s coop\u00e9ratives. Cette assise qui a r\u00e9uni plusieurs cadres et personnalit\u00e9s [&hellip;]<\/p>\n","protected":false},"author":82,"featured_media":29660,"comment_status":"open","ping_status":"closed","sticky":false,"template":"","format":"standard","meta":{"footnotes":""},"categories":[3,11,10],"tags":[36,58,1601,30,41,3094,2478],"class_list":["post-29661","post","type-post","status-publish","format-standard","has-post-thumbnail","hentry","category-economie","category-homepage-french","category-toutes-les-actualites","tag-africa-press","tag-africa-press-centrafricaine","tag-agriculture","tag-centrafricaine","tag-centrafrique","tag-chambre-agriculture","tag-entreprenariat"],"yoast_head":"<!-- This site is optimized with the Yoast SEO Premium plugin v26.1 (Yoast SEO v27.0) - https:\/\/yoast.com\/product\/yoast-seo-premium-wordpress\/ -->\n<title>le MADR entend promouvoir l\u2019entreprenariat agricole \u00e0 travers la chambre d\u2019Agriculture - centrafricaine<\/title>\n<meta name=\"description\" content=\"Le Minist\u00e8re de l\u2019Agriculture et du D\u00e9veloppement Rural a annonc\u00e9 le vendredi 30 septembre 2022, la mise en place ...\" \/>\n<meta name=\"robots\" content=\"index, follow, max-snippet:-1, max-image-preview:large, max-video-preview:-1\" \/>\n<link rel=\"canonical\" href=\"https:\/\/www.africa-press.net\/centrafricaine\/economie\/le-madr-entend-promouvoir-lentreprenariat-agricole-a-travers-la-chambre-dagriculture\" \/>\n<meta property=\"og:locale\" content=\"fr_FR\" \/>\n<meta property=\"og:type\" content=\"article\" \/>\n<meta property=\"og:title\" content=\"le MADR entend promouvoir l\u2019entreprenariat agricole \u00e0 travers la chambre d\u2019Agriculture\" \/>\n<meta property=\"og:description\" content=\"Le Minist\u00e8re de l\u2019Agriculture et du D\u00e9veloppement Rural a annonc\u00e9 le vendredi 30 septembre 2022, la mise en place ...\" \/>\n<meta property=\"og:url\" content=\"https:\/\/www.africa-press.net\/centrafricaine\/economie\/le-madr-entend-promouvoir-lentreprenariat-agricole-a-travers-la-chambre-dagriculture\" \/>\n<meta property=\"og:site_name\" content=\"centrafricaine\" \/>\n<meta property=\"article:published_time\" content=\"2022-10-04T16:15:52+00:00\" \/>\n<meta property=\"article:modified_time\" content=\"2022-10-04T16:42:26+00:00\" \/>\n<meta property=\"og:image\" content=\"https:\/\/static.africa-press.net\/centrafricaine\/sites\/45\/2022\/10\/postQueueImg_45.jpg\" \/>\n\t<meta property=\"og:image:width\" content=\"714\" \/>\n\t<meta property=\"og:image:height\" content=\"329\" \/>\n\t<meta property=\"og:image:type\" content=\"image\/jpeg\" \/>\n<meta name=\"author\" content=\"cfeditorfr\" \/>\n<meta name=\"twitter:card\" content=\"summary_large_image\" \/>\n<meta name=\"twitter:label1\" content=\"\u00c9crit par\" \/>\n\t<meta name=\"twitter:data1\" content=\"cfeditorfr\" \/>\n\t<meta name=\"twitter:label2\" content=\"Dur\u00e9e de lecture estim\u00e9e\" \/>\n\t<meta name=\"twitter:data2\" content=\"3 minutes\" \/>\n<script type=\"application\/ld+json\" class=\"yoast-schema-graph\">{\"@context\":\"https:\/\/schema.org\",\"@graph\":[{\"@type\":\"Article\",\"@id\":\"https:\/\/www.africa-press.net\/centrafricaine\/economie\/le-madr-entend-promouvoir-lentreprenariat-agricole-a-travers-la-chambre-dagriculture#article\",\"isPartOf\":{\"@id\":\"https:\/\/www.africa-press.net\/centrafricaine\/economie\/le-madr-entend-promouvoir-lentreprenariat-agricole-a-travers-la-chambre-dagriculture\"},\"author\":{\"name\":\"cfeditorfr\",\"@id\":\"https:\/\/www.africa-press.net\/centrafricaine\/#\/schema\/person\/2b1cf3cd81a31e3cd26889ca66d677f1\"},\"headline\":\"le MADR entend promouvoir l\u2019entreprenariat agricole \u00e0 travers la chambre d\u2019Agriculture\",\"datePublished\":\"2022-10-04T16:15:52+00:00\",\"dateModified\":\"2022-10-04T16:42:26+00:00\",\"mainEntityOfPage\":{\"@id\":\"https:\/\/www.africa-press.net\/centrafricaine\/economie\/le-madr-entend-promouvoir-lentreprenariat-agricole-a-travers-la-chambre-dagriculture\"},\"wordCount\":473,\"commentCount\":0,\"image\":{\"@id\":\"https:\/\/www.africa-press.net\/centrafricaine\/economie\/le-madr-entend-promouvoir-lentreprenariat-agricole-a-travers-la-chambre-dagriculture#primaryimage\"},\"thumbnailUrl\":\"https:\/\/static.africa-press.net\/centrafricaine\/sites\/45\/2022\/10\/postQueueImg_45.jpg\",\"keywords\":[\"Africa Press\",\"Africa Press-CentrAfricaine\",\"Agriculture\",\"CentrAfricaine\",\"Centrafrique\",\"Chambre agriculture\",\"entreprenariat\"],\"articleSection\":[\"\u00c9conomie\",\"homepage-french\",\"Toutes les actualit\u00e9s\"],\"inLanguage\":\"fr-FR\",\"potentialAction\":[{\"@type\":\"CommentAction\",\"name\":\"Comment\",\"target\":[\"https:\/\/www.africa-press.net\/centrafricaine\/economie\/le-madr-entend-promouvoir-lentreprenariat-agricole-a-travers-la-chambre-dagriculture#respond\"]}]},{\"@type\":\"WebPage\",\"@id\":\"https:\/\/www.africa-press.net\/centrafricaine\/economie\/le-madr-entend-promouvoir-lentreprenariat-agricole-a-travers-la-chambre-dagriculture\",\"url\":\"https:\/\/www.africa-press.net\/centrafricaine\/economie\/le-madr-entend-promouvoir-lentreprenariat-agricole-a-travers-la-chambre-dagriculture\",\"name\":\"le MADR entend promouvoir l\u2019entreprenariat agricole \u00e0 travers la chambre d\u2019Agriculture - centrafricaine\",\"isPartOf\":{\"@id\":\"https:\/\/www.africa-press.net\/centrafricaine\/#website\"},\"primaryImageOfPage\":{\"@id\":\"https:\/\/www.africa-press.net\/centrafricaine\/economie\/le-madr-entend-promouvoir-lentreprenariat-agricole-a-travers-la-chambre-dagriculture#primaryimage\"},\"image\":{\"@id\":\"https:\/\/www.africa-press.net\/centrafricaine\/economie\/le-madr-entend-promouvoir-lentreprenariat-agricole-a-travers-la-chambre-dagriculture#primaryimage\"},\"thumbnailUrl\":\"https:\/\/static.africa-press.net\/centrafricaine\/sites\/45\/2022\/10\/postQueueImg_45.jpg\",\"datePublished\":\"2022-10-04T16:15:52+00:00\",\"dateModified\":\"2022-10-04T16:42:26+00:00\",\"author\":{\"@id\":\"https:\/\/www.africa-press.net\/centrafricaine\/#\/schema\/person\/2b1cf3cd81a31e3cd26889ca66d677f1\"},\"description\":\"Le Minist\u00e8re de l\u2019Agriculture et du D\u00e9veloppement Rural a annonc\u00e9 le vendredi 30 septembre 2022, la mise en place ...\",\"breadcrumb\":{\"@id\":\"https:\/\/www.africa-press.net\/centrafricaine\/economie\/le-madr-entend-promouvoir-lentreprenariat-agricole-a-travers-la-chambre-dagriculture#breadcrumb\"},\"inLanguage\":\"fr-FR\",\"potentialAction\":[{\"@type\":\"ReadAction\",\"target\":[\"https:\/\/www.africa-press.net\/centrafricaine\/economie\/le-madr-entend-promouvoir-lentreprenariat-agricole-a-travers-la-chambre-dagriculture\"]}]},{\"@type\":\"ImageObject\",\"inLanguage\":\"fr-FR\",\"@id\":\"https:\/\/www.africa-press.net\/centrafricaine\/economie\/le-madr-entend-promouvoir-lentreprenariat-agricole-a-travers-la-chambre-dagriculture#primaryimage\",\"url\":\"https:\/\/static.africa-press.net\/centrafricaine\/sites\/45\/2022\/10\/postQueueImg_45.jpg\",\"contentUrl\":\"https:\/\/static.africa-press.net\/centrafricaine\/sites\/45\/2022\/10\/postQueueImg_45.jpg\",\"width\":714,\"height\":329,\"caption\":\"le MADR entend promouvoir l\u2019entreprenariat agricole \u00e0 travers la chambre d\u2019Agriculture\"},{\"@type\":\"BreadcrumbList\",\"@id\":\"https:\/\/www.africa-press.net\/centrafricaine\/economie\/le-madr-entend-promouvoir-lentreprenariat-agricole-a-travers-la-chambre-dagriculture#breadcrumb\",\"itemListElement\":[{\"@type\":\"ListItem\",\"position\":1,\"name\":\"Accueil\",\"item\":\"https:\/\/www.africa-press.net\/centrafricaine\/\"},{\"@type\":\"ListItem\",\"position\":2,\"name\":\"le MADR entend promouvoir l\u2019entreprenariat agricole \u00e0 travers la chambre d\u2019Agriculture\"}]},{\"@type\":\"WebSite\",\"@id\":\"https:\/\/www.africa-press.net\/centrafricaine\/#website\",\"url\":\"https:\/\/www.africa-press.net\/centrafricaine\/\",\"name\":\"centrafricaine\",\"description\":\"Just another Africa News Agency Sites site\",\"potentialAction\":[{\"@type\":\"SearchAction\",\"target\":{\"@type\":\"EntryPoint\",\"urlTemplate\":\"https:\/\/www.africa-press.net\/centrafricaine\/?s={search_term_string}\"},\"query-input\":{\"@type\":\"PropertyValueSpecification\",\"valueRequired\":true,\"valueName\":\"search_term_string\"}}],\"inLanguage\":\"fr-FR\"},{\"@type\":\"Person\",\"@id\":\"https:\/\/www.africa-press.net\/centrafricaine\/#\/schema\/person\/2b1cf3cd81a31e3cd26889ca66d677f1\",\"name\":\"cfeditorfr\"}]}<\/script>\n<!-- \/ Yoast SEO Premium plugin. -->","yoast_head_json":{"title":"le MADR entend promouvoir l\u2019entreprenariat agricole \u00e0 travers la chambre d\u2019Agriculture - centrafricaine","description":"Le Minist\u00e8re de l\u2019Agriculture et du D\u00e9veloppement Rural a annonc\u00e9 le vendredi 30 septembre 2022, la mise en place ...","robots":{"index":"index","follow":"follow","max-snippet":"max-snippet:-1","max-image-preview":"max-image-preview:large","max-video-preview":"max-video-preview:-1"},"canonical":"https:\/\/www.africa-press.net\/centrafricaine\/economie\/le-madr-entend-promouvoir-lentreprenariat-agricole-a-travers-la-chambre-dagriculture","og_locale":"fr_FR","og_type":"article","og_title":"le MADR entend promouvoir l\u2019entreprenariat agricole \u00e0 travers la chambre d\u2019Agriculture","og_description":"Le Minist\u00e8re de l\u2019Agriculture et du D\u00e9veloppement Rural a annonc\u00e9 le vendredi 30 septembre 2022, la mise en place ...","og_url":"https:\/\/www.africa-press.net\/centrafricaine\/economie\/le-madr-entend-promouvoir-lentreprenariat-agricole-a-travers-la-chambre-dagriculture","og_site_name":"centrafricaine","article_published_time":"2022-10-04T16:15:52+00:00","article_modified_time":"2022-10-04T16:42:26+00:00","og_image":[{"width":714,"height":329,"url":"https:\/\/static.africa-press.net\/centrafricaine\/sites\/45\/2022\/10\/postQueueImg_45.jpg","type":"image\/jpeg"}],"author":"cfeditorfr","twitter_card":"summary_large_image","twitter_misc":{"\u00c9crit par":"cfeditorfr","Dur\u00e9e de lecture estim\u00e9e":"3 minutes"},"schema":{"@context":"https:\/\/schema.org","@graph":[{"@type":"Article","@id":"https:\/\/www.africa-press.net\/centrafricaine\/economie\/le-madr-entend-promouvoir-lentreprenariat-agricole-a-travers-la-chambre-dagriculture#article","isPartOf":{"@id":"https:\/\/www.africa-press.net\/centrafricaine\/economie\/le-madr-entend-promouvoir-lentreprenariat-agricole-a-travers-la-chambre-dagriculture"},"author":{"name":"cfeditorfr","@id":"https:\/\/www.africa-press.net\/centrafricaine\/#\/schema\/person\/2b1cf3cd81a31e3cd26889ca66d677f1"},"headline":"le MADR entend promouvoir l\u2019entreprenariat agricole \u00e0 travers la chambre d\u2019Agriculture","datePublished":"2022-10-04T16:15:52+00:00","dateModified":"2022-10-04T16:42:26+00:00","mainEntityOfPage":{"@id":"https:\/\/www.africa-press.net\/centrafricaine\/economie\/le-madr-entend-promouvoir-lentreprenariat-agricole-a-travers-la-chambre-dagriculture"},"wordCount":473,"commentCount":0,"image":{"@id":"https:\/\/www.africa-press.net\/centrafricaine\/economie\/le-madr-entend-promouvoir-lentreprenariat-agricole-a-travers-la-chambre-dagriculture#primaryimage"},"thumbnailUrl":"https:\/\/static.africa-press.net\/centrafricaine\/sites\/45\/2022\/10\/postQueueImg_45.jpg","keywords":["Africa Press","Africa Press-CentrAfricaine","Agriculture","CentrAfricaine","Centrafrique","Chambre agriculture","entreprenariat"],"articleSection":["\u00c9conomie","homepage-french","Toutes les actualit\u00e9s"],"inLanguage":"fr-FR","potentialAction":[{"@type":"CommentAction","name":"Comment","target":["https:\/\/www.africa-press.net\/centrafricaine\/economie\/le-madr-entend-promouvoir-lentreprenariat-agricole-a-travers-la-chambre-dagriculture#respond"]}]},{"@type":"WebPage","@id":"https:\/\/www.africa-press.net\/centrafricaine\/economie\/le-madr-entend-promouvoir-lentreprenariat-agricole-a-travers-la-chambre-dagriculture","url":"https:\/\/www.africa-press.net\/centrafricaine\/economie\/le-madr-entend-promouvoir-lentreprenariat-agricole-a-travers-la-chambre-dagriculture","name":"le MADR entend promouvoir l\u2019entreprenariat agricole \u00e0 travers la chambre d\u2019Agriculture - centrafricaine","isPartOf":{"@id":"https:\/\/www.africa-press.net\/centrafricaine\/#website"},"primaryImageOfPage":{"@id":"https:\/\/www.africa-press.net\/centrafricaine\/economie\/le-madr-entend-promouvoir-lentreprenariat-agricole-a-travers-la-chambre-dagriculture#primaryimage"},"image":{"@id":"https:\/\/www.africa-press.net\/centrafricaine\/economie\/le-madr-entend-promouvoir-lentreprenariat-agricole-a-travers-la-chambre-dagriculture#primaryimage"},"thumbnailUrl":"https:\/\/static.africa-press.net\/centrafricaine\/sites\/45\/2022\/10\/postQueueImg_45.jpg","datePublished":"2022-10-04T16:15:52+00:00","dateModified":"2022-10-04T16:42:26+00:00","author":{"@id":"https:\/\/www.africa-press.net\/centrafricaine\/#\/schema\/person\/2b1cf3cd81a31e3cd26889ca66d677f1"},"description":"Le Minist\u00e8re de l\u2019Agriculture et du D\u00e9veloppement Rural a annonc\u00e9 le vendredi 30 septembre 2022, la mise en place ...","breadcrumb":{"@id":"https:\/\/www.africa-press.net\/centrafricaine\/economie\/le-madr-entend-promouvoir-lentreprenariat-agricole-a-travers-la-chambre-dagriculture#breadcrumb"},"inLanguage":"fr-FR","potentialAction":[{"@type":"ReadAction","target":["https:\/\/www.africa-press.net\/centrafricaine\/economie\/le-madr-entend-promouvoir-lentreprenariat-agricole-a-travers-la-chambre-dagriculture"]}]},{"@type":"ImageObject","inLanguage":"fr-FR","@id":"https:\/\/www.africa-press.net\/centrafricaine\/economie\/le-madr-entend-promouvoir-lentreprenariat-agricole-a-travers-la-chambre-dagriculture#primaryimage","url":"https:\/\/static.africa-press.net\/centrafricaine\/sites\/45\/2022\/10\/postQueueImg_45.jpg","contentUrl":"https:\/\/static.africa-press.net\/centrafricaine\/sites\/45\/2022\/10\/postQueueImg_45.jpg","width":714,"height":329,"caption":"le MADR entend promouvoir l\u2019entreprenariat agricole \u00e0 travers la chambre d\u2019Agriculture"},{"@type":"BreadcrumbList","@id":"https:\/\/www.africa-press.net\/centrafricaine\/economie\/le-madr-entend-promouvoir-lentreprenariat-agricole-a-travers-la-chambre-dagriculture#breadcrumb","itemListElement":[{"@type":"ListItem","position":1,"name":"Accueil","item":"https:\/\/www.africa-press.net\/centrafricaine\/"},{"@type":"ListItem","position":2,"name":"le MADR entend promouvoir l\u2019entreprenariat agricole \u00e0 travers la chambre d\u2019Agriculture"}]},{"@type":"WebSite","@id":"https:\/\/www.africa-press.net\/centrafricaine\/#website","url":"https:\/\/www.africa-press.net\/centrafricaine\/","name":"centrafricaine","description":"Just another Africa News Agency Sites site","potentialAction":[{"@type":"SearchAction","target":{"@type":"EntryPoint","urlTemplate":"https:\/\/www.africa-press.net\/centrafricaine\/?s={search_term_string}"},"query-input":{"@type":"PropertyValueSpecification","valueRequired":true,"valueName":"search_term_string"}}],"inLanguage":"fr-FR"},{"@type":"Person","@id":"https:\/\/www.africa-press.net\/centrafricaine\/#\/schema\/person\/2b1cf3cd81a31e3cd26889ca66d677f1","name":"cfeditorfr"}]}},"_links":{"self":[{"href":"https:\/\/www.africa-press.net\/centrafricaine\/wp-json\/wp\/v2\/posts\/29661","targetHints":{"allow":["GET"]}}],"collection":[{"href":"https:\/\/www.africa-press.net\/centrafricaine\/wp-json\/wp\/v2\/posts"}],"about":[{"href":"https:\/\/www.africa-press.net\/centrafricaine\/wp-json\/wp\/v2\/types\/post"}],"author":[{"embeddable":true,"href":"https:\/\/www.africa-press.net\/centrafricaine\/wp-json\/wp\/v2\/users\/82"}],"replies":[{"embeddable":true,"href":"https:\/\/www.africa-press.net\/centrafricaine\/wp-json\/wp\/v2\/comments?post=29661"}],"version-history":[{"count":0,"href":"https:\/\/www.africa-press.net\/centrafricaine\/wp-json\/wp\/v2\/posts\/29661\/revisions"}],"wp:featuredmedia":[{"embeddable":true,"href":"https:\/\/www.africa-press.net\/centrafricaine\/wp-json\/wp\/v2\/media\/29660"}],"wp:attachment":[{"href":"https:\/\/www.africa-press.net\/centrafricaine\/wp-json\/wp\/v2\/media?parent=29661"}],"wp:term":[{"taxonomy":"category","embeddable":true,"href":"https:\/\/www.africa-press.net\/centrafricaine\/wp-json\/wp\/v2\/categories?post=29661"},{"taxonomy":"post_tag","embeddable":true,"href":"https:\/\/www.africa-press.net\/centrafricaine\/wp-json\/wp\/v2\/tags?post=29661"}],"curies":[{"name":"wp","href":"https:\/\/api.w.org\/{rel}","templated":true}]}}