{"id":29725,"date":"2022-10-06T09:28:00","date_gmt":"2022-10-06T09:28:00","guid":{"rendered":"https:\/\/www.africa-press.net\/centrafricaine\/politique\/simplice-mathieu-sarandji-appelle-a-lunite-et-au-respect-des-decisions-de-la-cour-constitutionnelle"},"modified":"2022-10-06T09:34:55","modified_gmt":"2022-10-06T09:34:55","slug":"simplice-mathieu-sarandji-appelle-a-lunite-et-au-respect-des-decisions-de-la-cour-constitutionnelle","status":"publish","type":"post","link":"https:\/\/www.africa-press.net\/centrafricaine\/politique\/simplice-mathieu-sarandji-appelle-a-lunite-et-au-respect-des-decisions-de-la-cour-constitutionnelle","title":{"rendered":"Simplice Mathieu Sarandji appelle \u00e0 l\u2019unit\u00e9 et au respect des d\u00e9cisions de la Cour constitutionnelle"},"content":{"rendered":"<p><span style=\"color: #ff6600\"><strong>Africa-Press &#8211; CentrAfricaine. <\/strong><\/span><b>Ouverts le lundi 03 octobre 2022, les travaux de la 2\u00e8me session ordinaire de l\u2019Assembl\u00e9e nationale se poursuivent \u00e0 Bangui. Les d\u00e9put\u00e9s doivent, au cours de cet exercice parlementaire, examiner des projets de loi dont celui de la loi des finances 2023. Cependant, d\u00e8s l\u2019ouverture, le pr\u00e9sident de l\u2019Assembl\u00e9e nationale, Simplice Mathieu Sarandji, s\u2019est prononc\u00e9 sur la d\u00e9cision de la Cour constitutionnelle. Laquelle d\u00e9cision annule la d\u00e9marche de r\u00e9daction d\u2019une nouvelle constitution. <\/b><\/p>\n<p>Si le locataire du palais de la Renaissance ne s\u2019est pas encore officiellement prononc\u00e9 sur le verdict de la Cour constitutionnelle, qui a annul\u00e9 tous les actes qu\u2019il a pris pour \u00e9diter une nouvelle loi fondamentale, le num\u00e9ro 2 de la R\u00e9publique, lui, a coup\u00e9 court aux sp\u00e9culations. En sa qualit\u00e9 de pr\u00e9sident de la Repr\u00e9sentation nationale et secr\u00e9taire ex\u00e9cutif du parti au pouvoir, le Mouvement c\u0153urs unis, Simplice Mathieu Sarandji appelle au respect de la loi.<\/p>\n<p><b>\u00ab\u00a0Rappelant que l\u2019article 106 de la Constitution du 30 mars 2016 stipule : Les d\u00e9cisions de la Cour constitutionnelle ne sont susceptibles d\u2019aucun recours. Elles s\u2019imposent aux pouvoirs publics, \u00e0 toutes les autorit\u00e9s administratives et juridictionnelles, et \u00e0 toute personne physique ou morale. L\u2019atmosph\u00e8re qui \u00e9tait lourde hier, charg\u00e9e de risques d\u2019affrontement, est en passe de se d\u00e9tendre, \u00e0 la suite de la position du gouvernement qui prend acte de la d\u00e9cision\u00a0\u00bb <\/b>a affirm\u00e9 Simplice Mathieu Sarandji, pr\u00e9sident de l\u2019Assembl\u00e9e nationale.<\/p>\n<p><b>\u00ab Un peuple d\u00e9suni est un peuple sans r\u00e9el avenir \u00bb<\/b><\/p>\n<p>Face au climat encore tendu au sein de la classe politique, le chef du parlement centrafricain exhorte \u00e0 barrer la route \u00e0 la division qui, selon lui, pourrait porter un coup au tissu socio-\u00e9conomique du pays.<\/p>\n<p><b>\u00ab\u00a0J\u2019exhorte nos p\u00e8res et m\u00e8res, nos fr\u00e8res et s\u0153urs, nos cadres, nos jeunes ainsi que la population toute enti\u00e8re, \u00e0 observer le calme dans l\u2019unit\u00e9. Car un peuple d\u00e9suni est un peuple sans r\u00e9el avenir. Ce n\u2019est pas \u00e0 vous que je vais l\u2019apprendre, ce que la division nous a caus\u00e9. Le calme dans le travail, sans lequel le peuple ne pourra relever les d\u00e9fis du progr\u00e8s \u00e9conomique et social\u00a0\u00bb <\/b>a exhort\u00e9 Simplice Mathieu Sarandji.<\/p>\n<p>Cette 2\u00e8me session de l\u2019Assembl\u00e9e nationale dite session budg\u00e9taire se poursuit jusqu\u2019au 29 d\u00e9cembre prochain. Alors que les d\u00e9put\u00e9s sont appel\u00e9s \u00e0 examiner le budget de l\u2019ann\u00e9e prochaine, le gouvernement, lui, n\u2019a pas encore soumis \u00e0 leur appr\u00e9ciation le projet de ce budget.<\/p>\n<p><strong>Pour plus d&rsquo;informations et d&rsquo;analyses sur la <a href=\"https:\/\/www.africa-press.net\/centrafricaine\">CentrAfricaine<\/a>, suivez <a href=\"https:\/\/www.africa-press.net\/\">Africa-Press<\/a><\/strong><\/p>\n","protected":false},"excerpt":{"rendered":"<p>Africa-Press &#8211; CentrAfricaine. Ouverts le lundi 03 octobre 2022, les travaux de la 2\u00e8me session ordinaire de l\u2019Assembl\u00e9e nationale se poursuivent \u00e0 Bangui. Les d\u00e9put\u00e9s doivent, au cours de cet exercice parlementaire, examiner des projets de loi dont celui de la loi des finances 2023. Cependant, d\u00e8s l\u2019ouverture, le pr\u00e9sident de l\u2019Assembl\u00e9e nationale, Simplice Mathieu [&hellip;]<\/p>\n","protected":false},"author":82,"featured_media":29724,"comment_status":"open","ping_status":"closed","sticky":false,"template":"","format":"standard","meta":{"footnotes":""},"categories":[11,2,20,10],"tags":[36,58,30],"class_list":["post-29725","post","type-post","status-publish","format-standard","has-post-thumbnail","hentry","category-homepage-french","category-politique","category-top-nouvelles","category-toutes-les-actualites","tag-africa-press","tag-africa-press-centrafricaine","tag-centrafricaine"],"yoast_head":"<!-- This site is optimized with the Yoast SEO Premium plugin v26.1 (Yoast SEO v27.0) - https:\/\/yoast.com\/product\/yoast-seo-premium-wordpress\/ -->\n<title>Simplice Mathieu Sarandji appelle \u00e0 l\u2019unit\u00e9 et au respect des d\u00e9cisions de la Cour constitutionnelle - centrafricaine<\/title>\n<meta name=\"description\" content=\"Ouverts le lundi 03 octobre 2022, les travaux de la 2\u00e8me session ordinaire de l\u2019Assembl\u00e9e nationale se poursuivent \u00e0 ...\" \/>\n<meta name=\"robots\" content=\"index, follow, max-snippet:-1, max-image-preview:large, max-video-preview:-1\" \/>\n<link rel=\"canonical\" href=\"https:\/\/www.africa-press.net\/centrafricaine\/politique\/simplice-mathieu-sarandji-appelle-a-lunite-et-au-respect-des-decisions-de-la-cour-constitutionnelle\" \/>\n<meta property=\"og:locale\" content=\"fr_FR\" \/>\n<meta property=\"og:type\" content=\"article\" \/>\n<meta property=\"og:title\" content=\"Simplice Mathieu Sarandji appelle \u00e0 l\u2019unit\u00e9 et au respect des d\u00e9cisions de la Cour constitutionnelle\" \/>\n<meta property=\"og:description\" content=\"Ouverts le lundi 03 octobre 2022, les travaux de la 2\u00e8me session ordinaire de l\u2019Assembl\u00e9e nationale se poursuivent \u00e0 ...\" \/>\n<meta property=\"og:url\" content=\"https:\/\/www.africa-press.net\/centrafricaine\/politique\/simplice-mathieu-sarandji-appelle-a-lunite-et-au-respect-des-decisions-de-la-cour-constitutionnelle\" \/>\n<meta property=\"og:site_name\" content=\"centrafricaine\" \/>\n<meta property=\"article:published_time\" content=\"2022-10-06T09:28:00+00:00\" \/>\n<meta property=\"article:modified_time\" content=\"2022-10-06T09:34:55+00:00\" \/>\n<meta property=\"og:image\" content=\"https:\/\/static.africa-press.net\/centrafricaine\/sites\/45\/2022\/10\/postQueueImg_10-633ea12a58d1f.jpg\" \/>\n\t<meta property=\"og:image:width\" content=\"720\" \/>\n\t<meta property=\"og:image:height\" content=\"453\" \/>\n\t<meta property=\"og:image:type\" content=\"image\/jpeg\" \/>\n<meta name=\"author\" content=\"cfeditorfr\" \/>\n<meta name=\"twitter:card\" content=\"summary_large_image\" \/>\n<meta name=\"twitter:label1\" content=\"\u00c9crit par\" \/>\n\t<meta name=\"twitter:data1\" content=\"cfeditorfr\" \/>\n\t<meta name=\"twitter:label2\" content=\"Dur\u00e9e de lecture estim\u00e9e\" \/>\n\t<meta name=\"twitter:data2\" content=\"3 minutes\" \/>\n<script type=\"application\/ld+json\" class=\"yoast-schema-graph\">{\"@context\":\"https:\/\/schema.org\",\"@graph\":[{\"@type\":\"Article\",\"@id\":\"https:\/\/www.africa-press.net\/centrafricaine\/politique\/simplice-mathieu-sarandji-appelle-a-lunite-et-au-respect-des-decisions-de-la-cour-constitutionnelle#article\",\"isPartOf\":{\"@id\":\"https:\/\/www.africa-press.net\/centrafricaine\/politique\/simplice-mathieu-sarandji-appelle-a-lunite-et-au-respect-des-decisions-de-la-cour-constitutionnelle\"},\"author\":{\"name\":\"cfeditorfr\",\"@id\":\"https:\/\/www.africa-press.net\/centrafricaine\/#\/schema\/person\/2b1cf3cd81a31e3cd26889ca66d677f1\"},\"headline\":\"Simplice Mathieu Sarandji appelle \u00e0 l\u2019unit\u00e9 et au respect des d\u00e9cisions de la Cour constitutionnelle\",\"datePublished\":\"2022-10-06T09:28:00+00:00\",\"dateModified\":\"2022-10-06T09:34:55+00:00\",\"mainEntityOfPage\":{\"@id\":\"https:\/\/www.africa-press.net\/centrafricaine\/politique\/simplice-mathieu-sarandji-appelle-a-lunite-et-au-respect-des-decisions-de-la-cour-constitutionnelle\"},\"wordCount\":472,\"commentCount\":0,\"image\":{\"@id\":\"https:\/\/www.africa-press.net\/centrafricaine\/politique\/simplice-mathieu-sarandji-appelle-a-lunite-et-au-respect-des-decisions-de-la-cour-constitutionnelle#primaryimage\"},\"thumbnailUrl\":\"https:\/\/static.africa-press.net\/centrafricaine\/sites\/45\/2022\/10\/postQueueImg_10-633ea12a58d1f.jpg\",\"keywords\":[\"Africa Press\",\"Africa Press-CentrAfricaine\",\"CentrAfricaine\"],\"articleSection\":[\"homepage-french\",\"Politique\",\"Top Nouvelles\",\"Toutes les actualit\u00e9s\"],\"inLanguage\":\"fr-FR\",\"potentialAction\":[{\"@type\":\"CommentAction\",\"name\":\"Comment\",\"target\":[\"https:\/\/www.africa-press.net\/centrafricaine\/politique\/simplice-mathieu-sarandji-appelle-a-lunite-et-au-respect-des-decisions-de-la-cour-constitutionnelle#respond\"]}]},{\"@type\":\"WebPage\",\"@id\":\"https:\/\/www.africa-press.net\/centrafricaine\/politique\/simplice-mathieu-sarandji-appelle-a-lunite-et-au-respect-des-decisions-de-la-cour-constitutionnelle\",\"url\":\"https:\/\/www.africa-press.net\/centrafricaine\/politique\/simplice-mathieu-sarandji-appelle-a-lunite-et-au-respect-des-decisions-de-la-cour-constitutionnelle\",\"name\":\"Simplice Mathieu Sarandji appelle \u00e0 l\u2019unit\u00e9 et au respect des d\u00e9cisions de la Cour constitutionnelle - centrafricaine\",\"isPartOf\":{\"@id\":\"https:\/\/www.africa-press.net\/centrafricaine\/#website\"},\"primaryImageOfPage\":{\"@id\":\"https:\/\/www.africa-press.net\/centrafricaine\/politique\/simplice-mathieu-sarandji-appelle-a-lunite-et-au-respect-des-decisions-de-la-cour-constitutionnelle#primaryimage\"},\"image\":{\"@id\":\"https:\/\/www.africa-press.net\/centrafricaine\/politique\/simplice-mathieu-sarandji-appelle-a-lunite-et-au-respect-des-decisions-de-la-cour-constitutionnelle#primaryimage\"},\"thumbnailUrl\":\"https:\/\/static.africa-press.net\/centrafricaine\/sites\/45\/2022\/10\/postQueueImg_10-633ea12a58d1f.jpg\",\"datePublished\":\"2022-10-06T09:28:00+00:00\",\"dateModified\":\"2022-10-06T09:34:55+00:00\",\"author\":{\"@id\":\"https:\/\/www.africa-press.net\/centrafricaine\/#\/schema\/person\/2b1cf3cd81a31e3cd26889ca66d677f1\"},\"description\":\"Ouverts le lundi 03 octobre 2022, les travaux de la 2\u00e8me session ordinaire de l\u2019Assembl\u00e9e nationale se poursuivent \u00e0 ...\",\"breadcrumb\":{\"@id\":\"https:\/\/www.africa-press.net\/centrafricaine\/politique\/simplice-mathieu-sarandji-appelle-a-lunite-et-au-respect-des-decisions-de-la-cour-constitutionnelle#breadcrumb\"},\"inLanguage\":\"fr-FR\",\"potentialAction\":[{\"@type\":\"ReadAction\",\"target\":[\"https:\/\/www.africa-press.net\/centrafricaine\/politique\/simplice-mathieu-sarandji-appelle-a-lunite-et-au-respect-des-decisions-de-la-cour-constitutionnelle\"]}]},{\"@type\":\"ImageObject\",\"inLanguage\":\"fr-FR\",\"@id\":\"https:\/\/www.africa-press.net\/centrafricaine\/politique\/simplice-mathieu-sarandji-appelle-a-lunite-et-au-respect-des-decisions-de-la-cour-constitutionnelle#primaryimage\",\"url\":\"https:\/\/static.africa-press.net\/centrafricaine\/sites\/45\/2022\/10\/postQueueImg_10-633ea12a58d1f.jpg\",\"contentUrl\":\"https:\/\/static.africa-press.net\/centrafricaine\/sites\/45\/2022\/10\/postQueueImg_10-633ea12a58d1f.jpg\",\"width\":720,\"height\":453,\"caption\":\"Simplice Mathieu Sarandji appelle \u00e0 l\u2019unit\u00e9 et au respect des d\u00e9cisions de la Cour constitutionnelle\"},{\"@type\":\"BreadcrumbList\",\"@id\":\"https:\/\/www.africa-press.net\/centrafricaine\/politique\/simplice-mathieu-sarandji-appelle-a-lunite-et-au-respect-des-decisions-de-la-cour-constitutionnelle#breadcrumb\",\"itemListElement\":[{\"@type\":\"ListItem\",\"position\":1,\"name\":\"Accueil\",\"item\":\"https:\/\/www.africa-press.net\/centrafricaine\/\"},{\"@type\":\"ListItem\",\"position\":2,\"name\":\"Simplice Mathieu Sarandji appelle \u00e0 l\u2019unit\u00e9 et au respect des d\u00e9cisions de la Cour constitutionnelle\"}]},{\"@type\":\"WebSite\",\"@id\":\"https:\/\/www.africa-press.net\/centrafricaine\/#website\",\"url\":\"https:\/\/www.africa-press.net\/centrafricaine\/\",\"name\":\"centrafricaine\",\"description\":\"Just another Africa News Agency Sites site\",\"potentialAction\":[{\"@type\":\"SearchAction\",\"target\":{\"@type\":\"EntryPoint\",\"urlTemplate\":\"https:\/\/www.africa-press.net\/centrafricaine\/?s={search_term_string}\"},\"query-input\":{\"@type\":\"PropertyValueSpecification\",\"valueRequired\":true,\"valueName\":\"search_term_string\"}}],\"inLanguage\":\"fr-FR\"},{\"@type\":\"Person\",\"@id\":\"https:\/\/www.africa-press.net\/centrafricaine\/#\/schema\/person\/2b1cf3cd81a31e3cd26889ca66d677f1\",\"name\":\"cfeditorfr\"}]}<\/script>\n<!-- \/ Yoast SEO Premium plugin. -->","yoast_head_json":{"title":"Simplice Mathieu Sarandji appelle \u00e0 l\u2019unit\u00e9 et au respect des d\u00e9cisions de la Cour constitutionnelle - centrafricaine","description":"Ouverts le lundi 03 octobre 2022, les travaux de la 2\u00e8me session ordinaire de l\u2019Assembl\u00e9e nationale se poursuivent \u00e0 ...","robots":{"index":"index","follow":"follow","max-snippet":"max-snippet:-1","max-image-preview":"max-image-preview:large","max-video-preview":"max-video-preview:-1"},"canonical":"https:\/\/www.africa-press.net\/centrafricaine\/politique\/simplice-mathieu-sarandji-appelle-a-lunite-et-au-respect-des-decisions-de-la-cour-constitutionnelle","og_locale":"fr_FR","og_type":"article","og_title":"Simplice Mathieu Sarandji appelle \u00e0 l\u2019unit\u00e9 et au respect des d\u00e9cisions de la Cour constitutionnelle","og_description":"Ouverts le lundi 03 octobre 2022, les travaux de la 2\u00e8me session ordinaire de l\u2019Assembl\u00e9e nationale se poursuivent \u00e0 ...","og_url":"https:\/\/www.africa-press.net\/centrafricaine\/politique\/simplice-mathieu-sarandji-appelle-a-lunite-et-au-respect-des-decisions-de-la-cour-constitutionnelle","og_site_name":"centrafricaine","article_published_time":"2022-10-06T09:28:00+00:00","article_modified_time":"2022-10-06T09:34:55+00:00","og_image":[{"width":720,"height":453,"url":"https:\/\/static.africa-press.net\/centrafricaine\/sites\/45\/2022\/10\/postQueueImg_10-633ea12a58d1f.jpg","type":"image\/jpeg"}],"author":"cfeditorfr","twitter_card":"summary_large_image","twitter_misc":{"\u00c9crit par":"cfeditorfr","Dur\u00e9e de lecture estim\u00e9e":"3 minutes"},"schema":{"@context":"https:\/\/schema.org","@graph":[{"@type":"Article","@id":"https:\/\/www.africa-press.net\/centrafricaine\/politique\/simplice-mathieu-sarandji-appelle-a-lunite-et-au-respect-des-decisions-de-la-cour-constitutionnelle#article","isPartOf":{"@id":"https:\/\/www.africa-press.net\/centrafricaine\/politique\/simplice-mathieu-sarandji-appelle-a-lunite-et-au-respect-des-decisions-de-la-cour-constitutionnelle"},"author":{"name":"cfeditorfr","@id":"https:\/\/www.africa-press.net\/centrafricaine\/#\/schema\/person\/2b1cf3cd81a31e3cd26889ca66d677f1"},"headline":"Simplice Mathieu Sarandji appelle \u00e0 l\u2019unit\u00e9 et au respect des d\u00e9cisions de la Cour constitutionnelle","datePublished":"2022-10-06T09:28:00+00:00","dateModified":"2022-10-06T09:34:55+00:00","mainEntityOfPage":{"@id":"https:\/\/www.africa-press.net\/centrafricaine\/politique\/simplice-mathieu-sarandji-appelle-a-lunite-et-au-respect-des-decisions-de-la-cour-constitutionnelle"},"wordCount":472,"commentCount":0,"image":{"@id":"https:\/\/www.africa-press.net\/centrafricaine\/politique\/simplice-mathieu-sarandji-appelle-a-lunite-et-au-respect-des-decisions-de-la-cour-constitutionnelle#primaryimage"},"thumbnailUrl":"https:\/\/static.africa-press.net\/centrafricaine\/sites\/45\/2022\/10\/postQueueImg_10-633ea12a58d1f.jpg","keywords":["Africa Press","Africa Press-CentrAfricaine","CentrAfricaine"],"articleSection":["homepage-french","Politique","Top Nouvelles","Toutes les actualit\u00e9s"],"inLanguage":"fr-FR","potentialAction":[{"@type":"CommentAction","name":"Comment","target":["https:\/\/www.africa-press.net\/centrafricaine\/politique\/simplice-mathieu-sarandji-appelle-a-lunite-et-au-respect-des-decisions-de-la-cour-constitutionnelle#respond"]}]},{"@type":"WebPage","@id":"https:\/\/www.africa-press.net\/centrafricaine\/politique\/simplice-mathieu-sarandji-appelle-a-lunite-et-au-respect-des-decisions-de-la-cour-constitutionnelle","url":"https:\/\/www.africa-press.net\/centrafricaine\/politique\/simplice-mathieu-sarandji-appelle-a-lunite-et-au-respect-des-decisions-de-la-cour-constitutionnelle","name":"Simplice Mathieu Sarandji appelle \u00e0 l\u2019unit\u00e9 et au respect des d\u00e9cisions de la Cour constitutionnelle - centrafricaine","isPartOf":{"@id":"https:\/\/www.africa-press.net\/centrafricaine\/#website"},"primaryImageOfPage":{"@id":"https:\/\/www.africa-press.net\/centrafricaine\/politique\/simplice-mathieu-sarandji-appelle-a-lunite-et-au-respect-des-decisions-de-la-cour-constitutionnelle#primaryimage"},"image":{"@id":"https:\/\/www.africa-press.net\/centrafricaine\/politique\/simplice-mathieu-sarandji-appelle-a-lunite-et-au-respect-des-decisions-de-la-cour-constitutionnelle#primaryimage"},"thumbnailUrl":"https:\/\/static.africa-press.net\/centrafricaine\/sites\/45\/2022\/10\/postQueueImg_10-633ea12a58d1f.jpg","datePublished":"2022-10-06T09:28:00+00:00","dateModified":"2022-10-06T09:34:55+00:00","author":{"@id":"https:\/\/www.africa-press.net\/centrafricaine\/#\/schema\/person\/2b1cf3cd81a31e3cd26889ca66d677f1"},"description":"Ouverts le lundi 03 octobre 2022, les travaux de la 2\u00e8me session ordinaire de l\u2019Assembl\u00e9e nationale se poursuivent \u00e0 ...","breadcrumb":{"@id":"https:\/\/www.africa-press.net\/centrafricaine\/politique\/simplice-mathieu-sarandji-appelle-a-lunite-et-au-respect-des-decisions-de-la-cour-constitutionnelle#breadcrumb"},"inLanguage":"fr-FR","potentialAction":[{"@type":"ReadAction","target":["https:\/\/www.africa-press.net\/centrafricaine\/politique\/simplice-mathieu-sarandji-appelle-a-lunite-et-au-respect-des-decisions-de-la-cour-constitutionnelle"]}]},{"@type":"ImageObject","inLanguage":"fr-FR","@id":"https:\/\/www.africa-press.net\/centrafricaine\/politique\/simplice-mathieu-sarandji-appelle-a-lunite-et-au-respect-des-decisions-de-la-cour-constitutionnelle#primaryimage","url":"https:\/\/static.africa-press.net\/centrafricaine\/sites\/45\/2022\/10\/postQueueImg_10-633ea12a58d1f.jpg","contentUrl":"https:\/\/static.africa-press.net\/centrafricaine\/sites\/45\/2022\/10\/postQueueImg_10-633ea12a58d1f.jpg","width":720,"height":453,"caption":"Simplice Mathieu Sarandji appelle \u00e0 l\u2019unit\u00e9 et au respect des d\u00e9cisions de la Cour constitutionnelle"},{"@type":"BreadcrumbList","@id":"https:\/\/www.africa-press.net\/centrafricaine\/politique\/simplice-mathieu-sarandji-appelle-a-lunite-et-au-respect-des-decisions-de-la-cour-constitutionnelle#breadcrumb","itemListElement":[{"@type":"ListItem","position":1,"name":"Accueil","item":"https:\/\/www.africa-press.net\/centrafricaine\/"},{"@type":"ListItem","position":2,"name":"Simplice Mathieu Sarandji appelle \u00e0 l\u2019unit\u00e9 et au respect des d\u00e9cisions de la Cour constitutionnelle"}]},{"@type":"WebSite","@id":"https:\/\/www.africa-press.net\/centrafricaine\/#website","url":"https:\/\/www.africa-press.net\/centrafricaine\/","name":"centrafricaine","description":"Just another Africa News Agency Sites site","potentialAction":[{"@type":"SearchAction","target":{"@type":"EntryPoint","urlTemplate":"https:\/\/www.africa-press.net\/centrafricaine\/?s={search_term_string}"},"query-input":{"@type":"PropertyValueSpecification","valueRequired":true,"valueName":"search_term_string"}}],"inLanguage":"fr-FR"},{"@type":"Person","@id":"https:\/\/www.africa-press.net\/centrafricaine\/#\/schema\/person\/2b1cf3cd81a31e3cd26889ca66d677f1","name":"cfeditorfr"}]}},"_links":{"self":[{"href":"https:\/\/www.africa-press.net\/centrafricaine\/wp-json\/wp\/v2\/posts\/29725","targetHints":{"allow":["GET"]}}],"collection":[{"href":"https:\/\/www.africa-press.net\/centrafricaine\/wp-json\/wp\/v2\/posts"}],"about":[{"href":"https:\/\/www.africa-press.net\/centrafricaine\/wp-json\/wp\/v2\/types\/post"}],"author":[{"embeddable":true,"href":"https:\/\/www.africa-press.net\/centrafricaine\/wp-json\/wp\/v2\/users\/82"}],"replies":[{"embeddable":true,"href":"https:\/\/www.africa-press.net\/centrafricaine\/wp-json\/wp\/v2\/comments?post=29725"}],"version-history":[{"count":0,"href":"https:\/\/www.africa-press.net\/centrafricaine\/wp-json\/wp\/v2\/posts\/29725\/revisions"}],"wp:featuredmedia":[{"embeddable":true,"href":"https:\/\/www.africa-press.net\/centrafricaine\/wp-json\/wp\/v2\/media\/29724"}],"wp:attachment":[{"href":"https:\/\/www.africa-press.net\/centrafricaine\/wp-json\/wp\/v2\/media?parent=29725"}],"wp:term":[{"taxonomy":"category","embeddable":true,"href":"https:\/\/www.africa-press.net\/centrafricaine\/wp-json\/wp\/v2\/categories?post=29725"},{"taxonomy":"post_tag","embeddable":true,"href":"https:\/\/www.africa-press.net\/centrafricaine\/wp-json\/wp\/v2\/tags?post=29725"}],"curies":[{"name":"wp","href":"https:\/\/api.w.org\/{rel}","templated":true}]}}