{"id":32193,"date":"2022-11-28T16:13:46","date_gmt":"2022-11-28T16:13:46","guid":{"rendered":"https:\/\/www.africa-press.net\/centrafricaine\/politique\/des-centrafricains-manifestent-a-paris-en-faveur-dun-referendum-constitutionnel"},"modified":"2022-11-28T16:34:04","modified_gmt":"2022-11-28T16:34:04","slug":"des-centrafricains-manifestent-a-paris-en-faveur-dun-referendum-constitutionnel","status":"publish","type":"post","link":"https:\/\/www.africa-press.net\/centrafricaine\/politique\/des-centrafricains-manifestent-a-paris-en-faveur-dun-referendum-constitutionnel","title":{"rendered":"Des Centrafricains manifestent \u00e0 Paris en faveur d\u2019un r\u00e9f\u00e9rendum constitutionnel"},"content":{"rendered":"<p><span style=\"color: #ff6600\"><strong>Africa-Press &#8211; CentrAfricaine. <\/strong><\/span>La diaspora centrafricaine est sortie dans les rues de Paris pour manifester son soutien a\u0300 un re\u0301fe\u0301rendum constitutionnel. Les re\u0301formes sont dans les tuyaux depuis plusieurs mois mais divisent le pays.<\/p>\n<p>Des dizaines de Centrafricains se sont re\u0301unis devant l\u2019ambassade de leur pays a\u0300 Paris, pour re\u0301clamer des re\u0301formes constitutionnelles. \u00ab\u00a0Oui pour le re\u0301fe\u0301rendum\u00a0\u00bb clamaient plusieurs banderoles, alors que les drapeaux nationaux e\u0301taient de sortie.<\/p>\n<p>Le rassemblement a e\u0301te\u0301 organise\u0301 en re\u0301ponse a\u0300 une manifestation des opposants a\u0300 la re\u0301forme constitutionnelle, qui avait eu lieu le 5 novembre.<\/p>\n<p>Des manifestants ont e\u0301galement fait entendre leur voix en Centrafrique me\u0302me ces dernie\u0300res semaines, en faveur d\u2019une nouvelle Constitution. Plusieurs milliers de personnes ont notamment de\u0301file\u0301 a\u0300 Bangui le 23 octobre.<\/p>\n<p><b>Projet de re\u0301forme de la Constitution<\/b><\/p>\n<p>L\u2019ide\u0301e de lancer une nouvelle Constitution centrafricaine fait son chemin depuis plusieurs mois de\u0301ja\u0300. Fin aou\u0302t, le Pre\u0301sident Faustin Archange Touade\u0301ra avait ainsi cre\u0301e par de\u0301cret un comite\u0301 charge\u0301 de re\u0301diger un nouveau texte. Mais la Cour constitutionnelle a fait annuler ces de\u0301crets.<\/p>\n<p>Le bras de fer juridique s\u2019est donc engage\u0301 et Danie\u0300le Darlan, pre\u0301sidente de la Cour constitutionnelle a e\u0301te\u0301 de\u0301mise de ses fonctions. Face a\u0300 ces blocages, des voix se sont e\u0301leve\u0301es pour demander a\u0300 ce que la population soit directement consulte\u0301e, via un scrutin.<\/p>\n<p>La re\u0301forme constitutionnelle pourrait notamment permettre a\u0300 Faustin Archange Touade\u0301ra de briguer un troisie\u0300me mandat. L\u2019actuel Pre\u0301sident centrafricain avait e\u0301te\u0301 re\u0301e\u0301lu pour cinq ans en aou\u0302t 2020 avec 53,16% des suffrages.<\/p>\n\r\n                <style type=\"text\/css\">\r\n                    \r\n                    #td_uid_1_6a9bebb9d2bd9  .td-doubleSlider-2 .td-item1 {\r\n                        background: url(https:\/\/static.africa-press.net\/centrafricaine\/sites\/45\/2022\/11\/postMediaimg_14_1-80x60.jpg) 0 0 no-repeat;\r\n                    }\r\n                    #td_uid_1_6a9bebb9d2bd9  .td-doubleSlider-2 .td-item2 {\r\n                        background: url(https:\/\/static.africa-press.net\/centrafricaine\/sites\/45\/2022\/11\/postMediaimg_14_2-80x60.jpg) 0 0 no-repeat;\r\n                    }\r\n                    #td_uid_1_6a9bebb9d2bd9  .td-doubleSlider-2 .td-item3 {\r\n                        background: url(https:\/\/static.africa-press.net\/centrafricaine\/sites\/45\/2022\/11\/postMediaimg_14_3-80x60.jpg) 0 0 no-repeat;\r\n                    }\r\n                    #td_uid_1_6a9bebb9d2bd9  .td-doubleSlider-2 .td-item4 {\r\n                        background: url(https:\/\/static.africa-press.net\/centrafricaine\/sites\/45\/2022\/11\/postMediaimg_14_4-80x60.jpg) 0 0 no-repeat;\r\n                    }\r\n                    #td_uid_1_6a9bebb9d2bd9  .td-doubleSlider-2 .td-item5 {\r\n                        background: url(https:\/\/static.africa-press.net\/centrafricaine\/sites\/45\/2022\/11\/postMediaimg_14_5-80x60.jpg) 0 0 no-repeat;\r\n                    }\r\n                <\/style>\r\n\r\n                <div id=\"td_uid_1_6a9bebb9d2bd9\" class=\"td-gallery td-slide-on-2-columns\">\r\n                    <div class=\"post_td_gallery\">\r\n                        <div class=\"td-gallery-slide-top\">\r\n                           <div class=\"td-gallery-title\"><\/div>\r\n\r\n                            <div class=\"td-gallery-controls-wrapper\">\r\n                                <div class=\"td-gallery-slide-count\"><span class=\"td-gallery-slide-item-focus\">1<\/span> de 5<\/div>\r\n                                <div class=\"td-gallery-slide-prev-next-but\">\r\n                                    <i class = \"td-icon-left doubleSliderPrevButton\"><\/i>\r\n                                    <i class = \"td-icon-right doubleSliderNextButton\"><\/i>\r\n                                <\/div>\r\n                            <\/div>\r\n                        <\/div>\r\n\r\n                        <div class = \"td-doubleSlider-1 \">\r\n                            <div class = \"td-slider\">\r\n                                \r\n                    <div class = \"td-slide-item td-item1\">\r\n                        <figure class=\"td-slide-galery-figure td-slide-popup-gallery\">\r\n                            <a class=\"slide-gallery-image-link\" href=\"https:\/\/static.africa-press.net\/centrafricaine\/sites\/45\/2022\/11\/postMediaimg_14_1.jpg\" title=\"postMediaimg_14_1\"  data-caption=\"\"  data-description=\"\">\r\n                                <img decoding=\"async\" src=\"https:\/\/static.africa-press.net\/centrafricaine\/sites\/45\/2022\/11\/postMediaimg_14_1.jpg\" srcset=\"https:\/\/static.africa-press.net\/centrafricaine\/sites\/45\/2022\/11\/postMediaimg_14_1.jpg 680w, https:\/\/static.africa-press.net\/centrafricaine\/sites\/45\/2022\/11\/postMediaimg_14_1-300x225.jpg 300w, https:\/\/static.africa-press.net\/centrafricaine\/sites\/45\/2022\/11\/postMediaimg_14_1-80x60.jpg 80w\" sizes=\"(max-width: 680px) 100vw, 680px\" alt=\"\">\r\n                            <\/a>\r\n                            \r\n                        <\/figure>\r\n                    <\/div>\r\n                    <div class = \"td-slide-item td-item2\">\r\n                        <figure class=\"td-slide-galery-figure td-slide-popup-gallery\">\r\n                            <a class=\"slide-gallery-image-link\" href=\"https:\/\/static.africa-press.net\/centrafricaine\/sites\/45\/2022\/11\/postMediaimg_14_2.jpg\" title=\"postMediaimg_14_2\"  data-caption=\"\"  data-description=\"\">\r\n                                <img decoding=\"async\" src=\"https:\/\/static.africa-press.net\/centrafricaine\/sites\/45\/2022\/11\/postMediaimg_14_2.jpg\" srcset=\"https:\/\/static.africa-press.net\/centrafricaine\/sites\/45\/2022\/11\/postMediaimg_14_2.jpg 270w, https:\/\/static.africa-press.net\/centrafricaine\/sites\/45\/2022\/11\/postMediaimg_14_2-225x300.jpg 225w\" sizes=\"(max-width: 270px) 100vw, 270px\" alt=\"\">\r\n                            <\/a>\r\n                            \r\n                        <\/figure>\r\n                    <\/div>\r\n                    <div class = \"td-slide-item td-item3\">\r\n                        <figure class=\"td-slide-galery-figure td-slide-popup-gallery\">\r\n                            <a class=\"slide-gallery-image-link\" href=\"https:\/\/static.africa-press.net\/centrafricaine\/sites\/45\/2022\/11\/postMediaimg_14_3.jpg\" title=\"postMediaimg_14_3\"  data-caption=\"\"  data-description=\"\">\r\n                                <img decoding=\"async\" src=\"https:\/\/static.africa-press.net\/centrafricaine\/sites\/45\/2022\/11\/postMediaimg_14_3.jpg\" srcset=\"https:\/\/static.africa-press.net\/centrafricaine\/sites\/45\/2022\/11\/postMediaimg_14_3.jpg 383w, https:\/\/static.africa-press.net\/centrafricaine\/sites\/45\/2022\/11\/postMediaimg_14_3-169x300.jpg 169w\" sizes=\"(max-width: 383px) 100vw, 383px\" alt=\"\">\r\n                            <\/a>\r\n                            \r\n                        <\/figure>\r\n                    <\/div>\r\n                    <div class = \"td-slide-item td-item4\">\r\n                        <figure class=\"td-slide-galery-figure td-slide-popup-gallery\">\r\n                            <a class=\"slide-gallery-image-link\" href=\"https:\/\/static.africa-press.net\/centrafricaine\/sites\/45\/2022\/11\/postMediaimg_14_4.jpg\" title=\"postMediaimg_14_4\"  data-caption=\"\"  data-description=\"\">\r\n                                <img decoding=\"async\" src=\"https:\/\/static.africa-press.net\/centrafricaine\/sites\/45\/2022\/11\/postMediaimg_14_4.jpg\" srcset=\"https:\/\/static.africa-press.net\/centrafricaine\/sites\/45\/2022\/11\/postMediaimg_14_4.jpg 360w, https:\/\/static.africa-press.net\/centrafricaine\/sites\/45\/2022\/11\/postMediaimg_14_4-300x225.jpg 300w, https:\/\/static.africa-press.net\/centrafricaine\/sites\/45\/2022\/11\/postMediaimg_14_4-80x60.jpg 80w\" sizes=\"(max-width: 360px) 100vw, 360px\" alt=\"\">\r\n                            <\/a>\r\n                            \r\n                        <\/figure>\r\n                    <\/div>\r\n                    <div class = \"td-slide-item td-item5\">\r\n                        <figure class=\"td-slide-galery-figure td-slide-popup-gallery\">\r\n                            <a class=\"slide-gallery-image-link\" href=\"https:\/\/static.africa-press.net\/centrafricaine\/sites\/45\/2022\/11\/postMediaimg_14_5.jpg\" title=\"postMediaimg_14_5\"  data-caption=\"\"  data-description=\"\">\r\n                                <img decoding=\"async\" src=\"https:\/\/static.africa-press.net\/centrafricaine\/sites\/45\/2022\/11\/postMediaimg_14_5.jpg\" srcset=\"https:\/\/static.africa-press.net\/centrafricaine\/sites\/45\/2022\/11\/postMediaimg_14_5.jpg 360w, https:\/\/static.africa-press.net\/centrafricaine\/sites\/45\/2022\/11\/postMediaimg_14_5-300x225.jpg 300w, https:\/\/static.africa-press.net\/centrafricaine\/sites\/45\/2022\/11\/postMediaimg_14_5-80x60.jpg 80w\" sizes=\"(max-width: 360px) 100vw, 360px\" alt=\"\">\r\n                            <\/a>\r\n                            \r\n                        <\/figure>\r\n                    <\/div>\r\n                            <\/div>\r\n                        <\/div>\r\n\r\n                        <div class = \"td-doubleSlider-2\">\r\n                            <div class = \"td-slider\">\r\n                                \r\n                    <div class = \"td-button td-item1\">\r\n                        <div class = \"td-border\"><\/div>\r\n                    <\/div>\r\n                    <div class = \"td-button td-item2\">\r\n                        <div class = \"td-border\"><\/div>\r\n                    <\/div>\r\n                    <div class = \"td-button td-item3\">\r\n                        <div class = \"td-border\"><\/div>\r\n                    <\/div>\r\n                    <div class = \"td-button td-item4\">\r\n                        <div class = \"td-border\"><\/div>\r\n                    <\/div>\r\n                    <div class = \"td-button td-item5\">\r\n                        <div class = \"td-border\"><\/div>\r\n                    <\/div>\r\n                            <\/div>\r\n                        <\/div>\r\n\r\n                    <\/div>\r\n\r\n                <\/div>\r\n                \n<p><strong>Pour plus d&rsquo;informations et d&rsquo;analyses sur la <a href=\"https:\/\/www.africa-press.net\/centrafricaine\">CentrAfricaine<\/a>, suivez <a href=\"https:\/\/www.africa-press.net\/\">Africa-Press<\/a><\/strong><\/p>\n","protected":false},"excerpt":{"rendered":"<p>Africa-Press &#8211; CentrAfricaine. La diaspora centrafricaine est sortie dans les rues de Paris pour manifester son soutien a\u0300 un re\u0301fe\u0301rendum constitutionnel. Les re\u0301formes sont dans les tuyaux depuis plusieurs mois mais divisent le pays. Des dizaines de Centrafricains se sont re\u0301unis devant l\u2019ambassade de leur pays a\u0300 Paris, pour re\u0301clamer des re\u0301formes constitutionnelles. \u00ab\u00a0Oui pour [&hellip;]<\/p>\n","protected":false},"author":82,"featured_media":32192,"comment_status":"open","ping_status":"closed","sticky":false,"template":"","format":"standard","meta":{"footnotes":""},"categories":[8,2,20,10],"tags":[36,58,30],"class_list":["post-32193","post","type-post","status-publish","format-standard","has-post-thumbnail","hentry","category-photo","category-politique","category-top-nouvelles","category-toutes-les-actualites","tag-africa-press","tag-africa-press-centrafricaine","tag-centrafricaine"],"yoast_head":"<!-- This site is optimized with the Yoast SEO Premium plugin v26.1 (Yoast SEO v27.0) - https:\/\/yoast.com\/product\/yoast-seo-premium-wordpress\/ -->\n<title>Des Centrafricains manifestent \u00e0 Paris en faveur d\u2019un r\u00e9f\u00e9rendum constitutionnel - centrafricaine<\/title>\n<meta name=\"description\" content=\"La diaspora centrafricaine est sortie dans les rues de Paris pour manifester son soutien a\u0300 un re\u0301fe\u0301rendum constitution ...\" \/>\n<meta name=\"robots\" content=\"index, follow, max-snippet:-1, max-image-preview:large, max-video-preview:-1\" \/>\n<link rel=\"canonical\" href=\"https:\/\/www.africa-press.net\/centrafricaine\/politique\/des-centrafricains-manifestent-a-paris-en-faveur-dun-referendum-constitutionnel\" \/>\n<meta property=\"og:locale\" content=\"fr_FR\" \/>\n<meta property=\"og:type\" content=\"article\" \/>\n<meta property=\"og:title\" content=\"Des Centrafricains manifestent \u00e0 Paris en faveur d\u2019un r\u00e9f\u00e9rendum constitutionnel\" \/>\n<meta property=\"og:description\" content=\"La diaspora centrafricaine est sortie dans les rues de Paris pour manifester son soutien a\u0300 un re\u0301fe\u0301rendum constitution ...\" \/>\n<meta property=\"og:url\" content=\"https:\/\/www.africa-press.net\/centrafricaine\/politique\/des-centrafricains-manifestent-a-paris-en-faveur-dun-referendum-constitutionnel\" \/>\n<meta property=\"og:site_name\" content=\"centrafricaine\" \/>\n<meta property=\"article:published_time\" content=\"2022-11-28T16:13:46+00:00\" \/>\n<meta property=\"article:modified_time\" content=\"2022-11-28T16:34:04+00:00\" \/>\n<meta property=\"og:image\" content=\"https:\/\/static.africa-press.net\/centrafricaine\/sites\/45\/2022\/11\/postQueueImg_1669639597.57.jpg\" \/>\n\t<meta property=\"og:image:width\" content=\"1920\" \/>\n\t<meta property=\"og:image:height\" content=\"1080\" \/>\n\t<meta property=\"og:image:type\" content=\"image\/jpeg\" \/>\n<meta name=\"author\" content=\"cfeditorfr\" \/>\n<meta name=\"twitter:card\" content=\"summary_large_image\" \/>\n<meta name=\"twitter:label1\" content=\"\u00c9crit par\" \/>\n\t<meta name=\"twitter:data1\" content=\"cfeditorfr\" \/>\n\t<meta name=\"twitter:label2\" content=\"Dur\u00e9e de lecture estim\u00e9e\" \/>\n\t<meta name=\"twitter:data2\" content=\"2 minutes\" \/>\n<script type=\"application\/ld+json\" class=\"yoast-schema-graph\">{\"@context\":\"https:\/\/schema.org\",\"@graph\":[{\"@type\":\"Article\",\"@id\":\"https:\/\/www.africa-press.net\/centrafricaine\/politique\/des-centrafricains-manifestent-a-paris-en-faveur-dun-referendum-constitutionnel#article\",\"isPartOf\":{\"@id\":\"https:\/\/www.africa-press.net\/centrafricaine\/politique\/des-centrafricains-manifestent-a-paris-en-faveur-dun-referendum-constitutionnel\"},\"author\":{\"name\":\"cfeditorfr\",\"@id\":\"https:\/\/www.africa-press.net\/centrafricaine\/#\/schema\/person\/2b1cf3cd81a31e3cd26889ca66d677f1\"},\"headline\":\"Des Centrafricains manifestent \u00e0 Paris en faveur d\u2019un r\u00e9f\u00e9rendum constitutionnel\",\"datePublished\":\"2022-11-28T16:13:46+00:00\",\"dateModified\":\"2022-11-28T16:34:04+00:00\",\"mainEntityOfPage\":{\"@id\":\"https:\/\/www.africa-press.net\/centrafricaine\/politique\/des-centrafricains-manifestent-a-paris-en-faveur-dun-referendum-constitutionnel\"},\"wordCount\":322,\"commentCount\":0,\"image\":{\"@id\":\"https:\/\/www.africa-press.net\/centrafricaine\/politique\/des-centrafricains-manifestent-a-paris-en-faveur-dun-referendum-constitutionnel#primaryimage\"},\"thumbnailUrl\":\"https:\/\/static.africa-press.net\/centrafricaine\/sites\/45\/2022\/11\/postQueueImg_1669639597.57.jpg\",\"keywords\":[\"Africa Press\",\"Africa Press-CentrAfricaine\",\"CentrAfricaine\"],\"articleSection\":[\"Photo\",\"Politique\",\"Top Nouvelles\",\"Toutes les actualit\u00e9s\"],\"inLanguage\":\"fr-FR\",\"potentialAction\":[{\"@type\":\"CommentAction\",\"name\":\"Comment\",\"target\":[\"https:\/\/www.africa-press.net\/centrafricaine\/politique\/des-centrafricains-manifestent-a-paris-en-faveur-dun-referendum-constitutionnel#respond\"]}]},{\"@type\":\"WebPage\",\"@id\":\"https:\/\/www.africa-press.net\/centrafricaine\/politique\/des-centrafricains-manifestent-a-paris-en-faveur-dun-referendum-constitutionnel\",\"url\":\"https:\/\/www.africa-press.net\/centrafricaine\/politique\/des-centrafricains-manifestent-a-paris-en-faveur-dun-referendum-constitutionnel\",\"name\":\"Des Centrafricains manifestent \u00e0 Paris en faveur d\u2019un r\u00e9f\u00e9rendum constitutionnel - centrafricaine\",\"isPartOf\":{\"@id\":\"https:\/\/www.africa-press.net\/centrafricaine\/#website\"},\"primaryImageOfPage\":{\"@id\":\"https:\/\/www.africa-press.net\/centrafricaine\/politique\/des-centrafricains-manifestent-a-paris-en-faveur-dun-referendum-constitutionnel#primaryimage\"},\"image\":{\"@id\":\"https:\/\/www.africa-press.net\/centrafricaine\/politique\/des-centrafricains-manifestent-a-paris-en-faveur-dun-referendum-constitutionnel#primaryimage\"},\"thumbnailUrl\":\"https:\/\/static.africa-press.net\/centrafricaine\/sites\/45\/2022\/11\/postQueueImg_1669639597.57.jpg\",\"datePublished\":\"2022-11-28T16:13:46+00:00\",\"dateModified\":\"2022-11-28T16:34:04+00:00\",\"author\":{\"@id\":\"https:\/\/www.africa-press.net\/centrafricaine\/#\/schema\/person\/2b1cf3cd81a31e3cd26889ca66d677f1\"},\"description\":\"La diaspora centrafricaine est sortie dans les rues de Paris pour manifester son soutien a\u0300 un re\u0301fe\u0301rendum constitution ...\",\"breadcrumb\":{\"@id\":\"https:\/\/www.africa-press.net\/centrafricaine\/politique\/des-centrafricains-manifestent-a-paris-en-faveur-dun-referendum-constitutionnel#breadcrumb\"},\"inLanguage\":\"fr-FR\",\"potentialAction\":[{\"@type\":\"ReadAction\",\"target\":[\"https:\/\/www.africa-press.net\/centrafricaine\/politique\/des-centrafricains-manifestent-a-paris-en-faveur-dun-referendum-constitutionnel\"]}]},{\"@type\":\"ImageObject\",\"inLanguage\":\"fr-FR\",\"@id\":\"https:\/\/www.africa-press.net\/centrafricaine\/politique\/des-centrafricains-manifestent-a-paris-en-faveur-dun-referendum-constitutionnel#primaryimage\",\"url\":\"https:\/\/static.africa-press.net\/centrafricaine\/sites\/45\/2022\/11\/postQueueImg_1669639597.57.jpg\",\"contentUrl\":\"https:\/\/static.africa-press.net\/centrafricaine\/sites\/45\/2022\/11\/postQueueImg_1669639597.57.jpg\",\"width\":1920,\"height\":1080,\"caption\":\"Des Centrafricains manifestent \u00e0 Paris en faveur d\u2019un r\u00e9f\u00e9rendum constitutionnel\"},{\"@type\":\"BreadcrumbList\",\"@id\":\"https:\/\/www.africa-press.net\/centrafricaine\/politique\/des-centrafricains-manifestent-a-paris-en-faveur-dun-referendum-constitutionnel#breadcrumb\",\"itemListElement\":[{\"@type\":\"ListItem\",\"position\":1,\"name\":\"Accueil\",\"item\":\"https:\/\/www.africa-press.net\/centrafricaine\/\"},{\"@type\":\"ListItem\",\"position\":2,\"name\":\"Des Centrafricains manifestent \u00e0 Paris en faveur d\u2019un r\u00e9f\u00e9rendum constitutionnel\"}]},{\"@type\":\"WebSite\",\"@id\":\"https:\/\/www.africa-press.net\/centrafricaine\/#website\",\"url\":\"https:\/\/www.africa-press.net\/centrafricaine\/\",\"name\":\"centrafricaine\",\"description\":\"Just another Africa News Agency Sites site\",\"potentialAction\":[{\"@type\":\"SearchAction\",\"target\":{\"@type\":\"EntryPoint\",\"urlTemplate\":\"https:\/\/www.africa-press.net\/centrafricaine\/?s={search_term_string}\"},\"query-input\":{\"@type\":\"PropertyValueSpecification\",\"valueRequired\":true,\"valueName\":\"search_term_string\"}}],\"inLanguage\":\"fr-FR\"},{\"@type\":\"Person\",\"@id\":\"https:\/\/www.africa-press.net\/centrafricaine\/#\/schema\/person\/2b1cf3cd81a31e3cd26889ca66d677f1\",\"name\":\"cfeditorfr\"}]}<\/script>\n<!-- \/ Yoast SEO Premium plugin. -->","yoast_head_json":{"title":"Des Centrafricains manifestent \u00e0 Paris en faveur d\u2019un r\u00e9f\u00e9rendum constitutionnel - centrafricaine","description":"La diaspora centrafricaine est sortie dans les rues de Paris pour manifester son soutien a\u0300 un re\u0301fe\u0301rendum constitution ...","robots":{"index":"index","follow":"follow","max-snippet":"max-snippet:-1","max-image-preview":"max-image-preview:large","max-video-preview":"max-video-preview:-1"},"canonical":"https:\/\/www.africa-press.net\/centrafricaine\/politique\/des-centrafricains-manifestent-a-paris-en-faveur-dun-referendum-constitutionnel","og_locale":"fr_FR","og_type":"article","og_title":"Des Centrafricains manifestent \u00e0 Paris en faveur d\u2019un r\u00e9f\u00e9rendum constitutionnel","og_description":"La diaspora centrafricaine est sortie dans les rues de Paris pour manifester son soutien a\u0300 un re\u0301fe\u0301rendum constitution ...","og_url":"https:\/\/www.africa-press.net\/centrafricaine\/politique\/des-centrafricains-manifestent-a-paris-en-faveur-dun-referendum-constitutionnel","og_site_name":"centrafricaine","article_published_time":"2022-11-28T16:13:46+00:00","article_modified_time":"2022-11-28T16:34:04+00:00","og_image":[{"width":1920,"height":1080,"url":"https:\/\/static.africa-press.net\/centrafricaine\/sites\/45\/2022\/11\/postQueueImg_1669639597.57.jpg","type":"image\/jpeg"}],"author":"cfeditorfr","twitter_card":"summary_large_image","twitter_misc":{"\u00c9crit par":"cfeditorfr","Dur\u00e9e de lecture estim\u00e9e":"2 minutes"},"schema":{"@context":"https:\/\/schema.org","@graph":[{"@type":"Article","@id":"https:\/\/www.africa-press.net\/centrafricaine\/politique\/des-centrafricains-manifestent-a-paris-en-faveur-dun-referendum-constitutionnel#article","isPartOf":{"@id":"https:\/\/www.africa-press.net\/centrafricaine\/politique\/des-centrafricains-manifestent-a-paris-en-faveur-dun-referendum-constitutionnel"},"author":{"name":"cfeditorfr","@id":"https:\/\/www.africa-press.net\/centrafricaine\/#\/schema\/person\/2b1cf3cd81a31e3cd26889ca66d677f1"},"headline":"Des Centrafricains manifestent \u00e0 Paris en faveur d\u2019un r\u00e9f\u00e9rendum constitutionnel","datePublished":"2022-11-28T16:13:46+00:00","dateModified":"2022-11-28T16:34:04+00:00","mainEntityOfPage":{"@id":"https:\/\/www.africa-press.net\/centrafricaine\/politique\/des-centrafricains-manifestent-a-paris-en-faveur-dun-referendum-constitutionnel"},"wordCount":322,"commentCount":0,"image":{"@id":"https:\/\/www.africa-press.net\/centrafricaine\/politique\/des-centrafricains-manifestent-a-paris-en-faveur-dun-referendum-constitutionnel#primaryimage"},"thumbnailUrl":"https:\/\/static.africa-press.net\/centrafricaine\/sites\/45\/2022\/11\/postQueueImg_1669639597.57.jpg","keywords":["Africa Press","Africa Press-CentrAfricaine","CentrAfricaine"],"articleSection":["Photo","Politique","Top Nouvelles","Toutes les actualit\u00e9s"],"inLanguage":"fr-FR","potentialAction":[{"@type":"CommentAction","name":"Comment","target":["https:\/\/www.africa-press.net\/centrafricaine\/politique\/des-centrafricains-manifestent-a-paris-en-faveur-dun-referendum-constitutionnel#respond"]}]},{"@type":"WebPage","@id":"https:\/\/www.africa-press.net\/centrafricaine\/politique\/des-centrafricains-manifestent-a-paris-en-faveur-dun-referendum-constitutionnel","url":"https:\/\/www.africa-press.net\/centrafricaine\/politique\/des-centrafricains-manifestent-a-paris-en-faveur-dun-referendum-constitutionnel","name":"Des Centrafricains manifestent \u00e0 Paris en faveur d\u2019un r\u00e9f\u00e9rendum constitutionnel - centrafricaine","isPartOf":{"@id":"https:\/\/www.africa-press.net\/centrafricaine\/#website"},"primaryImageOfPage":{"@id":"https:\/\/www.africa-press.net\/centrafricaine\/politique\/des-centrafricains-manifestent-a-paris-en-faveur-dun-referendum-constitutionnel#primaryimage"},"image":{"@id":"https:\/\/www.africa-press.net\/centrafricaine\/politique\/des-centrafricains-manifestent-a-paris-en-faveur-dun-referendum-constitutionnel#primaryimage"},"thumbnailUrl":"https:\/\/static.africa-press.net\/centrafricaine\/sites\/45\/2022\/11\/postQueueImg_1669639597.57.jpg","datePublished":"2022-11-28T16:13:46+00:00","dateModified":"2022-11-28T16:34:04+00:00","author":{"@id":"https:\/\/www.africa-press.net\/centrafricaine\/#\/schema\/person\/2b1cf3cd81a31e3cd26889ca66d677f1"},"description":"La diaspora centrafricaine est sortie dans les rues de Paris pour manifester son soutien a\u0300 un re\u0301fe\u0301rendum constitution ...","breadcrumb":{"@id":"https:\/\/www.africa-press.net\/centrafricaine\/politique\/des-centrafricains-manifestent-a-paris-en-faveur-dun-referendum-constitutionnel#breadcrumb"},"inLanguage":"fr-FR","potentialAction":[{"@type":"ReadAction","target":["https:\/\/www.africa-press.net\/centrafricaine\/politique\/des-centrafricains-manifestent-a-paris-en-faveur-dun-referendum-constitutionnel"]}]},{"@type":"ImageObject","inLanguage":"fr-FR","@id":"https:\/\/www.africa-press.net\/centrafricaine\/politique\/des-centrafricains-manifestent-a-paris-en-faveur-dun-referendum-constitutionnel#primaryimage","url":"https:\/\/static.africa-press.net\/centrafricaine\/sites\/45\/2022\/11\/postQueueImg_1669639597.57.jpg","contentUrl":"https:\/\/static.africa-press.net\/centrafricaine\/sites\/45\/2022\/11\/postQueueImg_1669639597.57.jpg","width":1920,"height":1080,"caption":"Des Centrafricains manifestent \u00e0 Paris en faveur d\u2019un r\u00e9f\u00e9rendum constitutionnel"},{"@type":"BreadcrumbList","@id":"https:\/\/www.africa-press.net\/centrafricaine\/politique\/des-centrafricains-manifestent-a-paris-en-faveur-dun-referendum-constitutionnel#breadcrumb","itemListElement":[{"@type":"ListItem","position":1,"name":"Accueil","item":"https:\/\/www.africa-press.net\/centrafricaine\/"},{"@type":"ListItem","position":2,"name":"Des Centrafricains manifestent \u00e0 Paris en faveur d\u2019un r\u00e9f\u00e9rendum constitutionnel"}]},{"@type":"WebSite","@id":"https:\/\/www.africa-press.net\/centrafricaine\/#website","url":"https:\/\/www.africa-press.net\/centrafricaine\/","name":"centrafricaine","description":"Just another Africa News Agency Sites site","potentialAction":[{"@type":"SearchAction","target":{"@type":"EntryPoint","urlTemplate":"https:\/\/www.africa-press.net\/centrafricaine\/?s={search_term_string}"},"query-input":{"@type":"PropertyValueSpecification","valueRequired":true,"valueName":"search_term_string"}}],"inLanguage":"fr-FR"},{"@type":"Person","@id":"https:\/\/www.africa-press.net\/centrafricaine\/#\/schema\/person\/2b1cf3cd81a31e3cd26889ca66d677f1","name":"cfeditorfr"}]}},"_links":{"self":[{"href":"https:\/\/www.africa-press.net\/centrafricaine\/wp-json\/wp\/v2\/posts\/32193","targetHints":{"allow":["GET"]}}],"collection":[{"href":"https:\/\/www.africa-press.net\/centrafricaine\/wp-json\/wp\/v2\/posts"}],"about":[{"href":"https:\/\/www.africa-press.net\/centrafricaine\/wp-json\/wp\/v2\/types\/post"}],"author":[{"embeddable":true,"href":"https:\/\/www.africa-press.net\/centrafricaine\/wp-json\/wp\/v2\/users\/82"}],"replies":[{"embeddable":true,"href":"https:\/\/www.africa-press.net\/centrafricaine\/wp-json\/wp\/v2\/comments?post=32193"}],"version-history":[{"count":0,"href":"https:\/\/www.africa-press.net\/centrafricaine\/wp-json\/wp\/v2\/posts\/32193\/revisions"}],"wp:featuredmedia":[{"embeddable":true,"href":"https:\/\/www.africa-press.net\/centrafricaine\/wp-json\/wp\/v2\/media\/32192"}],"wp:attachment":[{"href":"https:\/\/www.africa-press.net\/centrafricaine\/wp-json\/wp\/v2\/media?parent=32193"}],"wp:term":[{"taxonomy":"category","embeddable":true,"href":"https:\/\/www.africa-press.net\/centrafricaine\/wp-json\/wp\/v2\/categories?post=32193"},{"taxonomy":"post_tag","embeddable":true,"href":"https:\/\/www.africa-press.net\/centrafricaine\/wp-json\/wp\/v2\/tags?post=32193"}],"curies":[{"name":"wp","href":"https:\/\/api.w.org\/{rel}","templated":true}]}}