{"id":3267,"date":"2021-02-12T16:15:37","date_gmt":"2021-02-12T16:15:37","guid":{"rendered":"https:\/\/www.africa-press.net\/centrafricaine\/?p=3267"},"modified":"2021-02-12T15:48:03","modified_gmt":"2021-02-12T15:48:03","slug":"dominic-ongwen-denfant-enleve-a-commandant-rebelle","status":"publish","type":"post","link":"https:\/\/www.africa-press.net\/centrafricaine\/dossiers\/dominic-ongwen-denfant-enleve-a-commandant-rebelle","title":{"rendered":"Dominic Ongwen : d\u2019enfant enlev\u00e9 \u00e0 commandant rebelle"},"content":{"rendered":"<p><span style=\"color: #ff6600\"><strong><a href=\"https:\/\/www.africa-press.net\/\">Africa-Press<\/a> &#8211; <a href=\"https:\/\/www.africa-press.net\/centrafricaine\">CentrAfricaine<\/a>. <\/strong><\/span><b>Bangui ( R\u00e9publique centrafricaine ) \u2013 Dominic Ongwen est le premier commandant de la LRA \u00e0 compara\u00eetre devant la Cour p\u00e9nale internationale<\/b><\/p>\n<p>Connu sous le nom de \u201cfourmi blanche\u201d, Dominic Ongwen, le criminel de guerre condamn\u00e9 aurait eu entre neuf et 14 ans lorsqu\u2019il est enlev\u00e9 par l\u2019Arm\u00e9e de R\u00e9sistance du Seigneur (LRA) alors qu\u2019il se rendait \u00e0 pied \u00e0 l\u2019\u00e9cole dans le nord de l\u2019Ouganda \u2013 devenant au cours des 27 ann\u00e9es suivantes un commandant rebelle impitoyable. \/\/\/\/\/\/\/\/\/\/\/\/\/.<\/p>\n<p>Avertissement : certaines personnes peuvent trouver les d\u00e9tails de cette histoire bouleversants\/\/\/\/\/\/\/\/\/\/\/\/\/.<\/p>\n<p>\u201cC\u2019est l\u2019histoire d\u2019un enfant, comme beaucoup de membres de la LRA, forc\u00e9 de grandir \u00e0 l\u2019image de ses oppresseurs\u201d, explique le groupe de campagne LRA Crisis Tracker.\/\/\/\/\/\/\/\/\/\/\/\/\/.<\/p>\n<p>Peu apr\u00e8s son enl\u00e8vement en 1987 ou 1988, il tente de s\u2019\u00e9chapper avec trois autres personnes et lorsqu\u2019ils ont \u00e9chou\u00e9, il est forc\u00e9 d\u2019\u00e9corcher vif l\u2019une des autres personnes enlev\u00e9es en guise d\u2019avertissement, affirme un psychiatre lors de son proc\u00e8s pour crimes de guerre \u00e0 la Cour p\u00e9nale internationale (CPI) de La Haye.\/\/\/\/\/\/\/\/\/\/\/\/\/.<\/p>\n<p>\u201cIls ont \u00e9corch\u00e9 cette personne, lui ont enlev\u00e9 les intestins et l\u2019ont mise sur des arbres\u201d, explique Dickens Akena \u00e0 la Cour. \u201cEt il [Ongwen] dit qu\u2019il ne mangerait pas de viande pendant deux \u00e0 trois mois.\u201d\/\/\/\/\/\/\/\/\/\/\/\/\/.<\/p>\n<p>Ongwen \u2013 dont le nom de famille signifie \u201cn\u00e9 \u00e0 l\u2019\u00e9poque de la fourmi blanche\u201d \u2013 a rapidement gravi les \u00e9chelons dans les rangs des rebelles, devenant brigadier \u00e0 la fin de la vingtaine apr\u00e8s avoir gagn\u00e9 la confiance du chef de la LRA Joseph Kony, selon le LRA Crisis Tracker.\/\/\/\/\/\/\/\/\/\/\/\/\/.<\/p>\n<p>Mais il a eu une relation houleuse avec le chef de guerre de la LRA, r\u00e9ussissant \u00e0 \u00e9chapper \u00e0 ses griffes en 2015 lorsqu\u2019il s\u2019est rendu \u2013 10 ans apr\u00e8s que lui, M. Kony et trois autres hauts commandants ont \u00e9t\u00e9 inculp\u00e9s par la CPI.\/\/\/\/\/\/\/\/\/\/\/\/\/.<\/p>\n<p>Kony est l\u2019un des fugitifs les plus tristement c\u00e9l\u00e8bres au monde\/\/\/\/\/\/\/\/\/\/\/\/\/.<\/p>\n<p>Il est aujourd\u2019hui reconnu coupable de 61 des 70 chefs d\u2019accusation de crimes de guerre et de crimes contre l\u2019humanit\u00e9 commis entre juillet 2002 et d\u00e9cembre 2005.\/\/\/\/\/\/\/\/\/\/\/\/\/.<\/p>\n<p>Ils concernent des attaques contre quatre camps, gard\u00e9s par les forces de s\u00e9curit\u00e9, mis en place pour les personnes forc\u00e9es de fuir leurs maisons en raison des raids des rebelles. Il est aussi condamn\u00e9 pour esclavage sexuel, conscription et utilisation d\u2019enfants de moins de 15 ans dans des hostilit\u00e9s.\/\/\/\/\/\/\/\/\/\/\/\/\/.<\/p>\n<p>Pr\u00e9tendant se battre pour un \u00c9tat biblique, la LRA a tu\u00e9 plus de 100 000 personnes et enlev\u00e9 plus de 60 000 enfants au cours du conflit qui a dur\u00e9 trois d\u00e9cennies et qui s\u2019est \u00e9tendu \u00e0 plusieurs pays voisins de l\u2019Ouganda. \/\/\/\/\/\/\/\/\/\/\/\/\/.<\/p>\n<p>Ongwen, qui plaide non coupable, annonce qu\u2019il aurait d\u00fb \u00eatre consid\u00e9r\u00e9 comme une victime lui aussi, en s\u2019adressant au tribunal : \u201cje suis l\u2019une des personnes contre lesquelles la LRA a commis des atrocit\u00e9s.\u201d\/\/\/\/\/\/\/\/\/\/\/\/\/.<\/p>\n<p>D\u00e9crit comme un enfant calme et enjou\u00e9, son oncle, Johnson Odong, t\u00e9moin au tribunal, affirme que les parents d\u2019Ongwen sont tous deux morts moins d\u2019un mois apr\u00e8s son enl\u00e8vement \u2013 sa m\u00e8re aurait \u00e9t\u00e9 matraqu\u00e9e par les rebelles et son p\u00e8re pris pour un rebelle par les forces de s\u00e9curit\u00e9.\/\/\/\/\/\/\/\/\/\/\/\/\/.<\/p>\n<p>P\u2019Atwoga Okello, professeur d\u2019\u00e9cole primaire, dans une d\u00e9claration de t\u00e9moin de la d\u00e9fense, indique que le gar\u00e7on aimait les cours de danse culturelle \u201cet d\u2019autres domaines des arts\u201d.\/\/\/\/\/\/\/\/\/\/\/\/\/.<\/p>\n<p>Son professeur au sein de la LRA \u00e9tait Vincent Otti, qui est ensuite devenu l\u2019adjoint de M. Kony, avec qui il a v\u00e9cu apr\u00e8s son enl\u00e8vement, selon l\u2019universitaire Erin K Baines.\/\/\/\/\/\/\/\/\/\/\/\/\/.<\/p>\n<p>Un bon professeur pouvait faire preuve d\u2019une loyaut\u00e9 farouche apr\u00e8s avoir endoctrin\u00e9 les captifs par des passages \u00e0 tabac et des rituels brutaux \u2013 suivis d\u2019un entra\u00eenement militaire et de raids de pillage, dit-elle. \/\/\/\/\/\/\/\/\/\/\/\/\/.<\/p>\n<p>Le commandant de la LRA Vincent Otti a \u00e9t\u00e9 le premier mentor du jeune captif\/\/\/\/\/\/\/\/\/\/\/\/\/.<\/p>\n<p>Ongwen \u00e9tait apparemment d\u00e9sireux de plaire, mais il a d\u2019abord d\u00fb faire face aux exigences de la vie sur le pouce \u2013 les longues distances parcourues \u00e0 pied, et un t\u00e9moin de la CPI rapporte qu\u2019il a d\u00fb \u00eatre transport\u00e9 \u00e0 travers de grandes rivi\u00e8res. \/\/\/\/\/\/\/\/\/\/\/\/\/.<\/p>\n<p>Au milieu des ann\u00e9es 1990, il s\u2019installe dans ce qui est aujourd\u2019hui le Sud-Soudan, d\u2019o\u00f9 la LRA menait ses op\u00e9rations. En 2001, il \u00e9tait commandant sur le terrain et il s\u2019est fait conna\u00eetre pour avoir reconstitu\u00e9 les forces par des raids d\u2019enl\u00e8vements en Ouganda, explique Mme Baines.\/\/\/\/\/\/\/\/\/\/\/\/\/.<\/p>\n<p>\u201c[Il] a acquis la r\u00e9putation de pouvoir sortir de la plus sanglante des batailles avec peu de pertes parmi ses combattants\u201d, dit le Projet Enough, un autre groupe de campagne.\/\/\/\/\/\/\/\/\/\/\/\/\/.<\/p>\n<p>Dominic Ongwen en un coup d\u2019\u0153il :\/\/\/\/\/\/\/\/\/\/\/\/\/.<\/p>\n<p>\u2022 Enlev\u00e9 par la LRA alors qu\u2019il se rende \u00e0 l\u2019\u00e9cole\/\/\/\/\/\/\/\/\/\/\/\/\/.<\/p>\n<p>\u2022 Rampe pour devenir commandant en chef\/\/\/\/\/\/\/\/\/\/\/\/\/.<\/p>\n<p>\u2022 Accus\u00e9 de crimes de guerre et de crimes contre l\u2019humanit\u00e9, y compris l\u2019esclavage\/\/\/\/\/\/\/\/\/\/\/\/\/.<\/p>\n<p>\u2022 La CPI \u00e9met un mandat d\u2019arr\u00eat contre lui en 2005\/\/\/\/\/\/\/\/\/\/\/\/\/.<\/p>\n<p>\u2022 Les \u00c9tats-Unis offrent une r\u00e9compense de 5 millions de dollars (+2 milliards FCFA) pour toute information menant \u00e0 son arrestation en 2013 \/\/\/\/\/\/\/\/\/\/\/\/\/.<\/p>\n<p>\u2022 Transf\u00e9r\u00e9 \u00e0 la CPI en 2015 apr\u00e8s sa reddition. Reconnu coupable de crimes de guerre en 2021.\/\/\/\/\/\/\/\/\/\/\/\/\/.<\/p>\n<p>Une ancienne victime d\u2019enl\u00e8vement l\u2019a qualifi\u00e9 de \u201ccombattant acharn\u00e9 qui \u00e9tait toujours en mouvement\u201d \u2013 bien qu\u2019il boite \u00e0 cause d\u2019une mauvaise blessure \u00e0 la jambe.\/\/\/\/\/\/\/\/\/\/\/\/\/.<\/p>\n<p>Pendant le proc\u00e8s, l\u2019accusation a pr\u00e9sent\u00e9 les communications radio de la LRA intercept\u00e9es par les agences de s\u00e9curit\u00e9 ougandaises, montrant comment M. Kony \u2013 qui a convaincu son arm\u00e9e de personnes enlev\u00e9es que ses \u201cesprits\u201d pouvaient lire dans leurs pens\u00e9es \u2013 gardait un commandement et un contr\u00f4le serr\u00e9s sur ses bataillons. \/\/\/\/\/\/\/\/\/\/\/\/\/.<\/p>\n<p>La LRA est connue pour couper les l\u00e8vres, le nez et les oreilles des civils\/\/\/\/\/\/\/\/\/\/\/\/\/.<\/p>\n<p>\u201cLes commandants qui ont r\u00e9ussi ont \u00e9t\u00e9 f\u00e9licit\u00e9s par Kony et d\u2019autres officiers sup\u00e9rieurs. Je me souviens que Dominic Ongwen, appel\u00e9 Odomi, \u00e9tait souvent lou\u00e9\u201d, se rappelle un officier de surveillance radio, dont l\u2019identit\u00e9 \u00e9tait tenue secr\u00e8te.\/\/\/\/\/\/\/\/\/\/\/\/\/.<\/p>\n<p>Mais Ongwen avait \u00e9galement une relation instable avec M. Kony, s\u2019opposant \u00e0 l\u2019ex\u00e9cution d\u2019Otti en 2007 apr\u00e8s que les deux se soient brouill\u00e9s dans l\u2019impasse des pourparlers de paix. \/\/\/\/\/\/\/\/\/\/\/\/\/.<\/p>\n<p>\u201cLes transfuges de la LRA rapportent qu\u2019Ongwen \u00e9tait le seul commandant qui a plaid\u00e9 aupr\u00e8s de M. Kony pour \u00e9pargner la vie d\u2019Otti, une d\u00e9marche qui a affaibli son influence au sein de la LRA\u201d, indique le LRA Crisis Tracker.\/\/\/\/\/\/\/\/\/\/\/\/\/.<\/p>\n<p>\u201cCependant, Kony a \u00e9pargn\u00e9 \u00e0 Ongwen la purge ult\u00e9rieure des loyalistes d\u2019Otti en raison de la valeur d\u2019Ongwen pour la LRA, en particulier sa capacit\u00e9 \u00e0 diriger des troupes dans des missions audacieuses.\u201d\/\/\/\/\/\/\/\/\/\/\/\/\/.<\/p>\n<p>De nombreux villages ont \u00e9t\u00e9 d\u00e9truits dans le cadre du conflit\/\/\/\/\/\/\/\/\/\/\/\/\/.<\/p>\n<p>L\u2019initiative de paix s\u2019est d\u00e9roul\u00e9e dans une clairi\u00e8re de la jungle \u00e0 la fronti\u00e8re de la R\u00e9publique d\u00e9mocratique du Congo et de ce qui est aujourd\u2019hui le Sud-Soudan \u2013 avec des images incroyables des rebelles interagissant avec les m\u00e9diateurs.\/\/\/\/\/\/\/\/\/\/\/\/\/.<\/p>\n<p>Avec ses dreadlocks et ses airs de gar\u00e7on, Ongwen regarde avec prudence la proc\u00e9dure, qui, selon les observateurs, a finalement \u00e9chou\u00e9 en raison du refus de retirer les actes d\u2019accusation de la CPI de 2005.\/\/\/\/\/\/\/\/\/\/\/\/\/.<\/p>\n<p>Pour certains \u2013 dont sa \u201cfemme de brousse\u201d, Florence Ayot \u2013 c\u2019\u00e9tait une injustice. \/\/\/\/\/\/\/\/\/\/\/\/\/.<\/p>\n<p>\u201cDominic nous disait qu\u2019il avait \u00e9t\u00e9 enlev\u00e9 quand il \u00e9tait tr\u00e8s jeune. Tout ce qu\u2019il a fait \u00e9tait au nom de Kony, donc il est innocent\u201d, dit-elle \u00e0 la BBC en 2008.\/\/\/\/\/\/\/\/\/\/\/\/\/.<\/p>\n<p>Amnisti\u00e9e apr\u00e8s s\u2019\u00eatre \u00e9chapp\u00e9e de la LRA en 2005, elle avait \u00e9t\u00e9 enlev\u00e9e \u00e0 l\u2019\u00e2ge de neuf ans et \u00e9tait devenue la \u201cfemme\u201d du commandant de la LRA Obwong Kijura, qui l\u2019avait viol\u00e9e \u00e0 l\u2019\u00e2ge de 13 ans.\/\/\/\/\/\/\/\/\/\/\/\/\/.<\/p>\n<p>Apr\u00e8s sa mort, elle confie \u00e0 la CPI qu\u2019elle \u00e9tait devenue volontairement la \u201cfemme\u201d d\u2019Ongwen car le chef de la LRA ne permettait pas aux femmes de vivre seules.\/\/\/\/\/\/\/\/\/\/\/\/\/.<\/p>\n<p>Elle dit qu\u2019il avait trait\u00e9 son fils comme ses propres enfants par ses trois autres \u201cfemmes\u201d de l\u2019\u00e9poque et qu\u2019il n\u2019avait jamais \u00e9t\u00e9 violent envers elle. Ils ont eu deux enfants ensemble.\/\/\/\/\/\/\/\/\/\/\/\/\/.<\/p>\n<p>\u201cJe l\u2019aimais \u00e0 cause de la fa\u00e7on dont il vivait avec les gens. Il n\u2019\u00e9tait pas querelleur, et je sentais que c\u2019\u00e9tait bon pour moi d\u2019aller le voir. Il n\u2019y avait rien que je n\u2019aimais pas chez lui parce que je n\u2019avais pas vu ce qu\u2019il avait fait de mal auparavant\u2026 Nous vivions heureux ensemble.\u201d\/\/\/\/\/\/\/\/\/\/\/\/\/.<\/p>\n<p>Cela a \u00e9t\u00e9 mis en doute par le t\u00e9moignage de sept autres personnes au proc\u00e8s, dont le t\u00e9moin P-227, une autre des \u201c\u00e9pouses\u201d d\u2019Ongwen. Enlev\u00e9e en avril 2005, elle aurait \u00e9t\u00e9 forc\u00e9e d\u2019avoir des relations sexuelles avec Ongwen un mois plus tard : \u201cje me suis mise \u00e0 pleurer, je hurlais et ma voix \u00e9tait vraiment forte\u201d. \/\/\/\/\/\/\/\/\/\/\/\/\/.<\/p>\n<p>\u201cIl m\u2019a demand\u00e9 pourquoi je pleurais ; il m\u2019a dit que si je continuais \u00e0 pleurer \u2013 il m\u2019a montr\u00e9 son arme\u2026 J\u2019avais l\u2019impression que tout mon corps \u00e9tait en train de se d\u00e9chirer.\u201d Elle dit qu\u2019elle a \u00e9t\u00e9 viol\u00e9e \u00e0 plusieurs reprises jusqu\u2019\u00e0 son \u00e9vasion en 2010.\/\/\/\/\/\/\/\/\/\/\/\/\/.<\/p>\n<p>Le proc\u00e8s est suivi dans le nord de l\u2019Ouganda\/\/\/\/\/\/\/\/\/\/\/\/\/.<\/p>\n<p>Et s\u2019\u00e9chapper \u00e9tait une entreprise dangereuse \u2013 la LRA menacerait de d\u00e9truire votre village si vous le faisiez. Selon le t\u00e9moignage de Mme Ayot, Ongwen et elle ont effectivement complot\u00e9 pour s\u2019enfuir en 2003, mais leur plan a \u00e9t\u00e9 d\u00e9couvert et son \u201cmari\u201d a \u00e9t\u00e9 plac\u00e9 \u201cen \u00e9tat d\u2019arrestation\u201d par Otti pendant plusieurs semaines. \/\/\/\/\/\/\/\/\/\/\/\/\/.<\/p>\n<p>Certains psychiatres pr\u00e9sents au proc\u00e8s ont estim\u00e9 qu\u2019Ongwen souffrait de stress post-traumatique et d\u2019un trouble dissociatif de l\u2019identit\u00e9 au moment des attaques sur les camps, alors que l\u2019accusation soutient qu\u2019il \u00e9tait commandant de bataillon dans la brigade Sinia \u2013 dont il est devenu le commandant g\u00e9n\u00e9ral en mars 2004.\/\/\/\/\/\/\/\/\/\/\/\/\/.<\/p>\n<p>Les procureurs de la CPI citent des t\u00e9moignages selon lesquels il aurait, au moins une fois, ordonn\u00e9 \u00e0 ses hommes de \u201ctuer, cuisiner et manger des civils\u201d.\/\/\/\/\/\/\/\/\/\/\/\/\/.<\/p>\n<p>Plus de 4 000 victimes ont particip\u00e9 au proc\u00e8s \u2013 repr\u00e9sent\u00e9es par deux \u00e9quipes juridiques \u2013 dont la plupart sont d\u2019anciens r\u00e9sidents du camp \u2013 et le proc\u00e8s a d\u00e9taill\u00e9 les vies perdues, les destructions, les enl\u00e8vements et les dommages psychologiques subis par ces communaut\u00e9s dans le nord de l\u2019Ouganda.\/\/\/\/\/\/\/\/\/\/\/\/\/.<\/p>\n<p>Rangs sur les appels t\u00e9l\u00e9phoniques de la famille\/\/\/\/\/\/\/\/\/\/\/\/\/.<\/p>\n<p>Les informations sur son assassinat en 2005 s\u2019\u00e9tant av\u00e9r\u00e9es fausses, Ongwen est rest\u00e9 en fuite pendant de nombreuses ann\u00e9es encore, alors que les rebelles se d\u00e9pla\u00e7aient vers l\u2019ouest, en RD Congo et chez ses autres voisins.\/\/\/\/\/\/\/\/\/\/\/\/\/.<\/p>\n<p>En 2013, les \u00c9tats-Unis \u2013 qui s\u2019\u00e9taient joints \u00e0 la chasse aux commandants de la LRA \u2013 ont offert une r\u00e9compense de 5 millions de dollars (+2 milliards FCFA) pour toute information menant \u00e0 la capture d\u2019Ongwen. \/\/\/\/\/\/\/\/\/\/\/\/\/.<\/p>\n<p>Dominic Ongwen aurait eu une relation instable avec le leader de la LRA Joseph Kony (photo)\/\/\/\/\/\/\/\/\/\/\/\/\/.<\/p>\n<p>Un \u00e9vad\u00e9 de la LRA pr\u00e9tend que M. Kony a ordonn\u00e9 qu\u2019Ongwen soit s\u00e9v\u00e8rement battu pour insubordination \u00e0 la fin de 2014.\/\/\/\/\/\/\/\/\/\/\/\/\/.<\/p>\n<p>En mauvais \u00e9tat, il a fini par s\u2019\u00e9chapper du camp de la LRA au Darfour, pour se rendre du Soudan en R\u00e9publique centrafricaine (RCA) voisine, o\u00f9 il a \u00e9t\u00e9 plac\u00e9 en d\u00e9tention.\/\/\/\/\/\/\/\/\/\/\/\/\/.<\/p>\n<p>A l\u2019\u00e9poque, il a demand\u00e9 pardon au peuple ougandais, mais dans les dix jours qui ont suivi, il a \u00e9t\u00e9 transf\u00e9r\u00e9 \u00e0 la CPI. \/\/\/\/\/\/\/\/\/\/\/\/\/.<\/p>\n<p>Selon Justiceinfo.net, pendant son incarc\u00e9ration avant le proc\u00e8s, il a sembl\u00e9 profiter de sa chance de poursuivre ses \u00e9tudes, y compris des le\u00e7ons de piano.\/\/\/\/\/\/\/\/\/\/\/\/\/.<\/p>\n<p>Bien qu\u2019il ait menac\u00e9 de se suicider et qu\u2019il ait entam\u00e9 une gr\u00e8ve de la faim en 2016, en faisant la queue pour t\u00e9l\u00e9phoner \u00e0 sa famille, on lui avait d\u2019abord interdit de parler \u00e0 ses enfants.\/\/\/\/\/\/\/\/\/\/\/\/\/.<\/p>\n<p>Dominic Ongwen a g\u00e9n\u00e9ralement suivi les proc\u00e9dures de la CPI en toute tranquillit\u00e9\/\/\/\/\/\/\/\/\/\/\/\/\/.<\/p>\n<p>Certains affirment que le proc\u00e8s a \u00e9t\u00e9 une poursuite par procuration de M. Kony, dont le mouvement rebelle est beaucoup plus faible ces jours-ci, mais qui est toujours actif en dehors de l\u2019Ouganda.\/\/\/\/\/\/\/\/\/\/\/\/\/.<\/p>\n<p>N\u00e9anmoins, deux versions d\u2019Ongwen ont \u00e9merg\u00e9 au cours de son proc\u00e8s : l\u2019une d\u2019un tueur brutal, l\u2019autre d\u2019un enfant soldat traumatis\u00e9 qui a grandi dans un climat de conflit.\/\/\/\/\/\/\/\/\/\/\/\/\/.<\/p>\n<p>Son \u00e9quipe de d\u00e9fense soutient qu\u2019il devrait maintenant \u00eatre renvoy\u00e9 chez lui pour que les chefs Acholi locaux supervisent la justice par le biais de leurs rituels de r\u00e9conciliation traditionnels \u2013 comme cela a \u00e9t\u00e9 fait avec des milliers d\u2019autres combattants avant lui.\/\/\/\/\/\/\/\/\/\/\/\/\/.<\/p>\n<p>90% des victimes de violences sexuelles en Ouganda ont moins de 18 ans.<\/p>\n<p>Avec BBC Afrique<br \/>\n{CAPTION}<\/p>\n","protected":false},"excerpt":{"rendered":"<p>Africa-Press &#8211; CentrAfricaine. Bangui ( R\u00e9publique centrafricaine ) \u2013 Dominic Ongwen est le premier commandant de la LRA \u00e0 compara\u00eetre devant la Cour p\u00e9nale internationale Connu sous le nom de \u201cfourmi blanche\u201d, Dominic Ongwen, le criminel de guerre condamn\u00e9 aurait eu entre neuf et 14 ans lorsqu\u2019il est enlev\u00e9 par l\u2019Arm\u00e9e de R\u00e9sistance du Seigneur [&hellip;]<\/p>\n","protected":false},"author":82,"featured_media":3266,"comment_status":"open","ping_status":"closed","sticky":false,"template":"","format":"standard","meta":{"footnotes":""},"categories":[7,11,10],"tags":[36,58,30],"class_list":["post-3267","post","type-post","status-publish","format-standard","has-post-thumbnail","hentry","category-dossiers","category-homepage-french","category-toutes-les-actualites","tag-africa-press","tag-africa-press-centrafricaine","tag-centrafricaine"],"yoast_head":"<!-- This site is optimized with the Yoast SEO Premium plugin v26.1 (Yoast SEO v27.0) - https:\/\/yoast.com\/product\/yoast-seo-premium-wordpress\/ -->\n<title>Dominic Ongwen : d\u2019enfant enlev\u00e9 \u00e0 commandant rebelle - centrafricaine<\/title>\n<meta name=\"description\" content=\"Bangui ( R\u00e9publique centrafricaine ) \u2013 Dominic Ongwen est le premier commandant de la LRA \u00e0 compara\u00eetre devant la Cou ...\" \/>\n<meta name=\"robots\" content=\"index, follow, max-snippet:-1, max-image-preview:large, max-video-preview:-1\" \/>\n<link rel=\"canonical\" href=\"https:\/\/www.africa-press.net\/centrafricaine\/dossiers\/dominic-ongwen-denfant-enleve-a-commandant-rebelle\" \/>\n<meta property=\"og:locale\" content=\"fr_FR\" \/>\n<meta property=\"og:type\" content=\"article\" \/>\n<meta property=\"og:title\" content=\"Dominic Ongwen : d\u2019enfant enlev\u00e9 \u00e0 commandant rebelle\" \/>\n<meta property=\"og:description\" content=\"Bangui ( R\u00e9publique centrafricaine ) \u2013 Dominic Ongwen est le premier commandant de la LRA \u00e0 compara\u00eetre devant la Cou ...\" \/>\n<meta property=\"og:url\" content=\"https:\/\/www.africa-press.net\/centrafricaine\/dossiers\/dominic-ongwen-denfant-enleve-a-commandant-rebelle\" \/>\n<meta property=\"og:site_name\" content=\"centrafricaine\" \/>\n<meta property=\"article:published_time\" content=\"2021-02-12T16:15:37+00:00\" \/>\n<meta property=\"og:image\" content=\"https:\/\/static.africa-press.net\/centrafricaine\/sites\/45\/2021\/02\/img-6026a2ffa19b0.jpg\" \/>\n\t<meta property=\"og:image:width\" content=\"720\" \/>\n\t<meta property=\"og:image:height\" content=\"405\" \/>\n\t<meta property=\"og:image:type\" content=\"image\/jpeg\" \/>\n<meta name=\"author\" content=\"cfeditorfr\" \/>\n<meta name=\"twitter:card\" content=\"summary_large_image\" \/>\n<meta name=\"twitter:label1\" content=\"\u00c9crit par\" \/>\n\t<meta name=\"twitter:data1\" content=\"cfeditorfr\" \/>\n\t<meta name=\"twitter:label2\" content=\"Dur\u00e9e de lecture estim\u00e9e\" \/>\n\t<meta name=\"twitter:data2\" content=\"11 minutes\" \/>\n<script type=\"application\/ld+json\" class=\"yoast-schema-graph\">{\"@context\":\"https:\/\/schema.org\",\"@graph\":[{\"@type\":\"Article\",\"@id\":\"https:\/\/www.africa-press.net\/centrafricaine\/dossiers\/dominic-ongwen-denfant-enleve-a-commandant-rebelle#article\",\"isPartOf\":{\"@id\":\"https:\/\/www.africa-press.net\/centrafricaine\/dossiers\/dominic-ongwen-denfant-enleve-a-commandant-rebelle\"},\"author\":{\"name\":\"cfeditorfr\",\"@id\":\"https:\/\/www.africa-press.net\/centrafricaine\/#\/schema\/person\/2b1cf3cd81a31e3cd26889ca66d677f1\"},\"headline\":\"Dominic Ongwen : d\u2019enfant enlev\u00e9 \u00e0 commandant rebelle\",\"datePublished\":\"2021-02-12T16:15:37+00:00\",\"mainEntityOfPage\":{\"@id\":\"https:\/\/www.africa-press.net\/centrafricaine\/dossiers\/dominic-ongwen-denfant-enleve-a-commandant-rebelle\"},\"wordCount\":2188,\"commentCount\":0,\"image\":{\"@id\":\"https:\/\/www.africa-press.net\/centrafricaine\/dossiers\/dominic-ongwen-denfant-enleve-a-commandant-rebelle#primaryimage\"},\"thumbnailUrl\":\"https:\/\/static.africa-press.net\/centrafricaine\/sites\/45\/2021\/02\/img-6026a2ffa19b0.jpg\",\"keywords\":[\"Africa Press\",\"Africa Press-CentrAfricaine\",\"CentrAfricaine\"],\"articleSection\":[\"Dossiers\",\"homepage-french\",\"Toutes les actualit\u00e9s\"],\"inLanguage\":\"fr-FR\",\"potentialAction\":[{\"@type\":\"CommentAction\",\"name\":\"Comment\",\"target\":[\"https:\/\/www.africa-press.net\/centrafricaine\/dossiers\/dominic-ongwen-denfant-enleve-a-commandant-rebelle#respond\"]}]},{\"@type\":\"WebPage\",\"@id\":\"https:\/\/www.africa-press.net\/centrafricaine\/dossiers\/dominic-ongwen-denfant-enleve-a-commandant-rebelle\",\"url\":\"https:\/\/www.africa-press.net\/centrafricaine\/dossiers\/dominic-ongwen-denfant-enleve-a-commandant-rebelle\",\"name\":\"Dominic Ongwen : d\u2019enfant enlev\u00e9 \u00e0 commandant rebelle - centrafricaine\",\"isPartOf\":{\"@id\":\"https:\/\/www.africa-press.net\/centrafricaine\/#website\"},\"primaryImageOfPage\":{\"@id\":\"https:\/\/www.africa-press.net\/centrafricaine\/dossiers\/dominic-ongwen-denfant-enleve-a-commandant-rebelle#primaryimage\"},\"image\":{\"@id\":\"https:\/\/www.africa-press.net\/centrafricaine\/dossiers\/dominic-ongwen-denfant-enleve-a-commandant-rebelle#primaryimage\"},\"thumbnailUrl\":\"https:\/\/static.africa-press.net\/centrafricaine\/sites\/45\/2021\/02\/img-6026a2ffa19b0.jpg\",\"datePublished\":\"2021-02-12T16:15:37+00:00\",\"author\":{\"@id\":\"https:\/\/www.africa-press.net\/centrafricaine\/#\/schema\/person\/2b1cf3cd81a31e3cd26889ca66d677f1\"},\"description\":\"Bangui ( R\u00e9publique centrafricaine ) \u2013 Dominic Ongwen est le premier commandant de la LRA \u00e0 compara\u00eetre devant la Cou ...\",\"breadcrumb\":{\"@id\":\"https:\/\/www.africa-press.net\/centrafricaine\/dossiers\/dominic-ongwen-denfant-enleve-a-commandant-rebelle#breadcrumb\"},\"inLanguage\":\"fr-FR\",\"potentialAction\":[{\"@type\":\"ReadAction\",\"target\":[\"https:\/\/www.africa-press.net\/centrafricaine\/dossiers\/dominic-ongwen-denfant-enleve-a-commandant-rebelle\"]}]},{\"@type\":\"ImageObject\",\"inLanguage\":\"fr-FR\",\"@id\":\"https:\/\/www.africa-press.net\/centrafricaine\/dossiers\/dominic-ongwen-denfant-enleve-a-commandant-rebelle#primaryimage\",\"url\":\"https:\/\/static.africa-press.net\/centrafricaine\/sites\/45\/2021\/02\/img-6026a2ffa19b0.jpg\",\"contentUrl\":\"https:\/\/static.africa-press.net\/centrafricaine\/sites\/45\/2021\/02\/img-6026a2ffa19b0.jpg\",\"width\":720,\"height\":405,\"caption\":\"Dominic Ongwen : d\u2019enfant enlev\u00e9 \u00e0 commandant rebelle\"},{\"@type\":\"BreadcrumbList\",\"@id\":\"https:\/\/www.africa-press.net\/centrafricaine\/dossiers\/dominic-ongwen-denfant-enleve-a-commandant-rebelle#breadcrumb\",\"itemListElement\":[{\"@type\":\"ListItem\",\"position\":1,\"name\":\"Accueil\",\"item\":\"https:\/\/www.africa-press.net\/centrafricaine\/\"},{\"@type\":\"ListItem\",\"position\":2,\"name\":\"Dominic Ongwen : d\u2019enfant enlev\u00e9 \u00e0 commandant rebelle\"}]},{\"@type\":\"WebSite\",\"@id\":\"https:\/\/www.africa-press.net\/centrafricaine\/#website\",\"url\":\"https:\/\/www.africa-press.net\/centrafricaine\/\",\"name\":\"centrafricaine\",\"description\":\"Just another Africa News Agency Sites site\",\"potentialAction\":[{\"@type\":\"SearchAction\",\"target\":{\"@type\":\"EntryPoint\",\"urlTemplate\":\"https:\/\/www.africa-press.net\/centrafricaine\/?s={search_term_string}\"},\"query-input\":{\"@type\":\"PropertyValueSpecification\",\"valueRequired\":true,\"valueName\":\"search_term_string\"}}],\"inLanguage\":\"fr-FR\"},{\"@type\":\"Person\",\"@id\":\"https:\/\/www.africa-press.net\/centrafricaine\/#\/schema\/person\/2b1cf3cd81a31e3cd26889ca66d677f1\",\"name\":\"cfeditorfr\"}]}<\/script>\n<!-- \/ Yoast SEO Premium plugin. -->","yoast_head_json":{"title":"Dominic Ongwen : d\u2019enfant enlev\u00e9 \u00e0 commandant rebelle - centrafricaine","description":"Bangui ( R\u00e9publique centrafricaine ) \u2013 Dominic Ongwen est le premier commandant de la LRA \u00e0 compara\u00eetre devant la Cou ...","robots":{"index":"index","follow":"follow","max-snippet":"max-snippet:-1","max-image-preview":"max-image-preview:large","max-video-preview":"max-video-preview:-1"},"canonical":"https:\/\/www.africa-press.net\/centrafricaine\/dossiers\/dominic-ongwen-denfant-enleve-a-commandant-rebelle","og_locale":"fr_FR","og_type":"article","og_title":"Dominic Ongwen : d\u2019enfant enlev\u00e9 \u00e0 commandant rebelle","og_description":"Bangui ( R\u00e9publique centrafricaine ) \u2013 Dominic Ongwen est le premier commandant de la LRA \u00e0 compara\u00eetre devant la Cou ...","og_url":"https:\/\/www.africa-press.net\/centrafricaine\/dossiers\/dominic-ongwen-denfant-enleve-a-commandant-rebelle","og_site_name":"centrafricaine","article_published_time":"2021-02-12T16:15:37+00:00","og_image":[{"width":720,"height":405,"url":"https:\/\/static.africa-press.net\/centrafricaine\/sites\/45\/2021\/02\/img-6026a2ffa19b0.jpg","type":"image\/jpeg"}],"author":"cfeditorfr","twitter_card":"summary_large_image","twitter_misc":{"\u00c9crit par":"cfeditorfr","Dur\u00e9e de lecture estim\u00e9e":"11 minutes"},"schema":{"@context":"https:\/\/schema.org","@graph":[{"@type":"Article","@id":"https:\/\/www.africa-press.net\/centrafricaine\/dossiers\/dominic-ongwen-denfant-enleve-a-commandant-rebelle#article","isPartOf":{"@id":"https:\/\/www.africa-press.net\/centrafricaine\/dossiers\/dominic-ongwen-denfant-enleve-a-commandant-rebelle"},"author":{"name":"cfeditorfr","@id":"https:\/\/www.africa-press.net\/centrafricaine\/#\/schema\/person\/2b1cf3cd81a31e3cd26889ca66d677f1"},"headline":"Dominic Ongwen : d\u2019enfant enlev\u00e9 \u00e0 commandant rebelle","datePublished":"2021-02-12T16:15:37+00:00","mainEntityOfPage":{"@id":"https:\/\/www.africa-press.net\/centrafricaine\/dossiers\/dominic-ongwen-denfant-enleve-a-commandant-rebelle"},"wordCount":2188,"commentCount":0,"image":{"@id":"https:\/\/www.africa-press.net\/centrafricaine\/dossiers\/dominic-ongwen-denfant-enleve-a-commandant-rebelle#primaryimage"},"thumbnailUrl":"https:\/\/static.africa-press.net\/centrafricaine\/sites\/45\/2021\/02\/img-6026a2ffa19b0.jpg","keywords":["Africa Press","Africa Press-CentrAfricaine","CentrAfricaine"],"articleSection":["Dossiers","homepage-french","Toutes les actualit\u00e9s"],"inLanguage":"fr-FR","potentialAction":[{"@type":"CommentAction","name":"Comment","target":["https:\/\/www.africa-press.net\/centrafricaine\/dossiers\/dominic-ongwen-denfant-enleve-a-commandant-rebelle#respond"]}]},{"@type":"WebPage","@id":"https:\/\/www.africa-press.net\/centrafricaine\/dossiers\/dominic-ongwen-denfant-enleve-a-commandant-rebelle","url":"https:\/\/www.africa-press.net\/centrafricaine\/dossiers\/dominic-ongwen-denfant-enleve-a-commandant-rebelle","name":"Dominic Ongwen : d\u2019enfant enlev\u00e9 \u00e0 commandant rebelle - centrafricaine","isPartOf":{"@id":"https:\/\/www.africa-press.net\/centrafricaine\/#website"},"primaryImageOfPage":{"@id":"https:\/\/www.africa-press.net\/centrafricaine\/dossiers\/dominic-ongwen-denfant-enleve-a-commandant-rebelle#primaryimage"},"image":{"@id":"https:\/\/www.africa-press.net\/centrafricaine\/dossiers\/dominic-ongwen-denfant-enleve-a-commandant-rebelle#primaryimage"},"thumbnailUrl":"https:\/\/static.africa-press.net\/centrafricaine\/sites\/45\/2021\/02\/img-6026a2ffa19b0.jpg","datePublished":"2021-02-12T16:15:37+00:00","author":{"@id":"https:\/\/www.africa-press.net\/centrafricaine\/#\/schema\/person\/2b1cf3cd81a31e3cd26889ca66d677f1"},"description":"Bangui ( R\u00e9publique centrafricaine ) \u2013 Dominic Ongwen est le premier commandant de la LRA \u00e0 compara\u00eetre devant la Cou ...","breadcrumb":{"@id":"https:\/\/www.africa-press.net\/centrafricaine\/dossiers\/dominic-ongwen-denfant-enleve-a-commandant-rebelle#breadcrumb"},"inLanguage":"fr-FR","potentialAction":[{"@type":"ReadAction","target":["https:\/\/www.africa-press.net\/centrafricaine\/dossiers\/dominic-ongwen-denfant-enleve-a-commandant-rebelle"]}]},{"@type":"ImageObject","inLanguage":"fr-FR","@id":"https:\/\/www.africa-press.net\/centrafricaine\/dossiers\/dominic-ongwen-denfant-enleve-a-commandant-rebelle#primaryimage","url":"https:\/\/static.africa-press.net\/centrafricaine\/sites\/45\/2021\/02\/img-6026a2ffa19b0.jpg","contentUrl":"https:\/\/static.africa-press.net\/centrafricaine\/sites\/45\/2021\/02\/img-6026a2ffa19b0.jpg","width":720,"height":405,"caption":"Dominic Ongwen : d\u2019enfant enlev\u00e9 \u00e0 commandant rebelle"},{"@type":"BreadcrumbList","@id":"https:\/\/www.africa-press.net\/centrafricaine\/dossiers\/dominic-ongwen-denfant-enleve-a-commandant-rebelle#breadcrumb","itemListElement":[{"@type":"ListItem","position":1,"name":"Accueil","item":"https:\/\/www.africa-press.net\/centrafricaine\/"},{"@type":"ListItem","position":2,"name":"Dominic Ongwen : d\u2019enfant enlev\u00e9 \u00e0 commandant rebelle"}]},{"@type":"WebSite","@id":"https:\/\/www.africa-press.net\/centrafricaine\/#website","url":"https:\/\/www.africa-press.net\/centrafricaine\/","name":"centrafricaine","description":"Just another Africa News Agency Sites site","potentialAction":[{"@type":"SearchAction","target":{"@type":"EntryPoint","urlTemplate":"https:\/\/www.africa-press.net\/centrafricaine\/?s={search_term_string}"},"query-input":{"@type":"PropertyValueSpecification","valueRequired":true,"valueName":"search_term_string"}}],"inLanguage":"fr-FR"},{"@type":"Person","@id":"https:\/\/www.africa-press.net\/centrafricaine\/#\/schema\/person\/2b1cf3cd81a31e3cd26889ca66d677f1","name":"cfeditorfr"}]}},"_links":{"self":[{"href":"https:\/\/www.africa-press.net\/centrafricaine\/wp-json\/wp\/v2\/posts\/3267","targetHints":{"allow":["GET"]}}],"collection":[{"href":"https:\/\/www.africa-press.net\/centrafricaine\/wp-json\/wp\/v2\/posts"}],"about":[{"href":"https:\/\/www.africa-press.net\/centrafricaine\/wp-json\/wp\/v2\/types\/post"}],"author":[{"embeddable":true,"href":"https:\/\/www.africa-press.net\/centrafricaine\/wp-json\/wp\/v2\/users\/82"}],"replies":[{"embeddable":true,"href":"https:\/\/www.africa-press.net\/centrafricaine\/wp-json\/wp\/v2\/comments?post=3267"}],"version-history":[{"count":0,"href":"https:\/\/www.africa-press.net\/centrafricaine\/wp-json\/wp\/v2\/posts\/3267\/revisions"}],"wp:featuredmedia":[{"embeddable":true,"href":"https:\/\/www.africa-press.net\/centrafricaine\/wp-json\/wp\/v2\/media\/3266"}],"wp:attachment":[{"href":"https:\/\/www.africa-press.net\/centrafricaine\/wp-json\/wp\/v2\/media?parent=3267"}],"wp:term":[{"taxonomy":"category","embeddable":true,"href":"https:\/\/www.africa-press.net\/centrafricaine\/wp-json\/wp\/v2\/categories?post=3267"},{"taxonomy":"post_tag","embeddable":true,"href":"https:\/\/www.africa-press.net\/centrafricaine\/wp-json\/wp\/v2\/tags?post=3267"}],"curies":[{"name":"wp","href":"https:\/\/api.w.org\/{rel}","templated":true}]}}