{"id":33600,"date":"2022-12-29T17:44:55","date_gmt":"2022-12-29T17:44:55","guid":{"rendered":"https:\/\/www.africa-press.net\/centrafricaine\/politique\/la-ville-de-berberati-bientot-electrifiee-a-nouveau"},"modified":"2022-12-29T18:04:29","modified_gmt":"2022-12-29T18:04:29","slug":"la-ville-de-berberati-bientot-electrifiee-a-nouveau","status":"publish","type":"post","link":"https:\/\/www.africa-press.net\/centrafricaine\/toutes-les-actualites\/la-ville-de-berberati-bientot-electrifiee-a-nouveau","title":{"rendered":"la ville de Berberati bient\u00f4t \u00e9lectrifi\u00e9e \u00e0 nouveau"},"content":{"rendered":"<p><span style=\"color: #ff6600\"><strong>Africa-Press &#8211; CentrAfricaine. <\/strong><\/span>inscrite comme po\u0302le de de\u0301veloppement dans la vision politique des autorite\u0301s nationales, la ville de Berberati qui est un poumon e\u0301conomique de la RCA va biento\u0302t e\u0302tre e\u0301lectrifie\u0301e a\u0300 nouveau. Cela s\u2019inscrit dans la cadre du Pacel finance\u0301 par la Banque mondiale.<\/p>\n<p>Comme le te\u0301moignent les nombreux chantiers en phase d\u2019exe\u0301cution dans la ville de Bangui et certaines provinces du pays, la relance nationale est en cours. Conscientes des dividendes et des avantages e\u0301conomiques que pourrait apporter l\u2019e\u0301lectricite\u0301, les autorite\u0301s centrafricaines ont fait de l\u2019e\u0301lectrification de la RCA une priorite\u0301 de premier degre\u0301.<\/p>\n<p>La centrale thermique qui produisait de l\u2019e\u0301lectricite\u0301 a\u0300 Berberati ne fonctionnait plus convenablement a\u0300 un moment, plongeant la ville dans le noir.<\/p>\n<p>Ainsi pour mettre en valeur les nombreuses potentialite\u0301s que regorge la ville de Berberati situe\u0301e au sud-ouest de la RCA, le renforcement des capacite\u0301s de production de l\u2019e\u0301lectricite\u0301 de la ville est ne\u0301cessaire et c\u2019est ce que le gouvernement a\u0300 travers le projet d\u2019acce\u0300s a\u0300 l\u2019e\u0301lectricite\u0301 finance\u0301 par la banque mondiale entend faire pour e\u0301clairer dans un premier temps la ville de Berberati et fournir de l\u2019e\u0301nergie pour les activite\u0301s e\u0301conomique de la vile.<\/p>\n<p>Il convient par ailleurs de rappeler que le renforcement des capacite\u0301s de distribution de la SODECA et la modernisation des conduits d\u2019eau de la ville sont aussi l\u2019objet d\u2019un projet qui verra le jour dans peu de temps en faveur de la ville de Berberati.<\/p>\n<p><strong>Pour plus d&rsquo;informations et d&rsquo;analyses sur la <a href=\"https:\/\/www.africa-press.net\/centrafricaine\">CentrAfricaine<\/a>, suivez <a href=\"https:\/\/www.africa-press.net\/\">Africa-Press<\/a><\/strong><\/p>\n","protected":false},"excerpt":{"rendered":"<p>Africa-Press &#8211; CentrAfricaine. inscrite comme po\u0302le de de\u0301veloppement dans la vision politique des autorite\u0301s nationales, la ville de Berberati qui est un poumon e\u0301conomique de la RCA va biento\u0302t e\u0302tre e\u0301lectrifie\u0301e a\u0300 nouveau. Cela s\u2019inscrit dans la cadre du Pacel finance\u0301 par la Banque mondiale. Comme le te\u0301moignent les nombreux chantiers en phase d\u2019exe\u0301cution dans [&hellip;]<\/p>\n","protected":false},"author":82,"featured_media":33599,"comment_status":"open","ping_status":"closed","sticky":false,"template":"","format":"standard","meta":{"footnotes":""},"categories":[21,10],"tags":[36,58,574,30,41,3458,3108],"class_list":["post-33600","post","type-post","status-publish","format-standard","has-post-thumbnail","hentry","category-communaute","category-toutes-les-actualites","tag-africa-press","tag-africa-press-centrafricaine","tag-berberati","tag-centrafricaine","tag-centrafrique","tag-centrale-solaire","tag-electrification"],"yoast_head":"<!-- This site is optimized with the Yoast SEO Premium plugin v26.1 (Yoast SEO v27.0) - https:\/\/yoast.com\/product\/yoast-seo-premium-wordpress\/ -->\n<title>la ville de Berberati bient\u00f4t \u00e9lectrifi\u00e9e \u00e0 nouveau - centrafricaine<\/title>\n<meta name=\"description\" content=\"inscrite comme po\u0302le de de\u0301veloppement dans la vision politique des autorite\u0301s nationales, la ville de Berberati qui est ...\" \/>\n<meta name=\"robots\" content=\"index, follow, max-snippet:-1, max-image-preview:large, max-video-preview:-1\" \/>\n<link rel=\"canonical\" href=\"https:\/\/www.africa-press.net\/centrafricaine\/toutes-les-actualites\/la-ville-de-berberati-bientot-electrifiee-a-nouveau\" \/>\n<meta property=\"og:locale\" content=\"fr_FR\" \/>\n<meta property=\"og:type\" content=\"article\" \/>\n<meta property=\"og:title\" content=\"la ville de Berberati bient\u00f4t \u00e9lectrifi\u00e9e \u00e0 nouveau\" \/>\n<meta property=\"og:description\" content=\"inscrite comme po\u0302le de de\u0301veloppement dans la vision politique des autorite\u0301s nationales, la ville de Berberati qui est ...\" \/>\n<meta property=\"og:url\" content=\"https:\/\/www.africa-press.net\/centrafricaine\/toutes-les-actualites\/la-ville-de-berberati-bientot-electrifiee-a-nouveau\" \/>\n<meta property=\"og:site_name\" content=\"centrafricaine\" \/>\n<meta property=\"article:published_time\" content=\"2022-12-29T17:44:55+00:00\" \/>\n<meta property=\"article:modified_time\" content=\"2022-12-29T18:04:29+00:00\" \/>\n<meta property=\"og:image\" content=\"https:\/\/static.africa-press.net\/centrafricaine\/sites\/45\/2022\/12\/postQueueImg_1672323316.73.jpg\" \/>\n\t<meta property=\"og:image:width\" content=\"1020\" \/>\n\t<meta property=\"og:image:height\" content=\"552\" \/>\n\t<meta property=\"og:image:type\" content=\"image\/jpeg\" \/>\n<meta name=\"author\" content=\"cfeditorfr\" \/>\n<meta name=\"twitter:card\" content=\"summary_large_image\" \/>\n<meta name=\"twitter:label1\" content=\"\u00c9crit par\" \/>\n\t<meta name=\"twitter:data1\" content=\"cfeditorfr\" \/>\n\t<meta name=\"twitter:label2\" content=\"Dur\u00e9e de lecture estim\u00e9e\" \/>\n\t<meta name=\"twitter:data2\" content=\"2 minutes\" \/>\n<script type=\"application\/ld+json\" class=\"yoast-schema-graph\">{\"@context\":\"https:\/\/schema.org\",\"@graph\":[{\"@type\":\"Article\",\"@id\":\"https:\/\/www.africa-press.net\/centrafricaine\/toutes-les-actualites\/la-ville-de-berberati-bientot-electrifiee-a-nouveau#article\",\"isPartOf\":{\"@id\":\"https:\/\/www.africa-press.net\/centrafricaine\/toutes-les-actualites\/la-ville-de-berberati-bientot-electrifiee-a-nouveau\"},\"author\":{\"name\":\"cfeditorfr\",\"@id\":\"https:\/\/www.africa-press.net\/centrafricaine\/#\/schema\/person\/2b1cf3cd81a31e3cd26889ca66d677f1\"},\"headline\":\"la ville de Berberati bient\u00f4t \u00e9lectrifi\u00e9e \u00e0 nouveau\",\"datePublished\":\"2022-12-29T17:44:55+00:00\",\"dateModified\":\"2022-12-29T18:04:29+00:00\",\"mainEntityOfPage\":{\"@id\":\"https:\/\/www.africa-press.net\/centrafricaine\/toutes-les-actualites\/la-ville-de-berberati-bientot-electrifiee-a-nouveau\"},\"wordCount\":298,\"commentCount\":0,\"image\":{\"@id\":\"https:\/\/www.africa-press.net\/centrafricaine\/toutes-les-actualites\/la-ville-de-berberati-bientot-electrifiee-a-nouveau#primaryimage\"},\"thumbnailUrl\":\"https:\/\/static.africa-press.net\/centrafricaine\/sites\/45\/2022\/12\/postQueueImg_1672323316.73.jpg\",\"keywords\":[\"Africa Press\",\"Africa Press-CentrAfricaine\",\"Berberati\",\"CentrAfricaine\",\"Centrafrique\",\"centrale solaire\",\"\u00e9lectrification\"],\"articleSection\":[\"Communaut\u00e9\",\"Toutes les actualit\u00e9s\"],\"inLanguage\":\"fr-FR\",\"potentialAction\":[{\"@type\":\"CommentAction\",\"name\":\"Comment\",\"target\":[\"https:\/\/www.africa-press.net\/centrafricaine\/toutes-les-actualites\/la-ville-de-berberati-bientot-electrifiee-a-nouveau#respond\"]}]},{\"@type\":\"WebPage\",\"@id\":\"https:\/\/www.africa-press.net\/centrafricaine\/toutes-les-actualites\/la-ville-de-berberati-bientot-electrifiee-a-nouveau\",\"url\":\"https:\/\/www.africa-press.net\/centrafricaine\/toutes-les-actualites\/la-ville-de-berberati-bientot-electrifiee-a-nouveau\",\"name\":\"la ville de Berberati bient\u00f4t \u00e9lectrifi\u00e9e \u00e0 nouveau - centrafricaine\",\"isPartOf\":{\"@id\":\"https:\/\/www.africa-press.net\/centrafricaine\/#website\"},\"primaryImageOfPage\":{\"@id\":\"https:\/\/www.africa-press.net\/centrafricaine\/toutes-les-actualites\/la-ville-de-berberati-bientot-electrifiee-a-nouveau#primaryimage\"},\"image\":{\"@id\":\"https:\/\/www.africa-press.net\/centrafricaine\/toutes-les-actualites\/la-ville-de-berberati-bientot-electrifiee-a-nouveau#primaryimage\"},\"thumbnailUrl\":\"https:\/\/static.africa-press.net\/centrafricaine\/sites\/45\/2022\/12\/postQueueImg_1672323316.73.jpg\",\"datePublished\":\"2022-12-29T17:44:55+00:00\",\"dateModified\":\"2022-12-29T18:04:29+00:00\",\"author\":{\"@id\":\"https:\/\/www.africa-press.net\/centrafricaine\/#\/schema\/person\/2b1cf3cd81a31e3cd26889ca66d677f1\"},\"description\":\"inscrite comme po\u0302le de de\u0301veloppement dans la vision politique des autorite\u0301s nationales, la ville de Berberati qui est ...\",\"breadcrumb\":{\"@id\":\"https:\/\/www.africa-press.net\/centrafricaine\/toutes-les-actualites\/la-ville-de-berberati-bientot-electrifiee-a-nouveau#breadcrumb\"},\"inLanguage\":\"fr-FR\",\"potentialAction\":[{\"@type\":\"ReadAction\",\"target\":[\"https:\/\/www.africa-press.net\/centrafricaine\/toutes-les-actualites\/la-ville-de-berberati-bientot-electrifiee-a-nouveau\"]}]},{\"@type\":\"ImageObject\",\"inLanguage\":\"fr-FR\",\"@id\":\"https:\/\/www.africa-press.net\/centrafricaine\/toutes-les-actualites\/la-ville-de-berberati-bientot-electrifiee-a-nouveau#primaryimage\",\"url\":\"https:\/\/static.africa-press.net\/centrafricaine\/sites\/45\/2022\/12\/postQueueImg_1672323316.73.jpg\",\"contentUrl\":\"https:\/\/static.africa-press.net\/centrafricaine\/sites\/45\/2022\/12\/postQueueImg_1672323316.73.jpg\",\"width\":1020,\"height\":552,\"caption\":\"la ville de Berberati bient\u00f4t \u00e9lectrifi\u00e9e \u00e0 nouveau\"},{\"@type\":\"BreadcrumbList\",\"@id\":\"https:\/\/www.africa-press.net\/centrafricaine\/toutes-les-actualites\/la-ville-de-berberati-bientot-electrifiee-a-nouveau#breadcrumb\",\"itemListElement\":[{\"@type\":\"ListItem\",\"position\":1,\"name\":\"Accueil\",\"item\":\"https:\/\/www.africa-press.net\/centrafricaine\/\"},{\"@type\":\"ListItem\",\"position\":2,\"name\":\"la ville de Berberati bient\u00f4t \u00e9lectrifi\u00e9e \u00e0 nouveau\"}]},{\"@type\":\"WebSite\",\"@id\":\"https:\/\/www.africa-press.net\/centrafricaine\/#website\",\"url\":\"https:\/\/www.africa-press.net\/centrafricaine\/\",\"name\":\"centrafricaine\",\"description\":\"Just another Africa News Agency Sites site\",\"potentialAction\":[{\"@type\":\"SearchAction\",\"target\":{\"@type\":\"EntryPoint\",\"urlTemplate\":\"https:\/\/www.africa-press.net\/centrafricaine\/?s={search_term_string}\"},\"query-input\":{\"@type\":\"PropertyValueSpecification\",\"valueRequired\":true,\"valueName\":\"search_term_string\"}}],\"inLanguage\":\"fr-FR\"},{\"@type\":\"Person\",\"@id\":\"https:\/\/www.africa-press.net\/centrafricaine\/#\/schema\/person\/2b1cf3cd81a31e3cd26889ca66d677f1\",\"name\":\"cfeditorfr\"}]}<\/script>\n<!-- \/ Yoast SEO Premium plugin. -->","yoast_head_json":{"title":"la ville de Berberati bient\u00f4t \u00e9lectrifi\u00e9e \u00e0 nouveau - centrafricaine","description":"inscrite comme po\u0302le de de\u0301veloppement dans la vision politique des autorite\u0301s nationales, la ville de Berberati qui est ...","robots":{"index":"index","follow":"follow","max-snippet":"max-snippet:-1","max-image-preview":"max-image-preview:large","max-video-preview":"max-video-preview:-1"},"canonical":"https:\/\/www.africa-press.net\/centrafricaine\/toutes-les-actualites\/la-ville-de-berberati-bientot-electrifiee-a-nouveau","og_locale":"fr_FR","og_type":"article","og_title":"la ville de Berberati bient\u00f4t \u00e9lectrifi\u00e9e \u00e0 nouveau","og_description":"inscrite comme po\u0302le de de\u0301veloppement dans la vision politique des autorite\u0301s nationales, la ville de Berberati qui est ...","og_url":"https:\/\/www.africa-press.net\/centrafricaine\/toutes-les-actualites\/la-ville-de-berberati-bientot-electrifiee-a-nouveau","og_site_name":"centrafricaine","article_published_time":"2022-12-29T17:44:55+00:00","article_modified_time":"2022-12-29T18:04:29+00:00","og_image":[{"width":1020,"height":552,"url":"https:\/\/static.africa-press.net\/centrafricaine\/sites\/45\/2022\/12\/postQueueImg_1672323316.73.jpg","type":"image\/jpeg"}],"author":"cfeditorfr","twitter_card":"summary_large_image","twitter_misc":{"\u00c9crit par":"cfeditorfr","Dur\u00e9e de lecture estim\u00e9e":"2 minutes"},"schema":{"@context":"https:\/\/schema.org","@graph":[{"@type":"Article","@id":"https:\/\/www.africa-press.net\/centrafricaine\/toutes-les-actualites\/la-ville-de-berberati-bientot-electrifiee-a-nouveau#article","isPartOf":{"@id":"https:\/\/www.africa-press.net\/centrafricaine\/toutes-les-actualites\/la-ville-de-berberati-bientot-electrifiee-a-nouveau"},"author":{"name":"cfeditorfr","@id":"https:\/\/www.africa-press.net\/centrafricaine\/#\/schema\/person\/2b1cf3cd81a31e3cd26889ca66d677f1"},"headline":"la ville de Berberati bient\u00f4t \u00e9lectrifi\u00e9e \u00e0 nouveau","datePublished":"2022-12-29T17:44:55+00:00","dateModified":"2022-12-29T18:04:29+00:00","mainEntityOfPage":{"@id":"https:\/\/www.africa-press.net\/centrafricaine\/toutes-les-actualites\/la-ville-de-berberati-bientot-electrifiee-a-nouveau"},"wordCount":298,"commentCount":0,"image":{"@id":"https:\/\/www.africa-press.net\/centrafricaine\/toutes-les-actualites\/la-ville-de-berberati-bientot-electrifiee-a-nouveau#primaryimage"},"thumbnailUrl":"https:\/\/static.africa-press.net\/centrafricaine\/sites\/45\/2022\/12\/postQueueImg_1672323316.73.jpg","keywords":["Africa Press","Africa Press-CentrAfricaine","Berberati","CentrAfricaine","Centrafrique","centrale solaire","\u00e9lectrification"],"articleSection":["Communaut\u00e9","Toutes les actualit\u00e9s"],"inLanguage":"fr-FR","potentialAction":[{"@type":"CommentAction","name":"Comment","target":["https:\/\/www.africa-press.net\/centrafricaine\/toutes-les-actualites\/la-ville-de-berberati-bientot-electrifiee-a-nouveau#respond"]}]},{"@type":"WebPage","@id":"https:\/\/www.africa-press.net\/centrafricaine\/toutes-les-actualites\/la-ville-de-berberati-bientot-electrifiee-a-nouveau","url":"https:\/\/www.africa-press.net\/centrafricaine\/toutes-les-actualites\/la-ville-de-berberati-bientot-electrifiee-a-nouveau","name":"la ville de Berberati bient\u00f4t \u00e9lectrifi\u00e9e \u00e0 nouveau - centrafricaine","isPartOf":{"@id":"https:\/\/www.africa-press.net\/centrafricaine\/#website"},"primaryImageOfPage":{"@id":"https:\/\/www.africa-press.net\/centrafricaine\/toutes-les-actualites\/la-ville-de-berberati-bientot-electrifiee-a-nouveau#primaryimage"},"image":{"@id":"https:\/\/www.africa-press.net\/centrafricaine\/toutes-les-actualites\/la-ville-de-berberati-bientot-electrifiee-a-nouveau#primaryimage"},"thumbnailUrl":"https:\/\/static.africa-press.net\/centrafricaine\/sites\/45\/2022\/12\/postQueueImg_1672323316.73.jpg","datePublished":"2022-12-29T17:44:55+00:00","dateModified":"2022-12-29T18:04:29+00:00","author":{"@id":"https:\/\/www.africa-press.net\/centrafricaine\/#\/schema\/person\/2b1cf3cd81a31e3cd26889ca66d677f1"},"description":"inscrite comme po\u0302le de de\u0301veloppement dans la vision politique des autorite\u0301s nationales, la ville de Berberati qui est ...","breadcrumb":{"@id":"https:\/\/www.africa-press.net\/centrafricaine\/toutes-les-actualites\/la-ville-de-berberati-bientot-electrifiee-a-nouveau#breadcrumb"},"inLanguage":"fr-FR","potentialAction":[{"@type":"ReadAction","target":["https:\/\/www.africa-press.net\/centrafricaine\/toutes-les-actualites\/la-ville-de-berberati-bientot-electrifiee-a-nouveau"]}]},{"@type":"ImageObject","inLanguage":"fr-FR","@id":"https:\/\/www.africa-press.net\/centrafricaine\/toutes-les-actualites\/la-ville-de-berberati-bientot-electrifiee-a-nouveau#primaryimage","url":"https:\/\/static.africa-press.net\/centrafricaine\/sites\/45\/2022\/12\/postQueueImg_1672323316.73.jpg","contentUrl":"https:\/\/static.africa-press.net\/centrafricaine\/sites\/45\/2022\/12\/postQueueImg_1672323316.73.jpg","width":1020,"height":552,"caption":"la ville de Berberati bient\u00f4t \u00e9lectrifi\u00e9e \u00e0 nouveau"},{"@type":"BreadcrumbList","@id":"https:\/\/www.africa-press.net\/centrafricaine\/toutes-les-actualites\/la-ville-de-berberati-bientot-electrifiee-a-nouveau#breadcrumb","itemListElement":[{"@type":"ListItem","position":1,"name":"Accueil","item":"https:\/\/www.africa-press.net\/centrafricaine\/"},{"@type":"ListItem","position":2,"name":"la ville de Berberati bient\u00f4t \u00e9lectrifi\u00e9e \u00e0 nouveau"}]},{"@type":"WebSite","@id":"https:\/\/www.africa-press.net\/centrafricaine\/#website","url":"https:\/\/www.africa-press.net\/centrafricaine\/","name":"centrafricaine","description":"Just another Africa News Agency Sites site","potentialAction":[{"@type":"SearchAction","target":{"@type":"EntryPoint","urlTemplate":"https:\/\/www.africa-press.net\/centrafricaine\/?s={search_term_string}"},"query-input":{"@type":"PropertyValueSpecification","valueRequired":true,"valueName":"search_term_string"}}],"inLanguage":"fr-FR"},{"@type":"Person","@id":"https:\/\/www.africa-press.net\/centrafricaine\/#\/schema\/person\/2b1cf3cd81a31e3cd26889ca66d677f1","name":"cfeditorfr"}]}},"_links":{"self":[{"href":"https:\/\/www.africa-press.net\/centrafricaine\/wp-json\/wp\/v2\/posts\/33600","targetHints":{"allow":["GET"]}}],"collection":[{"href":"https:\/\/www.africa-press.net\/centrafricaine\/wp-json\/wp\/v2\/posts"}],"about":[{"href":"https:\/\/www.africa-press.net\/centrafricaine\/wp-json\/wp\/v2\/types\/post"}],"author":[{"embeddable":true,"href":"https:\/\/www.africa-press.net\/centrafricaine\/wp-json\/wp\/v2\/users\/82"}],"replies":[{"embeddable":true,"href":"https:\/\/www.africa-press.net\/centrafricaine\/wp-json\/wp\/v2\/comments?post=33600"}],"version-history":[{"count":0,"href":"https:\/\/www.africa-press.net\/centrafricaine\/wp-json\/wp\/v2\/posts\/33600\/revisions"}],"wp:featuredmedia":[{"embeddable":true,"href":"https:\/\/www.africa-press.net\/centrafricaine\/wp-json\/wp\/v2\/media\/33599"}],"wp:attachment":[{"href":"https:\/\/www.africa-press.net\/centrafricaine\/wp-json\/wp\/v2\/media?parent=33600"}],"wp:term":[{"taxonomy":"category","embeddable":true,"href":"https:\/\/www.africa-press.net\/centrafricaine\/wp-json\/wp\/v2\/categories?post=33600"},{"taxonomy":"post_tag","embeddable":true,"href":"https:\/\/www.africa-press.net\/centrafricaine\/wp-json\/wp\/v2\/tags?post=33600"}],"curies":[{"name":"wp","href":"https:\/\/api.w.org\/{rel}","templated":true}]}}