{"id":35331,"date":"2023-02-13T15:29:28","date_gmt":"2023-02-13T15:29:28","guid":{"rendered":"https:\/\/www.africa-press.net\/centrafricaine\/politique\/bientot-un-document-de-politique-nationale-des-droits-de-lhomme"},"modified":"2023-02-13T15:41:51","modified_gmt":"2023-02-13T15:41:51","slug":"bientot-un-document-de-politique-nationale-des-droits-de-lhomme","status":"publish","type":"post","link":"https:\/\/www.africa-press.net\/centrafricaine\/politique\/bientot-un-document-de-politique-nationale-des-droits-de-lhomme","title":{"rendered":"bient\u00f4t un document de politique nationale des droits de l\u2019homme"},"content":{"rendered":"<p><span style=\"color: #ff6600\"><strong>Africa-Press &#8211; CentrAfricaine. <\/strong><\/span>A la pre\u0301occupation de la population et d\u2019organisations tant nationales qu\u2019internationales sur la proble\u0301matique des droits de l\u2019homme dans le pays, les autorite\u0301s en partenariat avec la division des droits l\u2019homme de la Minusca entend doter la RCA d\u2019un document qui permettra de faire la promotion des droits de l\u2019homme dans le pays.<\/p>\n<p>Les crises a\u0300 re\u0301pe\u0301tition et les situations d\u2019instabilite\u0301 en RCA ont longtemps foule\u0301 au pied la question des droits de l\u2019homme dans le pays. Alors que les autorite\u0301s de leur co\u0302te\u0301 mettent tout en \u0153uvre pour garantir a\u0300 chaque citoyen jouir de ses droits les essentiels, les groupes arme\u0301s qui se\u0301vissent a\u0300 l\u2019inte\u0301rieur du pays continuent de porter atteinte a\u0300 ces droits.<\/p>\n<p>Ainsi pour mettre fin a\u0300 ces atteintes contre les droits de l\u2019homme dans le pays et selon la recommandation des Nations-Unies sur les politiques nationales de droits de l\u2019homme que doivent adopter chaque pays, le gouvernement et la Minusca re\u0301fle\u0301chissent sur l\u2019e\u0301laboration d\u2019un document de politique nationale des droits de l\u2019homme qui permettra de garantir et de faire la promotion des droits de l\u2019homme dans le pays.<\/p>\n<p>Pour rappel, c\u2019est en 2013 que la Minusca a lance\u0301 le projet de l\u2019e\u0301laboration du document de politique nationale des droits de l\u2019homme, un cadre juridique qui devra doter le pays d\u2019un instrument et moyens de renforcement de la lutte contre l\u2019impunite\u0301 afin de promouvoir les droits de l\u2019homme dans le pays.<\/p>\n<p><b>La Source: Ndjoni Sango<\/b><\/p>\n<p><strong>Pour plus d&rsquo;informations et d&rsquo;analyses sur la <a href=\"https:\/\/www.africa-press.net\/centrafricaine\">CentrAfricaine<\/a>, suivez <a href=\"https:\/\/www.africa-press.net\/\">Africa-Press<\/a><\/strong><\/p>\n","protected":false},"excerpt":{"rendered":"<p>Africa-Press &#8211; CentrAfricaine. A la pre\u0301occupation de la population et d\u2019organisations tant nationales qu\u2019internationales sur la proble\u0301matique des droits de l\u2019homme dans le pays, les autorite\u0301s en partenariat avec la division des droits l\u2019homme de la Minusca entend doter la RCA d\u2019un document qui permettra de faire la promotion des droits de l\u2019homme dans le [&hellip;]<\/p>\n","protected":false},"author":82,"featured_media":35330,"comment_status":"open","ping_status":"closed","sticky":false,"template":"","format":"standard","meta":{"footnotes":""},"categories":[2,10],"tags":[36,58,30,41,3547,1729,617,48,3546],"class_list":["post-35331","post","type-post","status-publish","format-standard","has-post-thumbnail","hentry","category-politique","category-toutes-les-actualites","tag-africa-press","tag-africa-press-centrafricaine","tag-centrafricaine","tag-centrafrique","tag-document","tag-droits-de-lhomme","tag-gouvernement","tag-minusca","tag-politique-nationale"],"yoast_head":"<!-- This site is optimized with the Yoast SEO Premium plugin v26.1 (Yoast SEO v27.0) - https:\/\/yoast.com\/product\/yoast-seo-premium-wordpress\/ -->\n<title>bient\u00f4t un document de politique nationale des droits de l\u2019homme - centrafricaine<\/title>\n<meta name=\"description\" content=\"A la pre\u0301occupation de la population et d\u2019organisations tant nationales qu\u2019internationales sur la proble\u0301matique des dro ...\" \/>\n<meta name=\"robots\" content=\"index, follow, max-snippet:-1, max-image-preview:large, max-video-preview:-1\" \/>\n<link rel=\"canonical\" href=\"https:\/\/www.africa-press.net\/centrafricaine\/politique\/bientot-un-document-de-politique-nationale-des-droits-de-lhomme\" \/>\n<meta property=\"og:locale\" content=\"fr_FR\" \/>\n<meta property=\"og:type\" content=\"article\" \/>\n<meta property=\"og:title\" content=\"bient\u00f4t un document de politique nationale des droits de l\u2019homme\" \/>\n<meta property=\"og:description\" content=\"A la pre\u0301occupation de la population et d\u2019organisations tant nationales qu\u2019internationales sur la proble\u0301matique des dro ...\" \/>\n<meta property=\"og:url\" content=\"https:\/\/www.africa-press.net\/centrafricaine\/politique\/bientot-un-document-de-politique-nationale-des-droits-de-lhomme\" \/>\n<meta property=\"og:site_name\" content=\"centrafricaine\" \/>\n<meta property=\"article:published_time\" content=\"2023-02-13T15:29:28+00:00\" \/>\n<meta property=\"article:modified_time\" content=\"2023-02-13T15:41:51+00:00\" \/>\n<meta property=\"og:image\" content=\"https:\/\/static.africa-press.net\/centrafricaine\/sites\/45\/2023\/02\/postQueueImg_1676289610.68.jpg\" \/>\n\t<meta property=\"og:image:width\" content=\"960\" \/>\n\t<meta property=\"og:image:height\" content=\"480\" \/>\n\t<meta property=\"og:image:type\" content=\"image\/jpeg\" \/>\n<meta name=\"author\" content=\"cfeditorfr\" \/>\n<meta name=\"twitter:card\" content=\"summary_large_image\" \/>\n<meta name=\"twitter:label1\" content=\"\u00c9crit par\" \/>\n\t<meta name=\"twitter:data1\" content=\"cfeditorfr\" \/>\n\t<meta name=\"twitter:label2\" content=\"Dur\u00e9e de lecture estim\u00e9e\" \/>\n\t<meta name=\"twitter:data2\" content=\"2 minutes\" \/>\n<script type=\"application\/ld+json\" class=\"yoast-schema-graph\">{\"@context\":\"https:\/\/schema.org\",\"@graph\":[{\"@type\":\"Article\",\"@id\":\"https:\/\/www.africa-press.net\/centrafricaine\/politique\/bientot-un-document-de-politique-nationale-des-droits-de-lhomme#article\",\"isPartOf\":{\"@id\":\"https:\/\/www.africa-press.net\/centrafricaine\/politique\/bientot-un-document-de-politique-nationale-des-droits-de-lhomme\"},\"author\":{\"name\":\"cfeditorfr\",\"@id\":\"https:\/\/www.africa-press.net\/centrafricaine\/#\/schema\/person\/2b1cf3cd81a31e3cd26889ca66d677f1\"},\"headline\":\"bient\u00f4t un document de politique nationale des droits de l\u2019homme\",\"datePublished\":\"2023-02-13T15:29:28+00:00\",\"dateModified\":\"2023-02-13T15:41:51+00:00\",\"mainEntityOfPage\":{\"@id\":\"https:\/\/www.africa-press.net\/centrafricaine\/politique\/bientot-un-document-de-politique-nationale-des-droits-de-lhomme\"},\"wordCount\":299,\"commentCount\":0,\"image\":{\"@id\":\"https:\/\/www.africa-press.net\/centrafricaine\/politique\/bientot-un-document-de-politique-nationale-des-droits-de-lhomme#primaryimage\"},\"thumbnailUrl\":\"https:\/\/static.africa-press.net\/centrafricaine\/sites\/45\/2023\/02\/postQueueImg_1676289610.68.jpg\",\"keywords\":[\"Africa Press\",\"Africa Press-CentrAfricaine\",\"CentrAfricaine\",\"Centrafrique\",\"document\",\"Droits de l'homme\",\"gouvernement\",\"Minusca\",\"politique nationale\"],\"articleSection\":[\"Politique\",\"Toutes les actualit\u00e9s\"],\"inLanguage\":\"fr-FR\",\"potentialAction\":[{\"@type\":\"CommentAction\",\"name\":\"Comment\",\"target\":[\"https:\/\/www.africa-press.net\/centrafricaine\/politique\/bientot-un-document-de-politique-nationale-des-droits-de-lhomme#respond\"]}]},{\"@type\":\"WebPage\",\"@id\":\"https:\/\/www.africa-press.net\/centrafricaine\/politique\/bientot-un-document-de-politique-nationale-des-droits-de-lhomme\",\"url\":\"https:\/\/www.africa-press.net\/centrafricaine\/politique\/bientot-un-document-de-politique-nationale-des-droits-de-lhomme\",\"name\":\"bient\u00f4t un document de politique nationale des droits de l\u2019homme - centrafricaine\",\"isPartOf\":{\"@id\":\"https:\/\/www.africa-press.net\/centrafricaine\/#website\"},\"primaryImageOfPage\":{\"@id\":\"https:\/\/www.africa-press.net\/centrafricaine\/politique\/bientot-un-document-de-politique-nationale-des-droits-de-lhomme#primaryimage\"},\"image\":{\"@id\":\"https:\/\/www.africa-press.net\/centrafricaine\/politique\/bientot-un-document-de-politique-nationale-des-droits-de-lhomme#primaryimage\"},\"thumbnailUrl\":\"https:\/\/static.africa-press.net\/centrafricaine\/sites\/45\/2023\/02\/postQueueImg_1676289610.68.jpg\",\"datePublished\":\"2023-02-13T15:29:28+00:00\",\"dateModified\":\"2023-02-13T15:41:51+00:00\",\"author\":{\"@id\":\"https:\/\/www.africa-press.net\/centrafricaine\/#\/schema\/person\/2b1cf3cd81a31e3cd26889ca66d677f1\"},\"description\":\"A la pre\u0301occupation de la population et d\u2019organisations tant nationales qu\u2019internationales sur la proble\u0301matique des dro ...\",\"breadcrumb\":{\"@id\":\"https:\/\/www.africa-press.net\/centrafricaine\/politique\/bientot-un-document-de-politique-nationale-des-droits-de-lhomme#breadcrumb\"},\"inLanguage\":\"fr-FR\",\"potentialAction\":[{\"@type\":\"ReadAction\",\"target\":[\"https:\/\/www.africa-press.net\/centrafricaine\/politique\/bientot-un-document-de-politique-nationale-des-droits-de-lhomme\"]}]},{\"@type\":\"ImageObject\",\"inLanguage\":\"fr-FR\",\"@id\":\"https:\/\/www.africa-press.net\/centrafricaine\/politique\/bientot-un-document-de-politique-nationale-des-droits-de-lhomme#primaryimage\",\"url\":\"https:\/\/static.africa-press.net\/centrafricaine\/sites\/45\/2023\/02\/postQueueImg_1676289610.68.jpg\",\"contentUrl\":\"https:\/\/static.africa-press.net\/centrafricaine\/sites\/45\/2023\/02\/postQueueImg_1676289610.68.jpg\",\"width\":960,\"height\":480,\"caption\":\"bient\u00f4t un document de politique nationale des droits de l\u2019homme\"},{\"@type\":\"BreadcrumbList\",\"@id\":\"https:\/\/www.africa-press.net\/centrafricaine\/politique\/bientot-un-document-de-politique-nationale-des-droits-de-lhomme#breadcrumb\",\"itemListElement\":[{\"@type\":\"ListItem\",\"position\":1,\"name\":\"Accueil\",\"item\":\"https:\/\/www.africa-press.net\/centrafricaine\/\"},{\"@type\":\"ListItem\",\"position\":2,\"name\":\"bient\u00f4t un document de politique nationale des droits de l\u2019homme\"}]},{\"@type\":\"WebSite\",\"@id\":\"https:\/\/www.africa-press.net\/centrafricaine\/#website\",\"url\":\"https:\/\/www.africa-press.net\/centrafricaine\/\",\"name\":\"centrafricaine\",\"description\":\"Just another Africa News Agency Sites site\",\"potentialAction\":[{\"@type\":\"SearchAction\",\"target\":{\"@type\":\"EntryPoint\",\"urlTemplate\":\"https:\/\/www.africa-press.net\/centrafricaine\/?s={search_term_string}\"},\"query-input\":{\"@type\":\"PropertyValueSpecification\",\"valueRequired\":true,\"valueName\":\"search_term_string\"}}],\"inLanguage\":\"fr-FR\"},{\"@type\":\"Person\",\"@id\":\"https:\/\/www.africa-press.net\/centrafricaine\/#\/schema\/person\/2b1cf3cd81a31e3cd26889ca66d677f1\",\"name\":\"cfeditorfr\"}]}<\/script>\n<!-- \/ Yoast SEO Premium plugin. -->","yoast_head_json":{"title":"bient\u00f4t un document de politique nationale des droits de l\u2019homme - centrafricaine","description":"A la pre\u0301occupation de la population et d\u2019organisations tant nationales qu\u2019internationales sur la proble\u0301matique des dro ...","robots":{"index":"index","follow":"follow","max-snippet":"max-snippet:-1","max-image-preview":"max-image-preview:large","max-video-preview":"max-video-preview:-1"},"canonical":"https:\/\/www.africa-press.net\/centrafricaine\/politique\/bientot-un-document-de-politique-nationale-des-droits-de-lhomme","og_locale":"fr_FR","og_type":"article","og_title":"bient\u00f4t un document de politique nationale des droits de l\u2019homme","og_description":"A la pre\u0301occupation de la population et d\u2019organisations tant nationales qu\u2019internationales sur la proble\u0301matique des dro ...","og_url":"https:\/\/www.africa-press.net\/centrafricaine\/politique\/bientot-un-document-de-politique-nationale-des-droits-de-lhomme","og_site_name":"centrafricaine","article_published_time":"2023-02-13T15:29:28+00:00","article_modified_time":"2023-02-13T15:41:51+00:00","og_image":[{"width":960,"height":480,"url":"https:\/\/static.africa-press.net\/centrafricaine\/sites\/45\/2023\/02\/postQueueImg_1676289610.68.jpg","type":"image\/jpeg"}],"author":"cfeditorfr","twitter_card":"summary_large_image","twitter_misc":{"\u00c9crit par":"cfeditorfr","Dur\u00e9e de lecture estim\u00e9e":"2 minutes"},"schema":{"@context":"https:\/\/schema.org","@graph":[{"@type":"Article","@id":"https:\/\/www.africa-press.net\/centrafricaine\/politique\/bientot-un-document-de-politique-nationale-des-droits-de-lhomme#article","isPartOf":{"@id":"https:\/\/www.africa-press.net\/centrafricaine\/politique\/bientot-un-document-de-politique-nationale-des-droits-de-lhomme"},"author":{"name":"cfeditorfr","@id":"https:\/\/www.africa-press.net\/centrafricaine\/#\/schema\/person\/2b1cf3cd81a31e3cd26889ca66d677f1"},"headline":"bient\u00f4t un document de politique nationale des droits de l\u2019homme","datePublished":"2023-02-13T15:29:28+00:00","dateModified":"2023-02-13T15:41:51+00:00","mainEntityOfPage":{"@id":"https:\/\/www.africa-press.net\/centrafricaine\/politique\/bientot-un-document-de-politique-nationale-des-droits-de-lhomme"},"wordCount":299,"commentCount":0,"image":{"@id":"https:\/\/www.africa-press.net\/centrafricaine\/politique\/bientot-un-document-de-politique-nationale-des-droits-de-lhomme#primaryimage"},"thumbnailUrl":"https:\/\/static.africa-press.net\/centrafricaine\/sites\/45\/2023\/02\/postQueueImg_1676289610.68.jpg","keywords":["Africa Press","Africa Press-CentrAfricaine","CentrAfricaine","Centrafrique","document","Droits de l'homme","gouvernement","Minusca","politique nationale"],"articleSection":["Politique","Toutes les actualit\u00e9s"],"inLanguage":"fr-FR","potentialAction":[{"@type":"CommentAction","name":"Comment","target":["https:\/\/www.africa-press.net\/centrafricaine\/politique\/bientot-un-document-de-politique-nationale-des-droits-de-lhomme#respond"]}]},{"@type":"WebPage","@id":"https:\/\/www.africa-press.net\/centrafricaine\/politique\/bientot-un-document-de-politique-nationale-des-droits-de-lhomme","url":"https:\/\/www.africa-press.net\/centrafricaine\/politique\/bientot-un-document-de-politique-nationale-des-droits-de-lhomme","name":"bient\u00f4t un document de politique nationale des droits de l\u2019homme - centrafricaine","isPartOf":{"@id":"https:\/\/www.africa-press.net\/centrafricaine\/#website"},"primaryImageOfPage":{"@id":"https:\/\/www.africa-press.net\/centrafricaine\/politique\/bientot-un-document-de-politique-nationale-des-droits-de-lhomme#primaryimage"},"image":{"@id":"https:\/\/www.africa-press.net\/centrafricaine\/politique\/bientot-un-document-de-politique-nationale-des-droits-de-lhomme#primaryimage"},"thumbnailUrl":"https:\/\/static.africa-press.net\/centrafricaine\/sites\/45\/2023\/02\/postQueueImg_1676289610.68.jpg","datePublished":"2023-02-13T15:29:28+00:00","dateModified":"2023-02-13T15:41:51+00:00","author":{"@id":"https:\/\/www.africa-press.net\/centrafricaine\/#\/schema\/person\/2b1cf3cd81a31e3cd26889ca66d677f1"},"description":"A la pre\u0301occupation de la population et d\u2019organisations tant nationales qu\u2019internationales sur la proble\u0301matique des dro ...","breadcrumb":{"@id":"https:\/\/www.africa-press.net\/centrafricaine\/politique\/bientot-un-document-de-politique-nationale-des-droits-de-lhomme#breadcrumb"},"inLanguage":"fr-FR","potentialAction":[{"@type":"ReadAction","target":["https:\/\/www.africa-press.net\/centrafricaine\/politique\/bientot-un-document-de-politique-nationale-des-droits-de-lhomme"]}]},{"@type":"ImageObject","inLanguage":"fr-FR","@id":"https:\/\/www.africa-press.net\/centrafricaine\/politique\/bientot-un-document-de-politique-nationale-des-droits-de-lhomme#primaryimage","url":"https:\/\/static.africa-press.net\/centrafricaine\/sites\/45\/2023\/02\/postQueueImg_1676289610.68.jpg","contentUrl":"https:\/\/static.africa-press.net\/centrafricaine\/sites\/45\/2023\/02\/postQueueImg_1676289610.68.jpg","width":960,"height":480,"caption":"bient\u00f4t un document de politique nationale des droits de l\u2019homme"},{"@type":"BreadcrumbList","@id":"https:\/\/www.africa-press.net\/centrafricaine\/politique\/bientot-un-document-de-politique-nationale-des-droits-de-lhomme#breadcrumb","itemListElement":[{"@type":"ListItem","position":1,"name":"Accueil","item":"https:\/\/www.africa-press.net\/centrafricaine\/"},{"@type":"ListItem","position":2,"name":"bient\u00f4t un document de politique nationale des droits de l\u2019homme"}]},{"@type":"WebSite","@id":"https:\/\/www.africa-press.net\/centrafricaine\/#website","url":"https:\/\/www.africa-press.net\/centrafricaine\/","name":"centrafricaine","description":"Just another Africa News Agency Sites site","potentialAction":[{"@type":"SearchAction","target":{"@type":"EntryPoint","urlTemplate":"https:\/\/www.africa-press.net\/centrafricaine\/?s={search_term_string}"},"query-input":{"@type":"PropertyValueSpecification","valueRequired":true,"valueName":"search_term_string"}}],"inLanguage":"fr-FR"},{"@type":"Person","@id":"https:\/\/www.africa-press.net\/centrafricaine\/#\/schema\/person\/2b1cf3cd81a31e3cd26889ca66d677f1","name":"cfeditorfr"}]}},"_links":{"self":[{"href":"https:\/\/www.africa-press.net\/centrafricaine\/wp-json\/wp\/v2\/posts\/35331","targetHints":{"allow":["GET"]}}],"collection":[{"href":"https:\/\/www.africa-press.net\/centrafricaine\/wp-json\/wp\/v2\/posts"}],"about":[{"href":"https:\/\/www.africa-press.net\/centrafricaine\/wp-json\/wp\/v2\/types\/post"}],"author":[{"embeddable":true,"href":"https:\/\/www.africa-press.net\/centrafricaine\/wp-json\/wp\/v2\/users\/82"}],"replies":[{"embeddable":true,"href":"https:\/\/www.africa-press.net\/centrafricaine\/wp-json\/wp\/v2\/comments?post=35331"}],"version-history":[{"count":0,"href":"https:\/\/www.africa-press.net\/centrafricaine\/wp-json\/wp\/v2\/posts\/35331\/revisions"}],"wp:featuredmedia":[{"embeddable":true,"href":"https:\/\/www.africa-press.net\/centrafricaine\/wp-json\/wp\/v2\/media\/35330"}],"wp:attachment":[{"href":"https:\/\/www.africa-press.net\/centrafricaine\/wp-json\/wp\/v2\/media?parent=35331"}],"wp:term":[{"taxonomy":"category","embeddable":true,"href":"https:\/\/www.africa-press.net\/centrafricaine\/wp-json\/wp\/v2\/categories?post=35331"},{"taxonomy":"post_tag","embeddable":true,"href":"https:\/\/www.africa-press.net\/centrafricaine\/wp-json\/wp\/v2\/tags?post=35331"}],"curies":[{"name":"wp","href":"https:\/\/api.w.org\/{rel}","templated":true}]}}