{"id":35608,"date":"2023-02-18T19:39:32","date_gmt":"2023-02-18T19:39:32","guid":{"rendered":"https:\/\/www.africa-press.net\/centrafricaine\/politique\/la-necessite-du-pouvoir-traditionnel-simpose-pour-la-stabilite"},"modified":"2023-02-18T19:50:19","modified_gmt":"2023-02-18T19:50:19","slug":"la-necessite-du-pouvoir-traditionnel-simpose-pour-la-stabilite","status":"publish","type":"post","link":"https:\/\/www.africa-press.net\/centrafricaine\/toutes-les-actualites\/la-necessite-du-pouvoir-traditionnel-simpose-pour-la-stabilite","title":{"rendered":"la n\u00e9cessit\u00e9 du pouvoir traditionnel s\u2019impose pour la stabilit\u00e9"},"content":{"rendered":"<p><span style=\"color: #ff6600\"><strong>Africa-Press &#8211; CentrAfricaine. <\/strong><\/span>La proble\u0301matique de l\u2019autorite\u0301 traditionnelle dans notre pays longtemps relaye\u0301e au second rang a peut-e\u0302tre e\u0301te\u0301 la cause des crises sociales dans le pays. Ainsi, a\u0300 l\u2019exemple de certains pays de la sous-re\u0301gion ou d\u2019Afrique ou\u0300 les chefs traditionnels jouent un ro\u0302le important dans la gestion de la chose publique, la RCA gagnera en promouvant l\u2019autorite\u0301 des chefs traditionnels.<\/p>\n<p>La RCA de par sa diversite\u0301 ethnique est aussi riche sur le plan culturel et si les chefs coutumiers avant les inde\u0301pendances e\u0301taient les garants de l\u2019ordre social et politique dans le pays, les diffe\u0301rents et les litiges entre les communaute\u0301s se re\u0301glaient assez facilement.<\/p>\n<p>Avec le mode de gouvernance actuelle de l\u2019e\u0301tat, les proble\u0300mes ont du mal a\u0300 se re\u0301soudre et que de plus en plus de jeunes ne comprennent pas l\u2019importance du pouvoir coutumier.<\/p>\n<p>Et comme l\u2019expe\u0301rience a prouve\u0301 sous d\u2019autres cieux, les chefs traditionnels tout en e\u0301tant les de\u0301positaires des us et coutumes ancestraux, leur contribution dans la recherche des solutions aux proble\u0300mes existentiels de leurs socie\u0301te\u0301s est prise en compte tant ils sont consulte\u0301s par les pouvoirs publics. Le pouvoir traditionnel reste et demeure ainsi un garant de stabilite\u0301 et de promotion culturelle.<\/p>\n<p>La RCA qui fait face a\u0300 des crises d\u2019ordre socio-politique gagnera en valorisant l\u2019autorite\u0301 des chefs traditionnels. La reconstruction ne sera efficiente que si tous les acteurs de sa vie sociale, e\u0301conomique et politique soient pleinement implique\u0301s.<\/p>\n<p><b>La Source: Ndjoni Sango<\/b><\/p>\n<p><strong>Pour plus d&rsquo;informations et d&rsquo;analyses sur la <a href=\"https:\/\/www.africa-press.net\/centrafricaine\">CentrAfricaine<\/a>, suivez <a href=\"https:\/\/www.africa-press.net\/\">Africa-Press<\/a><\/strong><\/p>\n","protected":false},"excerpt":{"rendered":"<p>Africa-Press &#8211; CentrAfricaine. La proble\u0301matique de l\u2019autorite\u0301 traditionnelle dans notre pays longtemps relaye\u0301e au second rang a peut-e\u0302tre e\u0301te\u0301 la cause des crises sociales dans le pays. Ainsi, a\u0300 l\u2019exemple de certains pays de la sous-re\u0301gion ou d\u2019Afrique ou\u0300 les chefs traditionnels jouent un ro\u0302le important dans la gestion de la chose publique, la RCA [&hellip;]<\/p>\n","protected":false},"author":82,"featured_media":35607,"comment_status":"open","ping_status":"closed","sticky":false,"template":"","format":"standard","meta":{"footnotes":""},"categories":[21,10],"tags":[36,58,30,41,1991,1697],"class_list":["post-35608","post","type-post","status-publish","format-standard","has-post-thumbnail","hentry","category-communaute","category-toutes-les-actualites","tag-africa-press","tag-africa-press-centrafricaine","tag-centrafricaine","tag-centrafrique","tag-stabilite","tag-tradition"],"yoast_head":"<!-- This site is optimized with the Yoast SEO Premium plugin v26.1 (Yoast SEO v27.0) - https:\/\/yoast.com\/product\/yoast-seo-premium-wordpress\/ -->\n<title>la n\u00e9cessit\u00e9 du pouvoir traditionnel s\u2019impose pour la stabilit\u00e9 - centrafricaine<\/title>\n<meta name=\"description\" content=\"La proble\u0301matique de l\u2019autorite\u0301 traditionnelle dans notre pays longtemps relaye\u0301e au second rang a peut-e\u0302tre e\u0301te\u0301 la ...\" \/>\n<meta name=\"robots\" content=\"index, follow, max-snippet:-1, max-image-preview:large, max-video-preview:-1\" \/>\n<link rel=\"canonical\" href=\"https:\/\/www.africa-press.net\/centrafricaine\/toutes-les-actualites\/la-necessite-du-pouvoir-traditionnel-simpose-pour-la-stabilite\" \/>\n<meta property=\"og:locale\" content=\"fr_FR\" \/>\n<meta property=\"og:type\" content=\"article\" \/>\n<meta property=\"og:title\" content=\"la n\u00e9cessit\u00e9 du pouvoir traditionnel s\u2019impose pour la stabilit\u00e9\" \/>\n<meta property=\"og:description\" content=\"La proble\u0301matique de l\u2019autorite\u0301 traditionnelle dans notre pays longtemps relaye\u0301e au second rang a peut-e\u0302tre e\u0301te\u0301 la ...\" \/>\n<meta property=\"og:url\" content=\"https:\/\/www.africa-press.net\/centrafricaine\/toutes-les-actualites\/la-necessite-du-pouvoir-traditionnel-simpose-pour-la-stabilite\" \/>\n<meta property=\"og:site_name\" content=\"centrafricaine\" \/>\n<meta property=\"article:published_time\" content=\"2023-02-18T19:39:32+00:00\" \/>\n<meta property=\"article:modified_time\" content=\"2023-02-18T19:50:19+00:00\" \/>\n<meta property=\"og:image\" content=\"https:\/\/static.africa-press.net\/centrafricaine\/sites\/45\/2023\/02\/postQueueImg_1676736588.57.jpg\" \/>\n\t<meta property=\"og:image:width\" content=\"720\" \/>\n\t<meta property=\"og:image:height\" content=\"370\" \/>\n\t<meta property=\"og:image:type\" content=\"image\/jpeg\" \/>\n<meta name=\"author\" content=\"cfeditorfr\" \/>\n<meta name=\"twitter:card\" content=\"summary_large_image\" \/>\n<meta name=\"twitter:label1\" content=\"\u00c9crit par\" \/>\n\t<meta name=\"twitter:data1\" content=\"cfeditorfr\" \/>\n\t<meta name=\"twitter:label2\" content=\"Dur\u00e9e de lecture estim\u00e9e\" \/>\n\t<meta name=\"twitter:data2\" content=\"2 minutes\" \/>\n<script type=\"application\/ld+json\" class=\"yoast-schema-graph\">{\"@context\":\"https:\/\/schema.org\",\"@graph\":[{\"@type\":\"Article\",\"@id\":\"https:\/\/www.africa-press.net\/centrafricaine\/toutes-les-actualites\/la-necessite-du-pouvoir-traditionnel-simpose-pour-la-stabilite#article\",\"isPartOf\":{\"@id\":\"https:\/\/www.africa-press.net\/centrafricaine\/toutes-les-actualites\/la-necessite-du-pouvoir-traditionnel-simpose-pour-la-stabilite\"},\"author\":{\"name\":\"cfeditorfr\",\"@id\":\"https:\/\/www.africa-press.net\/centrafricaine\/#\/schema\/person\/2b1cf3cd81a31e3cd26889ca66d677f1\"},\"headline\":\"la n\u00e9cessit\u00e9 du pouvoir traditionnel s\u2019impose pour la stabilit\u00e9\",\"datePublished\":\"2023-02-18T19:39:32+00:00\",\"dateModified\":\"2023-02-18T19:50:19+00:00\",\"mainEntityOfPage\":{\"@id\":\"https:\/\/www.africa-press.net\/centrafricaine\/toutes-les-actualites\/la-necessite-du-pouvoir-traditionnel-simpose-pour-la-stabilite\"},\"wordCount\":297,\"commentCount\":0,\"image\":{\"@id\":\"https:\/\/www.africa-press.net\/centrafricaine\/toutes-les-actualites\/la-necessite-du-pouvoir-traditionnel-simpose-pour-la-stabilite#primaryimage\"},\"thumbnailUrl\":\"https:\/\/static.africa-press.net\/centrafricaine\/sites\/45\/2023\/02\/postQueueImg_1676736588.57.jpg\",\"keywords\":[\"Africa Press\",\"Africa Press-CentrAfricaine\",\"CentrAfricaine\",\"Centrafrique\",\"Stabilit\u00e9\",\"tradition\"],\"articleSection\":[\"Communaut\u00e9\",\"Toutes les actualit\u00e9s\"],\"inLanguage\":\"fr-FR\",\"potentialAction\":[{\"@type\":\"CommentAction\",\"name\":\"Comment\",\"target\":[\"https:\/\/www.africa-press.net\/centrafricaine\/toutes-les-actualites\/la-necessite-du-pouvoir-traditionnel-simpose-pour-la-stabilite#respond\"]}]},{\"@type\":\"WebPage\",\"@id\":\"https:\/\/www.africa-press.net\/centrafricaine\/toutes-les-actualites\/la-necessite-du-pouvoir-traditionnel-simpose-pour-la-stabilite\",\"url\":\"https:\/\/www.africa-press.net\/centrafricaine\/toutes-les-actualites\/la-necessite-du-pouvoir-traditionnel-simpose-pour-la-stabilite\",\"name\":\"la n\u00e9cessit\u00e9 du pouvoir traditionnel s\u2019impose pour la stabilit\u00e9 - centrafricaine\",\"isPartOf\":{\"@id\":\"https:\/\/www.africa-press.net\/centrafricaine\/#website\"},\"primaryImageOfPage\":{\"@id\":\"https:\/\/www.africa-press.net\/centrafricaine\/toutes-les-actualites\/la-necessite-du-pouvoir-traditionnel-simpose-pour-la-stabilite#primaryimage\"},\"image\":{\"@id\":\"https:\/\/www.africa-press.net\/centrafricaine\/toutes-les-actualites\/la-necessite-du-pouvoir-traditionnel-simpose-pour-la-stabilite#primaryimage\"},\"thumbnailUrl\":\"https:\/\/static.africa-press.net\/centrafricaine\/sites\/45\/2023\/02\/postQueueImg_1676736588.57.jpg\",\"datePublished\":\"2023-02-18T19:39:32+00:00\",\"dateModified\":\"2023-02-18T19:50:19+00:00\",\"author\":{\"@id\":\"https:\/\/www.africa-press.net\/centrafricaine\/#\/schema\/person\/2b1cf3cd81a31e3cd26889ca66d677f1\"},\"description\":\"La proble\u0301matique de l\u2019autorite\u0301 traditionnelle dans notre pays longtemps relaye\u0301e au second rang a peut-e\u0302tre e\u0301te\u0301 la ...\",\"breadcrumb\":{\"@id\":\"https:\/\/www.africa-press.net\/centrafricaine\/toutes-les-actualites\/la-necessite-du-pouvoir-traditionnel-simpose-pour-la-stabilite#breadcrumb\"},\"inLanguage\":\"fr-FR\",\"potentialAction\":[{\"@type\":\"ReadAction\",\"target\":[\"https:\/\/www.africa-press.net\/centrafricaine\/toutes-les-actualites\/la-necessite-du-pouvoir-traditionnel-simpose-pour-la-stabilite\"]}]},{\"@type\":\"ImageObject\",\"inLanguage\":\"fr-FR\",\"@id\":\"https:\/\/www.africa-press.net\/centrafricaine\/toutes-les-actualites\/la-necessite-du-pouvoir-traditionnel-simpose-pour-la-stabilite#primaryimage\",\"url\":\"https:\/\/static.africa-press.net\/centrafricaine\/sites\/45\/2023\/02\/postQueueImg_1676736588.57.jpg\",\"contentUrl\":\"https:\/\/static.africa-press.net\/centrafricaine\/sites\/45\/2023\/02\/postQueueImg_1676736588.57.jpg\",\"width\":720,\"height\":370,\"caption\":\"la n\u00e9cessit\u00e9 du pouvoir traditionnel s\u2019impose pour la stabilit\u00e9\"},{\"@type\":\"BreadcrumbList\",\"@id\":\"https:\/\/www.africa-press.net\/centrafricaine\/toutes-les-actualites\/la-necessite-du-pouvoir-traditionnel-simpose-pour-la-stabilite#breadcrumb\",\"itemListElement\":[{\"@type\":\"ListItem\",\"position\":1,\"name\":\"Accueil\",\"item\":\"https:\/\/www.africa-press.net\/centrafricaine\/\"},{\"@type\":\"ListItem\",\"position\":2,\"name\":\"la n\u00e9cessit\u00e9 du pouvoir traditionnel s\u2019impose pour la stabilit\u00e9\"}]},{\"@type\":\"WebSite\",\"@id\":\"https:\/\/www.africa-press.net\/centrafricaine\/#website\",\"url\":\"https:\/\/www.africa-press.net\/centrafricaine\/\",\"name\":\"centrafricaine\",\"description\":\"Just another Africa News Agency Sites site\",\"potentialAction\":[{\"@type\":\"SearchAction\",\"target\":{\"@type\":\"EntryPoint\",\"urlTemplate\":\"https:\/\/www.africa-press.net\/centrafricaine\/?s={search_term_string}\"},\"query-input\":{\"@type\":\"PropertyValueSpecification\",\"valueRequired\":true,\"valueName\":\"search_term_string\"}}],\"inLanguage\":\"fr-FR\"},{\"@type\":\"Person\",\"@id\":\"https:\/\/www.africa-press.net\/centrafricaine\/#\/schema\/person\/2b1cf3cd81a31e3cd26889ca66d677f1\",\"name\":\"cfeditorfr\"}]}<\/script>\n<!-- \/ Yoast SEO Premium plugin. -->","yoast_head_json":{"title":"la n\u00e9cessit\u00e9 du pouvoir traditionnel s\u2019impose pour la stabilit\u00e9 - centrafricaine","description":"La proble\u0301matique de l\u2019autorite\u0301 traditionnelle dans notre pays longtemps relaye\u0301e au second rang a peut-e\u0302tre e\u0301te\u0301 la ...","robots":{"index":"index","follow":"follow","max-snippet":"max-snippet:-1","max-image-preview":"max-image-preview:large","max-video-preview":"max-video-preview:-1"},"canonical":"https:\/\/www.africa-press.net\/centrafricaine\/toutes-les-actualites\/la-necessite-du-pouvoir-traditionnel-simpose-pour-la-stabilite","og_locale":"fr_FR","og_type":"article","og_title":"la n\u00e9cessit\u00e9 du pouvoir traditionnel s\u2019impose pour la stabilit\u00e9","og_description":"La proble\u0301matique de l\u2019autorite\u0301 traditionnelle dans notre pays longtemps relaye\u0301e au second rang a peut-e\u0302tre e\u0301te\u0301 la ...","og_url":"https:\/\/www.africa-press.net\/centrafricaine\/toutes-les-actualites\/la-necessite-du-pouvoir-traditionnel-simpose-pour-la-stabilite","og_site_name":"centrafricaine","article_published_time":"2023-02-18T19:39:32+00:00","article_modified_time":"2023-02-18T19:50:19+00:00","og_image":[{"width":720,"height":370,"url":"https:\/\/static.africa-press.net\/centrafricaine\/sites\/45\/2023\/02\/postQueueImg_1676736588.57.jpg","type":"image\/jpeg"}],"author":"cfeditorfr","twitter_card":"summary_large_image","twitter_misc":{"\u00c9crit par":"cfeditorfr","Dur\u00e9e de lecture estim\u00e9e":"2 minutes"},"schema":{"@context":"https:\/\/schema.org","@graph":[{"@type":"Article","@id":"https:\/\/www.africa-press.net\/centrafricaine\/toutes-les-actualites\/la-necessite-du-pouvoir-traditionnel-simpose-pour-la-stabilite#article","isPartOf":{"@id":"https:\/\/www.africa-press.net\/centrafricaine\/toutes-les-actualites\/la-necessite-du-pouvoir-traditionnel-simpose-pour-la-stabilite"},"author":{"name":"cfeditorfr","@id":"https:\/\/www.africa-press.net\/centrafricaine\/#\/schema\/person\/2b1cf3cd81a31e3cd26889ca66d677f1"},"headline":"la n\u00e9cessit\u00e9 du pouvoir traditionnel s\u2019impose pour la stabilit\u00e9","datePublished":"2023-02-18T19:39:32+00:00","dateModified":"2023-02-18T19:50:19+00:00","mainEntityOfPage":{"@id":"https:\/\/www.africa-press.net\/centrafricaine\/toutes-les-actualites\/la-necessite-du-pouvoir-traditionnel-simpose-pour-la-stabilite"},"wordCount":297,"commentCount":0,"image":{"@id":"https:\/\/www.africa-press.net\/centrafricaine\/toutes-les-actualites\/la-necessite-du-pouvoir-traditionnel-simpose-pour-la-stabilite#primaryimage"},"thumbnailUrl":"https:\/\/static.africa-press.net\/centrafricaine\/sites\/45\/2023\/02\/postQueueImg_1676736588.57.jpg","keywords":["Africa Press","Africa Press-CentrAfricaine","CentrAfricaine","Centrafrique","Stabilit\u00e9","tradition"],"articleSection":["Communaut\u00e9","Toutes les actualit\u00e9s"],"inLanguage":"fr-FR","potentialAction":[{"@type":"CommentAction","name":"Comment","target":["https:\/\/www.africa-press.net\/centrafricaine\/toutes-les-actualites\/la-necessite-du-pouvoir-traditionnel-simpose-pour-la-stabilite#respond"]}]},{"@type":"WebPage","@id":"https:\/\/www.africa-press.net\/centrafricaine\/toutes-les-actualites\/la-necessite-du-pouvoir-traditionnel-simpose-pour-la-stabilite","url":"https:\/\/www.africa-press.net\/centrafricaine\/toutes-les-actualites\/la-necessite-du-pouvoir-traditionnel-simpose-pour-la-stabilite","name":"la n\u00e9cessit\u00e9 du pouvoir traditionnel s\u2019impose pour la stabilit\u00e9 - centrafricaine","isPartOf":{"@id":"https:\/\/www.africa-press.net\/centrafricaine\/#website"},"primaryImageOfPage":{"@id":"https:\/\/www.africa-press.net\/centrafricaine\/toutes-les-actualites\/la-necessite-du-pouvoir-traditionnel-simpose-pour-la-stabilite#primaryimage"},"image":{"@id":"https:\/\/www.africa-press.net\/centrafricaine\/toutes-les-actualites\/la-necessite-du-pouvoir-traditionnel-simpose-pour-la-stabilite#primaryimage"},"thumbnailUrl":"https:\/\/static.africa-press.net\/centrafricaine\/sites\/45\/2023\/02\/postQueueImg_1676736588.57.jpg","datePublished":"2023-02-18T19:39:32+00:00","dateModified":"2023-02-18T19:50:19+00:00","author":{"@id":"https:\/\/www.africa-press.net\/centrafricaine\/#\/schema\/person\/2b1cf3cd81a31e3cd26889ca66d677f1"},"description":"La proble\u0301matique de l\u2019autorite\u0301 traditionnelle dans notre pays longtemps relaye\u0301e au second rang a peut-e\u0302tre e\u0301te\u0301 la ...","breadcrumb":{"@id":"https:\/\/www.africa-press.net\/centrafricaine\/toutes-les-actualites\/la-necessite-du-pouvoir-traditionnel-simpose-pour-la-stabilite#breadcrumb"},"inLanguage":"fr-FR","potentialAction":[{"@type":"ReadAction","target":["https:\/\/www.africa-press.net\/centrafricaine\/toutes-les-actualites\/la-necessite-du-pouvoir-traditionnel-simpose-pour-la-stabilite"]}]},{"@type":"ImageObject","inLanguage":"fr-FR","@id":"https:\/\/www.africa-press.net\/centrafricaine\/toutes-les-actualites\/la-necessite-du-pouvoir-traditionnel-simpose-pour-la-stabilite#primaryimage","url":"https:\/\/static.africa-press.net\/centrafricaine\/sites\/45\/2023\/02\/postQueueImg_1676736588.57.jpg","contentUrl":"https:\/\/static.africa-press.net\/centrafricaine\/sites\/45\/2023\/02\/postQueueImg_1676736588.57.jpg","width":720,"height":370,"caption":"la n\u00e9cessit\u00e9 du pouvoir traditionnel s\u2019impose pour la stabilit\u00e9"},{"@type":"BreadcrumbList","@id":"https:\/\/www.africa-press.net\/centrafricaine\/toutes-les-actualites\/la-necessite-du-pouvoir-traditionnel-simpose-pour-la-stabilite#breadcrumb","itemListElement":[{"@type":"ListItem","position":1,"name":"Accueil","item":"https:\/\/www.africa-press.net\/centrafricaine\/"},{"@type":"ListItem","position":2,"name":"la n\u00e9cessit\u00e9 du pouvoir traditionnel s\u2019impose pour la stabilit\u00e9"}]},{"@type":"WebSite","@id":"https:\/\/www.africa-press.net\/centrafricaine\/#website","url":"https:\/\/www.africa-press.net\/centrafricaine\/","name":"centrafricaine","description":"Just another Africa News Agency Sites site","potentialAction":[{"@type":"SearchAction","target":{"@type":"EntryPoint","urlTemplate":"https:\/\/www.africa-press.net\/centrafricaine\/?s={search_term_string}"},"query-input":{"@type":"PropertyValueSpecification","valueRequired":true,"valueName":"search_term_string"}}],"inLanguage":"fr-FR"},{"@type":"Person","@id":"https:\/\/www.africa-press.net\/centrafricaine\/#\/schema\/person\/2b1cf3cd81a31e3cd26889ca66d677f1","name":"cfeditorfr"}]}},"_links":{"self":[{"href":"https:\/\/www.africa-press.net\/centrafricaine\/wp-json\/wp\/v2\/posts\/35608","targetHints":{"allow":["GET"]}}],"collection":[{"href":"https:\/\/www.africa-press.net\/centrafricaine\/wp-json\/wp\/v2\/posts"}],"about":[{"href":"https:\/\/www.africa-press.net\/centrafricaine\/wp-json\/wp\/v2\/types\/post"}],"author":[{"embeddable":true,"href":"https:\/\/www.africa-press.net\/centrafricaine\/wp-json\/wp\/v2\/users\/82"}],"replies":[{"embeddable":true,"href":"https:\/\/www.africa-press.net\/centrafricaine\/wp-json\/wp\/v2\/comments?post=35608"}],"version-history":[{"count":0,"href":"https:\/\/www.africa-press.net\/centrafricaine\/wp-json\/wp\/v2\/posts\/35608\/revisions"}],"wp:featuredmedia":[{"embeddable":true,"href":"https:\/\/www.africa-press.net\/centrafricaine\/wp-json\/wp\/v2\/media\/35607"}],"wp:attachment":[{"href":"https:\/\/www.africa-press.net\/centrafricaine\/wp-json\/wp\/v2\/media?parent=35608"}],"wp:term":[{"taxonomy":"category","embeddable":true,"href":"https:\/\/www.africa-press.net\/centrafricaine\/wp-json\/wp\/v2\/categories?post=35608"},{"taxonomy":"post_tag","embeddable":true,"href":"https:\/\/www.africa-press.net\/centrafricaine\/wp-json\/wp\/v2\/tags?post=35608"}],"curies":[{"name":"wp","href":"https:\/\/api.w.org\/{rel}","templated":true}]}}