{"id":35956,"date":"2023-02-25T16:43:19","date_gmt":"2023-02-25T16:43:19","guid":{"rendered":"https:\/\/www.africa-press.net\/centrafricaine\/politique\/lapprr-se-positionne-comme-un-contributeur-a-la-consolidation-de-la-paix"},"modified":"2023-02-25T17:35:29","modified_gmt":"2023-02-25T17:35:29","slug":"lapprr-se-positionne-comme-un-contributeur-a-la-consolidation-de-la-paix","status":"publish","type":"post","link":"https:\/\/www.africa-press.net\/centrafricaine\/politique\/lapprr-se-positionne-comme-un-contributeur-a-la-consolidation-de-la-paix","title":{"rendered":"l\u2019APPRR se positionne comme un contributeur \u00e0 la consolidation de la paix"},"content":{"rendered":"<p><span style=\"color: #ff6600\"><strong>Africa-Press &#8211; CentrAfricaine. <\/strong><\/span>Il s\u2019est tenu a\u0300 Bangui le compte rendu de la 13e Session du Comite\u0301 Exe\u0301cutif du Suivi de l\u2019Accord Politique pour la Paix et la Re\u0301conciliation en Re\u0301publique Centrafricaine (APPR-RCA). Ce compte rendu est pre\u0301sente\u0301 pendant la 14e session ce vendredi 24 fe\u0301vrier 20223 dans la salle de confe\u0301rence de l\u2019Oubangui Ho\u0302tel a\u0300 Bangui pour examiner les avance\u0301es enregistre\u0301es dans ce processus de paix, et aussi les de\u0301fis a\u0300 relever.<\/p>\n<p>Cette 14e\u0300me session est de faire le point de la mise en \u0153uvre de l\u2019APPR, qui est l\u2019Accord ne\u0301gocie\u0301 a\u0300 Khartoum et signe\u0301 le 6 fe\u0301vrier 2019 a\u0300 Bangui pour permettre de trouver de solutions de\u0301finitives de l\u2019instabilite\u0301 se\u0301curitaire en Centrafrique.<\/p>\n<p>Pour ce faire, le ministre d\u2019Etat a\u0300 pre\u0301sidence en matie\u0300re du DDRR et l\u2019APPR, Jean Wilibiro Sacko a souligne\u0301 des grandes re\u0301alisations sur tout ce qui a e\u0301te\u0301 fait dans le cadre de l\u2019APPR et DDRR pour arriver au de\u0301sarmement et re\u0301insertion des ex combattants.<\/p>\n<p><b>\u00ab Nous sommes de\u0301ja\u0300 a\u0300 pre\u0300s de cinq milles personnes qui ont e\u0301te\u0301 de\u0301sarme\u0301s et si on tient compte aussi des dissidents qui ont de\u0301pose\u0301 des armes, c\u0327a fait six mille personnes. Il y en a plusieurs qui sont rentre\u0301s dans la Force de De\u0301fense et Se\u0301curite\u0301 et d\u2019autres ont suivi de formations socio-e\u0301conomiques et ils sont redevenus des citoyens compe\u0301tents dans leur diffe\u0301rente localite\u0301. Alors tout c\u0327a, quels sont les point qui nous sont encore difficiles a\u0300 re\u0301aliser d\u2019atteindre les objectifs que le gouvernement nous a confie\u0301 ? Et bien, nous allons continuer a\u0300 travailler avec les indications re\u0301gulie\u0300res que le Pre\u0301sident Re\u0301publique nous donne et les moyens qu\u2019il mette a\u0300 notre disposition aussi pour conduire ce grand processus \u00bb<\/b> a-t-explique\u0301.<\/p>\n<p>Certains groupes arme\u0301s signataires de cet accord, ont de\u0301libe\u0301re\u0301ment viole\u0301 et quitte\u0301 ce cadre de dialogue avec le gouvernement pour poursuivre les hostilite\u0301s. A cet effet, l\u2019ambassadeur de l\u2019Union Africaine, a souligne\u0301 que trois ans apre\u0300s la signature de de l\u2019Accord, beaucoup de de\u0301fis restent encore a\u0300 relever. Il faut, d\u2019apre\u0300s lui, doubler d\u2019effort, car les actes de violence commis par les groupes arme\u0301s pourtant signataires de l\u2019APPR-RCA qui ont de\u0301cide\u0301 de rejoindre la CPC ne resteront pas impunis.<\/p>\n<p>Il faut dire qu\u2019il y a des avance\u0301es conside\u0301rables dans la mise en \u0153uvre de l\u2019APPR, vue la de\u0301termination du Pre\u0301sident Touadera de faire de la Centrafrique un pays ve\u0301ritablement uni et pour une paix durable.<\/p>\n<p><b>La Source: Ndjoni Sango<\/b><\/p>\n<p><strong>Pour plus d&rsquo;informations et d&rsquo;analyses sur la <a href=\"https:\/\/www.africa-press.net\/centrafricaine\">CentrAfricaine<\/a>, suivez <a href=\"https:\/\/www.africa-press.net\/\">Africa-Press<\/a><\/strong><\/p>\n","protected":false},"excerpt":{"rendered":"<p>Africa-Press &#8211; CentrAfricaine. Il s\u2019est tenu a\u0300 Bangui le compte rendu de la 13e Session du Comite\u0301 Exe\u0301cutif du Suivi de l\u2019Accord Politique pour la Paix et la Re\u0301conciliation en Re\u0301publique Centrafricaine (APPR-RCA). Ce compte rendu est pre\u0301sente\u0301 pendant la 14e session ce vendredi 24 fe\u0301vrier 20223 dans la salle de confe\u0301rence de l\u2019Oubangui Ho\u0302tel [&hellip;]<\/p>\n","protected":false},"author":82,"featured_media":35955,"comment_status":"open","ping_status":"closed","sticky":false,"template":"","format":"standard","meta":{"footnotes":""},"categories":[2,10],"tags":[1607,36,58,2579,30,41],"class_list":["post-35956","post","type-post","status-publish","format-standard","has-post-thumbnail","hentry","category-politique","category-toutes-les-actualites","tag-accord-de-paix","tag-africa-press","tag-africa-press-centrafricaine","tag-apprr","tag-centrafricaine","tag-centrafrique"],"yoast_head":"<!-- This site is optimized with the Yoast SEO Premium plugin v26.1 (Yoast SEO v27.0) - https:\/\/yoast.com\/product\/yoast-seo-premium-wordpress\/ -->\n<title>l\u2019APPRR se positionne comme un contributeur \u00e0 la consolidation de la paix - centrafricaine<\/title>\n<meta name=\"description\" content=\"Il s\u2019est tenu a\u0300 Bangui le compte rendu de la 13e Session du Comite\u0301 Exe\u0301cutif du Suivi de l\u2019Accord Politique pour la Pa ...\" \/>\n<meta name=\"robots\" content=\"index, follow, max-snippet:-1, max-image-preview:large, max-video-preview:-1\" \/>\n<link rel=\"canonical\" href=\"https:\/\/www.africa-press.net\/centrafricaine\/politique\/lapprr-se-positionne-comme-un-contributeur-a-la-consolidation-de-la-paix\" \/>\n<meta property=\"og:locale\" content=\"fr_FR\" \/>\n<meta property=\"og:type\" content=\"article\" \/>\n<meta property=\"og:title\" content=\"l\u2019APPRR se positionne comme un contributeur \u00e0 la consolidation de la paix\" \/>\n<meta property=\"og:description\" content=\"Il s\u2019est tenu a\u0300 Bangui le compte rendu de la 13e Session du Comite\u0301 Exe\u0301cutif du Suivi de l\u2019Accord Politique pour la Pa ...\" \/>\n<meta property=\"og:url\" content=\"https:\/\/www.africa-press.net\/centrafricaine\/politique\/lapprr-se-positionne-comme-un-contributeur-a-la-consolidation-de-la-paix\" \/>\n<meta property=\"og:site_name\" content=\"centrafricaine\" \/>\n<meta property=\"article:published_time\" content=\"2023-02-25T16:43:19+00:00\" \/>\n<meta property=\"article:modified_time\" content=\"2023-02-25T17:35:29+00:00\" \/>\n<meta property=\"og:image\" content=\"https:\/\/static.africa-press.net\/centrafricaine\/sites\/45\/2023\/02\/postQueueImg_1677330817.59.jpg\" \/>\n\t<meta property=\"og:image:width\" content=\"715\" \/>\n\t<meta property=\"og:image:height\" content=\"255\" \/>\n\t<meta property=\"og:image:type\" content=\"image\/jpeg\" \/>\n<meta name=\"author\" content=\"cfeditorfr\" \/>\n<meta name=\"twitter:card\" content=\"summary_large_image\" \/>\n<meta name=\"twitter:label1\" content=\"\u00c9crit par\" \/>\n\t<meta name=\"twitter:data1\" content=\"cfeditorfr\" \/>\n\t<meta name=\"twitter:label2\" content=\"Dur\u00e9e de lecture estim\u00e9e\" \/>\n\t<meta name=\"twitter:data2\" content=\"3 minutes\" \/>\n<script type=\"application\/ld+json\" class=\"yoast-schema-graph\">{\"@context\":\"https:\/\/schema.org\",\"@graph\":[{\"@type\":\"Article\",\"@id\":\"https:\/\/www.africa-press.net\/centrafricaine\/politique\/lapprr-se-positionne-comme-un-contributeur-a-la-consolidation-de-la-paix#article\",\"isPartOf\":{\"@id\":\"https:\/\/www.africa-press.net\/centrafricaine\/politique\/lapprr-se-positionne-comme-un-contributeur-a-la-consolidation-de-la-paix\"},\"author\":{\"name\":\"cfeditorfr\",\"@id\":\"https:\/\/www.africa-press.net\/centrafricaine\/#\/schema\/person\/2b1cf3cd81a31e3cd26889ca66d677f1\"},\"headline\":\"l\u2019APPRR se positionne comme un contributeur \u00e0 la consolidation de la paix\",\"datePublished\":\"2023-02-25T16:43:19+00:00\",\"dateModified\":\"2023-02-25T17:35:29+00:00\",\"mainEntityOfPage\":{\"@id\":\"https:\/\/www.africa-press.net\/centrafricaine\/politique\/lapprr-se-positionne-comme-un-contributeur-a-la-consolidation-de-la-paix\"},\"wordCount\":492,\"commentCount\":0,\"image\":{\"@id\":\"https:\/\/www.africa-press.net\/centrafricaine\/politique\/lapprr-se-positionne-comme-un-contributeur-a-la-consolidation-de-la-paix#primaryimage\"},\"thumbnailUrl\":\"https:\/\/static.africa-press.net\/centrafricaine\/sites\/45\/2023\/02\/postQueueImg_1677330817.59.jpg\",\"keywords\":[\"accord de paix\",\"Africa Press\",\"Africa Press-CentrAfricaine\",\"APPRR\",\"CentrAfricaine\",\"Centrafrique\"],\"articleSection\":[\"Politique\",\"Toutes les actualit\u00e9s\"],\"inLanguage\":\"fr-FR\",\"potentialAction\":[{\"@type\":\"CommentAction\",\"name\":\"Comment\",\"target\":[\"https:\/\/www.africa-press.net\/centrafricaine\/politique\/lapprr-se-positionne-comme-un-contributeur-a-la-consolidation-de-la-paix#respond\"]}]},{\"@type\":\"WebPage\",\"@id\":\"https:\/\/www.africa-press.net\/centrafricaine\/politique\/lapprr-se-positionne-comme-un-contributeur-a-la-consolidation-de-la-paix\",\"url\":\"https:\/\/www.africa-press.net\/centrafricaine\/politique\/lapprr-se-positionne-comme-un-contributeur-a-la-consolidation-de-la-paix\",\"name\":\"l\u2019APPRR se positionne comme un contributeur \u00e0 la consolidation de la paix - centrafricaine\",\"isPartOf\":{\"@id\":\"https:\/\/www.africa-press.net\/centrafricaine\/#website\"},\"primaryImageOfPage\":{\"@id\":\"https:\/\/www.africa-press.net\/centrafricaine\/politique\/lapprr-se-positionne-comme-un-contributeur-a-la-consolidation-de-la-paix#primaryimage\"},\"image\":{\"@id\":\"https:\/\/www.africa-press.net\/centrafricaine\/politique\/lapprr-se-positionne-comme-un-contributeur-a-la-consolidation-de-la-paix#primaryimage\"},\"thumbnailUrl\":\"https:\/\/static.africa-press.net\/centrafricaine\/sites\/45\/2023\/02\/postQueueImg_1677330817.59.jpg\",\"datePublished\":\"2023-02-25T16:43:19+00:00\",\"dateModified\":\"2023-02-25T17:35:29+00:00\",\"author\":{\"@id\":\"https:\/\/www.africa-press.net\/centrafricaine\/#\/schema\/person\/2b1cf3cd81a31e3cd26889ca66d677f1\"},\"description\":\"Il s\u2019est tenu a\u0300 Bangui le compte rendu de la 13e Session du Comite\u0301 Exe\u0301cutif du Suivi de l\u2019Accord Politique pour la Pa ...\",\"breadcrumb\":{\"@id\":\"https:\/\/www.africa-press.net\/centrafricaine\/politique\/lapprr-se-positionne-comme-un-contributeur-a-la-consolidation-de-la-paix#breadcrumb\"},\"inLanguage\":\"fr-FR\",\"potentialAction\":[{\"@type\":\"ReadAction\",\"target\":[\"https:\/\/www.africa-press.net\/centrafricaine\/politique\/lapprr-se-positionne-comme-un-contributeur-a-la-consolidation-de-la-paix\"]}]},{\"@type\":\"ImageObject\",\"inLanguage\":\"fr-FR\",\"@id\":\"https:\/\/www.africa-press.net\/centrafricaine\/politique\/lapprr-se-positionne-comme-un-contributeur-a-la-consolidation-de-la-paix#primaryimage\",\"url\":\"https:\/\/static.africa-press.net\/centrafricaine\/sites\/45\/2023\/02\/postQueueImg_1677330817.59.jpg\",\"contentUrl\":\"https:\/\/static.africa-press.net\/centrafricaine\/sites\/45\/2023\/02\/postQueueImg_1677330817.59.jpg\",\"width\":715,\"height\":255,\"caption\":\"l\u2019APPRR se positionne comme un contributeur \u00e0 la consolidation de la paix\"},{\"@type\":\"BreadcrumbList\",\"@id\":\"https:\/\/www.africa-press.net\/centrafricaine\/politique\/lapprr-se-positionne-comme-un-contributeur-a-la-consolidation-de-la-paix#breadcrumb\",\"itemListElement\":[{\"@type\":\"ListItem\",\"position\":1,\"name\":\"Accueil\",\"item\":\"https:\/\/www.africa-press.net\/centrafricaine\/\"},{\"@type\":\"ListItem\",\"position\":2,\"name\":\"l\u2019APPRR se positionne comme un contributeur \u00e0 la consolidation de la paix\"}]},{\"@type\":\"WebSite\",\"@id\":\"https:\/\/www.africa-press.net\/centrafricaine\/#website\",\"url\":\"https:\/\/www.africa-press.net\/centrafricaine\/\",\"name\":\"centrafricaine\",\"description\":\"Just another Africa News Agency Sites site\",\"potentialAction\":[{\"@type\":\"SearchAction\",\"target\":{\"@type\":\"EntryPoint\",\"urlTemplate\":\"https:\/\/www.africa-press.net\/centrafricaine\/?s={search_term_string}\"},\"query-input\":{\"@type\":\"PropertyValueSpecification\",\"valueRequired\":true,\"valueName\":\"search_term_string\"}}],\"inLanguage\":\"fr-FR\"},{\"@type\":\"Person\",\"@id\":\"https:\/\/www.africa-press.net\/centrafricaine\/#\/schema\/person\/2b1cf3cd81a31e3cd26889ca66d677f1\",\"name\":\"cfeditorfr\"}]}<\/script>\n<!-- \/ Yoast SEO Premium plugin. -->","yoast_head_json":{"title":"l\u2019APPRR se positionne comme un contributeur \u00e0 la consolidation de la paix - centrafricaine","description":"Il s\u2019est tenu a\u0300 Bangui le compte rendu de la 13e Session du Comite\u0301 Exe\u0301cutif du Suivi de l\u2019Accord Politique pour la Pa ...","robots":{"index":"index","follow":"follow","max-snippet":"max-snippet:-1","max-image-preview":"max-image-preview:large","max-video-preview":"max-video-preview:-1"},"canonical":"https:\/\/www.africa-press.net\/centrafricaine\/politique\/lapprr-se-positionne-comme-un-contributeur-a-la-consolidation-de-la-paix","og_locale":"fr_FR","og_type":"article","og_title":"l\u2019APPRR se positionne comme un contributeur \u00e0 la consolidation de la paix","og_description":"Il s\u2019est tenu a\u0300 Bangui le compte rendu de la 13e Session du Comite\u0301 Exe\u0301cutif du Suivi de l\u2019Accord Politique pour la Pa ...","og_url":"https:\/\/www.africa-press.net\/centrafricaine\/politique\/lapprr-se-positionne-comme-un-contributeur-a-la-consolidation-de-la-paix","og_site_name":"centrafricaine","article_published_time":"2023-02-25T16:43:19+00:00","article_modified_time":"2023-02-25T17:35:29+00:00","og_image":[{"width":715,"height":255,"url":"https:\/\/static.africa-press.net\/centrafricaine\/sites\/45\/2023\/02\/postQueueImg_1677330817.59.jpg","type":"image\/jpeg"}],"author":"cfeditorfr","twitter_card":"summary_large_image","twitter_misc":{"\u00c9crit par":"cfeditorfr","Dur\u00e9e de lecture estim\u00e9e":"3 minutes"},"schema":{"@context":"https:\/\/schema.org","@graph":[{"@type":"Article","@id":"https:\/\/www.africa-press.net\/centrafricaine\/politique\/lapprr-se-positionne-comme-un-contributeur-a-la-consolidation-de-la-paix#article","isPartOf":{"@id":"https:\/\/www.africa-press.net\/centrafricaine\/politique\/lapprr-se-positionne-comme-un-contributeur-a-la-consolidation-de-la-paix"},"author":{"name":"cfeditorfr","@id":"https:\/\/www.africa-press.net\/centrafricaine\/#\/schema\/person\/2b1cf3cd81a31e3cd26889ca66d677f1"},"headline":"l\u2019APPRR se positionne comme un contributeur \u00e0 la consolidation de la paix","datePublished":"2023-02-25T16:43:19+00:00","dateModified":"2023-02-25T17:35:29+00:00","mainEntityOfPage":{"@id":"https:\/\/www.africa-press.net\/centrafricaine\/politique\/lapprr-se-positionne-comme-un-contributeur-a-la-consolidation-de-la-paix"},"wordCount":492,"commentCount":0,"image":{"@id":"https:\/\/www.africa-press.net\/centrafricaine\/politique\/lapprr-se-positionne-comme-un-contributeur-a-la-consolidation-de-la-paix#primaryimage"},"thumbnailUrl":"https:\/\/static.africa-press.net\/centrafricaine\/sites\/45\/2023\/02\/postQueueImg_1677330817.59.jpg","keywords":["accord de paix","Africa Press","Africa Press-CentrAfricaine","APPRR","CentrAfricaine","Centrafrique"],"articleSection":["Politique","Toutes les actualit\u00e9s"],"inLanguage":"fr-FR","potentialAction":[{"@type":"CommentAction","name":"Comment","target":["https:\/\/www.africa-press.net\/centrafricaine\/politique\/lapprr-se-positionne-comme-un-contributeur-a-la-consolidation-de-la-paix#respond"]}]},{"@type":"WebPage","@id":"https:\/\/www.africa-press.net\/centrafricaine\/politique\/lapprr-se-positionne-comme-un-contributeur-a-la-consolidation-de-la-paix","url":"https:\/\/www.africa-press.net\/centrafricaine\/politique\/lapprr-se-positionne-comme-un-contributeur-a-la-consolidation-de-la-paix","name":"l\u2019APPRR se positionne comme un contributeur \u00e0 la consolidation de la paix - centrafricaine","isPartOf":{"@id":"https:\/\/www.africa-press.net\/centrafricaine\/#website"},"primaryImageOfPage":{"@id":"https:\/\/www.africa-press.net\/centrafricaine\/politique\/lapprr-se-positionne-comme-un-contributeur-a-la-consolidation-de-la-paix#primaryimage"},"image":{"@id":"https:\/\/www.africa-press.net\/centrafricaine\/politique\/lapprr-se-positionne-comme-un-contributeur-a-la-consolidation-de-la-paix#primaryimage"},"thumbnailUrl":"https:\/\/static.africa-press.net\/centrafricaine\/sites\/45\/2023\/02\/postQueueImg_1677330817.59.jpg","datePublished":"2023-02-25T16:43:19+00:00","dateModified":"2023-02-25T17:35:29+00:00","author":{"@id":"https:\/\/www.africa-press.net\/centrafricaine\/#\/schema\/person\/2b1cf3cd81a31e3cd26889ca66d677f1"},"description":"Il s\u2019est tenu a\u0300 Bangui le compte rendu de la 13e Session du Comite\u0301 Exe\u0301cutif du Suivi de l\u2019Accord Politique pour la Pa ...","breadcrumb":{"@id":"https:\/\/www.africa-press.net\/centrafricaine\/politique\/lapprr-se-positionne-comme-un-contributeur-a-la-consolidation-de-la-paix#breadcrumb"},"inLanguage":"fr-FR","potentialAction":[{"@type":"ReadAction","target":["https:\/\/www.africa-press.net\/centrafricaine\/politique\/lapprr-se-positionne-comme-un-contributeur-a-la-consolidation-de-la-paix"]}]},{"@type":"ImageObject","inLanguage":"fr-FR","@id":"https:\/\/www.africa-press.net\/centrafricaine\/politique\/lapprr-se-positionne-comme-un-contributeur-a-la-consolidation-de-la-paix#primaryimage","url":"https:\/\/static.africa-press.net\/centrafricaine\/sites\/45\/2023\/02\/postQueueImg_1677330817.59.jpg","contentUrl":"https:\/\/static.africa-press.net\/centrafricaine\/sites\/45\/2023\/02\/postQueueImg_1677330817.59.jpg","width":715,"height":255,"caption":"l\u2019APPRR se positionne comme un contributeur \u00e0 la consolidation de la paix"},{"@type":"BreadcrumbList","@id":"https:\/\/www.africa-press.net\/centrafricaine\/politique\/lapprr-se-positionne-comme-un-contributeur-a-la-consolidation-de-la-paix#breadcrumb","itemListElement":[{"@type":"ListItem","position":1,"name":"Accueil","item":"https:\/\/www.africa-press.net\/centrafricaine\/"},{"@type":"ListItem","position":2,"name":"l\u2019APPRR se positionne comme un contributeur \u00e0 la consolidation de la paix"}]},{"@type":"WebSite","@id":"https:\/\/www.africa-press.net\/centrafricaine\/#website","url":"https:\/\/www.africa-press.net\/centrafricaine\/","name":"centrafricaine","description":"Just another Africa News Agency Sites site","potentialAction":[{"@type":"SearchAction","target":{"@type":"EntryPoint","urlTemplate":"https:\/\/www.africa-press.net\/centrafricaine\/?s={search_term_string}"},"query-input":{"@type":"PropertyValueSpecification","valueRequired":true,"valueName":"search_term_string"}}],"inLanguage":"fr-FR"},{"@type":"Person","@id":"https:\/\/www.africa-press.net\/centrafricaine\/#\/schema\/person\/2b1cf3cd81a31e3cd26889ca66d677f1","name":"cfeditorfr"}]}},"_links":{"self":[{"href":"https:\/\/www.africa-press.net\/centrafricaine\/wp-json\/wp\/v2\/posts\/35956","targetHints":{"allow":["GET"]}}],"collection":[{"href":"https:\/\/www.africa-press.net\/centrafricaine\/wp-json\/wp\/v2\/posts"}],"about":[{"href":"https:\/\/www.africa-press.net\/centrafricaine\/wp-json\/wp\/v2\/types\/post"}],"author":[{"embeddable":true,"href":"https:\/\/www.africa-press.net\/centrafricaine\/wp-json\/wp\/v2\/users\/82"}],"replies":[{"embeddable":true,"href":"https:\/\/www.africa-press.net\/centrafricaine\/wp-json\/wp\/v2\/comments?post=35956"}],"version-history":[{"count":0,"href":"https:\/\/www.africa-press.net\/centrafricaine\/wp-json\/wp\/v2\/posts\/35956\/revisions"}],"wp:featuredmedia":[{"embeddable":true,"href":"https:\/\/www.africa-press.net\/centrafricaine\/wp-json\/wp\/v2\/media\/35955"}],"wp:attachment":[{"href":"https:\/\/www.africa-press.net\/centrafricaine\/wp-json\/wp\/v2\/media?parent=35956"}],"wp:term":[{"taxonomy":"category","embeddable":true,"href":"https:\/\/www.africa-press.net\/centrafricaine\/wp-json\/wp\/v2\/categories?post=35956"},{"taxonomy":"post_tag","embeddable":true,"href":"https:\/\/www.africa-press.net\/centrafricaine\/wp-json\/wp\/v2\/tags?post=35956"}],"curies":[{"name":"wp","href":"https:\/\/api.w.org\/{rel}","templated":true}]}}