{"id":39194,"date":"2023-05-13T18:28:28","date_gmt":"2023-05-13T18:28:28","guid":{"rendered":"https:\/\/www.africa-press.net\/centrafricaine\/politique\/lappr-rca-reste-le-cadre-ideal-pour-le-retour-de-la-paix-en-rca-prospere-ndouba"},"modified":"2023-05-13T19:17:18","modified_gmt":"2023-05-13T19:17:18","slug":"lappr-rca-reste-le-cadre-ideal-pour-le-retour-de-la-paix-en-rca-prospere-ndouba","status":"publish","type":"post","link":"https:\/\/www.africa-press.net\/centrafricaine\/dossiers\/lappr-rca-reste-le-cadre-ideal-pour-le-retour-de-la-paix-en-rca-prospere-ndouba","title":{"rendered":"\u00ab\u00a0L\u2019APPR-RCA reste le cadre id\u00e9al pour le retour de la paix en RCA\u00a0\u00bb, Prosp\u00e8re Ndouba"},"content":{"rendered":"<p><span style=\"color: #ff6600\"><strong>Africa-Press &#8211; CentrAfricaine. <\/strong><\/span><b>Au cours d\u2019un atelier de formation des Journalistes, Prospe\u0300re Ndouba, repre\u0301sentant de la communaute\u0301 San \u2018Egidio en Centrafrique tout en rappelant les avance\u0301es de l\u2019APPR-RCA, a affirme\u0301 que celui-ci reste le cadre ide\u0301al pour un retour de\u0301finitif de la paix en RCA que les centrafricains devraient s\u2019en approprier.<\/b><\/p>\n<p>S\u2019il est vrai que certains groupes arme\u0301s continuent de s\u2019ente\u0302ter a\u0300 violer les dispositions de l\u2019APPR-RCA, il n\u2019en demeure pas moins que depuis sa mise en application, des avance\u0301es significatives dans le sens d\u2019un retour de\u0301finitif de la paix en Centrafrique ont e\u0301te\u0301 enregistre\u0301es.<\/p>\n<p>Dire aujourd\u2019hui que l\u2019APPR-RCA est caduque, c\u2019est faire preuve de mauvaise envers les efforts du gouvernement notamment ceux du Chef de l\u2019Etat qui a toujours privile\u0301gie\u0301 le dialogue comme seul moyen de re\u0301solution des diffe\u0301rends entre les filles et les fils de la RCA.<\/p>\n<p>Ainsi la communaute\u0301 San \u2018Egidio qui a su preuve d\u2019efficacite\u0301 dans les re\u0301solutions de conflits dans le monde et qui a d\u2019ailleurs largement contribue\u0301 a\u0300 l\u2019aboutissement de l\u2019APPR-RCA continue de faire confiance a\u0300 cet instrument qu\u2019il conside\u0300re comme le cadre ide\u0301al pour le retour de la paix en RCA<\/p>\n<p><b>\u00ab L\u2019APPR-RCA reste et demeure le cadre ide\u0301al pour le retour de la paix en Centrafrique. Le Pre\u0301sident Touadera a toujours privile\u0301gie\u0301 le dialogue afin de construire la paix en RCA. Tous les signataires de cet instrument de paix qui se sont retire\u0301s devraient y revenir pour donner la chance au pays de retrouver une paix durable<\/b> \u00bb a de\u0301clare\u0301 Prospe\u0300re NDOUBA, le repre\u0301sentant de la communaute\u0301 San \u2018 Egidio en RCA.<\/p>\n<p>Il appelle par ailleurs tous les centrafricains a\u0300 s\u2019approprier l\u2019APPR-RCA pour qu\u2019a\u0300 travers cet instrument, ils apportent leurs contributions a\u0300 la construction de la paix dans leur pays.<\/p>\n<p><b>La Source: Ndjoni Sango<\/b><\/p>\n<p><strong>Pour plus d&rsquo;informations et d&rsquo;analyses sur la <a href=\"https:\/\/www.africa-press.net\/centrafricaine\">CentrAfricaine<\/a>, suivez <a href=\"https:\/\/www.africa-press.net\/\">Africa-Press<\/a><\/strong><\/p>\n","protected":false},"excerpt":{"rendered":"<p>Africa-Press &#8211; CentrAfricaine. Au cours d\u2019un atelier de formation des Journalistes, Prospe\u0300re Ndouba, repre\u0301sentant de la communaute\u0301 San \u2018Egidio en Centrafrique tout en rappelant les avance\u0301es de l\u2019APPR-RCA, a affirme\u0301 que celui-ci reste le cadre ide\u0301al pour un retour de\u0301finitif de la paix en RCA que les centrafricains devraient s\u2019en approprier. S\u2019il est vrai que [&hellip;]<\/p>\n","protected":false},"author":82,"featured_media":39192,"comment_status":"open","ping_status":"closed","sticky":false,"template":"","format":"standard","meta":{"footnotes":""},"categories":[7,10],"tags":[1607,36,58,3767,30,41,481,3928],"class_list":["post-39194","post","type-post","status-publish","format-standard","has-post-thumbnail","hentry","category-dossiers","category-toutes-les-actualites","tag-accord-de-paix","tag-africa-press","tag-africa-press-centrafricaine","tag-appr-rca","tag-centrafricaine","tag-centrafrique","tag-paix","tag-prosper-ndouba"],"yoast_head":"<!-- This site is optimized with the Yoast SEO Premium plugin v26.1 (Yoast SEO v27.0) - https:\/\/yoast.com\/product\/yoast-seo-premium-wordpress\/ -->\n<title>\u00ab\u00a0L\u2019APPR-RCA reste le cadre id\u00e9al pour le retour de la paix en RCA\u00a0\u00bb, Prosp\u00e8re Ndouba - centrafricaine<\/title>\n<meta name=\"description\" content=\"Au cours d\u2019un atelier de formation des Journalistes, Prospe\u0300re Ndouba, repre\u0301sentant de la communaute\u0301 San \u2018Egidio en ...\" \/>\n<meta name=\"robots\" content=\"index, follow, max-snippet:-1, max-image-preview:large, max-video-preview:-1\" \/>\n<link rel=\"canonical\" href=\"https:\/\/www.africa-press.net\/centrafricaine\/dossiers\/lappr-rca-reste-le-cadre-ideal-pour-le-retour-de-la-paix-en-rca-prospere-ndouba\" \/>\n<meta property=\"og:locale\" content=\"fr_FR\" \/>\n<meta property=\"og:type\" content=\"article\" \/>\n<meta property=\"og:title\" content=\"\u00ab\u00a0L\u2019APPR-RCA reste le cadre id\u00e9al pour le retour de la paix en RCA\u00a0\u00bb, Prosp\u00e8re Ndouba\" \/>\n<meta property=\"og:description\" content=\"Au cours d\u2019un atelier de formation des Journalistes, Prospe\u0300re Ndouba, repre\u0301sentant de la communaute\u0301 San \u2018Egidio en ...\" \/>\n<meta property=\"og:url\" content=\"https:\/\/www.africa-press.net\/centrafricaine\/dossiers\/lappr-rca-reste-le-cadre-ideal-pour-le-retour-de-la-paix-en-rca-prospere-ndouba\" \/>\n<meta property=\"og:site_name\" content=\"centrafricaine\" \/>\n<meta property=\"article:published_time\" content=\"2023-05-13T18:28:28+00:00\" \/>\n<meta property=\"article:modified_time\" content=\"2023-05-13T19:17:18+00:00\" \/>\n<meta property=\"og:image\" content=\"https:\/\/static.africa-press.net\/centrafricaine\/sites\/45\/2023\/05\/postQueueImg_1683989953.62.jpg\" \/>\n\t<meta property=\"og:image:width\" content=\"1280\" \/>\n\t<meta property=\"og:image:height\" content=\"720\" \/>\n\t<meta property=\"og:image:type\" content=\"image\/jpeg\" \/>\n<meta name=\"author\" content=\"cfeditorfr\" \/>\n<meta name=\"twitter:card\" content=\"summary_large_image\" \/>\n<meta name=\"twitter:label1\" content=\"\u00c9crit par\" \/>\n\t<meta name=\"twitter:data1\" content=\"cfeditorfr\" \/>\n\t<meta name=\"twitter:label2\" content=\"Dur\u00e9e de lecture estim\u00e9e\" \/>\n\t<meta name=\"twitter:data2\" content=\"2 minutes\" \/>\n<script type=\"application\/ld+json\" class=\"yoast-schema-graph\">{\"@context\":\"https:\/\/schema.org\",\"@graph\":[{\"@type\":\"Article\",\"@id\":\"https:\/\/www.africa-press.net\/centrafricaine\/dossiers\/lappr-rca-reste-le-cadre-ideal-pour-le-retour-de-la-paix-en-rca-prospere-ndouba#article\",\"isPartOf\":{\"@id\":\"https:\/\/www.africa-press.net\/centrafricaine\/dossiers\/lappr-rca-reste-le-cadre-ideal-pour-le-retour-de-la-paix-en-rca-prospere-ndouba\"},\"author\":{\"name\":\"cfeditorfr\",\"@id\":\"https:\/\/www.africa-press.net\/centrafricaine\/#\/schema\/person\/2b1cf3cd81a31e3cd26889ca66d677f1\"},\"headline\":\"\u00ab\u00a0L\u2019APPR-RCA reste le cadre id\u00e9al pour le retour de la paix en RCA\u00a0\u00bb, Prosp\u00e8re Ndouba\",\"datePublished\":\"2023-05-13T18:28:28+00:00\",\"dateModified\":\"2023-05-13T19:17:18+00:00\",\"mainEntityOfPage\":{\"@id\":\"https:\/\/www.africa-press.net\/centrafricaine\/dossiers\/lappr-rca-reste-le-cadre-ideal-pour-le-retour-de-la-paix-en-rca-prospere-ndouba\"},\"wordCount\":364,\"commentCount\":0,\"image\":{\"@id\":\"https:\/\/www.africa-press.net\/centrafricaine\/dossiers\/lappr-rca-reste-le-cadre-ideal-pour-le-retour-de-la-paix-en-rca-prospere-ndouba#primaryimage\"},\"thumbnailUrl\":\"https:\/\/static.africa-press.net\/centrafricaine\/sites\/45\/2023\/05\/postQueueImg_1683989953.62.jpg\",\"keywords\":[\"accord de paix\",\"Africa Press\",\"Africa Press-CentrAfricaine\",\"APPR-RCA\",\"CentrAfricaine\",\"Centrafrique\",\"paix\",\"Prosper Ndouba\"],\"articleSection\":[\"Dossiers\",\"Toutes les actualit\u00e9s\"],\"inLanguage\":\"fr-FR\",\"potentialAction\":[{\"@type\":\"CommentAction\",\"name\":\"Comment\",\"target\":[\"https:\/\/www.africa-press.net\/centrafricaine\/dossiers\/lappr-rca-reste-le-cadre-ideal-pour-le-retour-de-la-paix-en-rca-prospere-ndouba#respond\"]}]},{\"@type\":\"WebPage\",\"@id\":\"https:\/\/www.africa-press.net\/centrafricaine\/dossiers\/lappr-rca-reste-le-cadre-ideal-pour-le-retour-de-la-paix-en-rca-prospere-ndouba\",\"url\":\"https:\/\/www.africa-press.net\/centrafricaine\/dossiers\/lappr-rca-reste-le-cadre-ideal-pour-le-retour-de-la-paix-en-rca-prospere-ndouba\",\"name\":\"\u00ab\u00a0L\u2019APPR-RCA reste le cadre id\u00e9al pour le retour de la paix en RCA\u00a0\u00bb, Prosp\u00e8re Ndouba - centrafricaine\",\"isPartOf\":{\"@id\":\"https:\/\/www.africa-press.net\/centrafricaine\/#website\"},\"primaryImageOfPage\":{\"@id\":\"https:\/\/www.africa-press.net\/centrafricaine\/dossiers\/lappr-rca-reste-le-cadre-ideal-pour-le-retour-de-la-paix-en-rca-prospere-ndouba#primaryimage\"},\"image\":{\"@id\":\"https:\/\/www.africa-press.net\/centrafricaine\/dossiers\/lappr-rca-reste-le-cadre-ideal-pour-le-retour-de-la-paix-en-rca-prospere-ndouba#primaryimage\"},\"thumbnailUrl\":\"https:\/\/static.africa-press.net\/centrafricaine\/sites\/45\/2023\/05\/postQueueImg_1683989953.62.jpg\",\"datePublished\":\"2023-05-13T18:28:28+00:00\",\"dateModified\":\"2023-05-13T19:17:18+00:00\",\"author\":{\"@id\":\"https:\/\/www.africa-press.net\/centrafricaine\/#\/schema\/person\/2b1cf3cd81a31e3cd26889ca66d677f1\"},\"description\":\"Au cours d\u2019un atelier de formation des Journalistes, Prospe\u0300re Ndouba, repre\u0301sentant de la communaute\u0301 San \u2018Egidio en ...\",\"breadcrumb\":{\"@id\":\"https:\/\/www.africa-press.net\/centrafricaine\/dossiers\/lappr-rca-reste-le-cadre-ideal-pour-le-retour-de-la-paix-en-rca-prospere-ndouba#breadcrumb\"},\"inLanguage\":\"fr-FR\",\"potentialAction\":[{\"@type\":\"ReadAction\",\"target\":[\"https:\/\/www.africa-press.net\/centrafricaine\/dossiers\/lappr-rca-reste-le-cadre-ideal-pour-le-retour-de-la-paix-en-rca-prospere-ndouba\"]}]},{\"@type\":\"ImageObject\",\"inLanguage\":\"fr-FR\",\"@id\":\"https:\/\/www.africa-press.net\/centrafricaine\/dossiers\/lappr-rca-reste-le-cadre-ideal-pour-le-retour-de-la-paix-en-rca-prospere-ndouba#primaryimage\",\"url\":\"https:\/\/static.africa-press.net\/centrafricaine\/sites\/45\/2023\/05\/postQueueImg_1683989953.62.jpg\",\"contentUrl\":\"https:\/\/static.africa-press.net\/centrafricaine\/sites\/45\/2023\/05\/postQueueImg_1683989953.62.jpg\",\"width\":1280,\"height\":720,\"caption\":\"\u00ab\u00a0L\u2019APPR-RCA reste le cadre id\u00e9al pour le retour de la paix en RCA\u00a0\u00bb, Prosp\u00e8re Ndouba\"},{\"@type\":\"BreadcrumbList\",\"@id\":\"https:\/\/www.africa-press.net\/centrafricaine\/dossiers\/lappr-rca-reste-le-cadre-ideal-pour-le-retour-de-la-paix-en-rca-prospere-ndouba#breadcrumb\",\"itemListElement\":[{\"@type\":\"ListItem\",\"position\":1,\"name\":\"Accueil\",\"item\":\"https:\/\/www.africa-press.net\/centrafricaine\/\"},{\"@type\":\"ListItem\",\"position\":2,\"name\":\"\u00ab\u00a0L\u2019APPR-RCA reste le cadre id\u00e9al pour le retour de la paix en RCA\u00a0\u00bb, Prosp\u00e8re Ndouba\"}]},{\"@type\":\"WebSite\",\"@id\":\"https:\/\/www.africa-press.net\/centrafricaine\/#website\",\"url\":\"https:\/\/www.africa-press.net\/centrafricaine\/\",\"name\":\"centrafricaine\",\"description\":\"Just another Africa News Agency Sites site\",\"potentialAction\":[{\"@type\":\"SearchAction\",\"target\":{\"@type\":\"EntryPoint\",\"urlTemplate\":\"https:\/\/www.africa-press.net\/centrafricaine\/?s={search_term_string}\"},\"query-input\":{\"@type\":\"PropertyValueSpecification\",\"valueRequired\":true,\"valueName\":\"search_term_string\"}}],\"inLanguage\":\"fr-FR\"},{\"@type\":\"Person\",\"@id\":\"https:\/\/www.africa-press.net\/centrafricaine\/#\/schema\/person\/2b1cf3cd81a31e3cd26889ca66d677f1\",\"name\":\"cfeditorfr\"}]}<\/script>\n<!-- \/ Yoast SEO Premium plugin. -->","yoast_head_json":{"title":"\u00ab\u00a0L\u2019APPR-RCA reste le cadre id\u00e9al pour le retour de la paix en RCA\u00a0\u00bb, Prosp\u00e8re Ndouba - centrafricaine","description":"Au cours d\u2019un atelier de formation des Journalistes, Prospe\u0300re Ndouba, repre\u0301sentant de la communaute\u0301 San \u2018Egidio en ...","robots":{"index":"index","follow":"follow","max-snippet":"max-snippet:-1","max-image-preview":"max-image-preview:large","max-video-preview":"max-video-preview:-1"},"canonical":"https:\/\/www.africa-press.net\/centrafricaine\/dossiers\/lappr-rca-reste-le-cadre-ideal-pour-le-retour-de-la-paix-en-rca-prospere-ndouba","og_locale":"fr_FR","og_type":"article","og_title":"\u00ab\u00a0L\u2019APPR-RCA reste le cadre id\u00e9al pour le retour de la paix en RCA\u00a0\u00bb, Prosp\u00e8re Ndouba","og_description":"Au cours d\u2019un atelier de formation des Journalistes, Prospe\u0300re Ndouba, repre\u0301sentant de la communaute\u0301 San \u2018Egidio en ...","og_url":"https:\/\/www.africa-press.net\/centrafricaine\/dossiers\/lappr-rca-reste-le-cadre-ideal-pour-le-retour-de-la-paix-en-rca-prospere-ndouba","og_site_name":"centrafricaine","article_published_time":"2023-05-13T18:28:28+00:00","article_modified_time":"2023-05-13T19:17:18+00:00","og_image":[{"width":1280,"height":720,"url":"https:\/\/static.africa-press.net\/centrafricaine\/sites\/45\/2023\/05\/postQueueImg_1683989953.62.jpg","type":"image\/jpeg"}],"author":"cfeditorfr","twitter_card":"summary_large_image","twitter_misc":{"\u00c9crit par":"cfeditorfr","Dur\u00e9e de lecture estim\u00e9e":"2 minutes"},"schema":{"@context":"https:\/\/schema.org","@graph":[{"@type":"Article","@id":"https:\/\/www.africa-press.net\/centrafricaine\/dossiers\/lappr-rca-reste-le-cadre-ideal-pour-le-retour-de-la-paix-en-rca-prospere-ndouba#article","isPartOf":{"@id":"https:\/\/www.africa-press.net\/centrafricaine\/dossiers\/lappr-rca-reste-le-cadre-ideal-pour-le-retour-de-la-paix-en-rca-prospere-ndouba"},"author":{"name":"cfeditorfr","@id":"https:\/\/www.africa-press.net\/centrafricaine\/#\/schema\/person\/2b1cf3cd81a31e3cd26889ca66d677f1"},"headline":"\u00ab\u00a0L\u2019APPR-RCA reste le cadre id\u00e9al pour le retour de la paix en RCA\u00a0\u00bb, Prosp\u00e8re Ndouba","datePublished":"2023-05-13T18:28:28+00:00","dateModified":"2023-05-13T19:17:18+00:00","mainEntityOfPage":{"@id":"https:\/\/www.africa-press.net\/centrafricaine\/dossiers\/lappr-rca-reste-le-cadre-ideal-pour-le-retour-de-la-paix-en-rca-prospere-ndouba"},"wordCount":364,"commentCount":0,"image":{"@id":"https:\/\/www.africa-press.net\/centrafricaine\/dossiers\/lappr-rca-reste-le-cadre-ideal-pour-le-retour-de-la-paix-en-rca-prospere-ndouba#primaryimage"},"thumbnailUrl":"https:\/\/static.africa-press.net\/centrafricaine\/sites\/45\/2023\/05\/postQueueImg_1683989953.62.jpg","keywords":["accord de paix","Africa Press","Africa Press-CentrAfricaine","APPR-RCA","CentrAfricaine","Centrafrique","paix","Prosper Ndouba"],"articleSection":["Dossiers","Toutes les actualit\u00e9s"],"inLanguage":"fr-FR","potentialAction":[{"@type":"CommentAction","name":"Comment","target":["https:\/\/www.africa-press.net\/centrafricaine\/dossiers\/lappr-rca-reste-le-cadre-ideal-pour-le-retour-de-la-paix-en-rca-prospere-ndouba#respond"]}]},{"@type":"WebPage","@id":"https:\/\/www.africa-press.net\/centrafricaine\/dossiers\/lappr-rca-reste-le-cadre-ideal-pour-le-retour-de-la-paix-en-rca-prospere-ndouba","url":"https:\/\/www.africa-press.net\/centrafricaine\/dossiers\/lappr-rca-reste-le-cadre-ideal-pour-le-retour-de-la-paix-en-rca-prospere-ndouba","name":"\u00ab\u00a0L\u2019APPR-RCA reste le cadre id\u00e9al pour le retour de la paix en RCA\u00a0\u00bb, Prosp\u00e8re Ndouba - centrafricaine","isPartOf":{"@id":"https:\/\/www.africa-press.net\/centrafricaine\/#website"},"primaryImageOfPage":{"@id":"https:\/\/www.africa-press.net\/centrafricaine\/dossiers\/lappr-rca-reste-le-cadre-ideal-pour-le-retour-de-la-paix-en-rca-prospere-ndouba#primaryimage"},"image":{"@id":"https:\/\/www.africa-press.net\/centrafricaine\/dossiers\/lappr-rca-reste-le-cadre-ideal-pour-le-retour-de-la-paix-en-rca-prospere-ndouba#primaryimage"},"thumbnailUrl":"https:\/\/static.africa-press.net\/centrafricaine\/sites\/45\/2023\/05\/postQueueImg_1683989953.62.jpg","datePublished":"2023-05-13T18:28:28+00:00","dateModified":"2023-05-13T19:17:18+00:00","author":{"@id":"https:\/\/www.africa-press.net\/centrafricaine\/#\/schema\/person\/2b1cf3cd81a31e3cd26889ca66d677f1"},"description":"Au cours d\u2019un atelier de formation des Journalistes, Prospe\u0300re Ndouba, repre\u0301sentant de la communaute\u0301 San \u2018Egidio en ...","breadcrumb":{"@id":"https:\/\/www.africa-press.net\/centrafricaine\/dossiers\/lappr-rca-reste-le-cadre-ideal-pour-le-retour-de-la-paix-en-rca-prospere-ndouba#breadcrumb"},"inLanguage":"fr-FR","potentialAction":[{"@type":"ReadAction","target":["https:\/\/www.africa-press.net\/centrafricaine\/dossiers\/lappr-rca-reste-le-cadre-ideal-pour-le-retour-de-la-paix-en-rca-prospere-ndouba"]}]},{"@type":"ImageObject","inLanguage":"fr-FR","@id":"https:\/\/www.africa-press.net\/centrafricaine\/dossiers\/lappr-rca-reste-le-cadre-ideal-pour-le-retour-de-la-paix-en-rca-prospere-ndouba#primaryimage","url":"https:\/\/static.africa-press.net\/centrafricaine\/sites\/45\/2023\/05\/postQueueImg_1683989953.62.jpg","contentUrl":"https:\/\/static.africa-press.net\/centrafricaine\/sites\/45\/2023\/05\/postQueueImg_1683989953.62.jpg","width":1280,"height":720,"caption":"\u00ab\u00a0L\u2019APPR-RCA reste le cadre id\u00e9al pour le retour de la paix en RCA\u00a0\u00bb, Prosp\u00e8re Ndouba"},{"@type":"BreadcrumbList","@id":"https:\/\/www.africa-press.net\/centrafricaine\/dossiers\/lappr-rca-reste-le-cadre-ideal-pour-le-retour-de-la-paix-en-rca-prospere-ndouba#breadcrumb","itemListElement":[{"@type":"ListItem","position":1,"name":"Accueil","item":"https:\/\/www.africa-press.net\/centrafricaine\/"},{"@type":"ListItem","position":2,"name":"\u00ab\u00a0L\u2019APPR-RCA reste le cadre id\u00e9al pour le retour de la paix en RCA\u00a0\u00bb, Prosp\u00e8re Ndouba"}]},{"@type":"WebSite","@id":"https:\/\/www.africa-press.net\/centrafricaine\/#website","url":"https:\/\/www.africa-press.net\/centrafricaine\/","name":"centrafricaine","description":"Just another Africa News Agency Sites site","potentialAction":[{"@type":"SearchAction","target":{"@type":"EntryPoint","urlTemplate":"https:\/\/www.africa-press.net\/centrafricaine\/?s={search_term_string}"},"query-input":{"@type":"PropertyValueSpecification","valueRequired":true,"valueName":"search_term_string"}}],"inLanguage":"fr-FR"},{"@type":"Person","@id":"https:\/\/www.africa-press.net\/centrafricaine\/#\/schema\/person\/2b1cf3cd81a31e3cd26889ca66d677f1","name":"cfeditorfr"}]}},"_links":{"self":[{"href":"https:\/\/www.africa-press.net\/centrafricaine\/wp-json\/wp\/v2\/posts\/39194","targetHints":{"allow":["GET"]}}],"collection":[{"href":"https:\/\/www.africa-press.net\/centrafricaine\/wp-json\/wp\/v2\/posts"}],"about":[{"href":"https:\/\/www.africa-press.net\/centrafricaine\/wp-json\/wp\/v2\/types\/post"}],"author":[{"embeddable":true,"href":"https:\/\/www.africa-press.net\/centrafricaine\/wp-json\/wp\/v2\/users\/82"}],"replies":[{"embeddable":true,"href":"https:\/\/www.africa-press.net\/centrafricaine\/wp-json\/wp\/v2\/comments?post=39194"}],"version-history":[{"count":0,"href":"https:\/\/www.africa-press.net\/centrafricaine\/wp-json\/wp\/v2\/posts\/39194\/revisions"}],"wp:featuredmedia":[{"embeddable":true,"href":"https:\/\/www.africa-press.net\/centrafricaine\/wp-json\/wp\/v2\/media\/39192"}],"wp:attachment":[{"href":"https:\/\/www.africa-press.net\/centrafricaine\/wp-json\/wp\/v2\/media?parent=39194"}],"wp:term":[{"taxonomy":"category","embeddable":true,"href":"https:\/\/www.africa-press.net\/centrafricaine\/wp-json\/wp\/v2\/categories?post=39194"},{"taxonomy":"post_tag","embeddable":true,"href":"https:\/\/www.africa-press.net\/centrafricaine\/wp-json\/wp\/v2\/tags?post=39194"}],"curies":[{"name":"wp","href":"https:\/\/api.w.org\/{rel}","templated":true}]}}