{"id":42517,"date":"2023-07-16T17:24:12","date_gmt":"2023-07-16T17:24:12","guid":{"rendered":"https:\/\/www.africa-press.net\/centrafricaine\/politique\/lancement-en-grande-pompe-de-la-campagne-referendaire"},"modified":"2023-07-16T18:03:15","modified_gmt":"2023-07-16T18:03:15","slug":"lancement-en-grande-pompe-de-la-campagne-referendaire","status":"publish","type":"post","link":"https:\/\/www.africa-press.net\/centrafricaine\/politique\/lancement-en-grande-pompe-de-la-campagne-referendaire","title":{"rendered":"lancement en grande pompe de la campagne r\u00e9f\u00e9rendaire"},"content":{"rendered":"<p><span style=\"color: #ff6600\"><strong>Africa-Press &#8211; CentrAfricaine. <\/strong><\/span>Comme pre\u0301vu, la campagne re\u0301fe\u0301rendaire vient d\u2019e\u0302tre lance\u0301 ce samedi 15 juillet sur le terrain du Stade Kossi dans la localite\u0301 de Begoua. C\u2019est en grande pompe que la Direction nationale de campagne a officiellement lance\u0301 la campagne qui va prendre fin le 28 du mois en cours.<\/p>\n<p>La commune de Begoua situe\u0301e a\u0300 la sortie nord de Bangui a vibre\u0301 au rythme de la campagne re\u0301fe\u0301rendaire. Le stade Kossi qui a abrite\u0301 le lancement officiel de cette campagne a e\u0301te\u0301 inonde\u0301e par une mare\u0301e humaine.<\/p>\n<p>La ce\u0301re\u0301monie a eu lieu en pre\u0301sence du pre\u0301sident de la Re\u0301publique, <b>Faustin Archange Touadera<\/b>, des membres du gouvernement, du parlement, des personnalite\u0301s de la majorite\u0301 pre\u0301sidentielle, de l\u2019Union des forces de\u0301mocratiques de l\u2019opposition, des associations et comite\u0301s de soutien a\u0300 la politique du pre\u0301sident Touadera.<\/p>\n<p>L\u2019occasion a e\u0301te\u0301 permis a\u0300 des leaders politiques comme de la majorite\u0301 pre\u0301sidentielle et d\u2019opposition de de\u0301livrer les messages invitant la population a\u0300 se rendre massivement aux urnes le 30 juillet courant. Tous militent pour la victoire du OUI a\u0300 la nouvelle constitution.<\/p>\n<p>Ce lancement officiel de la campagne re\u0301fe\u0301rendaire donne le quitus a\u0300 la direction nationale de campagne, aux partis et plateformes politiques et comite\u0301s de soutien d\u2019aller battre campagne aupre\u0300s de la population, sur l\u2019ensemble du territoire national.<\/p>\n<p>Pre\u0301vue pour deux semaines conforme\u0301ment au chronogramme e\u0301lectoral e\u0301tabli par l\u2019Autorite\u0301 nationale des e\u0301lections, cette campagne qui s\u2019ouvre aujourd\u2019hui va prendre fin ce 28 juillet.<\/p>\n<p><b>La Source: Ndjoni Sango<\/b><\/p>\n<p><strong>Pour plus d&rsquo;informations et d&rsquo;analyses sur la <a href=\"https:\/\/www.africa-press.net\/centrafricaine\">CentrAfricaine<\/a>, suivez <a href=\"https:\/\/www.africa-press.net\/\">Africa-Press<\/a><\/strong><\/p>\n","protected":false},"excerpt":{"rendered":"<p>Africa-Press &#8211; CentrAfricaine. Comme pre\u0301vu, la campagne re\u0301fe\u0301rendaire vient d\u2019e\u0302tre lance\u0301 ce samedi 15 juillet sur le terrain du Stade Kossi dans la localite\u0301 de Begoua. C\u2019est en grande pompe que la Direction nationale de campagne a officiellement lance\u0301 la campagne qui va prendre fin le 28 du mois en cours. La commune de Begoua [&hellip;]<\/p>\n","protected":false},"author":82,"featured_media":42515,"comment_status":"open","ping_status":"closed","sticky":false,"template":"","format":"standard","meta":{"footnotes":""},"categories":[2,10],"tags":[36,58,4154,30,41,1754],"class_list":["post-42517","post","type-post","status-publish","format-standard","has-post-thumbnail","hentry","category-politique","category-toutes-les-actualites","tag-africa-press","tag-africa-press-centrafricaine","tag-campagne-referendaire","tag-centrafricaine","tag-centrafrique","tag-lancement"],"yoast_head":"<!-- This site is optimized with the Yoast SEO Premium plugin v26.1 (Yoast SEO v27.0) - https:\/\/yoast.com\/product\/yoast-seo-premium-wordpress\/ -->\n<title>lancement en grande pompe de la campagne r\u00e9f\u00e9rendaire - centrafricaine<\/title>\n<meta name=\"description\" content=\"Comme pre\u0301vu, la campagne re\u0301fe\u0301rendaire vient d\u2019e\u0302tre lance\u0301 ce samedi 15 juillet sur le terrain du Stade Kossi dans la ...\" \/>\n<meta name=\"robots\" content=\"index, follow, max-snippet:-1, max-image-preview:large, max-video-preview:-1\" \/>\n<link rel=\"canonical\" href=\"https:\/\/www.africa-press.net\/centrafricaine\/politique\/lancement-en-grande-pompe-de-la-campagne-referendaire\" \/>\n<meta property=\"og:locale\" content=\"fr_FR\" \/>\n<meta property=\"og:type\" content=\"article\" \/>\n<meta property=\"og:title\" content=\"lancement en grande pompe de la campagne r\u00e9f\u00e9rendaire\" \/>\n<meta property=\"og:description\" content=\"Comme pre\u0301vu, la campagne re\u0301fe\u0301rendaire vient d\u2019e\u0302tre lance\u0301 ce samedi 15 juillet sur le terrain du Stade Kossi dans la ...\" \/>\n<meta property=\"og:url\" content=\"https:\/\/www.africa-press.net\/centrafricaine\/politique\/lancement-en-grande-pompe-de-la-campagne-referendaire\" \/>\n<meta property=\"og:site_name\" content=\"centrafricaine\" \/>\n<meta property=\"article:published_time\" content=\"2023-07-16T17:24:12+00:00\" \/>\n<meta property=\"article:modified_time\" content=\"2023-07-16T18:03:15+00:00\" \/>\n<meta property=\"og:image\" content=\"https:\/\/static.africa-press.net\/centrafricaine\/sites\/45\/2023\/07\/sm_1689517918.750024.jpg\" \/>\n\t<meta property=\"og:image:width\" content=\"1920\" \/>\n\t<meta property=\"og:image:height\" content=\"1080\" \/>\n\t<meta property=\"og:image:type\" content=\"image\/jpeg\" \/>\n<meta name=\"author\" content=\"cfeditorfr\" \/>\n<meta name=\"twitter:card\" content=\"summary_large_image\" \/>\n<meta name=\"twitter:label1\" content=\"\u00c9crit par\" \/>\n\t<meta name=\"twitter:data1\" content=\"cfeditorfr\" \/>\n\t<meta name=\"twitter:label2\" content=\"Dur\u00e9e de lecture estim\u00e9e\" \/>\n\t<meta name=\"twitter:data2\" content=\"2 minutes\" \/>\n<script type=\"application\/ld+json\" class=\"yoast-schema-graph\">{\"@context\":\"https:\/\/schema.org\",\"@graph\":[{\"@type\":\"Article\",\"@id\":\"https:\/\/www.africa-press.net\/centrafricaine\/politique\/lancement-en-grande-pompe-de-la-campagne-referendaire#article\",\"isPartOf\":{\"@id\":\"https:\/\/www.africa-press.net\/centrafricaine\/politique\/lancement-en-grande-pompe-de-la-campagne-referendaire\"},\"author\":{\"name\":\"cfeditorfr\",\"@id\":\"https:\/\/www.africa-press.net\/centrafricaine\/#\/schema\/person\/2b1cf3cd81a31e3cd26889ca66d677f1\"},\"headline\":\"lancement en grande pompe de la campagne r\u00e9f\u00e9rendaire\",\"datePublished\":\"2023-07-16T17:24:12+00:00\",\"dateModified\":\"2023-07-16T18:03:15+00:00\",\"mainEntityOfPage\":{\"@id\":\"https:\/\/www.africa-press.net\/centrafricaine\/politique\/lancement-en-grande-pompe-de-la-campagne-referendaire\"},\"wordCount\":305,\"commentCount\":0,\"image\":{\"@id\":\"https:\/\/www.africa-press.net\/centrafricaine\/politique\/lancement-en-grande-pompe-de-la-campagne-referendaire#primaryimage\"},\"thumbnailUrl\":\"https:\/\/static.africa-press.net\/centrafricaine\/sites\/45\/2023\/07\/sm_1689517918.750024.jpg\",\"keywords\":[\"Africa Press\",\"Africa Press-CentrAfricaine\",\"campagne r\u00e9f\u00e9rendaire\",\"CentrAfricaine\",\"Centrafrique\",\"lancement\"],\"articleSection\":[\"Politique\",\"Toutes les actualit\u00e9s\"],\"inLanguage\":\"fr-FR\",\"potentialAction\":[{\"@type\":\"CommentAction\",\"name\":\"Comment\",\"target\":[\"https:\/\/www.africa-press.net\/centrafricaine\/politique\/lancement-en-grande-pompe-de-la-campagne-referendaire#respond\"]}]},{\"@type\":\"WebPage\",\"@id\":\"https:\/\/www.africa-press.net\/centrafricaine\/politique\/lancement-en-grande-pompe-de-la-campagne-referendaire\",\"url\":\"https:\/\/www.africa-press.net\/centrafricaine\/politique\/lancement-en-grande-pompe-de-la-campagne-referendaire\",\"name\":\"lancement en grande pompe de la campagne r\u00e9f\u00e9rendaire - centrafricaine\",\"isPartOf\":{\"@id\":\"https:\/\/www.africa-press.net\/centrafricaine\/#website\"},\"primaryImageOfPage\":{\"@id\":\"https:\/\/www.africa-press.net\/centrafricaine\/politique\/lancement-en-grande-pompe-de-la-campagne-referendaire#primaryimage\"},\"image\":{\"@id\":\"https:\/\/www.africa-press.net\/centrafricaine\/politique\/lancement-en-grande-pompe-de-la-campagne-referendaire#primaryimage\"},\"thumbnailUrl\":\"https:\/\/static.africa-press.net\/centrafricaine\/sites\/45\/2023\/07\/sm_1689517918.750024.jpg\",\"datePublished\":\"2023-07-16T17:24:12+00:00\",\"dateModified\":\"2023-07-16T18:03:15+00:00\",\"author\":{\"@id\":\"https:\/\/www.africa-press.net\/centrafricaine\/#\/schema\/person\/2b1cf3cd81a31e3cd26889ca66d677f1\"},\"description\":\"Comme pre\u0301vu, la campagne re\u0301fe\u0301rendaire vient d\u2019e\u0302tre lance\u0301 ce samedi 15 juillet sur le terrain du Stade Kossi dans la ...\",\"breadcrumb\":{\"@id\":\"https:\/\/www.africa-press.net\/centrafricaine\/politique\/lancement-en-grande-pompe-de-la-campagne-referendaire#breadcrumb\"},\"inLanguage\":\"fr-FR\",\"potentialAction\":[{\"@type\":\"ReadAction\",\"target\":[\"https:\/\/www.africa-press.net\/centrafricaine\/politique\/lancement-en-grande-pompe-de-la-campagne-referendaire\"]}]},{\"@type\":\"ImageObject\",\"inLanguage\":\"fr-FR\",\"@id\":\"https:\/\/www.africa-press.net\/centrafricaine\/politique\/lancement-en-grande-pompe-de-la-campagne-referendaire#primaryimage\",\"url\":\"https:\/\/static.africa-press.net\/centrafricaine\/sites\/45\/2023\/07\/sm_1689517918.750024.jpg\",\"contentUrl\":\"https:\/\/static.africa-press.net\/centrafricaine\/sites\/45\/2023\/07\/sm_1689517918.750024.jpg\",\"width\":1920,\"height\":1080,\"caption\":\"lancement en grande pompe de la campagne r\u00e9f\u00e9rendaire\"},{\"@type\":\"BreadcrumbList\",\"@id\":\"https:\/\/www.africa-press.net\/centrafricaine\/politique\/lancement-en-grande-pompe-de-la-campagne-referendaire#breadcrumb\",\"itemListElement\":[{\"@type\":\"ListItem\",\"position\":1,\"name\":\"Accueil\",\"item\":\"https:\/\/www.africa-press.net\/centrafricaine\/\"},{\"@type\":\"ListItem\",\"position\":2,\"name\":\"lancement en grande pompe de la campagne r\u00e9f\u00e9rendaire\"}]},{\"@type\":\"WebSite\",\"@id\":\"https:\/\/www.africa-press.net\/centrafricaine\/#website\",\"url\":\"https:\/\/www.africa-press.net\/centrafricaine\/\",\"name\":\"centrafricaine\",\"description\":\"Just another Africa News Agency Sites site\",\"potentialAction\":[{\"@type\":\"SearchAction\",\"target\":{\"@type\":\"EntryPoint\",\"urlTemplate\":\"https:\/\/www.africa-press.net\/centrafricaine\/?s={search_term_string}\"},\"query-input\":{\"@type\":\"PropertyValueSpecification\",\"valueRequired\":true,\"valueName\":\"search_term_string\"}}],\"inLanguage\":\"fr-FR\"},{\"@type\":\"Person\",\"@id\":\"https:\/\/www.africa-press.net\/centrafricaine\/#\/schema\/person\/2b1cf3cd81a31e3cd26889ca66d677f1\",\"name\":\"cfeditorfr\"}]}<\/script>\n<!-- \/ Yoast SEO Premium plugin. -->","yoast_head_json":{"title":"lancement en grande pompe de la campagne r\u00e9f\u00e9rendaire - centrafricaine","description":"Comme pre\u0301vu, la campagne re\u0301fe\u0301rendaire vient d\u2019e\u0302tre lance\u0301 ce samedi 15 juillet sur le terrain du Stade Kossi dans la ...","robots":{"index":"index","follow":"follow","max-snippet":"max-snippet:-1","max-image-preview":"max-image-preview:large","max-video-preview":"max-video-preview:-1"},"canonical":"https:\/\/www.africa-press.net\/centrafricaine\/politique\/lancement-en-grande-pompe-de-la-campagne-referendaire","og_locale":"fr_FR","og_type":"article","og_title":"lancement en grande pompe de la campagne r\u00e9f\u00e9rendaire","og_description":"Comme pre\u0301vu, la campagne re\u0301fe\u0301rendaire vient d\u2019e\u0302tre lance\u0301 ce samedi 15 juillet sur le terrain du Stade Kossi dans la ...","og_url":"https:\/\/www.africa-press.net\/centrafricaine\/politique\/lancement-en-grande-pompe-de-la-campagne-referendaire","og_site_name":"centrafricaine","article_published_time":"2023-07-16T17:24:12+00:00","article_modified_time":"2023-07-16T18:03:15+00:00","og_image":[{"width":1920,"height":1080,"url":"https:\/\/static.africa-press.net\/centrafricaine\/sites\/45\/2023\/07\/sm_1689517918.750024.jpg","type":"image\/jpeg"}],"author":"cfeditorfr","twitter_card":"summary_large_image","twitter_misc":{"\u00c9crit par":"cfeditorfr","Dur\u00e9e de lecture estim\u00e9e":"2 minutes"},"schema":{"@context":"https:\/\/schema.org","@graph":[{"@type":"Article","@id":"https:\/\/www.africa-press.net\/centrafricaine\/politique\/lancement-en-grande-pompe-de-la-campagne-referendaire#article","isPartOf":{"@id":"https:\/\/www.africa-press.net\/centrafricaine\/politique\/lancement-en-grande-pompe-de-la-campagne-referendaire"},"author":{"name":"cfeditorfr","@id":"https:\/\/www.africa-press.net\/centrafricaine\/#\/schema\/person\/2b1cf3cd81a31e3cd26889ca66d677f1"},"headline":"lancement en grande pompe de la campagne r\u00e9f\u00e9rendaire","datePublished":"2023-07-16T17:24:12+00:00","dateModified":"2023-07-16T18:03:15+00:00","mainEntityOfPage":{"@id":"https:\/\/www.africa-press.net\/centrafricaine\/politique\/lancement-en-grande-pompe-de-la-campagne-referendaire"},"wordCount":305,"commentCount":0,"image":{"@id":"https:\/\/www.africa-press.net\/centrafricaine\/politique\/lancement-en-grande-pompe-de-la-campagne-referendaire#primaryimage"},"thumbnailUrl":"https:\/\/static.africa-press.net\/centrafricaine\/sites\/45\/2023\/07\/sm_1689517918.750024.jpg","keywords":["Africa Press","Africa Press-CentrAfricaine","campagne r\u00e9f\u00e9rendaire","CentrAfricaine","Centrafrique","lancement"],"articleSection":["Politique","Toutes les actualit\u00e9s"],"inLanguage":"fr-FR","potentialAction":[{"@type":"CommentAction","name":"Comment","target":["https:\/\/www.africa-press.net\/centrafricaine\/politique\/lancement-en-grande-pompe-de-la-campagne-referendaire#respond"]}]},{"@type":"WebPage","@id":"https:\/\/www.africa-press.net\/centrafricaine\/politique\/lancement-en-grande-pompe-de-la-campagne-referendaire","url":"https:\/\/www.africa-press.net\/centrafricaine\/politique\/lancement-en-grande-pompe-de-la-campagne-referendaire","name":"lancement en grande pompe de la campagne r\u00e9f\u00e9rendaire - centrafricaine","isPartOf":{"@id":"https:\/\/www.africa-press.net\/centrafricaine\/#website"},"primaryImageOfPage":{"@id":"https:\/\/www.africa-press.net\/centrafricaine\/politique\/lancement-en-grande-pompe-de-la-campagne-referendaire#primaryimage"},"image":{"@id":"https:\/\/www.africa-press.net\/centrafricaine\/politique\/lancement-en-grande-pompe-de-la-campagne-referendaire#primaryimage"},"thumbnailUrl":"https:\/\/static.africa-press.net\/centrafricaine\/sites\/45\/2023\/07\/sm_1689517918.750024.jpg","datePublished":"2023-07-16T17:24:12+00:00","dateModified":"2023-07-16T18:03:15+00:00","author":{"@id":"https:\/\/www.africa-press.net\/centrafricaine\/#\/schema\/person\/2b1cf3cd81a31e3cd26889ca66d677f1"},"description":"Comme pre\u0301vu, la campagne re\u0301fe\u0301rendaire vient d\u2019e\u0302tre lance\u0301 ce samedi 15 juillet sur le terrain du Stade Kossi dans la ...","breadcrumb":{"@id":"https:\/\/www.africa-press.net\/centrafricaine\/politique\/lancement-en-grande-pompe-de-la-campagne-referendaire#breadcrumb"},"inLanguage":"fr-FR","potentialAction":[{"@type":"ReadAction","target":["https:\/\/www.africa-press.net\/centrafricaine\/politique\/lancement-en-grande-pompe-de-la-campagne-referendaire"]}]},{"@type":"ImageObject","inLanguage":"fr-FR","@id":"https:\/\/www.africa-press.net\/centrafricaine\/politique\/lancement-en-grande-pompe-de-la-campagne-referendaire#primaryimage","url":"https:\/\/static.africa-press.net\/centrafricaine\/sites\/45\/2023\/07\/sm_1689517918.750024.jpg","contentUrl":"https:\/\/static.africa-press.net\/centrafricaine\/sites\/45\/2023\/07\/sm_1689517918.750024.jpg","width":1920,"height":1080,"caption":"lancement en grande pompe de la campagne r\u00e9f\u00e9rendaire"},{"@type":"BreadcrumbList","@id":"https:\/\/www.africa-press.net\/centrafricaine\/politique\/lancement-en-grande-pompe-de-la-campagne-referendaire#breadcrumb","itemListElement":[{"@type":"ListItem","position":1,"name":"Accueil","item":"https:\/\/www.africa-press.net\/centrafricaine\/"},{"@type":"ListItem","position":2,"name":"lancement en grande pompe de la campagne r\u00e9f\u00e9rendaire"}]},{"@type":"WebSite","@id":"https:\/\/www.africa-press.net\/centrafricaine\/#website","url":"https:\/\/www.africa-press.net\/centrafricaine\/","name":"centrafricaine","description":"Just another Africa News Agency Sites site","potentialAction":[{"@type":"SearchAction","target":{"@type":"EntryPoint","urlTemplate":"https:\/\/www.africa-press.net\/centrafricaine\/?s={search_term_string}"},"query-input":{"@type":"PropertyValueSpecification","valueRequired":true,"valueName":"search_term_string"}}],"inLanguage":"fr-FR"},{"@type":"Person","@id":"https:\/\/www.africa-press.net\/centrafricaine\/#\/schema\/person\/2b1cf3cd81a31e3cd26889ca66d677f1","name":"cfeditorfr"}]}},"_links":{"self":[{"href":"https:\/\/www.africa-press.net\/centrafricaine\/wp-json\/wp\/v2\/posts\/42517","targetHints":{"allow":["GET"]}}],"collection":[{"href":"https:\/\/www.africa-press.net\/centrafricaine\/wp-json\/wp\/v2\/posts"}],"about":[{"href":"https:\/\/www.africa-press.net\/centrafricaine\/wp-json\/wp\/v2\/types\/post"}],"author":[{"embeddable":true,"href":"https:\/\/www.africa-press.net\/centrafricaine\/wp-json\/wp\/v2\/users\/82"}],"replies":[{"embeddable":true,"href":"https:\/\/www.africa-press.net\/centrafricaine\/wp-json\/wp\/v2\/comments?post=42517"}],"version-history":[{"count":0,"href":"https:\/\/www.africa-press.net\/centrafricaine\/wp-json\/wp\/v2\/posts\/42517\/revisions"}],"wp:featuredmedia":[{"embeddable":true,"href":"https:\/\/www.africa-press.net\/centrafricaine\/wp-json\/wp\/v2\/media\/42515"}],"wp:attachment":[{"href":"https:\/\/www.africa-press.net\/centrafricaine\/wp-json\/wp\/v2\/media?parent=42517"}],"wp:term":[{"taxonomy":"category","embeddable":true,"href":"https:\/\/www.africa-press.net\/centrafricaine\/wp-json\/wp\/v2\/categories?post=42517"},{"taxonomy":"post_tag","embeddable":true,"href":"https:\/\/www.africa-press.net\/centrafricaine\/wp-json\/wp\/v2\/tags?post=42517"}],"curies":[{"name":"wp","href":"https:\/\/api.w.org\/{rel}","templated":true}]}}