{"id":42638,"date":"2023-07-18T14:24:51","date_gmt":"2023-07-18T14:24:51","guid":{"rendered":"https:\/\/www.africa-press.net\/centrafricaine\/politique\/un-giga-meeting-pour-le-lancement-de-la-campagne-referendaire"},"modified":"2023-07-18T15:00:32","modified_gmt":"2023-07-18T15:00:32","slug":"un-giga-meeting-pour-le-lancement-de-la-campagne-referendaire","status":"publish","type":"post","link":"https:\/\/www.africa-press.net\/centrafricaine\/politique\/un-giga-meeting-pour-le-lancement-de-la-campagne-referendaire","title":{"rendered":"un giga meeting pour le lancement de la campagne r\u00e9f\u00e9rendaire"},"content":{"rendered":"<p><span style=\"color: #ff6600\"><strong>Africa-Press &#8211; CentrAfricaine. <\/strong><\/span>La campagne re\u0301fe\u0301rendaire tant attendue par les Centrafricains est enfin arrive\u0301e. Plus d\u2019un millier de peuple compose\u0301 des diffe\u0301rentes plateformes et associations favorables a\u0300 la nouvelle constitution s\u2019est rassemble\u0301 sur le terrain de football de Be\u0301goua avec la pre\u0301sence du pre\u0301sident Faustin Archange Touadera pour dire OUI au grand rendez-vous patriotique fixe\u0301 le 30 juillet 2023.<\/p>\n<p>Le compte a\u0300 rebours vient d\u2019e\u0302tre lance\u0301 ce samedi 15 juillet 2023 pour la campagne re\u0301fe\u0301rendaire. Ce meeting qui a commence\u0301 sur le terrain de Be\u0301goua a pour but d\u2019expliquer au peuple souverain l\u2019importance de ce re\u0301fe\u0301rendum constitutionnel qui ouvre la voie a\u0300 une nouvelle loi me\u0300re. Plusieurs repre\u0301sentants des partis politiques et plateformes proches du re\u0301gime ont sensibilise\u0301 les habitants de Be\u0301goua sur le bien-fonde\u0301 de ce re\u0301fe\u0301rendum en faisant recours aux diffe\u0301rents articles de cette constitution.<\/p>\n<p>Sur les banderoles brandis par les habitants de Be\u0301goua et les militants de diffe\u0301rents partis politiques, on peut lire entre-autres : Je vote oui pour le re\u0301fe\u0301rendum constitutionnel, votez pour une Re\u0301publique forte pour une vie meilleure et pour un avenir de paix. Oui pour le re\u0301fe\u0301rendum constitutionnel pour une nouvelle constitution, Oui au re\u0301fe\u0301rendum a\u0300 la reconstruction et au de\u0301veloppement d\u2019une RCA forte.<\/p>\n<p>Pour le repre\u0301sentant de l\u2019UFDO, cette nouvelle constitution doit marquer l\u2019histoire de la RCA :<\/p>\n<p><b>\u00ab Aujourd\u2019hui si les autres Etats Africains de la sous-re\u0301gion se sont de\u0301veloppe\u0301s parce qu\u2019ils ont une nouvelle constitution e\u0301crite selon la volonte\u0301 de leur peuple. Alors la RCA doit faire autant et ce que bous de l\u2019opposition construire bous sommes en train de faire. Je demande au pre\u0301sident Touadera de promulguer cette constitution le 13 aou\u0302t 2023 pour que c\u0327a soit une constitution inde\u0301pendante<\/b> <b>historique pour notre pays \u00bb,<\/b> a souhaite\u0301 <b>Aure\u0301lien Simplice Zingas<\/b> repre\u0301sentant de l\u2019Union De\u0301mocratique des<\/p>\n<p>Pour le pre\u0301sident Touadera, chaque Centrafricain doit voter en donnant sa voie a\u0300 cette nouvelle constitution et cela va donner la force a\u0300 cette nouvelle loi me\u0300re d\u2019\u0153uvrer en faveur de la RCA et de ce peuple :<\/p>\n<p><b>\u00ab Voter OUI au re\u0301fe\u0301rendum constitutionnel c\u2019est donne\u0301 le pouvoir a\u0300 cette nouvelle constitution. Dans cette constitution, il y\u2019a des nouvelles choses qui sont ajoute\u0301es pour donner la force a\u0300 nos institutions. Le monde e\u0301volue et il y\u2019a des nouvelles innovations qui apparaissent, et me\u0302me les recommandations issues du dialogue re\u0301publicain doivent e\u0302tre inse\u0301re\u0301es dans cette nouvelle constitution pour le bien du peuple Centrafricain et de notre pays la RCA. Je demande a\u0300 toutes les filles et fils de ce pays qui aiment sa nation d\u2019aller massivement et librement vote\u0301 le 30 juillet 2023 pour le re\u0301fe\u0301rendum constitutionnel \u00bb, <\/b>a de\u0301clare\u0301 <b>Faustin Archange Touadera,<\/b> chef de l\u2019Etat.<\/p>\n<p>Voter est un devoir civique de tout citoyen, pour cela les Centrafricains doivent honorer cet engagement en donnant leur voix lors de ce re\u0301fe\u0301rendum constitutionnel. Cette campagne re\u0301fe\u0301rendaire qui de\u0301marre ce jour va prendre fin le 28 juillet 2023. Elle poursuit aujourd\u2019hui a\u0300 Bimbo sur le terrain de l\u2019e\u0301cole pre\u0301fectorale puis vers Ouango, UCATEX ainsi de suite.<\/p>\n<p><b>La Source: Ndjoni Sango<\/b><\/p>\n<p><strong>Pour plus d&rsquo;informations et d&rsquo;analyses sur la <a href=\"https:\/\/www.africa-press.net\/centrafricaine\">CentrAfricaine<\/a>, suivez <a href=\"https:\/\/www.africa-press.net\/\">Africa-Press<\/a><\/strong><\/p>\n","protected":false},"excerpt":{"rendered":"<p>Africa-Press &#8211; CentrAfricaine. La campagne re\u0301fe\u0301rendaire tant attendue par les Centrafricains est enfin arrive\u0301e. Plus d\u2019un millier de peuple compose\u0301 des diffe\u0301rentes plateformes et associations favorables a\u0300 la nouvelle constitution s\u2019est rassemble\u0301 sur le terrain de football de Be\u0301goua avec la pre\u0301sence du pre\u0301sident Faustin Archange Touadera pour dire OUI au grand rendez-vous patriotique fixe\u0301 [&hellip;]<\/p>\n","protected":false},"author":82,"featured_media":42636,"comment_status":"open","ping_status":"closed","sticky":false,"template":"","format":"standard","meta":{"footnotes":""},"categories":[2,10],"tags":[36,58,4154,30,41,4186,4211,1754],"class_list":["post-42638","post","type-post","status-publish","format-standard","has-post-thumbnail","hentry","category-politique","category-toutes-les-actualites","tag-africa-press","tag-africa-press-centrafricaine","tag-campagne-referendaire","tag-centrafricaine","tag-centrafrique","tag-discours-du-president-touadera","tag-giga-meeting","tag-lancement"],"yoast_head":"<!-- This site is optimized with the Yoast SEO Premium plugin v26.1 (Yoast SEO v27.0) - https:\/\/yoast.com\/product\/yoast-seo-premium-wordpress\/ -->\n<title>un giga meeting pour le lancement de la campagne r\u00e9f\u00e9rendaire - centrafricaine<\/title>\n<meta name=\"description\" content=\"La campagne re\u0301fe\u0301rendaire tant attendue par les Centrafricains est enfin arrive\u0301e. Plus d\u2019un millier de peuple compose\u0301 ...\" \/>\n<meta name=\"robots\" content=\"index, follow, max-snippet:-1, max-image-preview:large, max-video-preview:-1\" \/>\n<link rel=\"canonical\" href=\"https:\/\/www.africa-press.net\/centrafricaine\/politique\/un-giga-meeting-pour-le-lancement-de-la-campagne-referendaire\" \/>\n<meta property=\"og:locale\" content=\"fr_FR\" \/>\n<meta property=\"og:type\" content=\"article\" \/>\n<meta property=\"og:title\" content=\"un giga meeting pour le lancement de la campagne r\u00e9f\u00e9rendaire\" \/>\n<meta property=\"og:description\" content=\"La campagne re\u0301fe\u0301rendaire tant attendue par les Centrafricains est enfin arrive\u0301e. Plus d\u2019un millier de peuple compose\u0301 ...\" \/>\n<meta property=\"og:url\" content=\"https:\/\/www.africa-press.net\/centrafricaine\/politique\/un-giga-meeting-pour-le-lancement-de-la-campagne-referendaire\" \/>\n<meta property=\"og:site_name\" content=\"centrafricaine\" \/>\n<meta property=\"article:published_time\" content=\"2023-07-18T14:24:51+00:00\" \/>\n<meta property=\"article:modified_time\" content=\"2023-07-18T15:00:32+00:00\" \/>\n<meta property=\"og:image\" content=\"https:\/\/static.africa-press.net\/centrafricaine\/sites\/45\/2023\/07\/sm_1689679779.978561.jpg\" \/>\n\t<meta property=\"og:image:width\" content=\"716\" \/>\n\t<meta property=\"og:image:height\" content=\"308\" \/>\n\t<meta property=\"og:image:type\" content=\"image\/jpeg\" \/>\n<meta name=\"author\" content=\"cfeditorfr\" \/>\n<meta name=\"twitter:card\" content=\"summary_large_image\" \/>\n<meta name=\"twitter:label1\" content=\"\u00c9crit par\" \/>\n\t<meta name=\"twitter:data1\" content=\"cfeditorfr\" \/>\n\t<meta name=\"twitter:label2\" content=\"Dur\u00e9e de lecture estim\u00e9e\" \/>\n\t<meta name=\"twitter:data2\" content=\"3 minutes\" \/>\n<script type=\"application\/ld+json\" class=\"yoast-schema-graph\">{\"@context\":\"https:\/\/schema.org\",\"@graph\":[{\"@type\":\"Article\",\"@id\":\"https:\/\/www.africa-press.net\/centrafricaine\/politique\/un-giga-meeting-pour-le-lancement-de-la-campagne-referendaire#article\",\"isPartOf\":{\"@id\":\"https:\/\/www.africa-press.net\/centrafricaine\/politique\/un-giga-meeting-pour-le-lancement-de-la-campagne-referendaire\"},\"author\":{\"name\":\"cfeditorfr\",\"@id\":\"https:\/\/www.africa-press.net\/centrafricaine\/#\/schema\/person\/2b1cf3cd81a31e3cd26889ca66d677f1\"},\"headline\":\"un giga meeting pour le lancement de la campagne r\u00e9f\u00e9rendaire\",\"datePublished\":\"2023-07-18T14:24:51+00:00\",\"dateModified\":\"2023-07-18T15:00:32+00:00\",\"mainEntityOfPage\":{\"@id\":\"https:\/\/www.africa-press.net\/centrafricaine\/politique\/un-giga-meeting-pour-le-lancement-de-la-campagne-referendaire\"},\"wordCount\":592,\"commentCount\":0,\"image\":{\"@id\":\"https:\/\/www.africa-press.net\/centrafricaine\/politique\/un-giga-meeting-pour-le-lancement-de-la-campagne-referendaire#primaryimage\"},\"thumbnailUrl\":\"https:\/\/static.africa-press.net\/centrafricaine\/sites\/45\/2023\/07\/sm_1689679779.978561.jpg\",\"keywords\":[\"Africa Press\",\"Africa Press-CentrAfricaine\",\"campagne r\u00e9f\u00e9rendaire\",\"CentrAfricaine\",\"Centrafrique\",\"Discours du pr\u00e9sident Touad\u00e9ra\",\"giga meeting\",\"lancement\"],\"articleSection\":[\"Politique\",\"Toutes les actualit\u00e9s\"],\"inLanguage\":\"fr-FR\",\"potentialAction\":[{\"@type\":\"CommentAction\",\"name\":\"Comment\",\"target\":[\"https:\/\/www.africa-press.net\/centrafricaine\/politique\/un-giga-meeting-pour-le-lancement-de-la-campagne-referendaire#respond\"]}]},{\"@type\":\"WebPage\",\"@id\":\"https:\/\/www.africa-press.net\/centrafricaine\/politique\/un-giga-meeting-pour-le-lancement-de-la-campagne-referendaire\",\"url\":\"https:\/\/www.africa-press.net\/centrafricaine\/politique\/un-giga-meeting-pour-le-lancement-de-la-campagne-referendaire\",\"name\":\"un giga meeting pour le lancement de la campagne r\u00e9f\u00e9rendaire - centrafricaine\",\"isPartOf\":{\"@id\":\"https:\/\/www.africa-press.net\/centrafricaine\/#website\"},\"primaryImageOfPage\":{\"@id\":\"https:\/\/www.africa-press.net\/centrafricaine\/politique\/un-giga-meeting-pour-le-lancement-de-la-campagne-referendaire#primaryimage\"},\"image\":{\"@id\":\"https:\/\/www.africa-press.net\/centrafricaine\/politique\/un-giga-meeting-pour-le-lancement-de-la-campagne-referendaire#primaryimage\"},\"thumbnailUrl\":\"https:\/\/static.africa-press.net\/centrafricaine\/sites\/45\/2023\/07\/sm_1689679779.978561.jpg\",\"datePublished\":\"2023-07-18T14:24:51+00:00\",\"dateModified\":\"2023-07-18T15:00:32+00:00\",\"author\":{\"@id\":\"https:\/\/www.africa-press.net\/centrafricaine\/#\/schema\/person\/2b1cf3cd81a31e3cd26889ca66d677f1\"},\"description\":\"La campagne re\u0301fe\u0301rendaire tant attendue par les Centrafricains est enfin arrive\u0301e. Plus d\u2019un millier de peuple compose\u0301 ...\",\"breadcrumb\":{\"@id\":\"https:\/\/www.africa-press.net\/centrafricaine\/politique\/un-giga-meeting-pour-le-lancement-de-la-campagne-referendaire#breadcrumb\"},\"inLanguage\":\"fr-FR\",\"potentialAction\":[{\"@type\":\"ReadAction\",\"target\":[\"https:\/\/www.africa-press.net\/centrafricaine\/politique\/un-giga-meeting-pour-le-lancement-de-la-campagne-referendaire\"]}]},{\"@type\":\"ImageObject\",\"inLanguage\":\"fr-FR\",\"@id\":\"https:\/\/www.africa-press.net\/centrafricaine\/politique\/un-giga-meeting-pour-le-lancement-de-la-campagne-referendaire#primaryimage\",\"url\":\"https:\/\/static.africa-press.net\/centrafricaine\/sites\/45\/2023\/07\/sm_1689679779.978561.jpg\",\"contentUrl\":\"https:\/\/static.africa-press.net\/centrafricaine\/sites\/45\/2023\/07\/sm_1689679779.978561.jpg\",\"width\":716,\"height\":308,\"caption\":\"un giga meeting pour le lancement de la campagne r\u00e9f\u00e9rendaire\"},{\"@type\":\"BreadcrumbList\",\"@id\":\"https:\/\/www.africa-press.net\/centrafricaine\/politique\/un-giga-meeting-pour-le-lancement-de-la-campagne-referendaire#breadcrumb\",\"itemListElement\":[{\"@type\":\"ListItem\",\"position\":1,\"name\":\"Accueil\",\"item\":\"https:\/\/www.africa-press.net\/centrafricaine\/\"},{\"@type\":\"ListItem\",\"position\":2,\"name\":\"un giga meeting pour le lancement de la campagne r\u00e9f\u00e9rendaire\"}]},{\"@type\":\"WebSite\",\"@id\":\"https:\/\/www.africa-press.net\/centrafricaine\/#website\",\"url\":\"https:\/\/www.africa-press.net\/centrafricaine\/\",\"name\":\"centrafricaine\",\"description\":\"Just another Africa News Agency Sites site\",\"potentialAction\":[{\"@type\":\"SearchAction\",\"target\":{\"@type\":\"EntryPoint\",\"urlTemplate\":\"https:\/\/www.africa-press.net\/centrafricaine\/?s={search_term_string}\"},\"query-input\":{\"@type\":\"PropertyValueSpecification\",\"valueRequired\":true,\"valueName\":\"search_term_string\"}}],\"inLanguage\":\"fr-FR\"},{\"@type\":\"Person\",\"@id\":\"https:\/\/www.africa-press.net\/centrafricaine\/#\/schema\/person\/2b1cf3cd81a31e3cd26889ca66d677f1\",\"name\":\"cfeditorfr\"}]}<\/script>\n<!-- \/ Yoast SEO Premium plugin. -->","yoast_head_json":{"title":"un giga meeting pour le lancement de la campagne r\u00e9f\u00e9rendaire - centrafricaine","description":"La campagne re\u0301fe\u0301rendaire tant attendue par les Centrafricains est enfin arrive\u0301e. Plus d\u2019un millier de peuple compose\u0301 ...","robots":{"index":"index","follow":"follow","max-snippet":"max-snippet:-1","max-image-preview":"max-image-preview:large","max-video-preview":"max-video-preview:-1"},"canonical":"https:\/\/www.africa-press.net\/centrafricaine\/politique\/un-giga-meeting-pour-le-lancement-de-la-campagne-referendaire","og_locale":"fr_FR","og_type":"article","og_title":"un giga meeting pour le lancement de la campagne r\u00e9f\u00e9rendaire","og_description":"La campagne re\u0301fe\u0301rendaire tant attendue par les Centrafricains est enfin arrive\u0301e. Plus d\u2019un millier de peuple compose\u0301 ...","og_url":"https:\/\/www.africa-press.net\/centrafricaine\/politique\/un-giga-meeting-pour-le-lancement-de-la-campagne-referendaire","og_site_name":"centrafricaine","article_published_time":"2023-07-18T14:24:51+00:00","article_modified_time":"2023-07-18T15:00:32+00:00","og_image":[{"width":716,"height":308,"url":"https:\/\/static.africa-press.net\/centrafricaine\/sites\/45\/2023\/07\/sm_1689679779.978561.jpg","type":"image\/jpeg"}],"author":"cfeditorfr","twitter_card":"summary_large_image","twitter_misc":{"\u00c9crit par":"cfeditorfr","Dur\u00e9e de lecture estim\u00e9e":"3 minutes"},"schema":{"@context":"https:\/\/schema.org","@graph":[{"@type":"Article","@id":"https:\/\/www.africa-press.net\/centrafricaine\/politique\/un-giga-meeting-pour-le-lancement-de-la-campagne-referendaire#article","isPartOf":{"@id":"https:\/\/www.africa-press.net\/centrafricaine\/politique\/un-giga-meeting-pour-le-lancement-de-la-campagne-referendaire"},"author":{"name":"cfeditorfr","@id":"https:\/\/www.africa-press.net\/centrafricaine\/#\/schema\/person\/2b1cf3cd81a31e3cd26889ca66d677f1"},"headline":"un giga meeting pour le lancement de la campagne r\u00e9f\u00e9rendaire","datePublished":"2023-07-18T14:24:51+00:00","dateModified":"2023-07-18T15:00:32+00:00","mainEntityOfPage":{"@id":"https:\/\/www.africa-press.net\/centrafricaine\/politique\/un-giga-meeting-pour-le-lancement-de-la-campagne-referendaire"},"wordCount":592,"commentCount":0,"image":{"@id":"https:\/\/www.africa-press.net\/centrafricaine\/politique\/un-giga-meeting-pour-le-lancement-de-la-campagne-referendaire#primaryimage"},"thumbnailUrl":"https:\/\/static.africa-press.net\/centrafricaine\/sites\/45\/2023\/07\/sm_1689679779.978561.jpg","keywords":["Africa Press","Africa Press-CentrAfricaine","campagne r\u00e9f\u00e9rendaire","CentrAfricaine","Centrafrique","Discours du pr\u00e9sident Touad\u00e9ra","giga meeting","lancement"],"articleSection":["Politique","Toutes les actualit\u00e9s"],"inLanguage":"fr-FR","potentialAction":[{"@type":"CommentAction","name":"Comment","target":["https:\/\/www.africa-press.net\/centrafricaine\/politique\/un-giga-meeting-pour-le-lancement-de-la-campagne-referendaire#respond"]}]},{"@type":"WebPage","@id":"https:\/\/www.africa-press.net\/centrafricaine\/politique\/un-giga-meeting-pour-le-lancement-de-la-campagne-referendaire","url":"https:\/\/www.africa-press.net\/centrafricaine\/politique\/un-giga-meeting-pour-le-lancement-de-la-campagne-referendaire","name":"un giga meeting pour le lancement de la campagne r\u00e9f\u00e9rendaire - centrafricaine","isPartOf":{"@id":"https:\/\/www.africa-press.net\/centrafricaine\/#website"},"primaryImageOfPage":{"@id":"https:\/\/www.africa-press.net\/centrafricaine\/politique\/un-giga-meeting-pour-le-lancement-de-la-campagne-referendaire#primaryimage"},"image":{"@id":"https:\/\/www.africa-press.net\/centrafricaine\/politique\/un-giga-meeting-pour-le-lancement-de-la-campagne-referendaire#primaryimage"},"thumbnailUrl":"https:\/\/static.africa-press.net\/centrafricaine\/sites\/45\/2023\/07\/sm_1689679779.978561.jpg","datePublished":"2023-07-18T14:24:51+00:00","dateModified":"2023-07-18T15:00:32+00:00","author":{"@id":"https:\/\/www.africa-press.net\/centrafricaine\/#\/schema\/person\/2b1cf3cd81a31e3cd26889ca66d677f1"},"description":"La campagne re\u0301fe\u0301rendaire tant attendue par les Centrafricains est enfin arrive\u0301e. Plus d\u2019un millier de peuple compose\u0301 ...","breadcrumb":{"@id":"https:\/\/www.africa-press.net\/centrafricaine\/politique\/un-giga-meeting-pour-le-lancement-de-la-campagne-referendaire#breadcrumb"},"inLanguage":"fr-FR","potentialAction":[{"@type":"ReadAction","target":["https:\/\/www.africa-press.net\/centrafricaine\/politique\/un-giga-meeting-pour-le-lancement-de-la-campagne-referendaire"]}]},{"@type":"ImageObject","inLanguage":"fr-FR","@id":"https:\/\/www.africa-press.net\/centrafricaine\/politique\/un-giga-meeting-pour-le-lancement-de-la-campagne-referendaire#primaryimage","url":"https:\/\/static.africa-press.net\/centrafricaine\/sites\/45\/2023\/07\/sm_1689679779.978561.jpg","contentUrl":"https:\/\/static.africa-press.net\/centrafricaine\/sites\/45\/2023\/07\/sm_1689679779.978561.jpg","width":716,"height":308,"caption":"un giga meeting pour le lancement de la campagne r\u00e9f\u00e9rendaire"},{"@type":"BreadcrumbList","@id":"https:\/\/www.africa-press.net\/centrafricaine\/politique\/un-giga-meeting-pour-le-lancement-de-la-campagne-referendaire#breadcrumb","itemListElement":[{"@type":"ListItem","position":1,"name":"Accueil","item":"https:\/\/www.africa-press.net\/centrafricaine\/"},{"@type":"ListItem","position":2,"name":"un giga meeting pour le lancement de la campagne r\u00e9f\u00e9rendaire"}]},{"@type":"WebSite","@id":"https:\/\/www.africa-press.net\/centrafricaine\/#website","url":"https:\/\/www.africa-press.net\/centrafricaine\/","name":"centrafricaine","description":"Just another Africa News Agency Sites site","potentialAction":[{"@type":"SearchAction","target":{"@type":"EntryPoint","urlTemplate":"https:\/\/www.africa-press.net\/centrafricaine\/?s={search_term_string}"},"query-input":{"@type":"PropertyValueSpecification","valueRequired":true,"valueName":"search_term_string"}}],"inLanguage":"fr-FR"},{"@type":"Person","@id":"https:\/\/www.africa-press.net\/centrafricaine\/#\/schema\/person\/2b1cf3cd81a31e3cd26889ca66d677f1","name":"cfeditorfr"}]}},"_links":{"self":[{"href":"https:\/\/www.africa-press.net\/centrafricaine\/wp-json\/wp\/v2\/posts\/42638","targetHints":{"allow":["GET"]}}],"collection":[{"href":"https:\/\/www.africa-press.net\/centrafricaine\/wp-json\/wp\/v2\/posts"}],"about":[{"href":"https:\/\/www.africa-press.net\/centrafricaine\/wp-json\/wp\/v2\/types\/post"}],"author":[{"embeddable":true,"href":"https:\/\/www.africa-press.net\/centrafricaine\/wp-json\/wp\/v2\/users\/82"}],"replies":[{"embeddable":true,"href":"https:\/\/www.africa-press.net\/centrafricaine\/wp-json\/wp\/v2\/comments?post=42638"}],"version-history":[{"count":0,"href":"https:\/\/www.africa-press.net\/centrafricaine\/wp-json\/wp\/v2\/posts\/42638\/revisions"}],"wp:featuredmedia":[{"embeddable":true,"href":"https:\/\/www.africa-press.net\/centrafricaine\/wp-json\/wp\/v2\/media\/42636"}],"wp:attachment":[{"href":"https:\/\/www.africa-press.net\/centrafricaine\/wp-json\/wp\/v2\/media?parent=42638"}],"wp:term":[{"taxonomy":"category","embeddable":true,"href":"https:\/\/www.africa-press.net\/centrafricaine\/wp-json\/wp\/v2\/categories?post=42638"},{"taxonomy":"post_tag","embeddable":true,"href":"https:\/\/www.africa-press.net\/centrafricaine\/wp-json\/wp\/v2\/tags?post=42638"}],"curies":[{"name":"wp","href":"https:\/\/api.w.org\/{rel}","templated":true}]}}