{"id":43286,"date":"2023-07-29T12:23:17","date_gmt":"2023-07-29T12:23:17","guid":{"rendered":"https:\/\/www.africa-press.net\/centrafricaine\/politique\/le-ministre-de-la-sante-denonce-les-maux-qui-gangrenent-lhopital-de-berberati"},"modified":"2023-07-29T13:08:04","modified_gmt":"2023-07-29T13:08:04","slug":"le-ministre-de-la-sante-denonce-les-maux-qui-gangrenent-lhopital-de-berberati","status":"publish","type":"post","link":"https:\/\/www.africa-press.net\/centrafricaine\/toutes-les-actualites\/le-ministre-de-la-sante-denonce-les-maux-qui-gangrenent-lhopital-de-berberati","title":{"rendered":"le ministre de la sant\u00e9 d\u00e9nonce les maux qui gangr\u00e8nent l\u2019h\u00f4pital de Berberati"},"content":{"rendered":"<p><span style=\"color: #ff6600\"><strong>Africa-Press &#8211; CentrAfricaine. <\/strong><\/span>Suite a\u0300 la crise politico-se\u0301curitaire qui a plonge\u0301 le Centrafrique dans une situation sans pre\u0301ce\u0300dent, l\u2019ho\u0302pital de Berberati dans la Mambe\u0301re\u0301-Kadei n\u2019est pas du tout e\u0301pargne\u0301. A cet effet, la mauvaise gestion et le de\u0301tournement des me\u0301dicaments sont les principales causes de dysfonctionnement de cette structure me\u0301dicale dans ladite localite\u0301.<\/p>\n<p>Bien loin de faire disparaitre des vieilles habitudes de certains filles et fils du pays qui se mouillent dans la mauvaise gestion et le de\u0301tournement des me\u0301dicaments qui constituent toujours d\u2019obstacle dans l\u2019e\u0301panouissement de la communaute\u0301 et le maintien des biens publics, alors que ces derniers sont appele\u0301s a\u0300 soigner les Centrafricains. .<\/p>\n<p>C\u2019est ainsi que durant trois jours, le ministre re\u0301sident de la Mambe\u0301re\u0301-Kadei a effectue\u0301 une mission de travail dans sa zone en vue d\u2019e\u0301valuer l\u2019e\u0301tat d\u2019avancement de la mise en \u0153uvre du projet Se\u0301ni Plus et aussi de de\u0301celer les mauvaises pratiques qui gangre\u0300ne cet ho\u0302pital.<\/p>\n<p><b>\u00ab Aujourd\u2019hui nous avons conclu un important processus qui a e\u0301te\u0301 initie\u0301 un peu plus de deux semaines qui, a consiste\u0301 a\u0300 e\u0301valuer l\u2019e\u0301tat d\u2019avancement de la mise en \u0153uvre du projet Se\u0301ni Plus, a\u0300 l\u2019ho\u0302pital de Berberati. En tenant compte des recommandations des e\u0301valuations ante\u0301rieures et aujourd\u2019hui nous avons conclu le processus par un dialogue communautaire qui, a re\u0301uni les autorite\u0301s politico administratives, de la socie\u0301te\u0301 civile pour faire la restitution des principaux re\u0301sultats de cette e\u0301valuation ainsi que les solutions. Ce dialogue communautaire a pour but d\u2019une part de valider les re\u0301sultats de cette e\u0301valuation dont les re\u0301sultats ont permis d\u2019enrichir ce dernier \u00bb,<\/b> a explique\u0301 le ministre Pierre Somse\u0301.<\/p>\n<p>Cette occasion a permis au ministre de faire une mise au point sur certains proble\u0300mes mal appre\u0301hende\u0301s par la population<b>. \u00ab Je tiens d\u2019abord a\u0300 faire une mise au point concernant les proble\u0300mes. Effectivement comme toute entreprise, l\u2019ho\u0302pital de Berberati se situe dans un contexte politico se\u0301curitaire. II n\u2019y a pas des proble\u0300mes de me\u0301dicaments a\u0300 Berberati et la pharmacie n\u2019est pas aussi vide que les gens le disent. Ce qui se passe a\u0300 l\u2019ho\u0302pital de Berberati, la population ne be\u0301ne\u0301ficie pas des me\u0301dicaments qui sont mis a\u0300 la disposition de ce dernier ce qui justifie le phe\u0301nome\u0300ne de la mauvaise gestion et le de\u0301tournement des me\u0301dicaments qui se retrouvent sur le marche\u0301 et, cette e\u0301valuation a de\u0301bouche\u0301 sur l\u2019ide\u0301e de solution pour mettre fin a\u0300 ce proble\u0300me qui impacte conside\u0301rablement la population \u00bb, <\/b>a-t-il ajoute\u0301<\/p>\n<p>Par ailleurs la population de Berberati doit doubler de vigilance pour informer les autorite\u0301s compe\u0301tentes a\u0300 temps sur tout acte susceptible de compromettre le bon fonctionnement de cet ho\u0302pital.<\/p>\n<p><b>La Source: Ndjoni Sango<\/b><\/p>\n<p><strong>Pour plus d&rsquo;informations et d&rsquo;analyses sur la <a href=\"https:\/\/www.africa-press.net\/centrafricaine\">CentrAfricaine<\/a>, suivez <a href=\"https:\/\/www.africa-press.net\/\">Africa-Press<\/a><\/strong><\/p>\n","protected":false},"excerpt":{"rendered":"<p>Africa-Press &#8211; CentrAfricaine. Suite a\u0300 la crise politico-se\u0301curitaire qui a plonge\u0301 le Centrafrique dans une situation sans pre\u0301ce\u0300dent, l\u2019ho\u0302pital de Berberati dans la Mambe\u0301re\u0301-Kadei n\u2019est pas du tout e\u0301pargne\u0301. A cet effet, la mauvaise gestion et le de\u0301tournement des me\u0301dicaments sont les principales causes de dysfonctionnement de cette structure me\u0301dicale dans ladite localite\u0301. Bien loin [&hellip;]<\/p>\n","protected":false},"author":82,"featured_media":43284,"comment_status":"open","ping_status":"closed","sticky":false,"template":"","format":"standard","meta":{"footnotes":""},"categories":[21,10],"tags":[36,58,574,30,41,4241],"class_list":["post-43286","post","type-post","status-publish","format-standard","has-post-thumbnail","hentry","category-communaute","category-toutes-les-actualites","tag-africa-press","tag-africa-press-centrafricaine","tag-berberati","tag-centrafricaine","tag-centrafrique","tag-hopital"],"yoast_head":"<!-- This site is optimized with the Yoast SEO Premium plugin v26.1 (Yoast SEO v27.0) - https:\/\/yoast.com\/product\/yoast-seo-premium-wordpress\/ -->\n<title>le ministre de la sant\u00e9 d\u00e9nonce les maux qui gangr\u00e8nent l\u2019h\u00f4pital de Berberati - centrafricaine<\/title>\n<meta name=\"description\" content=\"Suite a\u0300 la crise politico-se\u0301curitaire qui a plonge\u0301 le Centrafrique dans une situation sans pre\u0301ce\u0300dent, l\u2019ho\u0302pital de ...\" \/>\n<meta name=\"robots\" content=\"index, follow, max-snippet:-1, max-image-preview:large, max-video-preview:-1\" \/>\n<link rel=\"canonical\" href=\"https:\/\/www.africa-press.net\/centrafricaine\/toutes-les-actualites\/le-ministre-de-la-sante-denonce-les-maux-qui-gangrenent-lhopital-de-berberati\" \/>\n<meta property=\"og:locale\" content=\"fr_FR\" \/>\n<meta property=\"og:type\" content=\"article\" \/>\n<meta property=\"og:title\" content=\"le ministre de la sant\u00e9 d\u00e9nonce les maux qui gangr\u00e8nent l\u2019h\u00f4pital de Berberati\" \/>\n<meta property=\"og:description\" content=\"Suite a\u0300 la crise politico-se\u0301curitaire qui a plonge\u0301 le Centrafrique dans une situation sans pre\u0301ce\u0300dent, l\u2019ho\u0302pital de ...\" \/>\n<meta property=\"og:url\" content=\"https:\/\/www.africa-press.net\/centrafricaine\/toutes-les-actualites\/le-ministre-de-la-sante-denonce-les-maux-qui-gangrenent-lhopital-de-berberati\" \/>\n<meta property=\"og:site_name\" content=\"centrafricaine\" \/>\n<meta property=\"article:published_time\" content=\"2023-07-29T12:23:17+00:00\" \/>\n<meta property=\"article:modified_time\" content=\"2023-07-29T13:08:04+00:00\" \/>\n<meta property=\"og:image\" content=\"https:\/\/static.africa-press.net\/centrafricaine\/sites\/45\/2023\/07\/sm_1690623402.680977.jpg\" \/>\n\t<meta property=\"og:image:width\" content=\"776\" \/>\n\t<meta property=\"og:image:height\" content=\"479\" \/>\n\t<meta property=\"og:image:type\" content=\"image\/jpeg\" \/>\n<meta name=\"author\" content=\"cfeditorfr\" \/>\n<meta name=\"twitter:card\" content=\"summary_large_image\" \/>\n<meta name=\"twitter:label1\" content=\"\u00c9crit par\" \/>\n\t<meta name=\"twitter:data1\" content=\"cfeditorfr\" \/>\n\t<meta name=\"twitter:label2\" content=\"Dur\u00e9e de lecture estim\u00e9e\" \/>\n\t<meta name=\"twitter:data2\" content=\"3 minutes\" \/>\n<script type=\"application\/ld+json\" class=\"yoast-schema-graph\">{\"@context\":\"https:\/\/schema.org\",\"@graph\":[{\"@type\":\"Article\",\"@id\":\"https:\/\/www.africa-press.net\/centrafricaine\/toutes-les-actualites\/le-ministre-de-la-sante-denonce-les-maux-qui-gangrenent-lhopital-de-berberati#article\",\"isPartOf\":{\"@id\":\"https:\/\/www.africa-press.net\/centrafricaine\/toutes-les-actualites\/le-ministre-de-la-sante-denonce-les-maux-qui-gangrenent-lhopital-de-berberati\"},\"author\":{\"name\":\"cfeditorfr\",\"@id\":\"https:\/\/www.africa-press.net\/centrafricaine\/#\/schema\/person\/2b1cf3cd81a31e3cd26889ca66d677f1\"},\"headline\":\"le ministre de la sant\u00e9 d\u00e9nonce les maux qui gangr\u00e8nent l\u2019h\u00f4pital de Berberati\",\"datePublished\":\"2023-07-29T12:23:17+00:00\",\"dateModified\":\"2023-07-29T13:08:04+00:00\",\"mainEntityOfPage\":{\"@id\":\"https:\/\/www.africa-press.net\/centrafricaine\/toutes-les-actualites\/le-ministre-de-la-sante-denonce-les-maux-qui-gangrenent-lhopital-de-berberati\"},\"wordCount\":540,\"commentCount\":0,\"image\":{\"@id\":\"https:\/\/www.africa-press.net\/centrafricaine\/toutes-les-actualites\/le-ministre-de-la-sante-denonce-les-maux-qui-gangrenent-lhopital-de-berberati#primaryimage\"},\"thumbnailUrl\":\"https:\/\/static.africa-press.net\/centrafricaine\/sites\/45\/2023\/07\/sm_1690623402.680977.jpg\",\"keywords\":[\"Africa Press\",\"Africa Press-CentrAfricaine\",\"Berberati\",\"CentrAfricaine\",\"Centrafrique\",\"H\u00f4pital\"],\"articleSection\":[\"Communaut\u00e9\",\"Toutes les actualit\u00e9s\"],\"inLanguage\":\"fr-FR\",\"potentialAction\":[{\"@type\":\"CommentAction\",\"name\":\"Comment\",\"target\":[\"https:\/\/www.africa-press.net\/centrafricaine\/toutes-les-actualites\/le-ministre-de-la-sante-denonce-les-maux-qui-gangrenent-lhopital-de-berberati#respond\"]}]},{\"@type\":\"WebPage\",\"@id\":\"https:\/\/www.africa-press.net\/centrafricaine\/toutes-les-actualites\/le-ministre-de-la-sante-denonce-les-maux-qui-gangrenent-lhopital-de-berberati\",\"url\":\"https:\/\/www.africa-press.net\/centrafricaine\/toutes-les-actualites\/le-ministre-de-la-sante-denonce-les-maux-qui-gangrenent-lhopital-de-berberati\",\"name\":\"le ministre de la sant\u00e9 d\u00e9nonce les maux qui gangr\u00e8nent l\u2019h\u00f4pital de Berberati - centrafricaine\",\"isPartOf\":{\"@id\":\"https:\/\/www.africa-press.net\/centrafricaine\/#website\"},\"primaryImageOfPage\":{\"@id\":\"https:\/\/www.africa-press.net\/centrafricaine\/toutes-les-actualites\/le-ministre-de-la-sante-denonce-les-maux-qui-gangrenent-lhopital-de-berberati#primaryimage\"},\"image\":{\"@id\":\"https:\/\/www.africa-press.net\/centrafricaine\/toutes-les-actualites\/le-ministre-de-la-sante-denonce-les-maux-qui-gangrenent-lhopital-de-berberati#primaryimage\"},\"thumbnailUrl\":\"https:\/\/static.africa-press.net\/centrafricaine\/sites\/45\/2023\/07\/sm_1690623402.680977.jpg\",\"datePublished\":\"2023-07-29T12:23:17+00:00\",\"dateModified\":\"2023-07-29T13:08:04+00:00\",\"author\":{\"@id\":\"https:\/\/www.africa-press.net\/centrafricaine\/#\/schema\/person\/2b1cf3cd81a31e3cd26889ca66d677f1\"},\"description\":\"Suite a\u0300 la crise politico-se\u0301curitaire qui a plonge\u0301 le Centrafrique dans une situation sans pre\u0301ce\u0300dent, l\u2019ho\u0302pital de ...\",\"breadcrumb\":{\"@id\":\"https:\/\/www.africa-press.net\/centrafricaine\/toutes-les-actualites\/le-ministre-de-la-sante-denonce-les-maux-qui-gangrenent-lhopital-de-berberati#breadcrumb\"},\"inLanguage\":\"fr-FR\",\"potentialAction\":[{\"@type\":\"ReadAction\",\"target\":[\"https:\/\/www.africa-press.net\/centrafricaine\/toutes-les-actualites\/le-ministre-de-la-sante-denonce-les-maux-qui-gangrenent-lhopital-de-berberati\"]}]},{\"@type\":\"ImageObject\",\"inLanguage\":\"fr-FR\",\"@id\":\"https:\/\/www.africa-press.net\/centrafricaine\/toutes-les-actualites\/le-ministre-de-la-sante-denonce-les-maux-qui-gangrenent-lhopital-de-berberati#primaryimage\",\"url\":\"https:\/\/static.africa-press.net\/centrafricaine\/sites\/45\/2023\/07\/sm_1690623402.680977.jpg\",\"contentUrl\":\"https:\/\/static.africa-press.net\/centrafricaine\/sites\/45\/2023\/07\/sm_1690623402.680977.jpg\",\"width\":776,\"height\":479,\"caption\":\"le ministre de la sant\u00e9 d\u00e9nonce les maux qui gangr\u00e8nent l\u2019h\u00f4pital de Berberati\"},{\"@type\":\"BreadcrumbList\",\"@id\":\"https:\/\/www.africa-press.net\/centrafricaine\/toutes-les-actualites\/le-ministre-de-la-sante-denonce-les-maux-qui-gangrenent-lhopital-de-berberati#breadcrumb\",\"itemListElement\":[{\"@type\":\"ListItem\",\"position\":1,\"name\":\"Accueil\",\"item\":\"https:\/\/www.africa-press.net\/centrafricaine\/\"},{\"@type\":\"ListItem\",\"position\":2,\"name\":\"le ministre de la sant\u00e9 d\u00e9nonce les maux qui gangr\u00e8nent l\u2019h\u00f4pital de Berberati\"}]},{\"@type\":\"WebSite\",\"@id\":\"https:\/\/www.africa-press.net\/centrafricaine\/#website\",\"url\":\"https:\/\/www.africa-press.net\/centrafricaine\/\",\"name\":\"centrafricaine\",\"description\":\"Just another Africa News Agency Sites site\",\"potentialAction\":[{\"@type\":\"SearchAction\",\"target\":{\"@type\":\"EntryPoint\",\"urlTemplate\":\"https:\/\/www.africa-press.net\/centrafricaine\/?s={search_term_string}\"},\"query-input\":{\"@type\":\"PropertyValueSpecification\",\"valueRequired\":true,\"valueName\":\"search_term_string\"}}],\"inLanguage\":\"fr-FR\"},{\"@type\":\"Person\",\"@id\":\"https:\/\/www.africa-press.net\/centrafricaine\/#\/schema\/person\/2b1cf3cd81a31e3cd26889ca66d677f1\",\"name\":\"cfeditorfr\"}]}<\/script>\n<!-- \/ Yoast SEO Premium plugin. -->","yoast_head_json":{"title":"le ministre de la sant\u00e9 d\u00e9nonce les maux qui gangr\u00e8nent l\u2019h\u00f4pital de Berberati - centrafricaine","description":"Suite a\u0300 la crise politico-se\u0301curitaire qui a plonge\u0301 le Centrafrique dans une situation sans pre\u0301ce\u0300dent, l\u2019ho\u0302pital de ...","robots":{"index":"index","follow":"follow","max-snippet":"max-snippet:-1","max-image-preview":"max-image-preview:large","max-video-preview":"max-video-preview:-1"},"canonical":"https:\/\/www.africa-press.net\/centrafricaine\/toutes-les-actualites\/le-ministre-de-la-sante-denonce-les-maux-qui-gangrenent-lhopital-de-berberati","og_locale":"fr_FR","og_type":"article","og_title":"le ministre de la sant\u00e9 d\u00e9nonce les maux qui gangr\u00e8nent l\u2019h\u00f4pital de Berberati","og_description":"Suite a\u0300 la crise politico-se\u0301curitaire qui a plonge\u0301 le Centrafrique dans une situation sans pre\u0301ce\u0300dent, l\u2019ho\u0302pital de ...","og_url":"https:\/\/www.africa-press.net\/centrafricaine\/toutes-les-actualites\/le-ministre-de-la-sante-denonce-les-maux-qui-gangrenent-lhopital-de-berberati","og_site_name":"centrafricaine","article_published_time":"2023-07-29T12:23:17+00:00","article_modified_time":"2023-07-29T13:08:04+00:00","og_image":[{"width":776,"height":479,"url":"https:\/\/static.africa-press.net\/centrafricaine\/sites\/45\/2023\/07\/sm_1690623402.680977.jpg","type":"image\/jpeg"}],"author":"cfeditorfr","twitter_card":"summary_large_image","twitter_misc":{"\u00c9crit par":"cfeditorfr","Dur\u00e9e de lecture estim\u00e9e":"3 minutes"},"schema":{"@context":"https:\/\/schema.org","@graph":[{"@type":"Article","@id":"https:\/\/www.africa-press.net\/centrafricaine\/toutes-les-actualites\/le-ministre-de-la-sante-denonce-les-maux-qui-gangrenent-lhopital-de-berberati#article","isPartOf":{"@id":"https:\/\/www.africa-press.net\/centrafricaine\/toutes-les-actualites\/le-ministre-de-la-sante-denonce-les-maux-qui-gangrenent-lhopital-de-berberati"},"author":{"name":"cfeditorfr","@id":"https:\/\/www.africa-press.net\/centrafricaine\/#\/schema\/person\/2b1cf3cd81a31e3cd26889ca66d677f1"},"headline":"le ministre de la sant\u00e9 d\u00e9nonce les maux qui gangr\u00e8nent l\u2019h\u00f4pital de Berberati","datePublished":"2023-07-29T12:23:17+00:00","dateModified":"2023-07-29T13:08:04+00:00","mainEntityOfPage":{"@id":"https:\/\/www.africa-press.net\/centrafricaine\/toutes-les-actualites\/le-ministre-de-la-sante-denonce-les-maux-qui-gangrenent-lhopital-de-berberati"},"wordCount":540,"commentCount":0,"image":{"@id":"https:\/\/www.africa-press.net\/centrafricaine\/toutes-les-actualites\/le-ministre-de-la-sante-denonce-les-maux-qui-gangrenent-lhopital-de-berberati#primaryimage"},"thumbnailUrl":"https:\/\/static.africa-press.net\/centrafricaine\/sites\/45\/2023\/07\/sm_1690623402.680977.jpg","keywords":["Africa Press","Africa Press-CentrAfricaine","Berberati","CentrAfricaine","Centrafrique","H\u00f4pital"],"articleSection":["Communaut\u00e9","Toutes les actualit\u00e9s"],"inLanguage":"fr-FR","potentialAction":[{"@type":"CommentAction","name":"Comment","target":["https:\/\/www.africa-press.net\/centrafricaine\/toutes-les-actualites\/le-ministre-de-la-sante-denonce-les-maux-qui-gangrenent-lhopital-de-berberati#respond"]}]},{"@type":"WebPage","@id":"https:\/\/www.africa-press.net\/centrafricaine\/toutes-les-actualites\/le-ministre-de-la-sante-denonce-les-maux-qui-gangrenent-lhopital-de-berberati","url":"https:\/\/www.africa-press.net\/centrafricaine\/toutes-les-actualites\/le-ministre-de-la-sante-denonce-les-maux-qui-gangrenent-lhopital-de-berberati","name":"le ministre de la sant\u00e9 d\u00e9nonce les maux qui gangr\u00e8nent l\u2019h\u00f4pital de Berberati - centrafricaine","isPartOf":{"@id":"https:\/\/www.africa-press.net\/centrafricaine\/#website"},"primaryImageOfPage":{"@id":"https:\/\/www.africa-press.net\/centrafricaine\/toutes-les-actualites\/le-ministre-de-la-sante-denonce-les-maux-qui-gangrenent-lhopital-de-berberati#primaryimage"},"image":{"@id":"https:\/\/www.africa-press.net\/centrafricaine\/toutes-les-actualites\/le-ministre-de-la-sante-denonce-les-maux-qui-gangrenent-lhopital-de-berberati#primaryimage"},"thumbnailUrl":"https:\/\/static.africa-press.net\/centrafricaine\/sites\/45\/2023\/07\/sm_1690623402.680977.jpg","datePublished":"2023-07-29T12:23:17+00:00","dateModified":"2023-07-29T13:08:04+00:00","author":{"@id":"https:\/\/www.africa-press.net\/centrafricaine\/#\/schema\/person\/2b1cf3cd81a31e3cd26889ca66d677f1"},"description":"Suite a\u0300 la crise politico-se\u0301curitaire qui a plonge\u0301 le Centrafrique dans une situation sans pre\u0301ce\u0300dent, l\u2019ho\u0302pital de ...","breadcrumb":{"@id":"https:\/\/www.africa-press.net\/centrafricaine\/toutes-les-actualites\/le-ministre-de-la-sante-denonce-les-maux-qui-gangrenent-lhopital-de-berberati#breadcrumb"},"inLanguage":"fr-FR","potentialAction":[{"@type":"ReadAction","target":["https:\/\/www.africa-press.net\/centrafricaine\/toutes-les-actualites\/le-ministre-de-la-sante-denonce-les-maux-qui-gangrenent-lhopital-de-berberati"]}]},{"@type":"ImageObject","inLanguage":"fr-FR","@id":"https:\/\/www.africa-press.net\/centrafricaine\/toutes-les-actualites\/le-ministre-de-la-sante-denonce-les-maux-qui-gangrenent-lhopital-de-berberati#primaryimage","url":"https:\/\/static.africa-press.net\/centrafricaine\/sites\/45\/2023\/07\/sm_1690623402.680977.jpg","contentUrl":"https:\/\/static.africa-press.net\/centrafricaine\/sites\/45\/2023\/07\/sm_1690623402.680977.jpg","width":776,"height":479,"caption":"le ministre de la sant\u00e9 d\u00e9nonce les maux qui gangr\u00e8nent l\u2019h\u00f4pital de Berberati"},{"@type":"BreadcrumbList","@id":"https:\/\/www.africa-press.net\/centrafricaine\/toutes-les-actualites\/le-ministre-de-la-sante-denonce-les-maux-qui-gangrenent-lhopital-de-berberati#breadcrumb","itemListElement":[{"@type":"ListItem","position":1,"name":"Accueil","item":"https:\/\/www.africa-press.net\/centrafricaine\/"},{"@type":"ListItem","position":2,"name":"le ministre de la sant\u00e9 d\u00e9nonce les maux qui gangr\u00e8nent l\u2019h\u00f4pital de Berberati"}]},{"@type":"WebSite","@id":"https:\/\/www.africa-press.net\/centrafricaine\/#website","url":"https:\/\/www.africa-press.net\/centrafricaine\/","name":"centrafricaine","description":"Just another Africa News Agency Sites site","potentialAction":[{"@type":"SearchAction","target":{"@type":"EntryPoint","urlTemplate":"https:\/\/www.africa-press.net\/centrafricaine\/?s={search_term_string}"},"query-input":{"@type":"PropertyValueSpecification","valueRequired":true,"valueName":"search_term_string"}}],"inLanguage":"fr-FR"},{"@type":"Person","@id":"https:\/\/www.africa-press.net\/centrafricaine\/#\/schema\/person\/2b1cf3cd81a31e3cd26889ca66d677f1","name":"cfeditorfr"}]}},"_links":{"self":[{"href":"https:\/\/www.africa-press.net\/centrafricaine\/wp-json\/wp\/v2\/posts\/43286","targetHints":{"allow":["GET"]}}],"collection":[{"href":"https:\/\/www.africa-press.net\/centrafricaine\/wp-json\/wp\/v2\/posts"}],"about":[{"href":"https:\/\/www.africa-press.net\/centrafricaine\/wp-json\/wp\/v2\/types\/post"}],"author":[{"embeddable":true,"href":"https:\/\/www.africa-press.net\/centrafricaine\/wp-json\/wp\/v2\/users\/82"}],"replies":[{"embeddable":true,"href":"https:\/\/www.africa-press.net\/centrafricaine\/wp-json\/wp\/v2\/comments?post=43286"}],"version-history":[{"count":0,"href":"https:\/\/www.africa-press.net\/centrafricaine\/wp-json\/wp\/v2\/posts\/43286\/revisions"}],"wp:featuredmedia":[{"embeddable":true,"href":"https:\/\/www.africa-press.net\/centrafricaine\/wp-json\/wp\/v2\/media\/43284"}],"wp:attachment":[{"href":"https:\/\/www.africa-press.net\/centrafricaine\/wp-json\/wp\/v2\/media?parent=43286"}],"wp:term":[{"taxonomy":"category","embeddable":true,"href":"https:\/\/www.africa-press.net\/centrafricaine\/wp-json\/wp\/v2\/categories?post=43286"},{"taxonomy":"post_tag","embeddable":true,"href":"https:\/\/www.africa-press.net\/centrafricaine\/wp-json\/wp\/v2\/tags?post=43286"}],"curies":[{"name":"wp","href":"https:\/\/api.w.org\/{rel}","templated":true}]}}