{"id":44538,"date":"2023-08-22T16:45:23","date_gmt":"2023-08-22T16:45:23","guid":{"rendered":"https:\/\/www.africa-press.net\/centrafricaine\/politique\/des-avancees-dans-la-fourniture-en-electricite"},"modified":"2023-08-22T18:37:48","modified_gmt":"2023-08-22T18:37:48","slug":"des-avancees-dans-la-fourniture-en-electricite","status":"publish","type":"post","link":"https:\/\/www.africa-press.net\/centrafricaine\/toutes-les-actualites\/des-avancees-dans-la-fourniture-en-electricite","title":{"rendered":"des avanc\u00e9es dans la fourniture en \u00e9lectricit\u00e9"},"content":{"rendered":"<p><span style=\"color: #ff6600\"><strong>Africa-Press &#8211; CentrAfricaine. <\/strong><\/span>Alors que Bangui et certaines provinces du pays e\u0301taient habitue\u0301es a\u0300 des heures de de\u0301lestage par jour et cela depuis plus de 20ans, l\u2019ENERCA depuis l\u2019accession a\u0300 la magistrature supre\u0302me de l\u2019Etat du Pre\u0301sident Touadera de fac\u0327on graduelle arrive a\u0300 assurer une fourniture continue de l\u2019e\u0301lectricite\u0301 dans le pays a\u0300 la grande satisfaction des populations.<\/p>\n<p>Les Centrafricainsont encore en me\u0301moire le mauvais souvenir des gale\u0300res qu\u2019ils vivaient dans le noir provoque\u0301 par les de\u0301lestages intempestifs et la peine qu\u2019ils avaient a\u0300 exercer leurs activite\u0301s qui de\u0301pendaient de l\u2019e\u0301lectricite\u0301 bien que le pays dispose des potentialite\u0301s, si elles e\u0301taient mises en valeur, permettraient d\u2019assurer aux populations une meilleure couverture en e\u0301lectricite\u0301.<\/p>\n<p>Du de\u0301but des anne\u0301es 2000 au de\u0301but de la prise de fonction du Chef d\u2019E\u0301tat actuel, <b>Faustin Archange Touadera<\/b>, l\u2019ENERCA avec les chutes de Boali I et II avait de la peine a\u0300 fournir du courant pendant 4 heures dans la journe\u0301e a\u0300 la ville de Bangui qui s\u2019est conside\u0301rablement agrandie.<\/p>\n<p>Le Pre\u0301sident Touadera ayant analyse\u0301 l\u2019impact d\u2019une meilleure couverture en e\u0301lectricite\u0301 sur le quotidien de ses compatriotes a fait de ce secteur une priorite\u0301 qui aujourd\u2019hui porte des fruits. En effet, avec la re\u0301habilitation de BOALI I, II ET III et l\u2019installation des panneaux solaires dans la ville de Bangui et des centrales thermiques dans certaines provinces, la fourniture en e\u0301lectricite\u0301 du pays s\u2019est nettement ame\u0301liore\u0301e.<\/p>\n<p>Et me\u0302me s\u2019il faut pour e\u0302tre honne\u0302te noter que cette fourniture ne se fait pas a\u0300 plein temps, ne\u0301anmoins, avec ce que l\u2019ENERCA offre pour le moment, des activite\u0301s dans le domaine de la soudure, me\u0301canique, de la climatisation et du froid se de\u0301veloppent dans le pays et contribuent a\u0300 la cre\u0301ation d\u2019une certaine richesse pour des familles.<\/p>\n<p><b>Source: Ndjoni Sango<\/b><\/p>\n<p><strong>Pour plus d&rsquo;informations et d&rsquo;analyses sur la <a href=\"https:\/\/www.africa-press.net\/centrafricaine\">CentrAfricaine<\/a>, suivez <a href=\"https:\/\/www.africa-press.net\/\">Africa-Press<\/a><\/strong><\/p>\n","protected":false},"excerpt":{"rendered":"<p>Africa-Press &#8211; CentrAfricaine. Alors que Bangui et certaines provinces du pays e\u0301taient habitue\u0301es a\u0300 des heures de de\u0301lestage par jour et cela depuis plus de 20ans, l\u2019ENERCA depuis l\u2019accession a\u0300 la magistrature supre\u0302me de l\u2019Etat du Pre\u0301sident Touadera de fac\u0327on graduelle arrive a\u0300 assurer une fourniture continue de l\u2019e\u0301lectricite\u0301 dans le pays a\u0300 la grande [&hellip;]<\/p>\n","protected":false},"author":82,"featured_media":44536,"comment_status":"open","ping_status":"closed","sticky":false,"template":"","format":"standard","meta":{"footnotes":""},"categories":[21,84,10],"tags":[36,58,30,41,140,2270],"class_list":["post-44538","post","type-post","status-publish","format-standard","has-post-thumbnail","hentry","category-communaute","category-to-homepage","category-toutes-les-actualites","tag-africa-press","tag-africa-press-centrafricaine","tag-centrafricaine","tag-centrafrique","tag-electricite","tag-fourniture"],"yoast_head":"<!-- This site is optimized with the Yoast SEO Premium plugin v26.1 (Yoast SEO v27.0) - https:\/\/yoast.com\/product\/yoast-seo-premium-wordpress\/ -->\n<title>des avanc\u00e9es dans la fourniture en \u00e9lectricit\u00e9 - centrafricaine<\/title>\n<meta name=\"description\" content=\"Alors que Bangui et certaines provinces du pays e\u0301taient habitue\u0301es a\u0300 des heures de de\u0301lestage par jour et cela depuis ...\" \/>\n<meta name=\"robots\" content=\"index, follow, max-snippet:-1, max-image-preview:large, max-video-preview:-1\" \/>\n<link rel=\"canonical\" href=\"https:\/\/www.africa-press.net\/centrafricaine\/toutes-les-actualites\/des-avancees-dans-la-fourniture-en-electricite\" \/>\n<meta property=\"og:locale\" content=\"fr_FR\" \/>\n<meta property=\"og:type\" content=\"article\" \/>\n<meta property=\"og:title\" content=\"des avanc\u00e9es dans la fourniture en \u00e9lectricit\u00e9\" \/>\n<meta property=\"og:description\" content=\"Alors que Bangui et certaines provinces du pays e\u0301taient habitue\u0301es a\u0300 des heures de de\u0301lestage par jour et cela depuis ...\" \/>\n<meta property=\"og:url\" content=\"https:\/\/www.africa-press.net\/centrafricaine\/toutes-les-actualites\/des-avancees-dans-la-fourniture-en-electricite\" \/>\n<meta property=\"og:site_name\" content=\"centrafricaine\" \/>\n<meta property=\"article:published_time\" content=\"2023-08-22T16:45:23+00:00\" \/>\n<meta property=\"article:modified_time\" content=\"2023-08-22T18:37:48+00:00\" \/>\n<meta property=\"og:image\" content=\"https:\/\/static.africa-press.net\/centrafricaine\/sites\/45\/2023\/08\/sm_1692716718.202748.jpg\" \/>\n\t<meta property=\"og:image:width\" content=\"717\" \/>\n\t<meta property=\"og:image:height\" content=\"419\" \/>\n\t<meta property=\"og:image:type\" content=\"image\/jpeg\" \/>\n<meta name=\"author\" content=\"cfeditorfr\" \/>\n<meta name=\"twitter:card\" content=\"summary_large_image\" \/>\n<meta name=\"twitter:label1\" content=\"\u00c9crit par\" \/>\n\t<meta name=\"twitter:data1\" content=\"cfeditorfr\" \/>\n\t<meta name=\"twitter:label2\" content=\"Dur\u00e9e de lecture estim\u00e9e\" \/>\n\t<meta name=\"twitter:data2\" content=\"2 minutes\" \/>\n<script type=\"application\/ld+json\" class=\"yoast-schema-graph\">{\"@context\":\"https:\/\/schema.org\",\"@graph\":[{\"@type\":\"Article\",\"@id\":\"https:\/\/www.africa-press.net\/centrafricaine\/toutes-les-actualites\/des-avancees-dans-la-fourniture-en-electricite#article\",\"isPartOf\":{\"@id\":\"https:\/\/www.africa-press.net\/centrafricaine\/toutes-les-actualites\/des-avancees-dans-la-fourniture-en-electricite\"},\"author\":{\"name\":\"cfeditorfr\",\"@id\":\"https:\/\/www.africa-press.net\/centrafricaine\/#\/schema\/person\/2b1cf3cd81a31e3cd26889ca66d677f1\"},\"headline\":\"des avanc\u00e9es dans la fourniture en \u00e9lectricit\u00e9\",\"datePublished\":\"2023-08-22T16:45:23+00:00\",\"dateModified\":\"2023-08-22T18:37:48+00:00\",\"mainEntityOfPage\":{\"@id\":\"https:\/\/www.africa-press.net\/centrafricaine\/toutes-les-actualites\/des-avancees-dans-la-fourniture-en-electricite\"},\"wordCount\":364,\"commentCount\":0,\"image\":{\"@id\":\"https:\/\/www.africa-press.net\/centrafricaine\/toutes-les-actualites\/des-avancees-dans-la-fourniture-en-electricite#primaryimage\"},\"thumbnailUrl\":\"https:\/\/static.africa-press.net\/centrafricaine\/sites\/45\/2023\/08\/sm_1692716718.202748.jpg\",\"keywords\":[\"Africa Press\",\"Africa Press-CentrAfricaine\",\"CentrAfricaine\",\"Centrafrique\",\"\u00c9lectricit\u00e9\",\"fourniture\"],\"articleSection\":[\"Communaut\u00e9\",\"to-homepage\",\"Toutes les actualit\u00e9s\"],\"inLanguage\":\"fr-FR\",\"potentialAction\":[{\"@type\":\"CommentAction\",\"name\":\"Comment\",\"target\":[\"https:\/\/www.africa-press.net\/centrafricaine\/toutes-les-actualites\/des-avancees-dans-la-fourniture-en-electricite#respond\"]}]},{\"@type\":\"WebPage\",\"@id\":\"https:\/\/www.africa-press.net\/centrafricaine\/toutes-les-actualites\/des-avancees-dans-la-fourniture-en-electricite\",\"url\":\"https:\/\/www.africa-press.net\/centrafricaine\/toutes-les-actualites\/des-avancees-dans-la-fourniture-en-electricite\",\"name\":\"des avanc\u00e9es dans la fourniture en \u00e9lectricit\u00e9 - centrafricaine\",\"isPartOf\":{\"@id\":\"https:\/\/www.africa-press.net\/centrafricaine\/#website\"},\"primaryImageOfPage\":{\"@id\":\"https:\/\/www.africa-press.net\/centrafricaine\/toutes-les-actualites\/des-avancees-dans-la-fourniture-en-electricite#primaryimage\"},\"image\":{\"@id\":\"https:\/\/www.africa-press.net\/centrafricaine\/toutes-les-actualites\/des-avancees-dans-la-fourniture-en-electricite#primaryimage\"},\"thumbnailUrl\":\"https:\/\/static.africa-press.net\/centrafricaine\/sites\/45\/2023\/08\/sm_1692716718.202748.jpg\",\"datePublished\":\"2023-08-22T16:45:23+00:00\",\"dateModified\":\"2023-08-22T18:37:48+00:00\",\"author\":{\"@id\":\"https:\/\/www.africa-press.net\/centrafricaine\/#\/schema\/person\/2b1cf3cd81a31e3cd26889ca66d677f1\"},\"description\":\"Alors que Bangui et certaines provinces du pays e\u0301taient habitue\u0301es a\u0300 des heures de de\u0301lestage par jour et cela depuis ...\",\"breadcrumb\":{\"@id\":\"https:\/\/www.africa-press.net\/centrafricaine\/toutes-les-actualites\/des-avancees-dans-la-fourniture-en-electricite#breadcrumb\"},\"inLanguage\":\"fr-FR\",\"potentialAction\":[{\"@type\":\"ReadAction\",\"target\":[\"https:\/\/www.africa-press.net\/centrafricaine\/toutes-les-actualites\/des-avancees-dans-la-fourniture-en-electricite\"]}]},{\"@type\":\"ImageObject\",\"inLanguage\":\"fr-FR\",\"@id\":\"https:\/\/www.africa-press.net\/centrafricaine\/toutes-les-actualites\/des-avancees-dans-la-fourniture-en-electricite#primaryimage\",\"url\":\"https:\/\/static.africa-press.net\/centrafricaine\/sites\/45\/2023\/08\/sm_1692716718.202748.jpg\",\"contentUrl\":\"https:\/\/static.africa-press.net\/centrafricaine\/sites\/45\/2023\/08\/sm_1692716718.202748.jpg\",\"width\":717,\"height\":419,\"caption\":\"des avanc\u00e9es dans la fourniture en \u00e9lectricit\u00e9\"},{\"@type\":\"BreadcrumbList\",\"@id\":\"https:\/\/www.africa-press.net\/centrafricaine\/toutes-les-actualites\/des-avancees-dans-la-fourniture-en-electricite#breadcrumb\",\"itemListElement\":[{\"@type\":\"ListItem\",\"position\":1,\"name\":\"Accueil\",\"item\":\"https:\/\/www.africa-press.net\/centrafricaine\/\"},{\"@type\":\"ListItem\",\"position\":2,\"name\":\"des avanc\u00e9es dans la fourniture en \u00e9lectricit\u00e9\"}]},{\"@type\":\"WebSite\",\"@id\":\"https:\/\/www.africa-press.net\/centrafricaine\/#website\",\"url\":\"https:\/\/www.africa-press.net\/centrafricaine\/\",\"name\":\"centrafricaine\",\"description\":\"Just another Africa News Agency Sites site\",\"potentialAction\":[{\"@type\":\"SearchAction\",\"target\":{\"@type\":\"EntryPoint\",\"urlTemplate\":\"https:\/\/www.africa-press.net\/centrafricaine\/?s={search_term_string}\"},\"query-input\":{\"@type\":\"PropertyValueSpecification\",\"valueRequired\":true,\"valueName\":\"search_term_string\"}}],\"inLanguage\":\"fr-FR\"},{\"@type\":\"Person\",\"@id\":\"https:\/\/www.africa-press.net\/centrafricaine\/#\/schema\/person\/2b1cf3cd81a31e3cd26889ca66d677f1\",\"name\":\"cfeditorfr\"}]}<\/script>\n<!-- \/ Yoast SEO Premium plugin. -->","yoast_head_json":{"title":"des avanc\u00e9es dans la fourniture en \u00e9lectricit\u00e9 - centrafricaine","description":"Alors que Bangui et certaines provinces du pays e\u0301taient habitue\u0301es a\u0300 des heures de de\u0301lestage par jour et cela depuis ...","robots":{"index":"index","follow":"follow","max-snippet":"max-snippet:-1","max-image-preview":"max-image-preview:large","max-video-preview":"max-video-preview:-1"},"canonical":"https:\/\/www.africa-press.net\/centrafricaine\/toutes-les-actualites\/des-avancees-dans-la-fourniture-en-electricite","og_locale":"fr_FR","og_type":"article","og_title":"des avanc\u00e9es dans la fourniture en \u00e9lectricit\u00e9","og_description":"Alors que Bangui et certaines provinces du pays e\u0301taient habitue\u0301es a\u0300 des heures de de\u0301lestage par jour et cela depuis ...","og_url":"https:\/\/www.africa-press.net\/centrafricaine\/toutes-les-actualites\/des-avancees-dans-la-fourniture-en-electricite","og_site_name":"centrafricaine","article_published_time":"2023-08-22T16:45:23+00:00","article_modified_time":"2023-08-22T18:37:48+00:00","og_image":[{"width":717,"height":419,"url":"https:\/\/static.africa-press.net\/centrafricaine\/sites\/45\/2023\/08\/sm_1692716718.202748.jpg","type":"image\/jpeg"}],"author":"cfeditorfr","twitter_card":"summary_large_image","twitter_misc":{"\u00c9crit par":"cfeditorfr","Dur\u00e9e de lecture estim\u00e9e":"2 minutes"},"schema":{"@context":"https:\/\/schema.org","@graph":[{"@type":"Article","@id":"https:\/\/www.africa-press.net\/centrafricaine\/toutes-les-actualites\/des-avancees-dans-la-fourniture-en-electricite#article","isPartOf":{"@id":"https:\/\/www.africa-press.net\/centrafricaine\/toutes-les-actualites\/des-avancees-dans-la-fourniture-en-electricite"},"author":{"name":"cfeditorfr","@id":"https:\/\/www.africa-press.net\/centrafricaine\/#\/schema\/person\/2b1cf3cd81a31e3cd26889ca66d677f1"},"headline":"des avanc\u00e9es dans la fourniture en \u00e9lectricit\u00e9","datePublished":"2023-08-22T16:45:23+00:00","dateModified":"2023-08-22T18:37:48+00:00","mainEntityOfPage":{"@id":"https:\/\/www.africa-press.net\/centrafricaine\/toutes-les-actualites\/des-avancees-dans-la-fourniture-en-electricite"},"wordCount":364,"commentCount":0,"image":{"@id":"https:\/\/www.africa-press.net\/centrafricaine\/toutes-les-actualites\/des-avancees-dans-la-fourniture-en-electricite#primaryimage"},"thumbnailUrl":"https:\/\/static.africa-press.net\/centrafricaine\/sites\/45\/2023\/08\/sm_1692716718.202748.jpg","keywords":["Africa Press","Africa Press-CentrAfricaine","CentrAfricaine","Centrafrique","\u00c9lectricit\u00e9","fourniture"],"articleSection":["Communaut\u00e9","to-homepage","Toutes les actualit\u00e9s"],"inLanguage":"fr-FR","potentialAction":[{"@type":"CommentAction","name":"Comment","target":["https:\/\/www.africa-press.net\/centrafricaine\/toutes-les-actualites\/des-avancees-dans-la-fourniture-en-electricite#respond"]}]},{"@type":"WebPage","@id":"https:\/\/www.africa-press.net\/centrafricaine\/toutes-les-actualites\/des-avancees-dans-la-fourniture-en-electricite","url":"https:\/\/www.africa-press.net\/centrafricaine\/toutes-les-actualites\/des-avancees-dans-la-fourniture-en-electricite","name":"des avanc\u00e9es dans la fourniture en \u00e9lectricit\u00e9 - centrafricaine","isPartOf":{"@id":"https:\/\/www.africa-press.net\/centrafricaine\/#website"},"primaryImageOfPage":{"@id":"https:\/\/www.africa-press.net\/centrafricaine\/toutes-les-actualites\/des-avancees-dans-la-fourniture-en-electricite#primaryimage"},"image":{"@id":"https:\/\/www.africa-press.net\/centrafricaine\/toutes-les-actualites\/des-avancees-dans-la-fourniture-en-electricite#primaryimage"},"thumbnailUrl":"https:\/\/static.africa-press.net\/centrafricaine\/sites\/45\/2023\/08\/sm_1692716718.202748.jpg","datePublished":"2023-08-22T16:45:23+00:00","dateModified":"2023-08-22T18:37:48+00:00","author":{"@id":"https:\/\/www.africa-press.net\/centrafricaine\/#\/schema\/person\/2b1cf3cd81a31e3cd26889ca66d677f1"},"description":"Alors que Bangui et certaines provinces du pays e\u0301taient habitue\u0301es a\u0300 des heures de de\u0301lestage par jour et cela depuis ...","breadcrumb":{"@id":"https:\/\/www.africa-press.net\/centrafricaine\/toutes-les-actualites\/des-avancees-dans-la-fourniture-en-electricite#breadcrumb"},"inLanguage":"fr-FR","potentialAction":[{"@type":"ReadAction","target":["https:\/\/www.africa-press.net\/centrafricaine\/toutes-les-actualites\/des-avancees-dans-la-fourniture-en-electricite"]}]},{"@type":"ImageObject","inLanguage":"fr-FR","@id":"https:\/\/www.africa-press.net\/centrafricaine\/toutes-les-actualites\/des-avancees-dans-la-fourniture-en-electricite#primaryimage","url":"https:\/\/static.africa-press.net\/centrafricaine\/sites\/45\/2023\/08\/sm_1692716718.202748.jpg","contentUrl":"https:\/\/static.africa-press.net\/centrafricaine\/sites\/45\/2023\/08\/sm_1692716718.202748.jpg","width":717,"height":419,"caption":"des avanc\u00e9es dans la fourniture en \u00e9lectricit\u00e9"},{"@type":"BreadcrumbList","@id":"https:\/\/www.africa-press.net\/centrafricaine\/toutes-les-actualites\/des-avancees-dans-la-fourniture-en-electricite#breadcrumb","itemListElement":[{"@type":"ListItem","position":1,"name":"Accueil","item":"https:\/\/www.africa-press.net\/centrafricaine\/"},{"@type":"ListItem","position":2,"name":"des avanc\u00e9es dans la fourniture en \u00e9lectricit\u00e9"}]},{"@type":"WebSite","@id":"https:\/\/www.africa-press.net\/centrafricaine\/#website","url":"https:\/\/www.africa-press.net\/centrafricaine\/","name":"centrafricaine","description":"Just another Africa News Agency Sites site","potentialAction":[{"@type":"SearchAction","target":{"@type":"EntryPoint","urlTemplate":"https:\/\/www.africa-press.net\/centrafricaine\/?s={search_term_string}"},"query-input":{"@type":"PropertyValueSpecification","valueRequired":true,"valueName":"search_term_string"}}],"inLanguage":"fr-FR"},{"@type":"Person","@id":"https:\/\/www.africa-press.net\/centrafricaine\/#\/schema\/person\/2b1cf3cd81a31e3cd26889ca66d677f1","name":"cfeditorfr"}]}},"_links":{"self":[{"href":"https:\/\/www.africa-press.net\/centrafricaine\/wp-json\/wp\/v2\/posts\/44538","targetHints":{"allow":["GET"]}}],"collection":[{"href":"https:\/\/www.africa-press.net\/centrafricaine\/wp-json\/wp\/v2\/posts"}],"about":[{"href":"https:\/\/www.africa-press.net\/centrafricaine\/wp-json\/wp\/v2\/types\/post"}],"author":[{"embeddable":true,"href":"https:\/\/www.africa-press.net\/centrafricaine\/wp-json\/wp\/v2\/users\/82"}],"replies":[{"embeddable":true,"href":"https:\/\/www.africa-press.net\/centrafricaine\/wp-json\/wp\/v2\/comments?post=44538"}],"version-history":[{"count":0,"href":"https:\/\/www.africa-press.net\/centrafricaine\/wp-json\/wp\/v2\/posts\/44538\/revisions"}],"wp:featuredmedia":[{"embeddable":true,"href":"https:\/\/www.africa-press.net\/centrafricaine\/wp-json\/wp\/v2\/media\/44536"}],"wp:attachment":[{"href":"https:\/\/www.africa-press.net\/centrafricaine\/wp-json\/wp\/v2\/media?parent=44538"}],"wp:term":[{"taxonomy":"category","embeddable":true,"href":"https:\/\/www.africa-press.net\/centrafricaine\/wp-json\/wp\/v2\/categories?post=44538"},{"taxonomy":"post_tag","embeddable":true,"href":"https:\/\/www.africa-press.net\/centrafricaine\/wp-json\/wp\/v2\/tags?post=44538"}],"curies":[{"name":"wp","href":"https:\/\/api.w.org\/{rel}","templated":true}]}}