{"id":44566,"date":"2023-08-23T12:21:03","date_gmt":"2023-08-23T12:21:03","guid":{"rendered":"https:\/\/www.africa-press.net\/centrafricaine\/politique\/le-president-touadera-fait-de-la-stabilite-du-pays-son-cheval-de-bataille"},"modified":"2023-08-23T13:45:34","modified_gmt":"2023-08-23T13:45:34","slug":"le-president-touadera-fait-de-la-stabilite-du-pays-son-cheval-de-bataille","status":"publish","type":"post","link":"https:\/\/www.africa-press.net\/centrafricaine\/politique\/le-president-touadera-fait-de-la-stabilite-du-pays-son-cheval-de-bataille","title":{"rendered":"le pr\u00e9sident Touadera fait de la stabilit\u00e9 du pays son cheval de bataille"},"content":{"rendered":"<p><span style=\"color: #ff6600\"><strong>Africa-Press &#8211; CentrAfricaine. <\/strong><\/span>L\u2019arme\u0301e nationale connai\u0302t depuis quelques anne\u0301es des avance\u0301es remarquables gra\u0302ce a\u0300 la bonne vision politique du chef de l\u2019Etat Faustin Archange Touadera qui a place\u0301 sa confiance au ministre de la de\u0301fense, Rameaux Claude Bireau, qui suit a\u0300 la lettre la mission qui lui est assigne\u0301e dans le domaine de l\u2019arme\u0301e. Selon le plan national de la de\u0301fense, on assiste aujourd\u2019hui a\u0300 la formation et a\u0300 l\u2019augmentation de l\u2019effectif des Forces de de\u0301fense et de se\u0301curite\u0301 inte\u0301rieure (FDS et FSI).<\/p>\n<p>Le peuple Centrafricain ne cesse de se re\u0301jouir aujourd\u2019hui de la de\u0301termination sans faille de son arme\u0301e nationale garant de la paix et de la se\u0301curite\u0301, qui remplit a\u0300 bien sa mission re\u0301galienne.<\/p>\n<p>De nombreux efforts ont e\u0301te\u0301 de\u0301ploye\u0301s par les autorite\u0301s compe\u0301tentes, particulie\u0300rement par le pre\u0301sident Touadera qui a fait de la se\u0301curite\u0301 de ces compatriotes son cheval de bataille de\u0300s son premier mandat.<\/p>\n<p>Cette prouesse de la se\u0301curite\u0301 fait suite a\u0300 la reconstruction de l\u2019arme\u0301e nationale qui aspire a\u0300 la protection la population civile et les institutions re\u0301publicaines. De nos jours, les frontie\u0300res poreuses ont connues un renforcement des dispositifs se\u0301curitaires muscle\u0301s avec le de\u0301ploiement des Forces de De\u0301fense et de Se\u0301curite\u0301 malgre\u0301 le prolongement de l\u2019embargo sur les armes en RCA.<\/p>\n<p>Le discours adresse\u0301 a\u0300 la nation a\u0300 la veille du 63e\u0300me anniversaire de l\u2019inde\u0301pendance de la RCA ce\u0301le\u0301bre\u0301 ce 13 aou\u0302t 2023, a e\u0301te\u0301 une occasion pour Touadera de rappeler son ferme soutien a\u0300 la protection de la se\u0301curite\u0301 des Centrafricains a\u0300 travers la reconstruction de l\u2019arme\u0301e.<\/p>\n<p>Aujourd\u2019hui, gra\u0302ce a\u0300 cette initiative, l\u2019on constate une augmentation des Forces Arme\u0301es Centrafricaines (FACA), avec la cre\u0301ation du treizie\u0300me bataillon d\u2019infanterie territoriale (BIT 13).<\/p>\n<p><b>Source: Ndjoni Sango<\/b><\/p>\n<p><strong>Pour plus d&rsquo;informations et d&rsquo;analyses sur la <a href=\"https:\/\/www.africa-press.net\/centrafricaine\">CentrAfricaine<\/a>, suivez <a href=\"https:\/\/www.africa-press.net\/\">Africa-Press<\/a><\/strong><\/p>\n","protected":false},"excerpt":{"rendered":"<p>Africa-Press &#8211; CentrAfricaine. L\u2019arme\u0301e nationale connai\u0302t depuis quelques anne\u0301es des avance\u0301es remarquables gra\u0302ce a\u0300 la bonne vision politique du chef de l\u2019Etat Faustin Archange Touadera qui a place\u0301 sa confiance au ministre de la de\u0301fense, Rameaux Claude Bireau, qui suit a\u0300 la lettre la mission qui lui est assigne\u0301e dans le domaine de l\u2019arme\u0301e. Selon [&hellip;]<\/p>\n","protected":false},"author":82,"featured_media":44565,"comment_status":"open","ping_status":"closed","sticky":false,"template":"","format":"standard","meta":{"footnotes":""},"categories":[2,10],"tags":[36,58,3119,30,41,1991],"class_list":["post-44566","post","type-post","status-publish","format-standard","has-post-thumbnail","hentry","category-politique","category-toutes-les-actualites","tag-africa-press","tag-africa-press-centrafricaine","tag-armee","tag-centrafricaine","tag-centrafrique","tag-stabilite"],"yoast_head":"<!-- This site is optimized with the Yoast SEO Premium plugin v26.1 (Yoast SEO v27.0) - https:\/\/yoast.com\/product\/yoast-seo-premium-wordpress\/ -->\n<title>le pr\u00e9sident Touadera fait de la stabilit\u00e9 du pays son cheval de bataille - centrafricaine<\/title>\n<meta name=\"description\" content=\"L\u2019arme\u0301e nationale connai\u0302t depuis quelques anne\u0301es des avance\u0301es remarquables gra\u0302ce a\u0300 la bonne vision politique du ch ...\" \/>\n<meta name=\"robots\" content=\"index, follow, max-snippet:-1, max-image-preview:large, max-video-preview:-1\" \/>\n<link rel=\"canonical\" href=\"https:\/\/www.africa-press.net\/centrafricaine\/politique\/le-president-touadera-fait-de-la-stabilite-du-pays-son-cheval-de-bataille\" \/>\n<meta property=\"og:locale\" content=\"fr_FR\" \/>\n<meta property=\"og:type\" content=\"article\" \/>\n<meta property=\"og:title\" content=\"le pr\u00e9sident Touadera fait de la stabilit\u00e9 du pays son cheval de bataille\" \/>\n<meta property=\"og:description\" content=\"L\u2019arme\u0301e nationale connai\u0302t depuis quelques anne\u0301es des avance\u0301es remarquables gra\u0302ce a\u0300 la bonne vision politique du ch ...\" \/>\n<meta property=\"og:url\" content=\"https:\/\/www.africa-press.net\/centrafricaine\/politique\/le-president-touadera-fait-de-la-stabilite-du-pays-son-cheval-de-bataille\" \/>\n<meta property=\"og:site_name\" content=\"centrafricaine\" \/>\n<meta property=\"article:published_time\" content=\"2023-08-23T12:21:03+00:00\" \/>\n<meta property=\"article:modified_time\" content=\"2023-08-23T13:45:34+00:00\" \/>\n<meta property=\"og:image\" content=\"https:\/\/static.africa-press.net\/centrafricaine\/sites\/45\/2023\/08\/sm_1692783677.127425.jpg\" \/>\n\t<meta property=\"og:image:width\" content=\"720\" \/>\n\t<meta property=\"og:image:height\" content=\"540\" \/>\n\t<meta property=\"og:image:type\" content=\"image\/jpeg\" \/>\n<meta name=\"author\" content=\"cfeditorfr\" \/>\n<meta name=\"twitter:card\" content=\"summary_large_image\" \/>\n<meta name=\"twitter:label1\" content=\"\u00c9crit par\" \/>\n\t<meta name=\"twitter:data1\" content=\"cfeditorfr\" \/>\n\t<meta name=\"twitter:label2\" content=\"Dur\u00e9e de lecture estim\u00e9e\" \/>\n\t<meta name=\"twitter:data2\" content=\"2 minutes\" \/>\n<script type=\"application\/ld+json\" class=\"yoast-schema-graph\">{\"@context\":\"https:\/\/schema.org\",\"@graph\":[{\"@type\":\"Article\",\"@id\":\"https:\/\/www.africa-press.net\/centrafricaine\/politique\/le-president-touadera-fait-de-la-stabilite-du-pays-son-cheval-de-bataille#article\",\"isPartOf\":{\"@id\":\"https:\/\/www.africa-press.net\/centrafricaine\/politique\/le-president-touadera-fait-de-la-stabilite-du-pays-son-cheval-de-bataille\"},\"author\":{\"name\":\"cfeditorfr\",\"@id\":\"https:\/\/www.africa-press.net\/centrafricaine\/#\/schema\/person\/2b1cf3cd81a31e3cd26889ca66d677f1\"},\"headline\":\"le pr\u00e9sident Touadera fait de la stabilit\u00e9 du pays son cheval de bataille\",\"datePublished\":\"2023-08-23T12:21:03+00:00\",\"dateModified\":\"2023-08-23T13:45:34+00:00\",\"mainEntityOfPage\":{\"@id\":\"https:\/\/www.africa-press.net\/centrafricaine\/politique\/le-president-touadera-fait-de-la-stabilite-du-pays-son-cheval-de-bataille\"},\"wordCount\":365,\"commentCount\":0,\"image\":{\"@id\":\"https:\/\/www.africa-press.net\/centrafricaine\/politique\/le-president-touadera-fait-de-la-stabilite-du-pays-son-cheval-de-bataille#primaryimage\"},\"thumbnailUrl\":\"https:\/\/static.africa-press.net\/centrafricaine\/sites\/45\/2023\/08\/sm_1692783677.127425.jpg\",\"keywords\":[\"Africa Press\",\"Africa Press-CentrAfricaine\",\"arm\u00e9e\",\"CentrAfricaine\",\"Centrafrique\",\"Stabilit\u00e9\"],\"articleSection\":[\"Politique\",\"Toutes les actualit\u00e9s\"],\"inLanguage\":\"fr-FR\",\"potentialAction\":[{\"@type\":\"CommentAction\",\"name\":\"Comment\",\"target\":[\"https:\/\/www.africa-press.net\/centrafricaine\/politique\/le-president-touadera-fait-de-la-stabilite-du-pays-son-cheval-de-bataille#respond\"]}]},{\"@type\":\"WebPage\",\"@id\":\"https:\/\/www.africa-press.net\/centrafricaine\/politique\/le-president-touadera-fait-de-la-stabilite-du-pays-son-cheval-de-bataille\",\"url\":\"https:\/\/www.africa-press.net\/centrafricaine\/politique\/le-president-touadera-fait-de-la-stabilite-du-pays-son-cheval-de-bataille\",\"name\":\"le pr\u00e9sident Touadera fait de la stabilit\u00e9 du pays son cheval de bataille - centrafricaine\",\"isPartOf\":{\"@id\":\"https:\/\/www.africa-press.net\/centrafricaine\/#website\"},\"primaryImageOfPage\":{\"@id\":\"https:\/\/www.africa-press.net\/centrafricaine\/politique\/le-president-touadera-fait-de-la-stabilite-du-pays-son-cheval-de-bataille#primaryimage\"},\"image\":{\"@id\":\"https:\/\/www.africa-press.net\/centrafricaine\/politique\/le-president-touadera-fait-de-la-stabilite-du-pays-son-cheval-de-bataille#primaryimage\"},\"thumbnailUrl\":\"https:\/\/static.africa-press.net\/centrafricaine\/sites\/45\/2023\/08\/sm_1692783677.127425.jpg\",\"datePublished\":\"2023-08-23T12:21:03+00:00\",\"dateModified\":\"2023-08-23T13:45:34+00:00\",\"author\":{\"@id\":\"https:\/\/www.africa-press.net\/centrafricaine\/#\/schema\/person\/2b1cf3cd81a31e3cd26889ca66d677f1\"},\"description\":\"L\u2019arme\u0301e nationale connai\u0302t depuis quelques anne\u0301es des avance\u0301es remarquables gra\u0302ce a\u0300 la bonne vision politique du ch ...\",\"breadcrumb\":{\"@id\":\"https:\/\/www.africa-press.net\/centrafricaine\/politique\/le-president-touadera-fait-de-la-stabilite-du-pays-son-cheval-de-bataille#breadcrumb\"},\"inLanguage\":\"fr-FR\",\"potentialAction\":[{\"@type\":\"ReadAction\",\"target\":[\"https:\/\/www.africa-press.net\/centrafricaine\/politique\/le-president-touadera-fait-de-la-stabilite-du-pays-son-cheval-de-bataille\"]}]},{\"@type\":\"ImageObject\",\"inLanguage\":\"fr-FR\",\"@id\":\"https:\/\/www.africa-press.net\/centrafricaine\/politique\/le-president-touadera-fait-de-la-stabilite-du-pays-son-cheval-de-bataille#primaryimage\",\"url\":\"https:\/\/static.africa-press.net\/centrafricaine\/sites\/45\/2023\/08\/sm_1692783677.127425.jpg\",\"contentUrl\":\"https:\/\/static.africa-press.net\/centrafricaine\/sites\/45\/2023\/08\/sm_1692783677.127425.jpg\",\"width\":720,\"height\":540,\"caption\":\"le pr\u00e9sident Touadera fait de la stabilit\u00e9 du pays son cheval de bataille\"},{\"@type\":\"BreadcrumbList\",\"@id\":\"https:\/\/www.africa-press.net\/centrafricaine\/politique\/le-president-touadera-fait-de-la-stabilite-du-pays-son-cheval-de-bataille#breadcrumb\",\"itemListElement\":[{\"@type\":\"ListItem\",\"position\":1,\"name\":\"Accueil\",\"item\":\"https:\/\/www.africa-press.net\/centrafricaine\/\"},{\"@type\":\"ListItem\",\"position\":2,\"name\":\"le pr\u00e9sident Touadera fait de la stabilit\u00e9 du pays son cheval de bataille\"}]},{\"@type\":\"WebSite\",\"@id\":\"https:\/\/www.africa-press.net\/centrafricaine\/#website\",\"url\":\"https:\/\/www.africa-press.net\/centrafricaine\/\",\"name\":\"centrafricaine\",\"description\":\"Just another Africa News Agency Sites site\",\"potentialAction\":[{\"@type\":\"SearchAction\",\"target\":{\"@type\":\"EntryPoint\",\"urlTemplate\":\"https:\/\/www.africa-press.net\/centrafricaine\/?s={search_term_string}\"},\"query-input\":{\"@type\":\"PropertyValueSpecification\",\"valueRequired\":true,\"valueName\":\"search_term_string\"}}],\"inLanguage\":\"fr-FR\"},{\"@type\":\"Person\",\"@id\":\"https:\/\/www.africa-press.net\/centrafricaine\/#\/schema\/person\/2b1cf3cd81a31e3cd26889ca66d677f1\",\"name\":\"cfeditorfr\"}]}<\/script>\n<!-- \/ Yoast SEO Premium plugin. -->","yoast_head_json":{"title":"le pr\u00e9sident Touadera fait de la stabilit\u00e9 du pays son cheval de bataille - centrafricaine","description":"L\u2019arme\u0301e nationale connai\u0302t depuis quelques anne\u0301es des avance\u0301es remarquables gra\u0302ce a\u0300 la bonne vision politique du ch ...","robots":{"index":"index","follow":"follow","max-snippet":"max-snippet:-1","max-image-preview":"max-image-preview:large","max-video-preview":"max-video-preview:-1"},"canonical":"https:\/\/www.africa-press.net\/centrafricaine\/politique\/le-president-touadera-fait-de-la-stabilite-du-pays-son-cheval-de-bataille","og_locale":"fr_FR","og_type":"article","og_title":"le pr\u00e9sident Touadera fait de la stabilit\u00e9 du pays son cheval de bataille","og_description":"L\u2019arme\u0301e nationale connai\u0302t depuis quelques anne\u0301es des avance\u0301es remarquables gra\u0302ce a\u0300 la bonne vision politique du ch ...","og_url":"https:\/\/www.africa-press.net\/centrafricaine\/politique\/le-president-touadera-fait-de-la-stabilite-du-pays-son-cheval-de-bataille","og_site_name":"centrafricaine","article_published_time":"2023-08-23T12:21:03+00:00","article_modified_time":"2023-08-23T13:45:34+00:00","og_image":[{"width":720,"height":540,"url":"https:\/\/static.africa-press.net\/centrafricaine\/sites\/45\/2023\/08\/sm_1692783677.127425.jpg","type":"image\/jpeg"}],"author":"cfeditorfr","twitter_card":"summary_large_image","twitter_misc":{"\u00c9crit par":"cfeditorfr","Dur\u00e9e de lecture estim\u00e9e":"2 minutes"},"schema":{"@context":"https:\/\/schema.org","@graph":[{"@type":"Article","@id":"https:\/\/www.africa-press.net\/centrafricaine\/politique\/le-president-touadera-fait-de-la-stabilite-du-pays-son-cheval-de-bataille#article","isPartOf":{"@id":"https:\/\/www.africa-press.net\/centrafricaine\/politique\/le-president-touadera-fait-de-la-stabilite-du-pays-son-cheval-de-bataille"},"author":{"name":"cfeditorfr","@id":"https:\/\/www.africa-press.net\/centrafricaine\/#\/schema\/person\/2b1cf3cd81a31e3cd26889ca66d677f1"},"headline":"le pr\u00e9sident Touadera fait de la stabilit\u00e9 du pays son cheval de bataille","datePublished":"2023-08-23T12:21:03+00:00","dateModified":"2023-08-23T13:45:34+00:00","mainEntityOfPage":{"@id":"https:\/\/www.africa-press.net\/centrafricaine\/politique\/le-president-touadera-fait-de-la-stabilite-du-pays-son-cheval-de-bataille"},"wordCount":365,"commentCount":0,"image":{"@id":"https:\/\/www.africa-press.net\/centrafricaine\/politique\/le-president-touadera-fait-de-la-stabilite-du-pays-son-cheval-de-bataille#primaryimage"},"thumbnailUrl":"https:\/\/static.africa-press.net\/centrafricaine\/sites\/45\/2023\/08\/sm_1692783677.127425.jpg","keywords":["Africa Press","Africa Press-CentrAfricaine","arm\u00e9e","CentrAfricaine","Centrafrique","Stabilit\u00e9"],"articleSection":["Politique","Toutes les actualit\u00e9s"],"inLanguage":"fr-FR","potentialAction":[{"@type":"CommentAction","name":"Comment","target":["https:\/\/www.africa-press.net\/centrafricaine\/politique\/le-president-touadera-fait-de-la-stabilite-du-pays-son-cheval-de-bataille#respond"]}]},{"@type":"WebPage","@id":"https:\/\/www.africa-press.net\/centrafricaine\/politique\/le-president-touadera-fait-de-la-stabilite-du-pays-son-cheval-de-bataille","url":"https:\/\/www.africa-press.net\/centrafricaine\/politique\/le-president-touadera-fait-de-la-stabilite-du-pays-son-cheval-de-bataille","name":"le pr\u00e9sident Touadera fait de la stabilit\u00e9 du pays son cheval de bataille - centrafricaine","isPartOf":{"@id":"https:\/\/www.africa-press.net\/centrafricaine\/#website"},"primaryImageOfPage":{"@id":"https:\/\/www.africa-press.net\/centrafricaine\/politique\/le-president-touadera-fait-de-la-stabilite-du-pays-son-cheval-de-bataille#primaryimage"},"image":{"@id":"https:\/\/www.africa-press.net\/centrafricaine\/politique\/le-president-touadera-fait-de-la-stabilite-du-pays-son-cheval-de-bataille#primaryimage"},"thumbnailUrl":"https:\/\/static.africa-press.net\/centrafricaine\/sites\/45\/2023\/08\/sm_1692783677.127425.jpg","datePublished":"2023-08-23T12:21:03+00:00","dateModified":"2023-08-23T13:45:34+00:00","author":{"@id":"https:\/\/www.africa-press.net\/centrafricaine\/#\/schema\/person\/2b1cf3cd81a31e3cd26889ca66d677f1"},"description":"L\u2019arme\u0301e nationale connai\u0302t depuis quelques anne\u0301es des avance\u0301es remarquables gra\u0302ce a\u0300 la bonne vision politique du ch ...","breadcrumb":{"@id":"https:\/\/www.africa-press.net\/centrafricaine\/politique\/le-president-touadera-fait-de-la-stabilite-du-pays-son-cheval-de-bataille#breadcrumb"},"inLanguage":"fr-FR","potentialAction":[{"@type":"ReadAction","target":["https:\/\/www.africa-press.net\/centrafricaine\/politique\/le-president-touadera-fait-de-la-stabilite-du-pays-son-cheval-de-bataille"]}]},{"@type":"ImageObject","inLanguage":"fr-FR","@id":"https:\/\/www.africa-press.net\/centrafricaine\/politique\/le-president-touadera-fait-de-la-stabilite-du-pays-son-cheval-de-bataille#primaryimage","url":"https:\/\/static.africa-press.net\/centrafricaine\/sites\/45\/2023\/08\/sm_1692783677.127425.jpg","contentUrl":"https:\/\/static.africa-press.net\/centrafricaine\/sites\/45\/2023\/08\/sm_1692783677.127425.jpg","width":720,"height":540,"caption":"le pr\u00e9sident Touadera fait de la stabilit\u00e9 du pays son cheval de bataille"},{"@type":"BreadcrumbList","@id":"https:\/\/www.africa-press.net\/centrafricaine\/politique\/le-president-touadera-fait-de-la-stabilite-du-pays-son-cheval-de-bataille#breadcrumb","itemListElement":[{"@type":"ListItem","position":1,"name":"Accueil","item":"https:\/\/www.africa-press.net\/centrafricaine\/"},{"@type":"ListItem","position":2,"name":"le pr\u00e9sident Touadera fait de la stabilit\u00e9 du pays son cheval de bataille"}]},{"@type":"WebSite","@id":"https:\/\/www.africa-press.net\/centrafricaine\/#website","url":"https:\/\/www.africa-press.net\/centrafricaine\/","name":"centrafricaine","description":"Just another Africa News Agency Sites site","potentialAction":[{"@type":"SearchAction","target":{"@type":"EntryPoint","urlTemplate":"https:\/\/www.africa-press.net\/centrafricaine\/?s={search_term_string}"},"query-input":{"@type":"PropertyValueSpecification","valueRequired":true,"valueName":"search_term_string"}}],"inLanguage":"fr-FR"},{"@type":"Person","@id":"https:\/\/www.africa-press.net\/centrafricaine\/#\/schema\/person\/2b1cf3cd81a31e3cd26889ca66d677f1","name":"cfeditorfr"}]}},"_links":{"self":[{"href":"https:\/\/www.africa-press.net\/centrafricaine\/wp-json\/wp\/v2\/posts\/44566","targetHints":{"allow":["GET"]}}],"collection":[{"href":"https:\/\/www.africa-press.net\/centrafricaine\/wp-json\/wp\/v2\/posts"}],"about":[{"href":"https:\/\/www.africa-press.net\/centrafricaine\/wp-json\/wp\/v2\/types\/post"}],"author":[{"embeddable":true,"href":"https:\/\/www.africa-press.net\/centrafricaine\/wp-json\/wp\/v2\/users\/82"}],"replies":[{"embeddable":true,"href":"https:\/\/www.africa-press.net\/centrafricaine\/wp-json\/wp\/v2\/comments?post=44566"}],"version-history":[{"count":0,"href":"https:\/\/www.africa-press.net\/centrafricaine\/wp-json\/wp\/v2\/posts\/44566\/revisions"}],"wp:featuredmedia":[{"embeddable":true,"href":"https:\/\/www.africa-press.net\/centrafricaine\/wp-json\/wp\/v2\/media\/44565"}],"wp:attachment":[{"href":"https:\/\/www.africa-press.net\/centrafricaine\/wp-json\/wp\/v2\/media?parent=44566"}],"wp:term":[{"taxonomy":"category","embeddable":true,"href":"https:\/\/www.africa-press.net\/centrafricaine\/wp-json\/wp\/v2\/categories?post=44566"},{"taxonomy":"post_tag","embeddable":true,"href":"https:\/\/www.africa-press.net\/centrafricaine\/wp-json\/wp\/v2\/tags?post=44566"}],"curies":[{"name":"wp","href":"https:\/\/api.w.org\/{rel}","templated":true}]}}